{"id":79494,"date":"2024-12-04T12:03:00","date_gmt":"2024-12-04T17:03:00","guid":{"rendered":"https:\/\/luchonoticias.com\/?p=79494"},"modified":"2024-12-04T12:03:00","modified_gmt":"2024-12-04T17:03:00","slug":"procuraduria-preocupada-por-la-deforestacion-en-la-amazonia","status":"publish","type":"post","link":"https:\/\/luchonoticias.com\/editor\/procuraduria-preocupada-por-la-deforestacion-en-la-amazonia\/","title":{"rendered":"Procuradur\u00eda preocupada por la deforestaci\u00f3n en la Amazon\u00eda"},"content":{"rendered":"<p>La procuradora general, Margarita Cabello Blanco, alert\u00f3 sobre un aumento del 223,52% en la deforestaci\u00f3n de la Amazon\u00eda, comparado con el mismo periodo de 2023, seg\u00fan datos del IDEAM. Este fen\u00f3meno, agravado por actividades ilegales como narcotr\u00e1fico, miner\u00eda y acaparamiento de tierras, pone en riesgo la sostenibilidad de la regi\u00f3n.<\/p>\n<p>Cabello destac\u00f3 que, salvo en 2023, desde 2001 las p\u00e9rdidas anuales de bosque han superado las 110.000 hect\u00e1reas. Este a\u00f1o, se proyecta nuevamente una deforestaci\u00f3n por encima de las 100.000 hect\u00e1reas, impulsada por grupos armados ilegales que intensifican estas pr\u00e1cticas.<\/p>\n<p>La ganader\u00eda tambi\u00e9n fue se\u00f1alada como una amenaza significativa, con 1.200.000 cabezas de ganado invadiendo parques nacionales como Chiribiquete y Nukak. Adem\u00e1s, la construcci\u00f3n de 27.000 kil\u00f3metros de v\u00edas ilegales promueve la tala, el acaparamiento de tierras y la expansi\u00f3n de la frontera agr\u00edcola.<\/p>\n<p>El procurador delegado para asuntos ambientales, Gustavo Guerrero, inform\u00f3 sobre acciones judiciales en curso para proteger la Amazon\u00eda, incluyendo medidas cautelares para frenar la construcci\u00f3n de v\u00edas il\u00edcitas y la ganader\u00eda en \u00e1reas protegidas.<\/p>\n<p>Finalmente, Cabello expres\u00f3 su preocupaci\u00f3n por un proyecto de ley que podr\u00eda priorizar la productividad agropecuaria sobre la conservaci\u00f3n ambiental, poniendo en riesgo territorios con vocaci\u00f3n de protecci\u00f3n en un pa\u00eds donde m\u00e1s del 80% del territorio es rural.<\/p>\n","protected":false},"excerpt":{"rendered":"<p>La procuradora general, Margarita Cabello Blanco, alert\u00f3 sobre un aumento del 223,52% en la deforestaci\u00f3n de la Amazon\u00eda, comparado con el mismo periodo de 2023, seg\u00fan datos del IDEAM. Este fen\u00f3meno, agravado por actividades ilegales como narcotr\u00e1fico, miner\u00eda y acaparamiento de tierras, pone en riesgo la sostenibilidad de la regi\u00f3n. Cabello destac\u00f3 que, salvo en [&hellip;]<\/p>\n","protected":false},"author":2,"featured_media":79495,"comment_status":"closed","ping_status":"open","sticky":false,"template":"","format":"standard","meta":{"footnotes":""},"categories":[28,32],"tags":[],"class_list":["post-79494","post","type-post","status-publish","format-standard","has-post-thumbnail","hentry","category-actualidad","category-nacional"],"yoast_head":"<!-- This site is optimized with the Yoast SEO plugin v26.6 - https:\/\/yoast.com\/wordpress\/plugins\/seo\/ -->\n<title>Procuradur\u00eda preocupada por la deforestaci\u00f3n en la Amazon\u00eda -<\/title>\n<meta name=\"robots\" content=\"index, follow, max-snippet:-1, max-image-preview:large, max-video-preview:-1\" \/>\n<link rel=\"canonical\" href=\"https:\/\/luchonoticias.com\/editor\/procuraduria-preocupada-por-la-deforestacion-en-la-amazonia\/\" \/>\n<meta property=\"og:locale\" content=\"es_ES\" \/>\n<meta property=\"og:type\" content=\"article\" \/>\n<meta property=\"og:title\" content=\"Procuradur\u00eda preocupada por la deforestaci\u00f3n en la Amazon\u00eda -\" \/>\n<meta property=\"og:url\" content=\"https:\/\/luchonoticias.com\/editor\/procuraduria-preocupada-por-la-deforestacion-en-la-amazonia\/\" \/>\n<meta property=\"article:publisher\" content=\"https:\/\/www.facebook.com\/luchonoticiasneiva\" \/>\n<meta property=\"article:published_time\" content=\"2024-12-04T17:03:00+00:00\" \/>\n<meta property=\"og:image\" content=\"https:\/\/luchonoticias.com\/editor\/wp-content\/uploads\/2024\/12\/deforestacion.jpg\" \/>\n\t<meta property=\"og:image:width\" content=\"700\" \/>\n\t<meta property=\"og:image:height\" content=\"400\" \/>\n\t<meta property=\"og:image:type\" content=\"image\/jpeg\" \/>\n<meta name=\"author\" content=\"Editor General\" \/>\n<meta name=\"twitter:card\" content=\"summary_large_image\" \/>\n<meta name=\"twitter:label1\" content=\"Escrito por\" \/>\n\t<meta name=\"twitter:data1\" content=\"Editor General\" \/>\n\t<meta name=\"twitter:label2\" content=\"Tiempo de lectura\" \/>\n\t<meta name=\"twitter:data2\" content=\"2 minutos\" \/>\n<script type=\"application\/ld+json\" class=\"yoast-schema-graph\">{\"@context\":\"https:\/\/schema.org\",\"@graph\":[{\"@type\":\"Article\",\"@id\":\"https:\/\/luchonoticias.com\/editor\/procuraduria-preocupada-por-la-deforestacion-en-la-amazonia\/#article\",\"isPartOf\":{\"@id\":\"https:\/\/luchonoticias.com\/editor\/procuraduria-preocupada-por-la-deforestacion-en-la-amazonia\/\"},\"author\":{\"name\":\"Editor General\",\"@id\":\"https:\/\/luchonoticias.com\/editor\/#\/schema\/person\/29217990ddf6f14e35912b2866d591fb\"},\"headline\":\"Procuradur\u00eda preocupada por la deforestaci\u00f3n en la Amazon\u00eda\",\"datePublished\":\"2024-12-04T17:03:00+00:00\",\"mainEntityOfPage\":{\"@id\":\"https:\/\/luchonoticias.com\/editor\/procuraduria-preocupada-por-la-deforestacion-en-la-amazonia\/\"},\"wordCount\":243,\"publisher\":{\"@id\":\"https:\/\/luchonoticias.com\/editor\/#\/schema\/person\/7a7fd911f58561fd056dbac7b55af9cd\"},\"image\":{\"@id\":\"https:\/\/luchonoticias.com\/editor\/procuraduria-preocupada-por-la-deforestacion-en-la-amazonia\/#primaryimage\"},\"thumbnailUrl\":\"https:\/\/luchonoticias.com\/editor\/wp-content\/uploads\/2024\/12\/deforestacion.jpg\",\"articleSection\":[\"Actualidad\",\"Nacional\"],\"inLanguage\":\"es\"},{\"@type\":\"WebPage\",\"@id\":\"https:\/\/luchonoticias.com\/editor\/procuraduria-preocupada-por-la-deforestacion-en-la-amazonia\/\",\"url\":\"https:\/\/luchonoticias.com\/editor\/procuraduria-preocupada-por-la-deforestacion-en-la-amazonia\/\",\"name\":\"Procuradur\u00eda preocupada por la deforestaci\u00f3n en la Amazon\u00eda -\",\"isPartOf\":{\"@id\":\"https:\/\/luchonoticias.com\/editor\/#website\"},\"primaryImageOfPage\":{\"@id\":\"https:\/\/luchonoticias.com\/editor\/procuraduria-preocupada-por-la-deforestacion-en-la-amazonia\/#primaryimage\"},\"image\":{\"@id\":\"https:\/\/luchonoticias.com\/editor\/procuraduria-preocupada-por-la-deforestacion-en-la-amazonia\/#primaryimage\"},\"thumbnailUrl\":\"https:\/\/luchonoticias.com\/editor\/wp-content\/uploads\/2024\/12\/deforestacion.jpg\",\"datePublished\":\"2024-12-04T17:03:00+00:00\",\"breadcrumb\":{\"@id\":\"https:\/\/luchonoticias.com\/editor\/procuraduria-preocupada-por-la-deforestacion-en-la-amazonia\/#breadcrumb\"},\"inLanguage\":\"es\",\"potentialAction\":[{\"@type\":\"ReadAction\",\"target\":[\"https:\/\/luchonoticias.com\/editor\/procuraduria-preocupada-por-la-deforestacion-en-la-amazonia\/\"]}]},{\"@type\":\"ImageObject\",\"inLanguage\":\"es\",\"@id\":\"https:\/\/luchonoticias.com\/editor\/procuraduria-preocupada-por-la-deforestacion-en-la-amazonia\/#primaryimage\",\"url\":\"https:\/\/luchonoticias.com\/editor\/wp-content\/uploads\/2024\/12\/deforestacion.jpg\",\"contentUrl\":\"https:\/\/luchonoticias.com\/editor\/wp-content\/uploads\/2024\/12\/deforestacion.jpg\",\"width\":700,\"height\":400},{\"@type\":\"BreadcrumbList\",\"@id\":\"https:\/\/luchonoticias.com\/editor\/procuraduria-preocupada-por-la-deforestacion-en-la-amazonia\/#breadcrumb\",\"itemListElement\":[{\"@type\":\"ListItem\",\"position\":1,\"name\":\"Portada\",\"item\":\"https:\/\/luchonoticias.com\/editor\/\"},{\"@type\":\"ListItem\",\"position\":2,\"name\":\"Procuradur\u00eda preocupada por la deforestaci\u00f3n en la Amazon\u00eda\"}]},{\"@type\":\"WebSite\",\"@id\":\"https:\/\/luchonoticias.com\/editor\/#website\",\"url\":\"https:\/\/luchonoticias.com\/editor\/\",\"name\":\"\",\"description\":\"\",\"publisher\":{\"@id\":\"https:\/\/luchonoticias.com\/editor\/#\/schema\/person\/7a7fd911f58561fd056dbac7b55af9cd\"},\"potentialAction\":[{\"@type\":\"SearchAction\",\"target\":{\"@type\":\"EntryPoint\",\"urlTemplate\":\"https:\/\/luchonoticias.com\/editor\/?s={search_term_string}\"},\"query-input\":{\"@type\":\"PropertyValueSpecification\",\"valueRequired\":true,\"valueName\":\"search_term_string\"}}],\"inLanguage\":\"es\"},{\"@type\":[\"Person\",\"Organization\"],\"@id\":\"https:\/\/luchonoticias.com\/editor\/#\/schema\/person\/7a7fd911f58561fd056dbac7b55af9cd\",\"name\":\"admin\",\"image\":{\"@type\":\"ImageObject\",\"inLanguage\":\"es\",\"@id\":\"https:\/\/luchonoticias.com\/editor\/#\/schema\/person\/image\/\",\"url\":\"https:\/\/luchonoticias.com\/editor\/wp-content\/uploads\/2024\/02\/cropped-cropped-logolu.webp\",\"contentUrl\":\"https:\/\/luchonoticias.com\/editor\/wp-content\/uploads\/2024\/02\/cropped-cropped-logolu.webp\",\"width\":382,\"height\":170,\"caption\":\"admin\"},\"logo\":{\"@id\":\"https:\/\/luchonoticias.com\/editor\/#\/schema\/person\/image\/\"},\"sameAs\":[\"https:\/\/www.facebook.com\/luchonoticiasneiva\"]},{\"@type\":\"Person\",\"@id\":\"https:\/\/luchonoticias.com\/editor\/#\/schema\/person\/29217990ddf6f14e35912b2866d591fb\",\"name\":\"Editor General\",\"image\":{\"@type\":\"ImageObject\",\"inLanguage\":\"es\",\"@id\":\"https:\/\/luchonoticias.com\/editor\/#\/schema\/person\/image\/\",\"url\":\"https:\/\/luchonoticias.com\/editor\/wp-content\/uploads\/2024\/02\/cropped-cropped-logolu-150x150.webp\",\"contentUrl\":\"https:\/\/luchonoticias.com\/editor\/wp-content\/uploads\/2024\/02\/cropped-cropped-logolu-150x150.webp\",\"caption\":\"Editor General\"},\"sameAs\":[\"https:\/\/luchonoticias.com\/\"],\"url\":\"https:\/\/luchonoticias.com\/editor\/author\/editor-general\/\"}]}<\/script>\n<!-- \/ Yoast SEO plugin. -->","yoast_head_json":{"title":"Procuradur\u00eda preocupada por la deforestaci\u00f3n en la Amazon\u00eda -","robots":{"index":"index","follow":"follow","max-snippet":"max-snippet:-1","max-image-preview":"max-image-preview:large","max-video-preview":"max-video-preview:-1"},"canonical":"https:\/\/luchonoticias.com\/editor\/procuraduria-preocupada-por-la-deforestacion-en-la-amazonia\/","og_locale":"es_ES","og_type":"article","og_title":"Procuradur\u00eda preocupada por la deforestaci\u00f3n en la Amazon\u00eda -","og_url":"https:\/\/luchonoticias.com\/editor\/procuraduria-preocupada-por-la-deforestacion-en-la-amazonia\/","article_publisher":"https:\/\/www.facebook.com\/luchonoticiasneiva","article_published_time":"2024-12-04T17:03:00+00:00","og_image":[{"width":700,"height":400,"url":"https:\/\/luchonoticias.com\/editor\/wp-content\/uploads\/2024\/12\/deforestacion.jpg","type":"image\/jpeg"}],"author":"Editor General","twitter_card":"summary_large_image","twitter_misc":{"Escrito por":"Editor General","Tiempo de lectura":"2 minutos"},"schema":{"@context":"https:\/\/schema.org","@graph":[{"@type":"Article","@id":"https:\/\/luchonoticias.com\/editor\/procuraduria-preocupada-por-la-deforestacion-en-la-amazonia\/#article","isPartOf":{"@id":"https:\/\/luchonoticias.com\/editor\/procuraduria-preocupada-por-la-deforestacion-en-la-amazonia\/"},"author":{"name":"Editor General","@id":"https:\/\/luchonoticias.com\/editor\/#\/schema\/person\/29217990ddf6f14e35912b2866d591fb"},"headline":"Procuradur\u00eda preocupada por la deforestaci\u00f3n en la Amazon\u00eda","datePublished":"2024-12-04T17:03:00+00:00","mainEntityOfPage":{"@id":"https:\/\/luchonoticias.com\/editor\/procuraduria-preocupada-por-la-deforestacion-en-la-amazonia\/"},"wordCount":243,"publisher":{"@id":"https:\/\/luchonoticias.com\/editor\/#\/schema\/person\/7a7fd911f58561fd056dbac7b55af9cd"},"image":{"@id":"https:\/\/luchonoticias.com\/editor\/procuraduria-preocupada-por-la-deforestacion-en-la-amazonia\/#primaryimage"},"thumbnailUrl":"https:\/\/luchonoticias.com\/editor\/wp-content\/uploads\/2024\/12\/deforestacion.jpg","articleSection":["Actualidad","Nacional"],"inLanguage":"es"},{"@type":"WebPage","@id":"https:\/\/luchonoticias.com\/editor\/procuraduria-preocupada-por-la-deforestacion-en-la-amazonia\/","url":"https:\/\/luchonoticias.com\/editor\/procuraduria-preocupada-por-la-deforestacion-en-la-amazonia\/","name":"Procuradur\u00eda preocupada por la deforestaci\u00f3n en la Amazon\u00eda -","isPartOf":{"@id":"https:\/\/luchonoticias.com\/editor\/#website"},"primaryImageOfPage":{"@id":"https:\/\/luchonoticias.com\/editor\/procuraduria-preocupada-por-la-deforestacion-en-la-amazonia\/#primaryimage"},"image":{"@id":"https:\/\/luchonoticias.com\/editor\/procuraduria-preocupada-por-la-deforestacion-en-la-amazonia\/#primaryimage"},"thumbnailUrl":"https:\/\/luchonoticias.com\/editor\/wp-content\/uploads\/2024\/12\/deforestacion.jpg","datePublished":"2024-12-04T17:03:00+00:00","breadcrumb":{"@id":"https:\/\/luchonoticias.com\/editor\/procuraduria-preocupada-por-la-deforestacion-en-la-amazonia\/#breadcrumb"},"inLanguage":"es","potentialAction":[{"@type":"ReadAction","target":["https:\/\/luchonoticias.com\/editor\/procuraduria-preocupada-por-la-deforestacion-en-la-amazonia\/"]}]},{"@type":"ImageObject","inLanguage":"es","@id":"https:\/\/luchonoticias.com\/editor\/procuraduria-preocupada-por-la-deforestacion-en-la-amazonia\/#primaryimage","url":"https:\/\/luchonoticias.com\/editor\/wp-content\/uploads\/2024\/12\/deforestacion.jpg","contentUrl":"https:\/\/luchonoticias.com\/editor\/wp-content\/uploads\/2024\/12\/deforestacion.jpg","width":700,"height":400},{"@type":"BreadcrumbList","@id":"https:\/\/luchonoticias.com\/editor\/procuraduria-preocupada-por-la-deforestacion-en-la-amazonia\/#breadcrumb","itemListElement":[{"@type":"ListItem","position":1,"name":"Portada","item":"https:\/\/luchonoticias.com\/editor\/"},{"@type":"ListItem","position":2,"name":"Procuradur\u00eda preocupada por la deforestaci\u00f3n en la Amazon\u00eda"}]},{"@type":"WebSite","@id":"https:\/\/luchonoticias.com\/editor\/#website","url":"https:\/\/luchonoticias.com\/editor\/","name":"","description":"","publisher":{"@id":"https:\/\/luchonoticias.com\/editor\/#\/schema\/person\/7a7fd911f58561fd056dbac7b55af9cd"},"potentialAction":[{"@type":"SearchAction","target":{"@type":"EntryPoint","urlTemplate":"https:\/\/luchonoticias.com\/editor\/?s={search_term_string}"},"query-input":{"@type":"PropertyValueSpecification","valueRequired":true,"valueName":"search_term_string"}}],"inLanguage":"es"},{"@type":["Person","Organization"],"@id":"https:\/\/luchonoticias.com\/editor\/#\/schema\/person\/7a7fd911f58561fd056dbac7b55af9cd","name":"admin","image":{"@type":"ImageObject","inLanguage":"es","@id":"https:\/\/luchonoticias.com\/editor\/#\/schema\/person\/image\/","url":"https:\/\/luchonoticias.com\/editor\/wp-content\/uploads\/2024\/02\/cropped-cropped-logolu.webp","contentUrl":"https:\/\/luchonoticias.com\/editor\/wp-content\/uploads\/2024\/02\/cropped-cropped-logolu.webp","width":382,"height":170,"caption":"admin"},"logo":{"@id":"https:\/\/luchonoticias.com\/editor\/#\/schema\/person\/image\/"},"sameAs":["https:\/\/www.facebook.com\/luchonoticiasneiva"]},{"@type":"Person","@id":"https:\/\/luchonoticias.com\/editor\/#\/schema\/person\/29217990ddf6f14e35912b2866d591fb","name":"Editor General","image":{"@type":"ImageObject","inLanguage":"es","@id":"https:\/\/luchonoticias.com\/editor\/#\/schema\/person\/image\/","url":"https:\/\/luchonoticias.com\/editor\/wp-content\/uploads\/2024\/02\/cropped-cropped-logolu-150x150.webp","contentUrl":"https:\/\/luchonoticias.com\/editor\/wp-content\/uploads\/2024\/02\/cropped-cropped-logolu-150x150.webp","caption":"Editor General"},"sameAs":["https:\/\/luchonoticias.com\/"],"url":"https:\/\/luchonoticias.com\/editor\/author\/editor-general\/"}]}},"_links":{"self":[{"href":"https:\/\/luchonoticias.com\/editor\/wp-json\/wp\/v2\/posts\/79494","targetHints":{"allow":["GET"]}}],"collection":[{"href":"https:\/\/luchonoticias.com\/editor\/wp-json\/wp\/v2\/posts"}],"about":[{"href":"https:\/\/luchonoticias.com\/editor\/wp-json\/wp\/v2\/types\/post"}],"author":[{"embeddable":true,"href":"https:\/\/luchonoticias.com\/editor\/wp-json\/wp\/v2\/users\/2"}],"replies":[{"embeddable":true,"href":"https:\/\/luchonoticias.com\/editor\/wp-json\/wp\/v2\/comments?post=79494"}],"version-history":[{"count":1,"href":"https:\/\/luchonoticias.com\/editor\/wp-json\/wp\/v2\/posts\/79494\/revisions"}],"predecessor-version":[{"id":79496,"href":"https:\/\/luchonoticias.com\/editor\/wp-json\/wp\/v2\/posts\/79494\/revisions\/79496"}],"wp:featuredmedia":[{"embeddable":true,"href":"https:\/\/luchonoticias.com\/editor\/wp-json\/wp\/v2\/media\/79495"}],"wp:attachment":[{"href":"https:\/\/luchonoticias.com\/editor\/wp-json\/wp\/v2\/media?parent=79494"}],"wp:term":[{"taxonomy":"category","embeddable":true,"href":"https:\/\/luchonoticias.com\/editor\/wp-json\/wp\/v2\/categories?post=79494"},{"taxonomy":"post_tag","embeddable":true,"href":"https:\/\/luchonoticias.com\/editor\/wp-json\/wp\/v2\/tags?post=79494"}],"curies":[{"name":"wp","href":"https:\/\/api.w.org\/{rel}","templated":true}]}}