{"id":79600,"date":"2024-12-09T03:53:06","date_gmt":"2024-12-09T08:53:06","guid":{"rendered":"https:\/\/luchonoticias.com\/?p=79600"},"modified":"2024-12-09T07:31:21","modified_gmt":"2024-12-09T12:31:21","slug":"quemados-con-polvora-en-el-huila-aumentan","status":"publish","type":"post","link":"https:\/\/luchonoticias.com\/editor\/quemados-con-polvora-en-el-huila-aumentan\/","title":{"rendered":"Quemados con p\u00f3lvora en el Huila aumentan"},"content":{"rendered":"<p>Pese a los constantes llamados de las autoridades para evitar el uso de p\u00f3lvora, durante la celebraci\u00f3n de la Noche de Velitas en Neiva se registraron tres personas lesionadas por su manipulaci\u00f3n. Las v\u00edctimas incluyen un menor de 12 a\u00f1os, un adulto de 20 a\u00f1os bajo los efectos del alcohol y una mujer de 62 a\u00f1os, seg\u00fan inform\u00f3 Sergio Mauricio Z\u00fa\u00f1iga, secretario de Salud del Huila.<\/p>\n<p>El reporte del Sivigila detalla que las lesiones consistieron en quemaduras de segundo grado y laceraciones, afectando principalmente las manos. En el caso m\u00e1s grave, el menor sufri\u00f3 quemaduras que abarcaron hasta el 14% de su cuerpo, fracturas en los dedos que derivaron en amputaciones, y un posible da\u00f1o ocular. Los hechos ocurrieron en espacios p\u00fablicos y en el hogar, relacionados con el uso inadecuado de p\u00f3lvora como totes y volcanes.<\/p>\n<p>Las autoridades atribuyen estos accidentes a la imprudencia y manejo inseguro de la p\u00f3lvora. A pesar de las campa\u00f1as de prevenci\u00f3n, los casos reportados durante esta fecha igualan las cifras del a\u00f1o anterior, cuando se registraron cuatro personas afectadas por estas pr\u00e1cticas peligrosas.<\/p>\n<p>El secretario de Salud reiter\u00f3 el llamado a la sensatez y a evitar la manipulaci\u00f3n de p\u00f3lvora, recordando que estas actividades deben ser realizadas exclusivamente por expertos en espacios adecuados. Subray\u00f3 que el incumplimiento de estas recomendaciones no solo pone en riesgo la vida de las personas, sino tambi\u00e9n su calidad de vida futura.<\/p>\n<p>Con este panorama, las autoridades activaron rutas de atenci\u00f3n y protocolos de salud para brindar soporte a las v\u00edctimas. Sin embargo, el mensaje es claro: la prevenci\u00f3n y el uso responsable de la p\u00f3lvora son clave para evitar tragedias que empa\u00f1en las festividades navide\u00f1as.<\/p>\n","protected":false},"excerpt":{"rendered":"<p>Pese a los constantes llamados de las autoridades para evitar el uso de p\u00f3lvora, durante la celebraci\u00f3n de la Noche de Velitas en Neiva se registraron tres personas lesionadas por su manipulaci\u00f3n. Las v\u00edctimas incluyen un menor de 12 a\u00f1os, un adulto de 20 a\u00f1os bajo los efectos del alcohol y una mujer de 62 [&hellip;]<\/p>\n","protected":false},"author":2,"featured_media":79615,"comment_status":"closed","ping_status":"open","sticky":false,"template":"","format":"standard","meta":{"footnotes":""},"categories":[33],"tags":[],"class_list":["post-79600","post","type-post","status-publish","format-standard","has-post-thumbnail","hentry","category-huila"],"yoast_head":"<!-- This site is optimized with the Yoast SEO plugin v26.6 - https:\/\/yoast.com\/wordpress\/plugins\/seo\/ -->\n<title>Quemados con p\u00f3lvora en el Huila aumentan -<\/title>\n<meta name=\"robots\" content=\"index, follow, max-snippet:-1, max-image-preview:large, max-video-preview:-1\" \/>\n<link rel=\"canonical\" href=\"https:\/\/luchonoticias.com\/editor\/quemados-con-polvora-en-el-huila-aumentan\/\" \/>\n<meta property=\"og:locale\" content=\"es_ES\" \/>\n<meta property=\"og:type\" content=\"article\" \/>\n<meta property=\"og:title\" content=\"Quemados con p\u00f3lvora en el Huila aumentan -\" \/>\n<meta property=\"og:url\" content=\"https:\/\/luchonoticias.com\/editor\/quemados-con-polvora-en-el-huila-aumentan\/\" \/>\n<meta property=\"article:publisher\" content=\"https:\/\/www.facebook.com\/luchonoticiasneiva\" \/>\n<meta property=\"article:published_time\" content=\"2024-12-09T08:53:06+00:00\" \/>\n<meta property=\"article:modified_time\" content=\"2024-12-09T12:31:21+00:00\" \/>\n<meta property=\"og:image\" content=\"https:\/\/luchonoticias.com\/editor\/wp-content\/uploads\/2024\/12\/polvora-1.jpg\" \/>\n\t<meta property=\"og:image:width\" content=\"700\" \/>\n\t<meta property=\"og:image:height\" content=\"400\" \/>\n\t<meta property=\"og:image:type\" content=\"image\/jpeg\" \/>\n<meta name=\"author\" content=\"Editor General\" \/>\n<meta name=\"twitter:card\" content=\"summary_large_image\" \/>\n<meta name=\"twitter:label1\" content=\"Escrito por\" \/>\n\t<meta name=\"twitter:data1\" content=\"Editor General\" \/>\n\t<meta name=\"twitter:label2\" content=\"Tiempo de lectura\" \/>\n\t<meta name=\"twitter:data2\" content=\"2 minutos\" \/>\n<script type=\"application\/ld+json\" class=\"yoast-schema-graph\">{\"@context\":\"https:\/\/schema.org\",\"@graph\":[{\"@type\":\"Article\",\"@id\":\"https:\/\/luchonoticias.com\/editor\/quemados-con-polvora-en-el-huila-aumentan\/#article\",\"isPartOf\":{\"@id\":\"https:\/\/luchonoticias.com\/editor\/quemados-con-polvora-en-el-huila-aumentan\/\"},\"author\":{\"name\":\"Editor General\",\"@id\":\"https:\/\/luchonoticias.com\/editor\/#\/schema\/person\/29217990ddf6f14e35912b2866d591fb\"},\"headline\":\"Quemados con p\u00f3lvora en el Huila aumentan\",\"datePublished\":\"2024-12-09T08:53:06+00:00\",\"dateModified\":\"2024-12-09T12:31:21+00:00\",\"mainEntityOfPage\":{\"@id\":\"https:\/\/luchonoticias.com\/editor\/quemados-con-polvora-en-el-huila-aumentan\/\"},\"wordCount\":309,\"publisher\":{\"@id\":\"https:\/\/luchonoticias.com\/editor\/#\/schema\/person\/7a7fd911f58561fd056dbac7b55af9cd\"},\"image\":{\"@id\":\"https:\/\/luchonoticias.com\/editor\/quemados-con-polvora-en-el-huila-aumentan\/#primaryimage\"},\"thumbnailUrl\":\"https:\/\/luchonoticias.com\/editor\/wp-content\/uploads\/2024\/12\/polvora-1.jpg\",\"articleSection\":[\"Huila\"],\"inLanguage\":\"es\"},{\"@type\":\"WebPage\",\"@id\":\"https:\/\/luchonoticias.com\/editor\/quemados-con-polvora-en-el-huila-aumentan\/\",\"url\":\"https:\/\/luchonoticias.com\/editor\/quemados-con-polvora-en-el-huila-aumentan\/\",\"name\":\"Quemados con p\u00f3lvora en el Huila aumentan -\",\"isPartOf\":{\"@id\":\"https:\/\/luchonoticias.com\/editor\/#website\"},\"primaryImageOfPage\":{\"@id\":\"https:\/\/luchonoticias.com\/editor\/quemados-con-polvora-en-el-huila-aumentan\/#primaryimage\"},\"image\":{\"@id\":\"https:\/\/luchonoticias.com\/editor\/quemados-con-polvora-en-el-huila-aumentan\/#primaryimage\"},\"thumbnailUrl\":\"https:\/\/luchonoticias.com\/editor\/wp-content\/uploads\/2024\/12\/polvora-1.jpg\",\"datePublished\":\"2024-12-09T08:53:06+00:00\",\"dateModified\":\"2024-12-09T12:31:21+00:00\",\"breadcrumb\":{\"@id\":\"https:\/\/luchonoticias.com\/editor\/quemados-con-polvora-en-el-huila-aumentan\/#breadcrumb\"},\"inLanguage\":\"es\",\"potentialAction\":[{\"@type\":\"ReadAction\",\"target\":[\"https:\/\/luchonoticias.com\/editor\/quemados-con-polvora-en-el-huila-aumentan\/\"]}]},{\"@type\":\"ImageObject\",\"inLanguage\":\"es\",\"@id\":\"https:\/\/luchonoticias.com\/editor\/quemados-con-polvora-en-el-huila-aumentan\/#primaryimage\",\"url\":\"https:\/\/luchonoticias.com\/editor\/wp-content\/uploads\/2024\/12\/polvora-1.jpg\",\"contentUrl\":\"https:\/\/luchonoticias.com\/editor\/wp-content\/uploads\/2024\/12\/polvora-1.jpg\",\"width\":700,\"height\":400},{\"@type\":\"BreadcrumbList\",\"@id\":\"https:\/\/luchonoticias.com\/editor\/quemados-con-polvora-en-el-huila-aumentan\/#breadcrumb\",\"itemListElement\":[{\"@type\":\"ListItem\",\"position\":1,\"name\":\"Portada\",\"item\":\"https:\/\/luchonoticias.com\/editor\/\"},{\"@type\":\"ListItem\",\"position\":2,\"name\":\"Quemados con p\u00f3lvora en el Huila aumentan\"}]},{\"@type\":\"WebSite\",\"@id\":\"https:\/\/luchonoticias.com\/editor\/#website\",\"url\":\"https:\/\/luchonoticias.com\/editor\/\",\"name\":\"\",\"description\":\"\",\"publisher\":{\"@id\":\"https:\/\/luchonoticias.com\/editor\/#\/schema\/person\/7a7fd911f58561fd056dbac7b55af9cd\"},\"potentialAction\":[{\"@type\":\"SearchAction\",\"target\":{\"@type\":\"EntryPoint\",\"urlTemplate\":\"https:\/\/luchonoticias.com\/editor\/?s={search_term_string}\"},\"query-input\":{\"@type\":\"PropertyValueSpecification\",\"valueRequired\":true,\"valueName\":\"search_term_string\"}}],\"inLanguage\":\"es\"},{\"@type\":[\"Person\",\"Organization\"],\"@id\":\"https:\/\/luchonoticias.com\/editor\/#\/schema\/person\/7a7fd911f58561fd056dbac7b55af9cd\",\"name\":\"admin\",\"image\":{\"@type\":\"ImageObject\",\"inLanguage\":\"es\",\"@id\":\"https:\/\/luchonoticias.com\/editor\/#\/schema\/person\/image\/\",\"url\":\"https:\/\/luchonoticias.com\/editor\/wp-content\/uploads\/2024\/02\/cropped-cropped-logolu.webp\",\"contentUrl\":\"https:\/\/luchonoticias.com\/editor\/wp-content\/uploads\/2024\/02\/cropped-cropped-logolu.webp\",\"width\":382,\"height\":170,\"caption\":\"admin\"},\"logo\":{\"@id\":\"https:\/\/luchonoticias.com\/editor\/#\/schema\/person\/image\/\"},\"sameAs\":[\"https:\/\/www.facebook.com\/luchonoticiasneiva\"]},{\"@type\":\"Person\",\"@id\":\"https:\/\/luchonoticias.com\/editor\/#\/schema\/person\/29217990ddf6f14e35912b2866d591fb\",\"name\":\"Editor General\",\"image\":{\"@type\":\"ImageObject\",\"inLanguage\":\"es\",\"@id\":\"https:\/\/luchonoticias.com\/editor\/#\/schema\/person\/image\/\",\"url\":\"https:\/\/luchonoticias.com\/editor\/wp-content\/uploads\/2024\/02\/cropped-cropped-logolu-150x150.webp\",\"contentUrl\":\"https:\/\/luchonoticias.com\/editor\/wp-content\/uploads\/2024\/02\/cropped-cropped-logolu-150x150.webp\",\"caption\":\"Editor General\"},\"sameAs\":[\"https:\/\/luchonoticias.com\/\"],\"url\":\"https:\/\/luchonoticias.com\/editor\/author\/editor-general\/\"}]}<\/script>\n<!-- \/ Yoast SEO plugin. -->","yoast_head_json":{"title":"Quemados con p\u00f3lvora en el Huila aumentan -","robots":{"index":"index","follow":"follow","max-snippet":"max-snippet:-1","max-image-preview":"max-image-preview:large","max-video-preview":"max-video-preview:-1"},"canonical":"https:\/\/luchonoticias.com\/editor\/quemados-con-polvora-en-el-huila-aumentan\/","og_locale":"es_ES","og_type":"article","og_title":"Quemados con p\u00f3lvora en el Huila aumentan -","og_url":"https:\/\/luchonoticias.com\/editor\/quemados-con-polvora-en-el-huila-aumentan\/","article_publisher":"https:\/\/www.facebook.com\/luchonoticiasneiva","article_published_time":"2024-12-09T08:53:06+00:00","article_modified_time":"2024-12-09T12:31:21+00:00","og_image":[{"width":700,"height":400,"url":"https:\/\/luchonoticias.com\/editor\/wp-content\/uploads\/2024\/12\/polvora-1.jpg","type":"image\/jpeg"}],"author":"Editor General","twitter_card":"summary_large_image","twitter_misc":{"Escrito por":"Editor General","Tiempo de lectura":"2 minutos"},"schema":{"@context":"https:\/\/schema.org","@graph":[{"@type":"Article","@id":"https:\/\/luchonoticias.com\/editor\/quemados-con-polvora-en-el-huila-aumentan\/#article","isPartOf":{"@id":"https:\/\/luchonoticias.com\/editor\/quemados-con-polvora-en-el-huila-aumentan\/"},"author":{"name":"Editor General","@id":"https:\/\/luchonoticias.com\/editor\/#\/schema\/person\/29217990ddf6f14e35912b2866d591fb"},"headline":"Quemados con p\u00f3lvora en el Huila aumentan","datePublished":"2024-12-09T08:53:06+00:00","dateModified":"2024-12-09T12:31:21+00:00","mainEntityOfPage":{"@id":"https:\/\/luchonoticias.com\/editor\/quemados-con-polvora-en-el-huila-aumentan\/"},"wordCount":309,"publisher":{"@id":"https:\/\/luchonoticias.com\/editor\/#\/schema\/person\/7a7fd911f58561fd056dbac7b55af9cd"},"image":{"@id":"https:\/\/luchonoticias.com\/editor\/quemados-con-polvora-en-el-huila-aumentan\/#primaryimage"},"thumbnailUrl":"https:\/\/luchonoticias.com\/editor\/wp-content\/uploads\/2024\/12\/polvora-1.jpg","articleSection":["Huila"],"inLanguage":"es"},{"@type":"WebPage","@id":"https:\/\/luchonoticias.com\/editor\/quemados-con-polvora-en-el-huila-aumentan\/","url":"https:\/\/luchonoticias.com\/editor\/quemados-con-polvora-en-el-huila-aumentan\/","name":"Quemados con p\u00f3lvora en el Huila aumentan -","isPartOf":{"@id":"https:\/\/luchonoticias.com\/editor\/#website"},"primaryImageOfPage":{"@id":"https:\/\/luchonoticias.com\/editor\/quemados-con-polvora-en-el-huila-aumentan\/#primaryimage"},"image":{"@id":"https:\/\/luchonoticias.com\/editor\/quemados-con-polvora-en-el-huila-aumentan\/#primaryimage"},"thumbnailUrl":"https:\/\/luchonoticias.com\/editor\/wp-content\/uploads\/2024\/12\/polvora-1.jpg","datePublished":"2024-12-09T08:53:06+00:00","dateModified":"2024-12-09T12:31:21+00:00","breadcrumb":{"@id":"https:\/\/luchonoticias.com\/editor\/quemados-con-polvora-en-el-huila-aumentan\/#breadcrumb"},"inLanguage":"es","potentialAction":[{"@type":"ReadAction","target":["https:\/\/luchonoticias.com\/editor\/quemados-con-polvora-en-el-huila-aumentan\/"]}]},{"@type":"ImageObject","inLanguage":"es","@id":"https:\/\/luchonoticias.com\/editor\/quemados-con-polvora-en-el-huila-aumentan\/#primaryimage","url":"https:\/\/luchonoticias.com\/editor\/wp-content\/uploads\/2024\/12\/polvora-1.jpg","contentUrl":"https:\/\/luchonoticias.com\/editor\/wp-content\/uploads\/2024\/12\/polvora-1.jpg","width":700,"height":400},{"@type":"BreadcrumbList","@id":"https:\/\/luchonoticias.com\/editor\/quemados-con-polvora-en-el-huila-aumentan\/#breadcrumb","itemListElement":[{"@type":"ListItem","position":1,"name":"Portada","item":"https:\/\/luchonoticias.com\/editor\/"},{"@type":"ListItem","position":2,"name":"Quemados con p\u00f3lvora en el Huila aumentan"}]},{"@type":"WebSite","@id":"https:\/\/luchonoticias.com\/editor\/#website","url":"https:\/\/luchonoticias.com\/editor\/","name":"","description":"","publisher":{"@id":"https:\/\/luchonoticias.com\/editor\/#\/schema\/person\/7a7fd911f58561fd056dbac7b55af9cd"},"potentialAction":[{"@type":"SearchAction","target":{"@type":"EntryPoint","urlTemplate":"https:\/\/luchonoticias.com\/editor\/?s={search_term_string}"},"query-input":{"@type":"PropertyValueSpecification","valueRequired":true,"valueName":"search_term_string"}}],"inLanguage":"es"},{"@type":["Person","Organization"],"@id":"https:\/\/luchonoticias.com\/editor\/#\/schema\/person\/7a7fd911f58561fd056dbac7b55af9cd","name":"admin","image":{"@type":"ImageObject","inLanguage":"es","@id":"https:\/\/luchonoticias.com\/editor\/#\/schema\/person\/image\/","url":"https:\/\/luchonoticias.com\/editor\/wp-content\/uploads\/2024\/02\/cropped-cropped-logolu.webp","contentUrl":"https:\/\/luchonoticias.com\/editor\/wp-content\/uploads\/2024\/02\/cropped-cropped-logolu.webp","width":382,"height":170,"caption":"admin"},"logo":{"@id":"https:\/\/luchonoticias.com\/editor\/#\/schema\/person\/image\/"},"sameAs":["https:\/\/www.facebook.com\/luchonoticiasneiva"]},{"@type":"Person","@id":"https:\/\/luchonoticias.com\/editor\/#\/schema\/person\/29217990ddf6f14e35912b2866d591fb","name":"Editor General","image":{"@type":"ImageObject","inLanguage":"es","@id":"https:\/\/luchonoticias.com\/editor\/#\/schema\/person\/image\/","url":"https:\/\/luchonoticias.com\/editor\/wp-content\/uploads\/2024\/02\/cropped-cropped-logolu-150x150.webp","contentUrl":"https:\/\/luchonoticias.com\/editor\/wp-content\/uploads\/2024\/02\/cropped-cropped-logolu-150x150.webp","caption":"Editor General"},"sameAs":["https:\/\/luchonoticias.com\/"],"url":"https:\/\/luchonoticias.com\/editor\/author\/editor-general\/"}]}},"_links":{"self":[{"href":"https:\/\/luchonoticias.com\/editor\/wp-json\/wp\/v2\/posts\/79600","targetHints":{"allow":["GET"]}}],"collection":[{"href":"https:\/\/luchonoticias.com\/editor\/wp-json\/wp\/v2\/posts"}],"about":[{"href":"https:\/\/luchonoticias.com\/editor\/wp-json\/wp\/v2\/types\/post"}],"author":[{"embeddable":true,"href":"https:\/\/luchonoticias.com\/editor\/wp-json\/wp\/v2\/users\/2"}],"replies":[{"embeddable":true,"href":"https:\/\/luchonoticias.com\/editor\/wp-json\/wp\/v2\/comments?post=79600"}],"version-history":[{"count":1,"href":"https:\/\/luchonoticias.com\/editor\/wp-json\/wp\/v2\/posts\/79600\/revisions"}],"predecessor-version":[{"id":79601,"href":"https:\/\/luchonoticias.com\/editor\/wp-json\/wp\/v2\/posts\/79600\/revisions\/79601"}],"wp:featuredmedia":[{"embeddable":true,"href":"https:\/\/luchonoticias.com\/editor\/wp-json\/wp\/v2\/media\/79615"}],"wp:attachment":[{"href":"https:\/\/luchonoticias.com\/editor\/wp-json\/wp\/v2\/media?parent=79600"}],"wp:term":[{"taxonomy":"category","embeddable":true,"href":"https:\/\/luchonoticias.com\/editor\/wp-json\/wp\/v2\/categories?post=79600"},{"taxonomy":"post_tag","embeddable":true,"href":"https:\/\/luchonoticias.com\/editor\/wp-json\/wp\/v2\/tags?post=79600"}],"curies":[{"name":"wp","href":"https:\/\/api.w.org\/{rel}","templated":true}]}}