{"id":79605,"date":"2024-12-09T04:14:54","date_gmt":"2024-12-09T09:14:54","guid":{"rendered":"https:\/\/luchonoticias.com\/?p=79605"},"modified":"2024-12-09T04:14:54","modified_gmt":"2024-12-09T09:14:54","slug":"medidas-para-proteger-la-produccion-lechera","status":"publish","type":"post","link":"https:\/\/luchonoticias.com\/editor\/medidas-para-proteger-la-produccion-lechera\/","title":{"rendered":"Medidas para proteger la producci\u00f3n lechera"},"content":{"rendered":"<p>El Ministerio de Agricultura y Desarrollo Rural ha implementado un plan integral para enfrentar la crisis del sector l\u00e1cteo colombiano, destinando 20.000 millones de pesos para apoyar a peque\u00f1os productores y promover el acopio y almacenamiento de leche. La viceministra de Asuntos Agropecuarios, Geidy Ortega, destac\u00f3 ante el Congreso que estas acciones buscan aliviar el impacto de la ca\u00edda de precios y la disminuci\u00f3n de la demanda que afecta a m\u00e1s de 321.000 familias rurales.<\/p>\n<p>Entre las medidas adoptadas, el Gobierno destin\u00f3 18.000 millones de pesos para comercializar m\u00e1s de 4 millones de litros de leche y 2.000 millones para el almacenamiento de leche en polvo. Adem\u00e1s, se fortalecieron las compras p\u00fablicas locales, garantizando que el 30% de la producci\u00f3n l\u00e1ctea sea adquirida por entidades como el ICBF y las Fuerzas Militares en el primer semestre de 2025.<\/p>\n<p>El ministerio tambi\u00e9n ha llevado a cabo 24 ruedas de negocios en 19 departamentos, descongestionando importantes vol\u00famenes de leche. En paralelo, se entregaron 1,1 millones de litros de leche y derivados a poblaci\u00f3n vulnerable y se est\u00e1 realizando un estudio de mercado para orientar campa\u00f1as de promoci\u00f3n del consumo en el pa\u00eds.<\/p>\n<p>En el \u00e1mbito internacional, las exportaciones han sido incentivadas mediante el Fondo de Estabilizaci\u00f3n de Precios, logrando la venta de 2.052 toneladas de leche en polvo y m\u00e1s de 1.266 toneladas a trav\u00e9s de subastas. Adem\u00e1s, se negociaron m\u00e1s de 2.547.000 litros de leche UHT y 8.000 kilos de queso, consolidando mercados externos para aliviar la sobreoferta local.<\/p>\n<p>La industria l\u00e1ctea colombiana, que genera m\u00e1s de 705.000 empleos directos en el campo, sigue siendo un pilar de la econom\u00eda rural.<\/p>\n","protected":false},"excerpt":{"rendered":"<p>El Ministerio de Agricultura y Desarrollo Rural ha implementado un plan integral para enfrentar la crisis del sector l\u00e1cteo colombiano, destinando 20.000 millones de pesos para apoyar a peque\u00f1os productores y promover el acopio y almacenamiento de leche. La viceministra de Asuntos Agropecuarios, Geidy Ortega, destac\u00f3 ante el Congreso que estas acciones buscan aliviar el [&hellip;]<\/p>\n","protected":false},"author":2,"featured_media":79606,"comment_status":"closed","ping_status":"open","sticky":false,"template":"","format":"standard","meta":{"footnotes":""},"categories":[28,32],"tags":[],"class_list":["post-79605","post","type-post","status-publish","format-standard","has-post-thumbnail","hentry","category-actualidad","category-nacional"],"yoast_head":"<!-- This site is optimized with the Yoast SEO plugin v26.6 - https:\/\/yoast.com\/wordpress\/plugins\/seo\/ -->\n<title>Medidas para proteger la producci\u00f3n lechera -<\/title>\n<meta name=\"robots\" content=\"index, follow, max-snippet:-1, max-image-preview:large, max-video-preview:-1\" \/>\n<link rel=\"canonical\" href=\"https:\/\/luchonoticias.com\/editor\/medidas-para-proteger-la-produccion-lechera\/\" \/>\n<meta property=\"og:locale\" content=\"es_ES\" \/>\n<meta property=\"og:type\" content=\"article\" \/>\n<meta property=\"og:title\" content=\"Medidas para proteger la producci\u00f3n lechera -\" \/>\n<meta property=\"og:url\" content=\"https:\/\/luchonoticias.com\/editor\/medidas-para-proteger-la-produccion-lechera\/\" \/>\n<meta property=\"article:publisher\" content=\"https:\/\/www.facebook.com\/luchonoticiasneiva\" \/>\n<meta property=\"article:published_time\" content=\"2024-12-09T09:14:54+00:00\" \/>\n<meta property=\"og:image\" content=\"https:\/\/luchonoticias.com\/editor\/wp-content\/uploads\/2024\/12\/leche.jpg\" \/>\n\t<meta property=\"og:image:width\" content=\"700\" \/>\n\t<meta property=\"og:image:height\" content=\"400\" \/>\n\t<meta property=\"og:image:type\" content=\"image\/jpeg\" \/>\n<meta name=\"author\" content=\"Editor General\" \/>\n<meta name=\"twitter:card\" content=\"summary_large_image\" \/>\n<meta name=\"twitter:label1\" content=\"Escrito por\" \/>\n\t<meta name=\"twitter:data1\" content=\"Editor General\" \/>\n\t<meta name=\"twitter:label2\" content=\"Tiempo de lectura\" \/>\n\t<meta name=\"twitter:data2\" content=\"2 minutos\" \/>\n<script type=\"application\/ld+json\" class=\"yoast-schema-graph\">{\"@context\":\"https:\/\/schema.org\",\"@graph\":[{\"@type\":\"Article\",\"@id\":\"https:\/\/luchonoticias.com\/editor\/medidas-para-proteger-la-produccion-lechera\/#article\",\"isPartOf\":{\"@id\":\"https:\/\/luchonoticias.com\/editor\/medidas-para-proteger-la-produccion-lechera\/\"},\"author\":{\"name\":\"Editor General\",\"@id\":\"https:\/\/luchonoticias.com\/editor\/#\/schema\/person\/29217990ddf6f14e35912b2866d591fb\"},\"headline\":\"Medidas para proteger la producci\u00f3n lechera\",\"datePublished\":\"2024-12-09T09:14:54+00:00\",\"mainEntityOfPage\":{\"@id\":\"https:\/\/luchonoticias.com\/editor\/medidas-para-proteger-la-produccion-lechera\/\"},\"wordCount\":286,\"publisher\":{\"@id\":\"https:\/\/luchonoticias.com\/editor\/#\/schema\/person\/7a7fd911f58561fd056dbac7b55af9cd\"},\"image\":{\"@id\":\"https:\/\/luchonoticias.com\/editor\/medidas-para-proteger-la-produccion-lechera\/#primaryimage\"},\"thumbnailUrl\":\"https:\/\/luchonoticias.com\/editor\/wp-content\/uploads\/2024\/12\/leche.jpg\",\"articleSection\":[\"Actualidad\",\"Nacional\"],\"inLanguage\":\"es\"},{\"@type\":\"WebPage\",\"@id\":\"https:\/\/luchonoticias.com\/editor\/medidas-para-proteger-la-produccion-lechera\/\",\"url\":\"https:\/\/luchonoticias.com\/editor\/medidas-para-proteger-la-produccion-lechera\/\",\"name\":\"Medidas para proteger la producci\u00f3n lechera -\",\"isPartOf\":{\"@id\":\"https:\/\/luchonoticias.com\/editor\/#website\"},\"primaryImageOfPage\":{\"@id\":\"https:\/\/luchonoticias.com\/editor\/medidas-para-proteger-la-produccion-lechera\/#primaryimage\"},\"image\":{\"@id\":\"https:\/\/luchonoticias.com\/editor\/medidas-para-proteger-la-produccion-lechera\/#primaryimage\"},\"thumbnailUrl\":\"https:\/\/luchonoticias.com\/editor\/wp-content\/uploads\/2024\/12\/leche.jpg\",\"datePublished\":\"2024-12-09T09:14:54+00:00\",\"breadcrumb\":{\"@id\":\"https:\/\/luchonoticias.com\/editor\/medidas-para-proteger-la-produccion-lechera\/#breadcrumb\"},\"inLanguage\":\"es\",\"potentialAction\":[{\"@type\":\"ReadAction\",\"target\":[\"https:\/\/luchonoticias.com\/editor\/medidas-para-proteger-la-produccion-lechera\/\"]}]},{\"@type\":\"ImageObject\",\"inLanguage\":\"es\",\"@id\":\"https:\/\/luchonoticias.com\/editor\/medidas-para-proteger-la-produccion-lechera\/#primaryimage\",\"url\":\"https:\/\/luchonoticias.com\/editor\/wp-content\/uploads\/2024\/12\/leche.jpg\",\"contentUrl\":\"https:\/\/luchonoticias.com\/editor\/wp-content\/uploads\/2024\/12\/leche.jpg\",\"width\":700,\"height\":400},{\"@type\":\"BreadcrumbList\",\"@id\":\"https:\/\/luchonoticias.com\/editor\/medidas-para-proteger-la-produccion-lechera\/#breadcrumb\",\"itemListElement\":[{\"@type\":\"ListItem\",\"position\":1,\"name\":\"Portada\",\"item\":\"https:\/\/luchonoticias.com\/editor\/\"},{\"@type\":\"ListItem\",\"position\":2,\"name\":\"Medidas para proteger la producci\u00f3n lechera\"}]},{\"@type\":\"WebSite\",\"@id\":\"https:\/\/luchonoticias.com\/editor\/#website\",\"url\":\"https:\/\/luchonoticias.com\/editor\/\",\"name\":\"\",\"description\":\"\",\"publisher\":{\"@id\":\"https:\/\/luchonoticias.com\/editor\/#\/schema\/person\/7a7fd911f58561fd056dbac7b55af9cd\"},\"potentialAction\":[{\"@type\":\"SearchAction\",\"target\":{\"@type\":\"EntryPoint\",\"urlTemplate\":\"https:\/\/luchonoticias.com\/editor\/?s={search_term_string}\"},\"query-input\":{\"@type\":\"PropertyValueSpecification\",\"valueRequired\":true,\"valueName\":\"search_term_string\"}}],\"inLanguage\":\"es\"},{\"@type\":[\"Person\",\"Organization\"],\"@id\":\"https:\/\/luchonoticias.com\/editor\/#\/schema\/person\/7a7fd911f58561fd056dbac7b55af9cd\",\"name\":\"admin\",\"image\":{\"@type\":\"ImageObject\",\"inLanguage\":\"es\",\"@id\":\"https:\/\/luchonoticias.com\/editor\/#\/schema\/person\/image\/\",\"url\":\"https:\/\/luchonoticias.com\/editor\/wp-content\/uploads\/2024\/02\/cropped-cropped-logolu.webp\",\"contentUrl\":\"https:\/\/luchonoticias.com\/editor\/wp-content\/uploads\/2024\/02\/cropped-cropped-logolu.webp\",\"width\":382,\"height\":170,\"caption\":\"admin\"},\"logo\":{\"@id\":\"https:\/\/luchonoticias.com\/editor\/#\/schema\/person\/image\/\"},\"sameAs\":[\"https:\/\/www.facebook.com\/luchonoticiasneiva\"]},{\"@type\":\"Person\",\"@id\":\"https:\/\/luchonoticias.com\/editor\/#\/schema\/person\/29217990ddf6f14e35912b2866d591fb\",\"name\":\"Editor General\",\"image\":{\"@type\":\"ImageObject\",\"inLanguage\":\"es\",\"@id\":\"https:\/\/luchonoticias.com\/editor\/#\/schema\/person\/image\/\",\"url\":\"https:\/\/luchonoticias.com\/editor\/wp-content\/uploads\/2024\/02\/cropped-cropped-logolu-150x150.webp\",\"contentUrl\":\"https:\/\/luchonoticias.com\/editor\/wp-content\/uploads\/2024\/02\/cropped-cropped-logolu-150x150.webp\",\"caption\":\"Editor General\"},\"sameAs\":[\"https:\/\/luchonoticias.com\/\"],\"url\":\"https:\/\/luchonoticias.com\/editor\/author\/editor-general\/\"}]}<\/script>\n<!-- \/ Yoast SEO plugin. -->","yoast_head_json":{"title":"Medidas para proteger la producci\u00f3n lechera -","robots":{"index":"index","follow":"follow","max-snippet":"max-snippet:-1","max-image-preview":"max-image-preview:large","max-video-preview":"max-video-preview:-1"},"canonical":"https:\/\/luchonoticias.com\/editor\/medidas-para-proteger-la-produccion-lechera\/","og_locale":"es_ES","og_type":"article","og_title":"Medidas para proteger la producci\u00f3n lechera -","og_url":"https:\/\/luchonoticias.com\/editor\/medidas-para-proteger-la-produccion-lechera\/","article_publisher":"https:\/\/www.facebook.com\/luchonoticiasneiva","article_published_time":"2024-12-09T09:14:54+00:00","og_image":[{"width":700,"height":400,"url":"https:\/\/luchonoticias.com\/editor\/wp-content\/uploads\/2024\/12\/leche.jpg","type":"image\/jpeg"}],"author":"Editor General","twitter_card":"summary_large_image","twitter_misc":{"Escrito por":"Editor General","Tiempo de lectura":"2 minutos"},"schema":{"@context":"https:\/\/schema.org","@graph":[{"@type":"Article","@id":"https:\/\/luchonoticias.com\/editor\/medidas-para-proteger-la-produccion-lechera\/#article","isPartOf":{"@id":"https:\/\/luchonoticias.com\/editor\/medidas-para-proteger-la-produccion-lechera\/"},"author":{"name":"Editor General","@id":"https:\/\/luchonoticias.com\/editor\/#\/schema\/person\/29217990ddf6f14e35912b2866d591fb"},"headline":"Medidas para proteger la producci\u00f3n lechera","datePublished":"2024-12-09T09:14:54+00:00","mainEntityOfPage":{"@id":"https:\/\/luchonoticias.com\/editor\/medidas-para-proteger-la-produccion-lechera\/"},"wordCount":286,"publisher":{"@id":"https:\/\/luchonoticias.com\/editor\/#\/schema\/person\/7a7fd911f58561fd056dbac7b55af9cd"},"image":{"@id":"https:\/\/luchonoticias.com\/editor\/medidas-para-proteger-la-produccion-lechera\/#primaryimage"},"thumbnailUrl":"https:\/\/luchonoticias.com\/editor\/wp-content\/uploads\/2024\/12\/leche.jpg","articleSection":["Actualidad","Nacional"],"inLanguage":"es"},{"@type":"WebPage","@id":"https:\/\/luchonoticias.com\/editor\/medidas-para-proteger-la-produccion-lechera\/","url":"https:\/\/luchonoticias.com\/editor\/medidas-para-proteger-la-produccion-lechera\/","name":"Medidas para proteger la producci\u00f3n lechera -","isPartOf":{"@id":"https:\/\/luchonoticias.com\/editor\/#website"},"primaryImageOfPage":{"@id":"https:\/\/luchonoticias.com\/editor\/medidas-para-proteger-la-produccion-lechera\/#primaryimage"},"image":{"@id":"https:\/\/luchonoticias.com\/editor\/medidas-para-proteger-la-produccion-lechera\/#primaryimage"},"thumbnailUrl":"https:\/\/luchonoticias.com\/editor\/wp-content\/uploads\/2024\/12\/leche.jpg","datePublished":"2024-12-09T09:14:54+00:00","breadcrumb":{"@id":"https:\/\/luchonoticias.com\/editor\/medidas-para-proteger-la-produccion-lechera\/#breadcrumb"},"inLanguage":"es","potentialAction":[{"@type":"ReadAction","target":["https:\/\/luchonoticias.com\/editor\/medidas-para-proteger-la-produccion-lechera\/"]}]},{"@type":"ImageObject","inLanguage":"es","@id":"https:\/\/luchonoticias.com\/editor\/medidas-para-proteger-la-produccion-lechera\/#primaryimage","url":"https:\/\/luchonoticias.com\/editor\/wp-content\/uploads\/2024\/12\/leche.jpg","contentUrl":"https:\/\/luchonoticias.com\/editor\/wp-content\/uploads\/2024\/12\/leche.jpg","width":700,"height":400},{"@type":"BreadcrumbList","@id":"https:\/\/luchonoticias.com\/editor\/medidas-para-proteger-la-produccion-lechera\/#breadcrumb","itemListElement":[{"@type":"ListItem","position":1,"name":"Portada","item":"https:\/\/luchonoticias.com\/editor\/"},{"@type":"ListItem","position":2,"name":"Medidas para proteger la producci\u00f3n lechera"}]},{"@type":"WebSite","@id":"https:\/\/luchonoticias.com\/editor\/#website","url":"https:\/\/luchonoticias.com\/editor\/","name":"","description":"","publisher":{"@id":"https:\/\/luchonoticias.com\/editor\/#\/schema\/person\/7a7fd911f58561fd056dbac7b55af9cd"},"potentialAction":[{"@type":"SearchAction","target":{"@type":"EntryPoint","urlTemplate":"https:\/\/luchonoticias.com\/editor\/?s={search_term_string}"},"query-input":{"@type":"PropertyValueSpecification","valueRequired":true,"valueName":"search_term_string"}}],"inLanguage":"es"},{"@type":["Person","Organization"],"@id":"https:\/\/luchonoticias.com\/editor\/#\/schema\/person\/7a7fd911f58561fd056dbac7b55af9cd","name":"admin","image":{"@type":"ImageObject","inLanguage":"es","@id":"https:\/\/luchonoticias.com\/editor\/#\/schema\/person\/image\/","url":"https:\/\/luchonoticias.com\/editor\/wp-content\/uploads\/2024\/02\/cropped-cropped-logolu.webp","contentUrl":"https:\/\/luchonoticias.com\/editor\/wp-content\/uploads\/2024\/02\/cropped-cropped-logolu.webp","width":382,"height":170,"caption":"admin"},"logo":{"@id":"https:\/\/luchonoticias.com\/editor\/#\/schema\/person\/image\/"},"sameAs":["https:\/\/www.facebook.com\/luchonoticiasneiva"]},{"@type":"Person","@id":"https:\/\/luchonoticias.com\/editor\/#\/schema\/person\/29217990ddf6f14e35912b2866d591fb","name":"Editor General","image":{"@type":"ImageObject","inLanguage":"es","@id":"https:\/\/luchonoticias.com\/editor\/#\/schema\/person\/image\/","url":"https:\/\/luchonoticias.com\/editor\/wp-content\/uploads\/2024\/02\/cropped-cropped-logolu-150x150.webp","contentUrl":"https:\/\/luchonoticias.com\/editor\/wp-content\/uploads\/2024\/02\/cropped-cropped-logolu-150x150.webp","caption":"Editor General"},"sameAs":["https:\/\/luchonoticias.com\/"],"url":"https:\/\/luchonoticias.com\/editor\/author\/editor-general\/"}]}},"_links":{"self":[{"href":"https:\/\/luchonoticias.com\/editor\/wp-json\/wp\/v2\/posts\/79605","targetHints":{"allow":["GET"]}}],"collection":[{"href":"https:\/\/luchonoticias.com\/editor\/wp-json\/wp\/v2\/posts"}],"about":[{"href":"https:\/\/luchonoticias.com\/editor\/wp-json\/wp\/v2\/types\/post"}],"author":[{"embeddable":true,"href":"https:\/\/luchonoticias.com\/editor\/wp-json\/wp\/v2\/users\/2"}],"replies":[{"embeddable":true,"href":"https:\/\/luchonoticias.com\/editor\/wp-json\/wp\/v2\/comments?post=79605"}],"version-history":[{"count":1,"href":"https:\/\/luchonoticias.com\/editor\/wp-json\/wp\/v2\/posts\/79605\/revisions"}],"predecessor-version":[{"id":79607,"href":"https:\/\/luchonoticias.com\/editor\/wp-json\/wp\/v2\/posts\/79605\/revisions\/79607"}],"wp:featuredmedia":[{"embeddable":true,"href":"https:\/\/luchonoticias.com\/editor\/wp-json\/wp\/v2\/media\/79606"}],"wp:attachment":[{"href":"https:\/\/luchonoticias.com\/editor\/wp-json\/wp\/v2\/media?parent=79605"}],"wp:term":[{"taxonomy":"category","embeddable":true,"href":"https:\/\/luchonoticias.com\/editor\/wp-json\/wp\/v2\/categories?post=79605"},{"taxonomy":"post_tag","embeddable":true,"href":"https:\/\/luchonoticias.com\/editor\/wp-json\/wp\/v2\/tags?post=79605"}],"curies":[{"name":"wp","href":"https:\/\/api.w.org\/{rel}","templated":true}]}}