{"id":79616,"date":"2024-12-09T07:43:20","date_gmt":"2024-12-09T12:43:20","guid":{"rendered":"https:\/\/luchonoticias.com\/?p=79616"},"modified":"2024-12-09T07:43:20","modified_gmt":"2024-12-09T12:43:20","slug":"inicio-oficialmente-la-jagua-es-un-pesebre","status":"publish","type":"post","link":"https:\/\/luchonoticias.com\/editor\/inicio-oficialmente-la-jagua-es-un-pesebre\/","title":{"rendered":"Inici\u00f3 oficialmente La Jagua es un Pesebre"},"content":{"rendered":"<p>En el centro poblado de La Jagua, del municipio de Garz\u00f3n, se encendieron las luces para iluminar los recorridos donde se ubican las grandes figuras y decenas de actores quienes estar\u00e1n en acci\u00f3n entre el 8 de diciembre de 2024 y el 6 de enero de 2025, para recrear la \u00e9poca del nacimiento de Jes\u00fas.<\/p>\n<p>Durante la inauguraci\u00f3n de la s\u00e9ptima versi\u00f3n de \u201cLa Jagua es un Pesebre\u201d, y a la que asistieron cerca de 3.000 personas, se tuvieron presentaciones art\u00edsticas y culturales, las cuales dieron inicio a este evento que se consolida en el pa\u00eds como una de las atracciones tur\u00edsticas por excelencia durante la temporada navide\u00f1a.<\/p>\n<p>Del acto de apertura, particip\u00f3 el alcalde del municipio de Garz\u00f3n, Francisco Calder\u00f3n Feriz, junto a su esposa e hijo; el gobernador del Huila, Rodrigo Villalba Mosquera; la presidenta ejecutiva de la C\u00e1mara de Comercio del Huila, Lina Marcela Carrera; la Representante a la C\u00e1mara, Luz Ayda Pastrana; el presidente de la JAC de La Jagua, Arnulfo T\u00e9llez; y dem\u00e1s invitados especiales.<\/p>\n<p>En su intervenci\u00f3n, el alcalde, Francisco Calder\u00f3n, destac\u00f3 la importancia que tiene \u201cLa Jagua es un Pesebre\u201d, tanto por el impacto social positivo que genera en la comunidad mediante la uni\u00f3n que se promueve, como tambi\u00e9n por el dinamismo econ\u00f3mico generado gracias al turismo. Igualmente, asegur\u00f3 que, este evento adem\u00e1s de permitir vivir la magia de la Navidad, es una gran oportunidad para celebrar con las familias en paz y unidad.<\/p>\n<p>Por su parte, el gobernador del Huila, Rodrigo Villalba Mosquera, invit\u00f3 a que propios y turistas visiten \u201cLa Jagua es un Pesebre\u201d para conocer la cultura, la tradici\u00f3n y el turismo religioso que ofrece el centro poblado de La Jagua. Adicionalmente, se mostr\u00f3 complacido de poder hacer parte de esta actividad que visibiliza al departamento del Huila ante todo el pa\u00eds.<\/p>\n<p>Es de resaltar que, este evento el cual a\u00f1o tras a\u00f1o ha recibido la visita de miles de personas, es organizado por la comunidad de La Jagua y la administraci\u00f3n municipal de Garz\u00f3n; y cuenta con el apoyo de la Gobernaci\u00f3n del departamento del Huila y la C\u00e1mara de Comercio del Huila.<\/p>\n","protected":false},"excerpt":{"rendered":"<p>En el centro poblado de La Jagua, del municipio de Garz\u00f3n, se encendieron las luces para iluminar los recorridos donde se ubican las grandes figuras y decenas de actores quienes estar\u00e1n en acci\u00f3n entre el 8 de diciembre de 2024 y el 6 de enero de 2025, para recrear la \u00e9poca del nacimiento de Jes\u00fas. [&hellip;]<\/p>\n","protected":false},"author":2,"featured_media":79617,"comment_status":"closed","ping_status":"open","sticky":false,"template":"","format":"standard","meta":{"footnotes":""},"categories":[33],"tags":[],"class_list":["post-79616","post","type-post","status-publish","format-standard","has-post-thumbnail","hentry","category-huila"],"yoast_head":"<!-- This site is optimized with the Yoast SEO plugin v26.6 - https:\/\/yoast.com\/wordpress\/plugins\/seo\/ -->\n<title>Inici\u00f3 oficialmente La Jagua es un Pesebre -<\/title>\n<meta name=\"robots\" content=\"index, follow, max-snippet:-1, max-image-preview:large, max-video-preview:-1\" \/>\n<link rel=\"canonical\" href=\"https:\/\/luchonoticias.com\/editor\/inicio-oficialmente-la-jagua-es-un-pesebre\/\" \/>\n<meta property=\"og:locale\" content=\"es_ES\" \/>\n<meta property=\"og:type\" content=\"article\" \/>\n<meta property=\"og:title\" content=\"Inici\u00f3 oficialmente La Jagua es un Pesebre -\" \/>\n<meta property=\"og:url\" content=\"https:\/\/luchonoticias.com\/editor\/inicio-oficialmente-la-jagua-es-un-pesebre\/\" \/>\n<meta property=\"article:publisher\" content=\"https:\/\/www.facebook.com\/luchonoticiasneiva\" \/>\n<meta property=\"article:published_time\" content=\"2024-12-09T12:43:20+00:00\" \/>\n<meta property=\"og:image\" content=\"https:\/\/luchonoticias.com\/editor\/wp-content\/uploads\/2024\/12\/la-jagua.jpg\" \/>\n\t<meta property=\"og:image:width\" content=\"700\" \/>\n\t<meta property=\"og:image:height\" content=\"400\" \/>\n\t<meta property=\"og:image:type\" content=\"image\/jpeg\" \/>\n<meta name=\"author\" content=\"Editor General\" \/>\n<meta name=\"twitter:card\" content=\"summary_large_image\" \/>\n<meta name=\"twitter:label1\" content=\"Escrito por\" \/>\n\t<meta name=\"twitter:data1\" content=\"Editor General\" \/>\n\t<meta name=\"twitter:label2\" content=\"Tiempo de lectura\" \/>\n\t<meta name=\"twitter:data2\" content=\"2 minutos\" \/>\n<script type=\"application\/ld+json\" class=\"yoast-schema-graph\">{\"@context\":\"https:\/\/schema.org\",\"@graph\":[{\"@type\":\"Article\",\"@id\":\"https:\/\/luchonoticias.com\/editor\/inicio-oficialmente-la-jagua-es-un-pesebre\/#article\",\"isPartOf\":{\"@id\":\"https:\/\/luchonoticias.com\/editor\/inicio-oficialmente-la-jagua-es-un-pesebre\/\"},\"author\":{\"name\":\"Editor General\",\"@id\":\"https:\/\/luchonoticias.com\/editor\/#\/schema\/person\/29217990ddf6f14e35912b2866d591fb\"},\"headline\":\"Inici\u00f3 oficialmente La Jagua es un Pesebre\",\"datePublished\":\"2024-12-09T12:43:20+00:00\",\"mainEntityOfPage\":{\"@id\":\"https:\/\/luchonoticias.com\/editor\/inicio-oficialmente-la-jagua-es-un-pesebre\/\"},\"wordCount\":387,\"publisher\":{\"@id\":\"https:\/\/luchonoticias.com\/editor\/#\/schema\/person\/7a7fd911f58561fd056dbac7b55af9cd\"},\"image\":{\"@id\":\"https:\/\/luchonoticias.com\/editor\/inicio-oficialmente-la-jagua-es-un-pesebre\/#primaryimage\"},\"thumbnailUrl\":\"https:\/\/luchonoticias.com\/editor\/wp-content\/uploads\/2024\/12\/la-jagua.jpg\",\"articleSection\":[\"Huila\"],\"inLanguage\":\"es\"},{\"@type\":\"WebPage\",\"@id\":\"https:\/\/luchonoticias.com\/editor\/inicio-oficialmente-la-jagua-es-un-pesebre\/\",\"url\":\"https:\/\/luchonoticias.com\/editor\/inicio-oficialmente-la-jagua-es-un-pesebre\/\",\"name\":\"Inici\u00f3 oficialmente La Jagua es un Pesebre -\",\"isPartOf\":{\"@id\":\"https:\/\/luchonoticias.com\/editor\/#website\"},\"primaryImageOfPage\":{\"@id\":\"https:\/\/luchonoticias.com\/editor\/inicio-oficialmente-la-jagua-es-un-pesebre\/#primaryimage\"},\"image\":{\"@id\":\"https:\/\/luchonoticias.com\/editor\/inicio-oficialmente-la-jagua-es-un-pesebre\/#primaryimage\"},\"thumbnailUrl\":\"https:\/\/luchonoticias.com\/editor\/wp-content\/uploads\/2024\/12\/la-jagua.jpg\",\"datePublished\":\"2024-12-09T12:43:20+00:00\",\"breadcrumb\":{\"@id\":\"https:\/\/luchonoticias.com\/editor\/inicio-oficialmente-la-jagua-es-un-pesebre\/#breadcrumb\"},\"inLanguage\":\"es\",\"potentialAction\":[{\"@type\":\"ReadAction\",\"target\":[\"https:\/\/luchonoticias.com\/editor\/inicio-oficialmente-la-jagua-es-un-pesebre\/\"]}]},{\"@type\":\"ImageObject\",\"inLanguage\":\"es\",\"@id\":\"https:\/\/luchonoticias.com\/editor\/inicio-oficialmente-la-jagua-es-un-pesebre\/#primaryimage\",\"url\":\"https:\/\/luchonoticias.com\/editor\/wp-content\/uploads\/2024\/12\/la-jagua.jpg\",\"contentUrl\":\"https:\/\/luchonoticias.com\/editor\/wp-content\/uploads\/2024\/12\/la-jagua.jpg\",\"width\":700,\"height\":400},{\"@type\":\"BreadcrumbList\",\"@id\":\"https:\/\/luchonoticias.com\/editor\/inicio-oficialmente-la-jagua-es-un-pesebre\/#breadcrumb\",\"itemListElement\":[{\"@type\":\"ListItem\",\"position\":1,\"name\":\"Portada\",\"item\":\"https:\/\/luchonoticias.com\/editor\/\"},{\"@type\":\"ListItem\",\"position\":2,\"name\":\"Inici\u00f3 oficialmente La Jagua es un Pesebre\"}]},{\"@type\":\"WebSite\",\"@id\":\"https:\/\/luchonoticias.com\/editor\/#website\",\"url\":\"https:\/\/luchonoticias.com\/editor\/\",\"name\":\"\",\"description\":\"\",\"publisher\":{\"@id\":\"https:\/\/luchonoticias.com\/editor\/#\/schema\/person\/7a7fd911f58561fd056dbac7b55af9cd\"},\"potentialAction\":[{\"@type\":\"SearchAction\",\"target\":{\"@type\":\"EntryPoint\",\"urlTemplate\":\"https:\/\/luchonoticias.com\/editor\/?s={search_term_string}\"},\"query-input\":{\"@type\":\"PropertyValueSpecification\",\"valueRequired\":true,\"valueName\":\"search_term_string\"}}],\"inLanguage\":\"es\"},{\"@type\":[\"Person\",\"Organization\"],\"@id\":\"https:\/\/luchonoticias.com\/editor\/#\/schema\/person\/7a7fd911f58561fd056dbac7b55af9cd\",\"name\":\"admin\",\"image\":{\"@type\":\"ImageObject\",\"inLanguage\":\"es\",\"@id\":\"https:\/\/luchonoticias.com\/editor\/#\/schema\/person\/image\/\",\"url\":\"https:\/\/luchonoticias.com\/editor\/wp-content\/uploads\/2024\/02\/cropped-cropped-logolu.webp\",\"contentUrl\":\"https:\/\/luchonoticias.com\/editor\/wp-content\/uploads\/2024\/02\/cropped-cropped-logolu.webp\",\"width\":382,\"height\":170,\"caption\":\"admin\"},\"logo\":{\"@id\":\"https:\/\/luchonoticias.com\/editor\/#\/schema\/person\/image\/\"},\"sameAs\":[\"https:\/\/www.facebook.com\/luchonoticiasneiva\"]},{\"@type\":\"Person\",\"@id\":\"https:\/\/luchonoticias.com\/editor\/#\/schema\/person\/29217990ddf6f14e35912b2866d591fb\",\"name\":\"Editor General\",\"image\":{\"@type\":\"ImageObject\",\"inLanguage\":\"es\",\"@id\":\"https:\/\/luchonoticias.com\/editor\/#\/schema\/person\/image\/\",\"url\":\"https:\/\/luchonoticias.com\/editor\/wp-content\/uploads\/2024\/02\/cropped-cropped-logolu-150x150.webp\",\"contentUrl\":\"https:\/\/luchonoticias.com\/editor\/wp-content\/uploads\/2024\/02\/cropped-cropped-logolu-150x150.webp\",\"caption\":\"Editor General\"},\"sameAs\":[\"https:\/\/luchonoticias.com\/\"],\"url\":\"https:\/\/luchonoticias.com\/editor\/author\/editor-general\/\"}]}<\/script>\n<!-- \/ Yoast SEO plugin. -->","yoast_head_json":{"title":"Inici\u00f3 oficialmente La Jagua es un Pesebre -","robots":{"index":"index","follow":"follow","max-snippet":"max-snippet:-1","max-image-preview":"max-image-preview:large","max-video-preview":"max-video-preview:-1"},"canonical":"https:\/\/luchonoticias.com\/editor\/inicio-oficialmente-la-jagua-es-un-pesebre\/","og_locale":"es_ES","og_type":"article","og_title":"Inici\u00f3 oficialmente La Jagua es un Pesebre -","og_url":"https:\/\/luchonoticias.com\/editor\/inicio-oficialmente-la-jagua-es-un-pesebre\/","article_publisher":"https:\/\/www.facebook.com\/luchonoticiasneiva","article_published_time":"2024-12-09T12:43:20+00:00","og_image":[{"width":700,"height":400,"url":"https:\/\/luchonoticias.com\/editor\/wp-content\/uploads\/2024\/12\/la-jagua.jpg","type":"image\/jpeg"}],"author":"Editor General","twitter_card":"summary_large_image","twitter_misc":{"Escrito por":"Editor General","Tiempo de lectura":"2 minutos"},"schema":{"@context":"https:\/\/schema.org","@graph":[{"@type":"Article","@id":"https:\/\/luchonoticias.com\/editor\/inicio-oficialmente-la-jagua-es-un-pesebre\/#article","isPartOf":{"@id":"https:\/\/luchonoticias.com\/editor\/inicio-oficialmente-la-jagua-es-un-pesebre\/"},"author":{"name":"Editor General","@id":"https:\/\/luchonoticias.com\/editor\/#\/schema\/person\/29217990ddf6f14e35912b2866d591fb"},"headline":"Inici\u00f3 oficialmente La Jagua es un Pesebre","datePublished":"2024-12-09T12:43:20+00:00","mainEntityOfPage":{"@id":"https:\/\/luchonoticias.com\/editor\/inicio-oficialmente-la-jagua-es-un-pesebre\/"},"wordCount":387,"publisher":{"@id":"https:\/\/luchonoticias.com\/editor\/#\/schema\/person\/7a7fd911f58561fd056dbac7b55af9cd"},"image":{"@id":"https:\/\/luchonoticias.com\/editor\/inicio-oficialmente-la-jagua-es-un-pesebre\/#primaryimage"},"thumbnailUrl":"https:\/\/luchonoticias.com\/editor\/wp-content\/uploads\/2024\/12\/la-jagua.jpg","articleSection":["Huila"],"inLanguage":"es"},{"@type":"WebPage","@id":"https:\/\/luchonoticias.com\/editor\/inicio-oficialmente-la-jagua-es-un-pesebre\/","url":"https:\/\/luchonoticias.com\/editor\/inicio-oficialmente-la-jagua-es-un-pesebre\/","name":"Inici\u00f3 oficialmente La Jagua es un Pesebre -","isPartOf":{"@id":"https:\/\/luchonoticias.com\/editor\/#website"},"primaryImageOfPage":{"@id":"https:\/\/luchonoticias.com\/editor\/inicio-oficialmente-la-jagua-es-un-pesebre\/#primaryimage"},"image":{"@id":"https:\/\/luchonoticias.com\/editor\/inicio-oficialmente-la-jagua-es-un-pesebre\/#primaryimage"},"thumbnailUrl":"https:\/\/luchonoticias.com\/editor\/wp-content\/uploads\/2024\/12\/la-jagua.jpg","datePublished":"2024-12-09T12:43:20+00:00","breadcrumb":{"@id":"https:\/\/luchonoticias.com\/editor\/inicio-oficialmente-la-jagua-es-un-pesebre\/#breadcrumb"},"inLanguage":"es","potentialAction":[{"@type":"ReadAction","target":["https:\/\/luchonoticias.com\/editor\/inicio-oficialmente-la-jagua-es-un-pesebre\/"]}]},{"@type":"ImageObject","inLanguage":"es","@id":"https:\/\/luchonoticias.com\/editor\/inicio-oficialmente-la-jagua-es-un-pesebre\/#primaryimage","url":"https:\/\/luchonoticias.com\/editor\/wp-content\/uploads\/2024\/12\/la-jagua.jpg","contentUrl":"https:\/\/luchonoticias.com\/editor\/wp-content\/uploads\/2024\/12\/la-jagua.jpg","width":700,"height":400},{"@type":"BreadcrumbList","@id":"https:\/\/luchonoticias.com\/editor\/inicio-oficialmente-la-jagua-es-un-pesebre\/#breadcrumb","itemListElement":[{"@type":"ListItem","position":1,"name":"Portada","item":"https:\/\/luchonoticias.com\/editor\/"},{"@type":"ListItem","position":2,"name":"Inici\u00f3 oficialmente La Jagua es un Pesebre"}]},{"@type":"WebSite","@id":"https:\/\/luchonoticias.com\/editor\/#website","url":"https:\/\/luchonoticias.com\/editor\/","name":"","description":"","publisher":{"@id":"https:\/\/luchonoticias.com\/editor\/#\/schema\/person\/7a7fd911f58561fd056dbac7b55af9cd"},"potentialAction":[{"@type":"SearchAction","target":{"@type":"EntryPoint","urlTemplate":"https:\/\/luchonoticias.com\/editor\/?s={search_term_string}"},"query-input":{"@type":"PropertyValueSpecification","valueRequired":true,"valueName":"search_term_string"}}],"inLanguage":"es"},{"@type":["Person","Organization"],"@id":"https:\/\/luchonoticias.com\/editor\/#\/schema\/person\/7a7fd911f58561fd056dbac7b55af9cd","name":"admin","image":{"@type":"ImageObject","inLanguage":"es","@id":"https:\/\/luchonoticias.com\/editor\/#\/schema\/person\/image\/","url":"https:\/\/luchonoticias.com\/editor\/wp-content\/uploads\/2024\/02\/cropped-cropped-logolu.webp","contentUrl":"https:\/\/luchonoticias.com\/editor\/wp-content\/uploads\/2024\/02\/cropped-cropped-logolu.webp","width":382,"height":170,"caption":"admin"},"logo":{"@id":"https:\/\/luchonoticias.com\/editor\/#\/schema\/person\/image\/"},"sameAs":["https:\/\/www.facebook.com\/luchonoticiasneiva"]},{"@type":"Person","@id":"https:\/\/luchonoticias.com\/editor\/#\/schema\/person\/29217990ddf6f14e35912b2866d591fb","name":"Editor General","image":{"@type":"ImageObject","inLanguage":"es","@id":"https:\/\/luchonoticias.com\/editor\/#\/schema\/person\/image\/","url":"https:\/\/luchonoticias.com\/editor\/wp-content\/uploads\/2024\/02\/cropped-cropped-logolu-150x150.webp","contentUrl":"https:\/\/luchonoticias.com\/editor\/wp-content\/uploads\/2024\/02\/cropped-cropped-logolu-150x150.webp","caption":"Editor General"},"sameAs":["https:\/\/luchonoticias.com\/"],"url":"https:\/\/luchonoticias.com\/editor\/author\/editor-general\/"}]}},"_links":{"self":[{"href":"https:\/\/luchonoticias.com\/editor\/wp-json\/wp\/v2\/posts\/79616","targetHints":{"allow":["GET"]}}],"collection":[{"href":"https:\/\/luchonoticias.com\/editor\/wp-json\/wp\/v2\/posts"}],"about":[{"href":"https:\/\/luchonoticias.com\/editor\/wp-json\/wp\/v2\/types\/post"}],"author":[{"embeddable":true,"href":"https:\/\/luchonoticias.com\/editor\/wp-json\/wp\/v2\/users\/2"}],"replies":[{"embeddable":true,"href":"https:\/\/luchonoticias.com\/editor\/wp-json\/wp\/v2\/comments?post=79616"}],"version-history":[{"count":1,"href":"https:\/\/luchonoticias.com\/editor\/wp-json\/wp\/v2\/posts\/79616\/revisions"}],"predecessor-version":[{"id":79618,"href":"https:\/\/luchonoticias.com\/editor\/wp-json\/wp\/v2\/posts\/79616\/revisions\/79618"}],"wp:featuredmedia":[{"embeddable":true,"href":"https:\/\/luchonoticias.com\/editor\/wp-json\/wp\/v2\/media\/79617"}],"wp:attachment":[{"href":"https:\/\/luchonoticias.com\/editor\/wp-json\/wp\/v2\/media?parent=79616"}],"wp:term":[{"taxonomy":"category","embeddable":true,"href":"https:\/\/luchonoticias.com\/editor\/wp-json\/wp\/v2\/categories?post=79616"},{"taxonomy":"post_tag","embeddable":true,"href":"https:\/\/luchonoticias.com\/editor\/wp-json\/wp\/v2\/tags?post=79616"}],"curies":[{"name":"wp","href":"https:\/\/api.w.org\/{rel}","templated":true}]}}