{"id":79619,"date":"2024-12-09T13:54:56","date_gmt":"2024-12-09T18:54:56","guid":{"rendered":"https:\/\/luchonoticias.com\/?p=79619"},"modified":"2024-12-09T13:54:56","modified_gmt":"2024-12-09T18:54:56","slug":"feria-navidena-de-emprendimiento-navideno","status":"publish","type":"post","link":"https:\/\/luchonoticias.com\/editor\/feria-navidena-de-emprendimiento-navideno\/","title":{"rendered":"Feria navide\u00f1a de emprendimiento navide\u00f1o"},"content":{"rendered":"<p>Un total de <strong>180 emprendimientos de mujeres huilenses<\/strong> fueron protagonistas en la Feria Navide\u00f1a organizada por la Gobernaci\u00f3n del Huila en Neiva. Durante dos d\u00edas, emprendedoras de cinco municipios exhibieron productos como art\u00edculos de limpieza, decoraciones navide\u00f1as, accesorios, alimentos y prendas de vestir, en una vitrina comercial que destac\u00f3 su creatividad y esfuerzo.<\/p>\n<p>Sara Amezquita, coordinadora del programa Mujer Huilense Emprendedora, resalt\u00f3 la importancia del evento: <em>\u00abLes dimos la oportunidad a las mujeres para que trajeran sus emprendimientos, los ofertaran y se empoderaran. Fortaleceremos estos proyectos para garantizar su sostenibilidad econ\u00f3mica.\u00bb<\/em><\/p>\n<p>Estos emprendimientos son fruto de las <strong>escuelas de artes y oficios<\/strong> impulsadas por la Secretar\u00eda de la Mujer, Familia e Inclusi\u00f3n Social, orientadas a capacitar a las mujeres en l\u00edneas productivas que fomenten su independencia econ\u00f3mica y reduzcan las brechas de desigualdad en la regi\u00f3n.<\/p>\n<p>Leonor Fierro, una de las beneficiarias, comparti\u00f3 su experiencia: <em>\u00abAprendimos a elaborar detergentes, jabones l\u00edquidos y otros productos de limpieza. Ahora iniciaremos su comercializaci\u00f3n con nuestros familiares, amigos y vecinos.\u00bb<\/em><\/p>\n<p>Paralelamente, las mujeres emprendedoras de Campoalegre tambi\u00e9n tuvieron su espacio comercial, mientras que las ferias navide\u00f1as continuar\u00e1n este <strong>13 de diciembre en Garz\u00f3n<\/strong>, para luego llegar a <strong>Tesalia y Tello<\/strong>, fortaleciendo el empoderamiento econ\u00f3mico de las mujeres huilenses en todo el departamento.<\/p>\n","protected":false},"excerpt":{"rendered":"<p>Un total de 180 emprendimientos de mujeres huilenses fueron protagonistas en la Feria Navide\u00f1a organizada por la Gobernaci\u00f3n del Huila en Neiva. Durante dos d\u00edas, emprendedoras de cinco municipios exhibieron productos como art\u00edculos de limpieza, decoraciones navide\u00f1as, accesorios, alimentos y prendas de vestir, en una vitrina comercial que destac\u00f3 su creatividad y esfuerzo. Sara Amezquita, [&hellip;]<\/p>\n","protected":false},"author":2,"featured_media":79621,"comment_status":"closed","ping_status":"open","sticky":false,"template":"","format":"standard","meta":{"footnotes":""},"categories":[33],"tags":[],"class_list":["post-79619","post","type-post","status-publish","format-standard","has-post-thumbnail","hentry","category-huila"],"yoast_head":"<!-- This site is optimized with the Yoast SEO plugin v26.6 - https:\/\/yoast.com\/wordpress\/plugins\/seo\/ -->\n<title>Feria navide\u00f1a de emprendimiento navide\u00f1o -<\/title>\n<meta name=\"robots\" content=\"index, follow, max-snippet:-1, max-image-preview:large, max-video-preview:-1\" \/>\n<link rel=\"canonical\" href=\"https:\/\/luchonoticias.com\/editor\/feria-navidena-de-emprendimiento-navideno\/\" \/>\n<meta property=\"og:locale\" content=\"es_ES\" \/>\n<meta property=\"og:type\" content=\"article\" \/>\n<meta property=\"og:title\" content=\"Feria navide\u00f1a de emprendimiento navide\u00f1o -\" \/>\n<meta property=\"og:url\" content=\"https:\/\/luchonoticias.com\/editor\/feria-navidena-de-emprendimiento-navideno\/\" \/>\n<meta property=\"article:publisher\" content=\"https:\/\/www.facebook.com\/luchonoticiasneiva\" \/>\n<meta property=\"article:published_time\" content=\"2024-12-09T18:54:56+00:00\" \/>\n<meta property=\"og:image\" content=\"https:\/\/luchonoticias.com\/editor\/wp-content\/uploads\/2024\/12\/emprendimiento-de-navidad.jpg\" \/>\n\t<meta property=\"og:image:width\" content=\"700\" \/>\n\t<meta property=\"og:image:height\" content=\"400\" \/>\n\t<meta property=\"og:image:type\" content=\"image\/jpeg\" \/>\n<meta name=\"author\" content=\"Editor General\" \/>\n<meta name=\"twitter:card\" content=\"summary_large_image\" \/>\n<meta name=\"twitter:label1\" content=\"Escrito por\" \/>\n\t<meta name=\"twitter:data1\" content=\"Editor General\" \/>\n\t<meta name=\"twitter:label2\" content=\"Tiempo de lectura\" \/>\n\t<meta name=\"twitter:data2\" content=\"2 minutos\" \/>\n<script type=\"application\/ld+json\" class=\"yoast-schema-graph\">{\"@context\":\"https:\/\/schema.org\",\"@graph\":[{\"@type\":\"Article\",\"@id\":\"https:\/\/luchonoticias.com\/editor\/feria-navidena-de-emprendimiento-navideno\/#article\",\"isPartOf\":{\"@id\":\"https:\/\/luchonoticias.com\/editor\/feria-navidena-de-emprendimiento-navideno\/\"},\"author\":{\"name\":\"Editor General\",\"@id\":\"https:\/\/luchonoticias.com\/editor\/#\/schema\/person\/29217990ddf6f14e35912b2866d591fb\"},\"headline\":\"Feria navide\u00f1a de emprendimiento navide\u00f1o\",\"datePublished\":\"2024-12-09T18:54:56+00:00\",\"mainEntityOfPage\":{\"@id\":\"https:\/\/luchonoticias.com\/editor\/feria-navidena-de-emprendimiento-navideno\/\"},\"wordCount\":231,\"publisher\":{\"@id\":\"https:\/\/luchonoticias.com\/editor\/#\/schema\/person\/7a7fd911f58561fd056dbac7b55af9cd\"},\"image\":{\"@id\":\"https:\/\/luchonoticias.com\/editor\/feria-navidena-de-emprendimiento-navideno\/#primaryimage\"},\"thumbnailUrl\":\"https:\/\/luchonoticias.com\/editor\/wp-content\/uploads\/2024\/12\/emprendimiento-de-navidad.jpg\",\"articleSection\":[\"Huila\"],\"inLanguage\":\"es\"},{\"@type\":\"WebPage\",\"@id\":\"https:\/\/luchonoticias.com\/editor\/feria-navidena-de-emprendimiento-navideno\/\",\"url\":\"https:\/\/luchonoticias.com\/editor\/feria-navidena-de-emprendimiento-navideno\/\",\"name\":\"Feria navide\u00f1a de emprendimiento navide\u00f1o -\",\"isPartOf\":{\"@id\":\"https:\/\/luchonoticias.com\/editor\/#website\"},\"primaryImageOfPage\":{\"@id\":\"https:\/\/luchonoticias.com\/editor\/feria-navidena-de-emprendimiento-navideno\/#primaryimage\"},\"image\":{\"@id\":\"https:\/\/luchonoticias.com\/editor\/feria-navidena-de-emprendimiento-navideno\/#primaryimage\"},\"thumbnailUrl\":\"https:\/\/luchonoticias.com\/editor\/wp-content\/uploads\/2024\/12\/emprendimiento-de-navidad.jpg\",\"datePublished\":\"2024-12-09T18:54:56+00:00\",\"breadcrumb\":{\"@id\":\"https:\/\/luchonoticias.com\/editor\/feria-navidena-de-emprendimiento-navideno\/#breadcrumb\"},\"inLanguage\":\"es\",\"potentialAction\":[{\"@type\":\"ReadAction\",\"target\":[\"https:\/\/luchonoticias.com\/editor\/feria-navidena-de-emprendimiento-navideno\/\"]}]},{\"@type\":\"ImageObject\",\"inLanguage\":\"es\",\"@id\":\"https:\/\/luchonoticias.com\/editor\/feria-navidena-de-emprendimiento-navideno\/#primaryimage\",\"url\":\"https:\/\/luchonoticias.com\/editor\/wp-content\/uploads\/2024\/12\/emprendimiento-de-navidad.jpg\",\"contentUrl\":\"https:\/\/luchonoticias.com\/editor\/wp-content\/uploads\/2024\/12\/emprendimiento-de-navidad.jpg\",\"width\":700,\"height\":400},{\"@type\":\"BreadcrumbList\",\"@id\":\"https:\/\/luchonoticias.com\/editor\/feria-navidena-de-emprendimiento-navideno\/#breadcrumb\",\"itemListElement\":[{\"@type\":\"ListItem\",\"position\":1,\"name\":\"Portada\",\"item\":\"https:\/\/luchonoticias.com\/editor\/\"},{\"@type\":\"ListItem\",\"position\":2,\"name\":\"Feria navide\u00f1a de emprendimiento navide\u00f1o\"}]},{\"@type\":\"WebSite\",\"@id\":\"https:\/\/luchonoticias.com\/editor\/#website\",\"url\":\"https:\/\/luchonoticias.com\/editor\/\",\"name\":\"\",\"description\":\"\",\"publisher\":{\"@id\":\"https:\/\/luchonoticias.com\/editor\/#\/schema\/person\/7a7fd911f58561fd056dbac7b55af9cd\"},\"potentialAction\":[{\"@type\":\"SearchAction\",\"target\":{\"@type\":\"EntryPoint\",\"urlTemplate\":\"https:\/\/luchonoticias.com\/editor\/?s={search_term_string}\"},\"query-input\":{\"@type\":\"PropertyValueSpecification\",\"valueRequired\":true,\"valueName\":\"search_term_string\"}}],\"inLanguage\":\"es\"},{\"@type\":[\"Person\",\"Organization\"],\"@id\":\"https:\/\/luchonoticias.com\/editor\/#\/schema\/person\/7a7fd911f58561fd056dbac7b55af9cd\",\"name\":\"admin\",\"image\":{\"@type\":\"ImageObject\",\"inLanguage\":\"es\",\"@id\":\"https:\/\/luchonoticias.com\/editor\/#\/schema\/person\/image\/\",\"url\":\"https:\/\/luchonoticias.com\/editor\/wp-content\/uploads\/2024\/02\/cropped-cropped-logolu.webp\",\"contentUrl\":\"https:\/\/luchonoticias.com\/editor\/wp-content\/uploads\/2024\/02\/cropped-cropped-logolu.webp\",\"width\":382,\"height\":170,\"caption\":\"admin\"},\"logo\":{\"@id\":\"https:\/\/luchonoticias.com\/editor\/#\/schema\/person\/image\/\"},\"sameAs\":[\"https:\/\/www.facebook.com\/luchonoticiasneiva\"]},{\"@type\":\"Person\",\"@id\":\"https:\/\/luchonoticias.com\/editor\/#\/schema\/person\/29217990ddf6f14e35912b2866d591fb\",\"name\":\"Editor General\",\"image\":{\"@type\":\"ImageObject\",\"inLanguage\":\"es\",\"@id\":\"https:\/\/luchonoticias.com\/editor\/#\/schema\/person\/image\/\",\"url\":\"https:\/\/luchonoticias.com\/editor\/wp-content\/uploads\/2024\/02\/cropped-cropped-logolu-150x150.webp\",\"contentUrl\":\"https:\/\/luchonoticias.com\/editor\/wp-content\/uploads\/2024\/02\/cropped-cropped-logolu-150x150.webp\",\"caption\":\"Editor General\"},\"sameAs\":[\"https:\/\/luchonoticias.com\/\"],\"url\":\"https:\/\/luchonoticias.com\/editor\/author\/editor-general\/\"}]}<\/script>\n<!-- \/ Yoast SEO plugin. -->","yoast_head_json":{"title":"Feria navide\u00f1a de emprendimiento navide\u00f1o -","robots":{"index":"index","follow":"follow","max-snippet":"max-snippet:-1","max-image-preview":"max-image-preview:large","max-video-preview":"max-video-preview:-1"},"canonical":"https:\/\/luchonoticias.com\/editor\/feria-navidena-de-emprendimiento-navideno\/","og_locale":"es_ES","og_type":"article","og_title":"Feria navide\u00f1a de emprendimiento navide\u00f1o -","og_url":"https:\/\/luchonoticias.com\/editor\/feria-navidena-de-emprendimiento-navideno\/","article_publisher":"https:\/\/www.facebook.com\/luchonoticiasneiva","article_published_time":"2024-12-09T18:54:56+00:00","og_image":[{"width":700,"height":400,"url":"https:\/\/luchonoticias.com\/editor\/wp-content\/uploads\/2024\/12\/emprendimiento-de-navidad.jpg","type":"image\/jpeg"}],"author":"Editor General","twitter_card":"summary_large_image","twitter_misc":{"Escrito por":"Editor General","Tiempo de lectura":"2 minutos"},"schema":{"@context":"https:\/\/schema.org","@graph":[{"@type":"Article","@id":"https:\/\/luchonoticias.com\/editor\/feria-navidena-de-emprendimiento-navideno\/#article","isPartOf":{"@id":"https:\/\/luchonoticias.com\/editor\/feria-navidena-de-emprendimiento-navideno\/"},"author":{"name":"Editor General","@id":"https:\/\/luchonoticias.com\/editor\/#\/schema\/person\/29217990ddf6f14e35912b2866d591fb"},"headline":"Feria navide\u00f1a de emprendimiento navide\u00f1o","datePublished":"2024-12-09T18:54:56+00:00","mainEntityOfPage":{"@id":"https:\/\/luchonoticias.com\/editor\/feria-navidena-de-emprendimiento-navideno\/"},"wordCount":231,"publisher":{"@id":"https:\/\/luchonoticias.com\/editor\/#\/schema\/person\/7a7fd911f58561fd056dbac7b55af9cd"},"image":{"@id":"https:\/\/luchonoticias.com\/editor\/feria-navidena-de-emprendimiento-navideno\/#primaryimage"},"thumbnailUrl":"https:\/\/luchonoticias.com\/editor\/wp-content\/uploads\/2024\/12\/emprendimiento-de-navidad.jpg","articleSection":["Huila"],"inLanguage":"es"},{"@type":"WebPage","@id":"https:\/\/luchonoticias.com\/editor\/feria-navidena-de-emprendimiento-navideno\/","url":"https:\/\/luchonoticias.com\/editor\/feria-navidena-de-emprendimiento-navideno\/","name":"Feria navide\u00f1a de emprendimiento navide\u00f1o -","isPartOf":{"@id":"https:\/\/luchonoticias.com\/editor\/#website"},"primaryImageOfPage":{"@id":"https:\/\/luchonoticias.com\/editor\/feria-navidena-de-emprendimiento-navideno\/#primaryimage"},"image":{"@id":"https:\/\/luchonoticias.com\/editor\/feria-navidena-de-emprendimiento-navideno\/#primaryimage"},"thumbnailUrl":"https:\/\/luchonoticias.com\/editor\/wp-content\/uploads\/2024\/12\/emprendimiento-de-navidad.jpg","datePublished":"2024-12-09T18:54:56+00:00","breadcrumb":{"@id":"https:\/\/luchonoticias.com\/editor\/feria-navidena-de-emprendimiento-navideno\/#breadcrumb"},"inLanguage":"es","potentialAction":[{"@type":"ReadAction","target":["https:\/\/luchonoticias.com\/editor\/feria-navidena-de-emprendimiento-navideno\/"]}]},{"@type":"ImageObject","inLanguage":"es","@id":"https:\/\/luchonoticias.com\/editor\/feria-navidena-de-emprendimiento-navideno\/#primaryimage","url":"https:\/\/luchonoticias.com\/editor\/wp-content\/uploads\/2024\/12\/emprendimiento-de-navidad.jpg","contentUrl":"https:\/\/luchonoticias.com\/editor\/wp-content\/uploads\/2024\/12\/emprendimiento-de-navidad.jpg","width":700,"height":400},{"@type":"BreadcrumbList","@id":"https:\/\/luchonoticias.com\/editor\/feria-navidena-de-emprendimiento-navideno\/#breadcrumb","itemListElement":[{"@type":"ListItem","position":1,"name":"Portada","item":"https:\/\/luchonoticias.com\/editor\/"},{"@type":"ListItem","position":2,"name":"Feria navide\u00f1a de emprendimiento navide\u00f1o"}]},{"@type":"WebSite","@id":"https:\/\/luchonoticias.com\/editor\/#website","url":"https:\/\/luchonoticias.com\/editor\/","name":"","description":"","publisher":{"@id":"https:\/\/luchonoticias.com\/editor\/#\/schema\/person\/7a7fd911f58561fd056dbac7b55af9cd"},"potentialAction":[{"@type":"SearchAction","target":{"@type":"EntryPoint","urlTemplate":"https:\/\/luchonoticias.com\/editor\/?s={search_term_string}"},"query-input":{"@type":"PropertyValueSpecification","valueRequired":true,"valueName":"search_term_string"}}],"inLanguage":"es"},{"@type":["Person","Organization"],"@id":"https:\/\/luchonoticias.com\/editor\/#\/schema\/person\/7a7fd911f58561fd056dbac7b55af9cd","name":"admin","image":{"@type":"ImageObject","inLanguage":"es","@id":"https:\/\/luchonoticias.com\/editor\/#\/schema\/person\/image\/","url":"https:\/\/luchonoticias.com\/editor\/wp-content\/uploads\/2024\/02\/cropped-cropped-logolu.webp","contentUrl":"https:\/\/luchonoticias.com\/editor\/wp-content\/uploads\/2024\/02\/cropped-cropped-logolu.webp","width":382,"height":170,"caption":"admin"},"logo":{"@id":"https:\/\/luchonoticias.com\/editor\/#\/schema\/person\/image\/"},"sameAs":["https:\/\/www.facebook.com\/luchonoticiasneiva"]},{"@type":"Person","@id":"https:\/\/luchonoticias.com\/editor\/#\/schema\/person\/29217990ddf6f14e35912b2866d591fb","name":"Editor General","image":{"@type":"ImageObject","inLanguage":"es","@id":"https:\/\/luchonoticias.com\/editor\/#\/schema\/person\/image\/","url":"https:\/\/luchonoticias.com\/editor\/wp-content\/uploads\/2024\/02\/cropped-cropped-logolu-150x150.webp","contentUrl":"https:\/\/luchonoticias.com\/editor\/wp-content\/uploads\/2024\/02\/cropped-cropped-logolu-150x150.webp","caption":"Editor General"},"sameAs":["https:\/\/luchonoticias.com\/"],"url":"https:\/\/luchonoticias.com\/editor\/author\/editor-general\/"}]}},"_links":{"self":[{"href":"https:\/\/luchonoticias.com\/editor\/wp-json\/wp\/v2\/posts\/79619","targetHints":{"allow":["GET"]}}],"collection":[{"href":"https:\/\/luchonoticias.com\/editor\/wp-json\/wp\/v2\/posts"}],"about":[{"href":"https:\/\/luchonoticias.com\/editor\/wp-json\/wp\/v2\/types\/post"}],"author":[{"embeddable":true,"href":"https:\/\/luchonoticias.com\/editor\/wp-json\/wp\/v2\/users\/2"}],"replies":[{"embeddable":true,"href":"https:\/\/luchonoticias.com\/editor\/wp-json\/wp\/v2\/comments?post=79619"}],"version-history":[{"count":1,"href":"https:\/\/luchonoticias.com\/editor\/wp-json\/wp\/v2\/posts\/79619\/revisions"}],"predecessor-version":[{"id":79622,"href":"https:\/\/luchonoticias.com\/editor\/wp-json\/wp\/v2\/posts\/79619\/revisions\/79622"}],"wp:featuredmedia":[{"embeddable":true,"href":"https:\/\/luchonoticias.com\/editor\/wp-json\/wp\/v2\/media\/79621"}],"wp:attachment":[{"href":"https:\/\/luchonoticias.com\/editor\/wp-json\/wp\/v2\/media?parent=79619"}],"wp:term":[{"taxonomy":"category","embeddable":true,"href":"https:\/\/luchonoticias.com\/editor\/wp-json\/wp\/v2\/categories?post=79619"},{"taxonomy":"post_tag","embeddable":true,"href":"https:\/\/luchonoticias.com\/editor\/wp-json\/wp\/v2\/tags?post=79619"}],"curies":[{"name":"wp","href":"https:\/\/api.w.org\/{rel}","templated":true}]}}