{"id":79631,"date":"2024-12-09T21:22:51","date_gmt":"2024-12-10T02:22:51","guid":{"rendered":"https:\/\/luchonoticias.com\/?p=79631"},"modified":"2024-12-09T21:22:51","modified_gmt":"2024-12-10T02:22:51","slug":"mas-gestiones-para-el-sector-cafetero","status":"publish","type":"post","link":"https:\/\/luchonoticias.com\/editor\/mas-gestiones-para-el-sector-cafetero\/","title":{"rendered":"M\u00e1s gestiones para el sector cafetero"},"content":{"rendered":"<p>La Gobernaci\u00f3n del Huila lider\u00f3 una mesa de trabajo clave para consolidar proyectos destinados al fortalecimiento de la caficultura, principal motor socioecon\u00f3mico del departamento. En el encuentro participaron el gobernador Rodrigo Villalba Mosquera, el gerente de la Federaci\u00f3n Nacional de Cafeteros, Germ\u00e1n Alberto Baham\u00f3n, y el secretario de Agricultura y Miner\u00eda, Carlos Alberto Cu\u00e9llar Medina, entre otros actores del sector. El objetivo central fue avanzar en la estandarizaci\u00f3n, transformaci\u00f3n e industrializaci\u00f3n del caf\u00e9 huilense.<\/p>\n<p>Durante la reuni\u00f3n, se destac\u00f3 la importancia de las <strong>plantas de beneficio cafetero<\/strong> como un eje estrat\u00e9gico. El gobernador Villalba anunci\u00f3 gestiones conjuntas con la Federaci\u00f3n Nacional de Cafeteros, el Comit\u00e9 Departamental y el Gobierno Nacional para la instalaci\u00f3n de estas plantas. Estas iniciativas buscan optimizar los procesos de transformaci\u00f3n del caf\u00e9, mejorar la productividad y beneficiar directamente a las familias caficultoras.<\/p>\n<p>Otro tema relevante fue el proyecto de construcci\u00f3n de una <strong>planta de caf\u00e9 descafeinado<\/strong>, con una inversi\u00f3n estimada de 20 millones de d\u00f3lares. Esta planta, liderada por la Federaci\u00f3n Nacional de Cafeteros, cuenta con el inter\u00e9s del Gobierno Departamental para participar como accionista, con el objetivo de agregar valor al grano huilense y potenciar su competitividad en mercados internacionales.<\/p>\n<p>El gerente de la Federaci\u00f3n Nacional de Cafeteros, Germ\u00e1n Alberto Baham\u00f3n, resalt\u00f3 los avances en fertilizaci\u00f3n, renovaci\u00f3n de cultivos y sostenibilidad ambiental, incluyendo la protecci\u00f3n de ecosistemas como el <strong>Cerro P\u00e1ramo de Miraflores<\/strong>. Tambi\u00e9n enfatiz\u00f3 la importancia de trabajar en proyectos que combinen industrializaci\u00f3n con preservaci\u00f3n ambiental, fortaleciendo el liderazgo del Huila en la producci\u00f3n cafetera nacional.<\/p>\n<p>Huila, reconocido como el principal productor de caf\u00e9 de Colombia con m\u00e1s del 19% de la cosecha nacional, contin\u00faa implementando innovaciones en la caficultura. Entre las inversiones destacadas est\u00e1n la renovaci\u00f3n de cafetales, la instalaci\u00f3n de secaderos solares y sistemas eficientes de transformaci\u00f3n y almacenamiento del grano. Estas acciones ratifican el compromiso del departamento con la modernizaci\u00f3n del sector y la mejora de la calidad de vida de las familias caficultoras.<\/p>\n","protected":false},"excerpt":{"rendered":"<p>La Gobernaci\u00f3n del Huila lider\u00f3 una mesa de trabajo clave para consolidar proyectos destinados al fortalecimiento de la caficultura, principal motor socioecon\u00f3mico del departamento. En el encuentro participaron el gobernador Rodrigo Villalba Mosquera, el gerente de la Federaci\u00f3n Nacional de Cafeteros, Germ\u00e1n Alberto Baham\u00f3n, y el secretario de Agricultura y Miner\u00eda, Carlos Alberto Cu\u00e9llar Medina, [&hellip;]<\/p>\n","protected":false},"author":2,"featured_media":79632,"comment_status":"closed","ping_status":"open","sticky":false,"template":"","format":"standard","meta":{"footnotes":""},"categories":[33],"tags":[],"class_list":["post-79631","post","type-post","status-publish","format-standard","has-post-thumbnail","hentry","category-huila"],"yoast_head":"<!-- This site is optimized with the Yoast SEO plugin v26.6 - https:\/\/yoast.com\/wordpress\/plugins\/seo\/ -->\n<title>M\u00e1s gestiones para el sector cafetero -<\/title>\n<meta name=\"robots\" content=\"index, follow, max-snippet:-1, max-image-preview:large, max-video-preview:-1\" \/>\n<link rel=\"canonical\" href=\"https:\/\/luchonoticias.com\/editor\/mas-gestiones-para-el-sector-cafetero\/\" \/>\n<meta property=\"og:locale\" content=\"es_ES\" \/>\n<meta property=\"og:type\" content=\"article\" \/>\n<meta property=\"og:title\" content=\"M\u00e1s gestiones para el sector cafetero -\" \/>\n<meta property=\"og:url\" content=\"https:\/\/luchonoticias.com\/editor\/mas-gestiones-para-el-sector-cafetero\/\" \/>\n<meta property=\"article:publisher\" content=\"https:\/\/www.facebook.com\/luchonoticiasneiva\" \/>\n<meta property=\"article:published_time\" content=\"2024-12-10T02:22:51+00:00\" \/>\n<meta property=\"og:image\" content=\"https:\/\/luchonoticias.com\/editor\/wp-content\/uploads\/2024\/12\/huila-cafe.jpg\" \/>\n\t<meta property=\"og:image:width\" content=\"700\" \/>\n\t<meta property=\"og:image:height\" content=\"400\" \/>\n\t<meta property=\"og:image:type\" content=\"image\/jpeg\" \/>\n<meta name=\"author\" content=\"Editor General\" \/>\n<meta name=\"twitter:card\" content=\"summary_large_image\" \/>\n<meta name=\"twitter:label1\" content=\"Escrito por\" \/>\n\t<meta name=\"twitter:data1\" content=\"Editor General\" \/>\n\t<meta name=\"twitter:label2\" content=\"Tiempo de lectura\" \/>\n\t<meta name=\"twitter:data2\" content=\"2 minutos\" \/>\n<script type=\"application\/ld+json\" class=\"yoast-schema-graph\">{\"@context\":\"https:\/\/schema.org\",\"@graph\":[{\"@type\":\"Article\",\"@id\":\"https:\/\/luchonoticias.com\/editor\/mas-gestiones-para-el-sector-cafetero\/#article\",\"isPartOf\":{\"@id\":\"https:\/\/luchonoticias.com\/editor\/mas-gestiones-para-el-sector-cafetero\/\"},\"author\":{\"name\":\"Editor General\",\"@id\":\"https:\/\/luchonoticias.com\/editor\/#\/schema\/person\/29217990ddf6f14e35912b2866d591fb\"},\"headline\":\"M\u00e1s gestiones para el sector cafetero\",\"datePublished\":\"2024-12-10T02:22:51+00:00\",\"mainEntityOfPage\":{\"@id\":\"https:\/\/luchonoticias.com\/editor\/mas-gestiones-para-el-sector-cafetero\/\"},\"wordCount\":366,\"publisher\":{\"@id\":\"https:\/\/luchonoticias.com\/editor\/#\/schema\/person\/7a7fd911f58561fd056dbac7b55af9cd\"},\"image\":{\"@id\":\"https:\/\/luchonoticias.com\/editor\/mas-gestiones-para-el-sector-cafetero\/#primaryimage\"},\"thumbnailUrl\":\"https:\/\/luchonoticias.com\/editor\/wp-content\/uploads\/2024\/12\/huila-cafe.jpg\",\"articleSection\":[\"Huila\"],\"inLanguage\":\"es\"},{\"@type\":\"WebPage\",\"@id\":\"https:\/\/luchonoticias.com\/editor\/mas-gestiones-para-el-sector-cafetero\/\",\"url\":\"https:\/\/luchonoticias.com\/editor\/mas-gestiones-para-el-sector-cafetero\/\",\"name\":\"M\u00e1s gestiones para el sector cafetero -\",\"isPartOf\":{\"@id\":\"https:\/\/luchonoticias.com\/editor\/#website\"},\"primaryImageOfPage\":{\"@id\":\"https:\/\/luchonoticias.com\/editor\/mas-gestiones-para-el-sector-cafetero\/#primaryimage\"},\"image\":{\"@id\":\"https:\/\/luchonoticias.com\/editor\/mas-gestiones-para-el-sector-cafetero\/#primaryimage\"},\"thumbnailUrl\":\"https:\/\/luchonoticias.com\/editor\/wp-content\/uploads\/2024\/12\/huila-cafe.jpg\",\"datePublished\":\"2024-12-10T02:22:51+00:00\",\"breadcrumb\":{\"@id\":\"https:\/\/luchonoticias.com\/editor\/mas-gestiones-para-el-sector-cafetero\/#breadcrumb\"},\"inLanguage\":\"es\",\"potentialAction\":[{\"@type\":\"ReadAction\",\"target\":[\"https:\/\/luchonoticias.com\/editor\/mas-gestiones-para-el-sector-cafetero\/\"]}]},{\"@type\":\"ImageObject\",\"inLanguage\":\"es\",\"@id\":\"https:\/\/luchonoticias.com\/editor\/mas-gestiones-para-el-sector-cafetero\/#primaryimage\",\"url\":\"https:\/\/luchonoticias.com\/editor\/wp-content\/uploads\/2024\/12\/huila-cafe.jpg\",\"contentUrl\":\"https:\/\/luchonoticias.com\/editor\/wp-content\/uploads\/2024\/12\/huila-cafe.jpg\",\"width\":700,\"height\":400},{\"@type\":\"BreadcrumbList\",\"@id\":\"https:\/\/luchonoticias.com\/editor\/mas-gestiones-para-el-sector-cafetero\/#breadcrumb\",\"itemListElement\":[{\"@type\":\"ListItem\",\"position\":1,\"name\":\"Portada\",\"item\":\"https:\/\/luchonoticias.com\/editor\/\"},{\"@type\":\"ListItem\",\"position\":2,\"name\":\"M\u00e1s gestiones para el sector cafetero\"}]},{\"@type\":\"WebSite\",\"@id\":\"https:\/\/luchonoticias.com\/editor\/#website\",\"url\":\"https:\/\/luchonoticias.com\/editor\/\",\"name\":\"\",\"description\":\"\",\"publisher\":{\"@id\":\"https:\/\/luchonoticias.com\/editor\/#\/schema\/person\/7a7fd911f58561fd056dbac7b55af9cd\"},\"potentialAction\":[{\"@type\":\"SearchAction\",\"target\":{\"@type\":\"EntryPoint\",\"urlTemplate\":\"https:\/\/luchonoticias.com\/editor\/?s={search_term_string}\"},\"query-input\":{\"@type\":\"PropertyValueSpecification\",\"valueRequired\":true,\"valueName\":\"search_term_string\"}}],\"inLanguage\":\"es\"},{\"@type\":[\"Person\",\"Organization\"],\"@id\":\"https:\/\/luchonoticias.com\/editor\/#\/schema\/person\/7a7fd911f58561fd056dbac7b55af9cd\",\"name\":\"admin\",\"image\":{\"@type\":\"ImageObject\",\"inLanguage\":\"es\",\"@id\":\"https:\/\/luchonoticias.com\/editor\/#\/schema\/person\/image\/\",\"url\":\"https:\/\/luchonoticias.com\/editor\/wp-content\/uploads\/2024\/02\/cropped-cropped-logolu.webp\",\"contentUrl\":\"https:\/\/luchonoticias.com\/editor\/wp-content\/uploads\/2024\/02\/cropped-cropped-logolu.webp\",\"width\":382,\"height\":170,\"caption\":\"admin\"},\"logo\":{\"@id\":\"https:\/\/luchonoticias.com\/editor\/#\/schema\/person\/image\/\"},\"sameAs\":[\"https:\/\/www.facebook.com\/luchonoticiasneiva\"]},{\"@type\":\"Person\",\"@id\":\"https:\/\/luchonoticias.com\/editor\/#\/schema\/person\/29217990ddf6f14e35912b2866d591fb\",\"name\":\"Editor General\",\"image\":{\"@type\":\"ImageObject\",\"inLanguage\":\"es\",\"@id\":\"https:\/\/luchonoticias.com\/editor\/#\/schema\/person\/image\/\",\"url\":\"https:\/\/luchonoticias.com\/editor\/wp-content\/uploads\/2024\/02\/cropped-cropped-logolu-150x150.webp\",\"contentUrl\":\"https:\/\/luchonoticias.com\/editor\/wp-content\/uploads\/2024\/02\/cropped-cropped-logolu-150x150.webp\",\"caption\":\"Editor General\"},\"sameAs\":[\"https:\/\/luchonoticias.com\/\"],\"url\":\"https:\/\/luchonoticias.com\/editor\/author\/editor-general\/\"}]}<\/script>\n<!-- \/ Yoast SEO plugin. -->","yoast_head_json":{"title":"M\u00e1s gestiones para el sector cafetero -","robots":{"index":"index","follow":"follow","max-snippet":"max-snippet:-1","max-image-preview":"max-image-preview:large","max-video-preview":"max-video-preview:-1"},"canonical":"https:\/\/luchonoticias.com\/editor\/mas-gestiones-para-el-sector-cafetero\/","og_locale":"es_ES","og_type":"article","og_title":"M\u00e1s gestiones para el sector cafetero -","og_url":"https:\/\/luchonoticias.com\/editor\/mas-gestiones-para-el-sector-cafetero\/","article_publisher":"https:\/\/www.facebook.com\/luchonoticiasneiva","article_published_time":"2024-12-10T02:22:51+00:00","og_image":[{"width":700,"height":400,"url":"https:\/\/luchonoticias.com\/editor\/wp-content\/uploads\/2024\/12\/huila-cafe.jpg","type":"image\/jpeg"}],"author":"Editor General","twitter_card":"summary_large_image","twitter_misc":{"Escrito por":"Editor General","Tiempo de lectura":"2 minutos"},"schema":{"@context":"https:\/\/schema.org","@graph":[{"@type":"Article","@id":"https:\/\/luchonoticias.com\/editor\/mas-gestiones-para-el-sector-cafetero\/#article","isPartOf":{"@id":"https:\/\/luchonoticias.com\/editor\/mas-gestiones-para-el-sector-cafetero\/"},"author":{"name":"Editor General","@id":"https:\/\/luchonoticias.com\/editor\/#\/schema\/person\/29217990ddf6f14e35912b2866d591fb"},"headline":"M\u00e1s gestiones para el sector cafetero","datePublished":"2024-12-10T02:22:51+00:00","mainEntityOfPage":{"@id":"https:\/\/luchonoticias.com\/editor\/mas-gestiones-para-el-sector-cafetero\/"},"wordCount":366,"publisher":{"@id":"https:\/\/luchonoticias.com\/editor\/#\/schema\/person\/7a7fd911f58561fd056dbac7b55af9cd"},"image":{"@id":"https:\/\/luchonoticias.com\/editor\/mas-gestiones-para-el-sector-cafetero\/#primaryimage"},"thumbnailUrl":"https:\/\/luchonoticias.com\/editor\/wp-content\/uploads\/2024\/12\/huila-cafe.jpg","articleSection":["Huila"],"inLanguage":"es"},{"@type":"WebPage","@id":"https:\/\/luchonoticias.com\/editor\/mas-gestiones-para-el-sector-cafetero\/","url":"https:\/\/luchonoticias.com\/editor\/mas-gestiones-para-el-sector-cafetero\/","name":"M\u00e1s gestiones para el sector cafetero -","isPartOf":{"@id":"https:\/\/luchonoticias.com\/editor\/#website"},"primaryImageOfPage":{"@id":"https:\/\/luchonoticias.com\/editor\/mas-gestiones-para-el-sector-cafetero\/#primaryimage"},"image":{"@id":"https:\/\/luchonoticias.com\/editor\/mas-gestiones-para-el-sector-cafetero\/#primaryimage"},"thumbnailUrl":"https:\/\/luchonoticias.com\/editor\/wp-content\/uploads\/2024\/12\/huila-cafe.jpg","datePublished":"2024-12-10T02:22:51+00:00","breadcrumb":{"@id":"https:\/\/luchonoticias.com\/editor\/mas-gestiones-para-el-sector-cafetero\/#breadcrumb"},"inLanguage":"es","potentialAction":[{"@type":"ReadAction","target":["https:\/\/luchonoticias.com\/editor\/mas-gestiones-para-el-sector-cafetero\/"]}]},{"@type":"ImageObject","inLanguage":"es","@id":"https:\/\/luchonoticias.com\/editor\/mas-gestiones-para-el-sector-cafetero\/#primaryimage","url":"https:\/\/luchonoticias.com\/editor\/wp-content\/uploads\/2024\/12\/huila-cafe.jpg","contentUrl":"https:\/\/luchonoticias.com\/editor\/wp-content\/uploads\/2024\/12\/huila-cafe.jpg","width":700,"height":400},{"@type":"BreadcrumbList","@id":"https:\/\/luchonoticias.com\/editor\/mas-gestiones-para-el-sector-cafetero\/#breadcrumb","itemListElement":[{"@type":"ListItem","position":1,"name":"Portada","item":"https:\/\/luchonoticias.com\/editor\/"},{"@type":"ListItem","position":2,"name":"M\u00e1s gestiones para el sector cafetero"}]},{"@type":"WebSite","@id":"https:\/\/luchonoticias.com\/editor\/#website","url":"https:\/\/luchonoticias.com\/editor\/","name":"","description":"","publisher":{"@id":"https:\/\/luchonoticias.com\/editor\/#\/schema\/person\/7a7fd911f58561fd056dbac7b55af9cd"},"potentialAction":[{"@type":"SearchAction","target":{"@type":"EntryPoint","urlTemplate":"https:\/\/luchonoticias.com\/editor\/?s={search_term_string}"},"query-input":{"@type":"PropertyValueSpecification","valueRequired":true,"valueName":"search_term_string"}}],"inLanguage":"es"},{"@type":["Person","Organization"],"@id":"https:\/\/luchonoticias.com\/editor\/#\/schema\/person\/7a7fd911f58561fd056dbac7b55af9cd","name":"admin","image":{"@type":"ImageObject","inLanguage":"es","@id":"https:\/\/luchonoticias.com\/editor\/#\/schema\/person\/image\/","url":"https:\/\/luchonoticias.com\/editor\/wp-content\/uploads\/2024\/02\/cropped-cropped-logolu.webp","contentUrl":"https:\/\/luchonoticias.com\/editor\/wp-content\/uploads\/2024\/02\/cropped-cropped-logolu.webp","width":382,"height":170,"caption":"admin"},"logo":{"@id":"https:\/\/luchonoticias.com\/editor\/#\/schema\/person\/image\/"},"sameAs":["https:\/\/www.facebook.com\/luchonoticiasneiva"]},{"@type":"Person","@id":"https:\/\/luchonoticias.com\/editor\/#\/schema\/person\/29217990ddf6f14e35912b2866d591fb","name":"Editor General","image":{"@type":"ImageObject","inLanguage":"es","@id":"https:\/\/luchonoticias.com\/editor\/#\/schema\/person\/image\/","url":"https:\/\/luchonoticias.com\/editor\/wp-content\/uploads\/2024\/02\/cropped-cropped-logolu-150x150.webp","contentUrl":"https:\/\/luchonoticias.com\/editor\/wp-content\/uploads\/2024\/02\/cropped-cropped-logolu-150x150.webp","caption":"Editor General"},"sameAs":["https:\/\/luchonoticias.com\/"],"url":"https:\/\/luchonoticias.com\/editor\/author\/editor-general\/"}]}},"_links":{"self":[{"href":"https:\/\/luchonoticias.com\/editor\/wp-json\/wp\/v2\/posts\/79631","targetHints":{"allow":["GET"]}}],"collection":[{"href":"https:\/\/luchonoticias.com\/editor\/wp-json\/wp\/v2\/posts"}],"about":[{"href":"https:\/\/luchonoticias.com\/editor\/wp-json\/wp\/v2\/types\/post"}],"author":[{"embeddable":true,"href":"https:\/\/luchonoticias.com\/editor\/wp-json\/wp\/v2\/users\/2"}],"replies":[{"embeddable":true,"href":"https:\/\/luchonoticias.com\/editor\/wp-json\/wp\/v2\/comments?post=79631"}],"version-history":[{"count":1,"href":"https:\/\/luchonoticias.com\/editor\/wp-json\/wp\/v2\/posts\/79631\/revisions"}],"predecessor-version":[{"id":79633,"href":"https:\/\/luchonoticias.com\/editor\/wp-json\/wp\/v2\/posts\/79631\/revisions\/79633"}],"wp:featuredmedia":[{"embeddable":true,"href":"https:\/\/luchonoticias.com\/editor\/wp-json\/wp\/v2\/media\/79632"}],"wp:attachment":[{"href":"https:\/\/luchonoticias.com\/editor\/wp-json\/wp\/v2\/media?parent=79631"}],"wp:term":[{"taxonomy":"category","embeddable":true,"href":"https:\/\/luchonoticias.com\/editor\/wp-json\/wp\/v2\/categories?post=79631"},{"taxonomy":"post_tag","embeddable":true,"href":"https:\/\/luchonoticias.com\/editor\/wp-json\/wp\/v2\/tags?post=79631"}],"curies":[{"name":"wp","href":"https:\/\/api.w.org\/{rel}","templated":true}]}}