{"id":79911,"date":"2024-12-18T14:09:32","date_gmt":"2024-12-18T19:09:32","guid":{"rendered":"https:\/\/luchonoticias.com\/?p=79911"},"modified":"2024-12-18T14:09:32","modified_gmt":"2024-12-18T19:09:32","slug":"la-inversion-departamental-en-materia-de-seguridad","status":"publish","type":"post","link":"https:\/\/luchonoticias.com\/editor\/la-inversion-departamental-en-materia-de-seguridad\/","title":{"rendered":"La inversi\u00f3n departamental en materia de seguridad"},"content":{"rendered":"<p>En el marco de la Rendici\u00f3n de Cuentas 2024 del gobierno Huila Grande, el secretario de Gobierno, Juan Carlos Casallas Rivas, present\u00f3 un balance positivo de la estrategia \u201cUnidos m\u00e1s seguros.\u201d Este plan ha contado con importantes inversiones, gestiones ante el Gobierno Nacional y operativos efectivos de la fuerza p\u00fablica para combatir la delincuencia y la inseguridad.<\/p>\n<p>Casallas destac\u00f3 la adquisici\u00f3n de 2.489 c\u00e1maras de seguridad que se est\u00e1n instalando en los 37 municipios del Huila con una inversi\u00f3n de $10.000 millones. Estas c\u00e1maras, operadas en colaboraci\u00f3n con redes ciudadanas y estaciones de Polic\u00eda, tienen como objetivo prevenir hechos de violencia e identificar r\u00e1pidamente a delincuentes. Adicionalmente, se invirtieron $7.634 millones en veh\u00edculos, motos, camionetas blindadas y una necro m\u00f3vil para fortalecer las capacidades de las fuerzas de seguridad.<\/p>\n<p>En 2024, la fuerza p\u00fablica ha logrado 4.610 capturas, 23 operaciones de impacto contra el secuestro y la extorsi\u00f3n, y la desarticulaci\u00f3n de cinco grupos de delincuencia com\u00fan organizada. Entre las capturas m\u00e1s relevantes est\u00e1n alias Ferney, Patac\u00f3n, Jeringa y Mechas, responsables de delitos como extorsi\u00f3n, reclutamiento de menores y amenazas a comerciantes y servidores p\u00fablicos. Tambi\u00e9n se recuperaron 889 veh\u00edculos y se incautaron 437 armas en diversas operaciones.<\/p>\n<p>El secretario resalt\u00f3 que estas acciones son parte de una estrategia integral liderada por el gobernador Rodrigo Villalba Mosquera, con el apoyo de m\u00e1s de 1.000 hombres adicionales entre polic\u00edas y soldados desplegados en el territorio. \u201cEstamos avanzando en garantizar la seguridad y el orden, fortaleciendo la presencia institucional para proteger a nuestras comunidades,\u201d enfatiz\u00f3 Casallas.<\/p>\n<p>La estrategia \u201cUnidos m\u00e1s seguros\u201d incluye tambi\u00e9n componentes de participaci\u00f3n ciudadana, seguridad tur\u00edstica, protecci\u00f3n ambiental y convivencia pac\u00edfica, con una inversi\u00f3n adicional de $1.000 millones destinada al apoyo log\u00edstico y operativo. Las autoridades reiteraron su compromiso de continuar fortaleciendo las acciones para mantener la seguridad en el departamento.<\/p>\n","protected":false},"excerpt":{"rendered":"<p>En el marco de la Rendici\u00f3n de Cuentas 2024 del gobierno Huila Grande, el secretario de Gobierno, Juan Carlos Casallas Rivas, present\u00f3 un balance positivo de la estrategia \u201cUnidos m\u00e1s seguros.\u201d Este plan ha contado con importantes inversiones, gestiones ante el Gobierno Nacional y operativos efectivos de la fuerza p\u00fablica para combatir la delincuencia y [&hellip;]<\/p>\n","protected":false},"author":2,"featured_media":79912,"comment_status":"closed","ping_status":"open","sticky":false,"template":"","format":"standard","meta":{"footnotes":""},"categories":[33],"tags":[],"class_list":["post-79911","post","type-post","status-publish","format-standard","has-post-thumbnail","hentry","category-huila"],"yoast_head":"<!-- This site is optimized with the Yoast SEO plugin v26.6 - https:\/\/yoast.com\/wordpress\/plugins\/seo\/ -->\n<title>La inversi\u00f3n departamental en materia de seguridad -<\/title>\n<meta name=\"robots\" content=\"index, follow, max-snippet:-1, max-image-preview:large, max-video-preview:-1\" \/>\n<link rel=\"canonical\" href=\"https:\/\/luchonoticias.com\/editor\/la-inversion-departamental-en-materia-de-seguridad\/\" \/>\n<meta property=\"og:locale\" content=\"es_ES\" \/>\n<meta property=\"og:type\" content=\"article\" \/>\n<meta property=\"og:title\" content=\"La inversi\u00f3n departamental en materia de seguridad -\" \/>\n<meta property=\"og:url\" content=\"https:\/\/luchonoticias.com\/editor\/la-inversion-departamental-en-materia-de-seguridad\/\" \/>\n<meta property=\"article:publisher\" content=\"https:\/\/www.facebook.com\/luchonoticiasneiva\" \/>\n<meta property=\"article:published_time\" content=\"2024-12-18T19:09:32+00:00\" \/>\n<meta property=\"og:image\" content=\"https:\/\/luchonoticias.com\/editor\/wp-content\/uploads\/2024\/12\/secretario-de-gobierno-1.jpg\" \/>\n\t<meta property=\"og:image:width\" content=\"700\" \/>\n\t<meta property=\"og:image:height\" content=\"400\" \/>\n\t<meta property=\"og:image:type\" content=\"image\/jpeg\" \/>\n<meta name=\"author\" content=\"Editor General\" \/>\n<meta name=\"twitter:card\" content=\"summary_large_image\" \/>\n<meta name=\"twitter:label1\" content=\"Escrito por\" \/>\n\t<meta name=\"twitter:data1\" content=\"Editor General\" \/>\n\t<meta name=\"twitter:label2\" content=\"Tiempo de lectura\" \/>\n\t<meta name=\"twitter:data2\" content=\"2 minutos\" \/>\n<script type=\"application\/ld+json\" class=\"yoast-schema-graph\">{\"@context\":\"https:\/\/schema.org\",\"@graph\":[{\"@type\":\"Article\",\"@id\":\"https:\/\/luchonoticias.com\/editor\/la-inversion-departamental-en-materia-de-seguridad\/#article\",\"isPartOf\":{\"@id\":\"https:\/\/luchonoticias.com\/editor\/la-inversion-departamental-en-materia-de-seguridad\/\"},\"author\":{\"name\":\"Editor General\",\"@id\":\"https:\/\/luchonoticias.com\/editor\/#\/schema\/person\/29217990ddf6f14e35912b2866d591fb\"},\"headline\":\"La inversi\u00f3n departamental en materia de seguridad\",\"datePublished\":\"2024-12-18T19:09:32+00:00\",\"mainEntityOfPage\":{\"@id\":\"https:\/\/luchonoticias.com\/editor\/la-inversion-departamental-en-materia-de-seguridad\/\"},\"wordCount\":332,\"publisher\":{\"@id\":\"https:\/\/luchonoticias.com\/editor\/#\/schema\/person\/7a7fd911f58561fd056dbac7b55af9cd\"},\"image\":{\"@id\":\"https:\/\/luchonoticias.com\/editor\/la-inversion-departamental-en-materia-de-seguridad\/#primaryimage\"},\"thumbnailUrl\":\"https:\/\/luchonoticias.com\/editor\/wp-content\/uploads\/2024\/12\/secretario-de-gobierno-1.jpg\",\"articleSection\":[\"Huila\"],\"inLanguage\":\"es\"},{\"@type\":\"WebPage\",\"@id\":\"https:\/\/luchonoticias.com\/editor\/la-inversion-departamental-en-materia-de-seguridad\/\",\"url\":\"https:\/\/luchonoticias.com\/editor\/la-inversion-departamental-en-materia-de-seguridad\/\",\"name\":\"La inversi\u00f3n departamental en materia de seguridad -\",\"isPartOf\":{\"@id\":\"https:\/\/luchonoticias.com\/editor\/#website\"},\"primaryImageOfPage\":{\"@id\":\"https:\/\/luchonoticias.com\/editor\/la-inversion-departamental-en-materia-de-seguridad\/#primaryimage\"},\"image\":{\"@id\":\"https:\/\/luchonoticias.com\/editor\/la-inversion-departamental-en-materia-de-seguridad\/#primaryimage\"},\"thumbnailUrl\":\"https:\/\/luchonoticias.com\/editor\/wp-content\/uploads\/2024\/12\/secretario-de-gobierno-1.jpg\",\"datePublished\":\"2024-12-18T19:09:32+00:00\",\"breadcrumb\":{\"@id\":\"https:\/\/luchonoticias.com\/editor\/la-inversion-departamental-en-materia-de-seguridad\/#breadcrumb\"},\"inLanguage\":\"es\",\"potentialAction\":[{\"@type\":\"ReadAction\",\"target\":[\"https:\/\/luchonoticias.com\/editor\/la-inversion-departamental-en-materia-de-seguridad\/\"]}]},{\"@type\":\"ImageObject\",\"inLanguage\":\"es\",\"@id\":\"https:\/\/luchonoticias.com\/editor\/la-inversion-departamental-en-materia-de-seguridad\/#primaryimage\",\"url\":\"https:\/\/luchonoticias.com\/editor\/wp-content\/uploads\/2024\/12\/secretario-de-gobierno-1.jpg\",\"contentUrl\":\"https:\/\/luchonoticias.com\/editor\/wp-content\/uploads\/2024\/12\/secretario-de-gobierno-1.jpg\",\"width\":700,\"height\":400},{\"@type\":\"BreadcrumbList\",\"@id\":\"https:\/\/luchonoticias.com\/editor\/la-inversion-departamental-en-materia-de-seguridad\/#breadcrumb\",\"itemListElement\":[{\"@type\":\"ListItem\",\"position\":1,\"name\":\"Portada\",\"item\":\"https:\/\/luchonoticias.com\/editor\/\"},{\"@type\":\"ListItem\",\"position\":2,\"name\":\"La inversi\u00f3n departamental en materia de seguridad\"}]},{\"@type\":\"WebSite\",\"@id\":\"https:\/\/luchonoticias.com\/editor\/#website\",\"url\":\"https:\/\/luchonoticias.com\/editor\/\",\"name\":\"\",\"description\":\"\",\"publisher\":{\"@id\":\"https:\/\/luchonoticias.com\/editor\/#\/schema\/person\/7a7fd911f58561fd056dbac7b55af9cd\"},\"potentialAction\":[{\"@type\":\"SearchAction\",\"target\":{\"@type\":\"EntryPoint\",\"urlTemplate\":\"https:\/\/luchonoticias.com\/editor\/?s={search_term_string}\"},\"query-input\":{\"@type\":\"PropertyValueSpecification\",\"valueRequired\":true,\"valueName\":\"search_term_string\"}}],\"inLanguage\":\"es\"},{\"@type\":[\"Person\",\"Organization\"],\"@id\":\"https:\/\/luchonoticias.com\/editor\/#\/schema\/person\/7a7fd911f58561fd056dbac7b55af9cd\",\"name\":\"admin\",\"image\":{\"@type\":\"ImageObject\",\"inLanguage\":\"es\",\"@id\":\"https:\/\/luchonoticias.com\/editor\/#\/schema\/person\/image\/\",\"url\":\"https:\/\/luchonoticias.com\/editor\/wp-content\/uploads\/2024\/02\/cropped-cropped-logolu.webp\",\"contentUrl\":\"https:\/\/luchonoticias.com\/editor\/wp-content\/uploads\/2024\/02\/cropped-cropped-logolu.webp\",\"width\":382,\"height\":170,\"caption\":\"admin\"},\"logo\":{\"@id\":\"https:\/\/luchonoticias.com\/editor\/#\/schema\/person\/image\/\"},\"sameAs\":[\"https:\/\/www.facebook.com\/luchonoticiasneiva\"]},{\"@type\":\"Person\",\"@id\":\"https:\/\/luchonoticias.com\/editor\/#\/schema\/person\/29217990ddf6f14e35912b2866d591fb\",\"name\":\"Editor General\",\"image\":{\"@type\":\"ImageObject\",\"inLanguage\":\"es\",\"@id\":\"https:\/\/luchonoticias.com\/editor\/#\/schema\/person\/image\/\",\"url\":\"https:\/\/luchonoticias.com\/editor\/wp-content\/uploads\/2024\/02\/cropped-cropped-logolu-150x150.webp\",\"contentUrl\":\"https:\/\/luchonoticias.com\/editor\/wp-content\/uploads\/2024\/02\/cropped-cropped-logolu-150x150.webp\",\"caption\":\"Editor General\"},\"sameAs\":[\"https:\/\/luchonoticias.com\/\"],\"url\":\"https:\/\/luchonoticias.com\/editor\/author\/editor-general\/\"}]}<\/script>\n<!-- \/ Yoast SEO plugin. -->","yoast_head_json":{"title":"La inversi\u00f3n departamental en materia de seguridad -","robots":{"index":"index","follow":"follow","max-snippet":"max-snippet:-1","max-image-preview":"max-image-preview:large","max-video-preview":"max-video-preview:-1"},"canonical":"https:\/\/luchonoticias.com\/editor\/la-inversion-departamental-en-materia-de-seguridad\/","og_locale":"es_ES","og_type":"article","og_title":"La inversi\u00f3n departamental en materia de seguridad -","og_url":"https:\/\/luchonoticias.com\/editor\/la-inversion-departamental-en-materia-de-seguridad\/","article_publisher":"https:\/\/www.facebook.com\/luchonoticiasneiva","article_published_time":"2024-12-18T19:09:32+00:00","og_image":[{"width":700,"height":400,"url":"https:\/\/luchonoticias.com\/editor\/wp-content\/uploads\/2024\/12\/secretario-de-gobierno-1.jpg","type":"image\/jpeg"}],"author":"Editor General","twitter_card":"summary_large_image","twitter_misc":{"Escrito por":"Editor General","Tiempo de lectura":"2 minutos"},"schema":{"@context":"https:\/\/schema.org","@graph":[{"@type":"Article","@id":"https:\/\/luchonoticias.com\/editor\/la-inversion-departamental-en-materia-de-seguridad\/#article","isPartOf":{"@id":"https:\/\/luchonoticias.com\/editor\/la-inversion-departamental-en-materia-de-seguridad\/"},"author":{"name":"Editor General","@id":"https:\/\/luchonoticias.com\/editor\/#\/schema\/person\/29217990ddf6f14e35912b2866d591fb"},"headline":"La inversi\u00f3n departamental en materia de seguridad","datePublished":"2024-12-18T19:09:32+00:00","mainEntityOfPage":{"@id":"https:\/\/luchonoticias.com\/editor\/la-inversion-departamental-en-materia-de-seguridad\/"},"wordCount":332,"publisher":{"@id":"https:\/\/luchonoticias.com\/editor\/#\/schema\/person\/7a7fd911f58561fd056dbac7b55af9cd"},"image":{"@id":"https:\/\/luchonoticias.com\/editor\/la-inversion-departamental-en-materia-de-seguridad\/#primaryimage"},"thumbnailUrl":"https:\/\/luchonoticias.com\/editor\/wp-content\/uploads\/2024\/12\/secretario-de-gobierno-1.jpg","articleSection":["Huila"],"inLanguage":"es"},{"@type":"WebPage","@id":"https:\/\/luchonoticias.com\/editor\/la-inversion-departamental-en-materia-de-seguridad\/","url":"https:\/\/luchonoticias.com\/editor\/la-inversion-departamental-en-materia-de-seguridad\/","name":"La inversi\u00f3n departamental en materia de seguridad -","isPartOf":{"@id":"https:\/\/luchonoticias.com\/editor\/#website"},"primaryImageOfPage":{"@id":"https:\/\/luchonoticias.com\/editor\/la-inversion-departamental-en-materia-de-seguridad\/#primaryimage"},"image":{"@id":"https:\/\/luchonoticias.com\/editor\/la-inversion-departamental-en-materia-de-seguridad\/#primaryimage"},"thumbnailUrl":"https:\/\/luchonoticias.com\/editor\/wp-content\/uploads\/2024\/12\/secretario-de-gobierno-1.jpg","datePublished":"2024-12-18T19:09:32+00:00","breadcrumb":{"@id":"https:\/\/luchonoticias.com\/editor\/la-inversion-departamental-en-materia-de-seguridad\/#breadcrumb"},"inLanguage":"es","potentialAction":[{"@type":"ReadAction","target":["https:\/\/luchonoticias.com\/editor\/la-inversion-departamental-en-materia-de-seguridad\/"]}]},{"@type":"ImageObject","inLanguage":"es","@id":"https:\/\/luchonoticias.com\/editor\/la-inversion-departamental-en-materia-de-seguridad\/#primaryimage","url":"https:\/\/luchonoticias.com\/editor\/wp-content\/uploads\/2024\/12\/secretario-de-gobierno-1.jpg","contentUrl":"https:\/\/luchonoticias.com\/editor\/wp-content\/uploads\/2024\/12\/secretario-de-gobierno-1.jpg","width":700,"height":400},{"@type":"BreadcrumbList","@id":"https:\/\/luchonoticias.com\/editor\/la-inversion-departamental-en-materia-de-seguridad\/#breadcrumb","itemListElement":[{"@type":"ListItem","position":1,"name":"Portada","item":"https:\/\/luchonoticias.com\/editor\/"},{"@type":"ListItem","position":2,"name":"La inversi\u00f3n departamental en materia de seguridad"}]},{"@type":"WebSite","@id":"https:\/\/luchonoticias.com\/editor\/#website","url":"https:\/\/luchonoticias.com\/editor\/","name":"","description":"","publisher":{"@id":"https:\/\/luchonoticias.com\/editor\/#\/schema\/person\/7a7fd911f58561fd056dbac7b55af9cd"},"potentialAction":[{"@type":"SearchAction","target":{"@type":"EntryPoint","urlTemplate":"https:\/\/luchonoticias.com\/editor\/?s={search_term_string}"},"query-input":{"@type":"PropertyValueSpecification","valueRequired":true,"valueName":"search_term_string"}}],"inLanguage":"es"},{"@type":["Person","Organization"],"@id":"https:\/\/luchonoticias.com\/editor\/#\/schema\/person\/7a7fd911f58561fd056dbac7b55af9cd","name":"admin","image":{"@type":"ImageObject","inLanguage":"es","@id":"https:\/\/luchonoticias.com\/editor\/#\/schema\/person\/image\/","url":"https:\/\/luchonoticias.com\/editor\/wp-content\/uploads\/2024\/02\/cropped-cropped-logolu.webp","contentUrl":"https:\/\/luchonoticias.com\/editor\/wp-content\/uploads\/2024\/02\/cropped-cropped-logolu.webp","width":382,"height":170,"caption":"admin"},"logo":{"@id":"https:\/\/luchonoticias.com\/editor\/#\/schema\/person\/image\/"},"sameAs":["https:\/\/www.facebook.com\/luchonoticiasneiva"]},{"@type":"Person","@id":"https:\/\/luchonoticias.com\/editor\/#\/schema\/person\/29217990ddf6f14e35912b2866d591fb","name":"Editor General","image":{"@type":"ImageObject","inLanguage":"es","@id":"https:\/\/luchonoticias.com\/editor\/#\/schema\/person\/image\/","url":"https:\/\/luchonoticias.com\/editor\/wp-content\/uploads\/2024\/02\/cropped-cropped-logolu-150x150.webp","contentUrl":"https:\/\/luchonoticias.com\/editor\/wp-content\/uploads\/2024\/02\/cropped-cropped-logolu-150x150.webp","caption":"Editor General"},"sameAs":["https:\/\/luchonoticias.com\/"],"url":"https:\/\/luchonoticias.com\/editor\/author\/editor-general\/"}]}},"_links":{"self":[{"href":"https:\/\/luchonoticias.com\/editor\/wp-json\/wp\/v2\/posts\/79911","targetHints":{"allow":["GET"]}}],"collection":[{"href":"https:\/\/luchonoticias.com\/editor\/wp-json\/wp\/v2\/posts"}],"about":[{"href":"https:\/\/luchonoticias.com\/editor\/wp-json\/wp\/v2\/types\/post"}],"author":[{"embeddable":true,"href":"https:\/\/luchonoticias.com\/editor\/wp-json\/wp\/v2\/users\/2"}],"replies":[{"embeddable":true,"href":"https:\/\/luchonoticias.com\/editor\/wp-json\/wp\/v2\/comments?post=79911"}],"version-history":[{"count":1,"href":"https:\/\/luchonoticias.com\/editor\/wp-json\/wp\/v2\/posts\/79911\/revisions"}],"predecessor-version":[{"id":79913,"href":"https:\/\/luchonoticias.com\/editor\/wp-json\/wp\/v2\/posts\/79911\/revisions\/79913"}],"wp:featuredmedia":[{"embeddable":true,"href":"https:\/\/luchonoticias.com\/editor\/wp-json\/wp\/v2\/media\/79912"}],"wp:attachment":[{"href":"https:\/\/luchonoticias.com\/editor\/wp-json\/wp\/v2\/media?parent=79911"}],"wp:term":[{"taxonomy":"category","embeddable":true,"href":"https:\/\/luchonoticias.com\/editor\/wp-json\/wp\/v2\/categories?post=79911"},{"taxonomy":"post_tag","embeddable":true,"href":"https:\/\/luchonoticias.com\/editor\/wp-json\/wp\/v2\/tags?post=79911"}],"curies":[{"name":"wp","href":"https:\/\/api.w.org\/{rel}","templated":true}]}}