{"id":79915,"date":"2024-12-18T17:16:48","date_gmt":"2024-12-18T22:16:48","guid":{"rendered":"https:\/\/luchonoticias.com\/?p=79915"},"modified":"2024-12-18T17:16:48","modified_gmt":"2024-12-18T22:16:48","slug":"la-hija-del-presidente-y-sus-criticas-al-gobierno","status":"publish","type":"post","link":"https:\/\/luchonoticias.com\/editor\/la-hija-del-presidente-y-sus-criticas-al-gobierno\/","title":{"rendered":"La hija del presidente y sus cr\u00edticas al Gobierno"},"content":{"rendered":"<p>Sof\u00eda Petro, hija del presidente Gustavo Petro, expres\u00f3 su desacuerdo con algunos de los recientes nombramientos realizados por su padre, entre ellos Diego Cancino, Armando Benedetti y Daniel Mendoza. Seg\u00fan ella, estos nombramientos han sido criticados por colectivos feministas debido a los se\u00f1alamientos relacionados con violencia contra las mujeres. \u201cCreo que el Gobierno tiene que hacer un esfuerzo mayor para rechazar estos actos y mandar un mensaje coherente con los nombramientos\u201d, afirm\u00f3.<\/p>\n<p>La joven se\u00f1al\u00f3 que comparte las cr\u00edticas de los colectivos feministas hacia las decisiones de su padre en temas de g\u00e9nero y asegur\u00f3 haberlo manifestado directamente. \u201cLe he dicho que hay un discurso de violencia contra la mujer que debe ser combatido desde el Gobierno. Aunque me escucha, sigue siendo \u2018muy hombre\u2019 y no entiende algunas cosas\u201d, se\u00f1al\u00f3 en la entrevista.<\/p>\n<p>Sof\u00eda tambi\u00e9n admiti\u00f3 que el Gobierno ha tenido \u201cdesaciertos\u201d en materia de g\u00e9nero, como el incumplimiento de la paridad en el gabinete ministerial. \u201cCuando se rompi\u00f3 la paridad de g\u00e9nero, fui la primera en dec\u00edrselo. Le dije: \u2018Te tengo en la mira\u2019. Aunque intenta justificar sus decisiones, yo le dejo claro que no es aceptable\u201d, explic\u00f3.<\/p>\n<p>La hija del mandatario subray\u00f3 que sus conversaciones con \u00e9l sobre estos temas son constantes y abiertas. Asegur\u00f3 que, aunque el presidente est\u00e1 aprendiendo, todav\u00eda le faltan cosas por entender sobre los cambios que demanda esta generaci\u00f3n. \u201cS\u00e9 que a muchas personas esto les decepcionar\u00e1 porque quisieran que \u00e9l ya tuviera claras muchas cosas, pero lo cierto es que hay aprendizajes que ya ha hecho y otros que probablemente no lograr\u00e1\u201d, afirm\u00f3.<\/p>\n<p>Sof\u00eda Petro concluy\u00f3 que su intenci\u00f3n no es solo criticar, sino contribuir al cambio desde su perspectiva. Reconoci\u00f3 los avances del Gobierno en algunos aspectos, pero insisti\u00f3 en que se debe ser m\u00e1s consecuente en el rechazo a cualquier forma de violencia de g\u00e9nero, especialmente desde las altas esferas del poder.<\/p>\n","protected":false},"excerpt":{"rendered":"<p>Sof\u00eda Petro, hija del presidente Gustavo Petro, expres\u00f3 su desacuerdo con algunos de los recientes nombramientos realizados por su padre, entre ellos Diego Cancino, Armando Benedetti y Daniel Mendoza. Seg\u00fan ella, estos nombramientos han sido criticados por colectivos feministas debido a los se\u00f1alamientos relacionados con violencia contra las mujeres. \u201cCreo que el Gobierno tiene que [&hellip;]<\/p>\n","protected":false},"author":2,"featured_media":79916,"comment_status":"closed","ping_status":"open","sticky":false,"template":"","format":"standard","meta":{"footnotes":""},"categories":[28,32],"tags":[],"class_list":["post-79915","post","type-post","status-publish","format-standard","has-post-thumbnail","hentry","category-actualidad","category-nacional"],"yoast_head":"<!-- This site is optimized with the Yoast SEO plugin v26.6 - https:\/\/yoast.com\/wordpress\/plugins\/seo\/ -->\n<title>La hija del presidente y sus cr\u00edticas al Gobierno -<\/title>\n<meta name=\"robots\" content=\"index, follow, max-snippet:-1, max-image-preview:large, max-video-preview:-1\" \/>\n<link rel=\"canonical\" href=\"https:\/\/luchonoticias.com\/editor\/la-hija-del-presidente-y-sus-criticas-al-gobierno\/\" \/>\n<meta property=\"og:locale\" content=\"es_ES\" \/>\n<meta property=\"og:type\" content=\"article\" \/>\n<meta property=\"og:title\" content=\"La hija del presidente y sus cr\u00edticas al Gobierno -\" \/>\n<meta property=\"og:url\" content=\"https:\/\/luchonoticias.com\/editor\/la-hija-del-presidente-y-sus-criticas-al-gobierno\/\" \/>\n<meta property=\"article:publisher\" content=\"https:\/\/www.facebook.com\/luchonoticiasneiva\" \/>\n<meta property=\"article:published_time\" content=\"2024-12-18T22:16:48+00:00\" \/>\n<meta property=\"og:image\" content=\"https:\/\/luchonoticias.com\/editor\/wp-content\/uploads\/2024\/12\/sofia-petro.jpg\" \/>\n\t<meta property=\"og:image:width\" content=\"700\" \/>\n\t<meta property=\"og:image:height\" content=\"400\" \/>\n\t<meta property=\"og:image:type\" content=\"image\/jpeg\" \/>\n<meta name=\"author\" content=\"Editor General\" \/>\n<meta name=\"twitter:card\" content=\"summary_large_image\" \/>\n<meta name=\"twitter:label1\" content=\"Escrito por\" \/>\n\t<meta name=\"twitter:data1\" content=\"Editor General\" \/>\n\t<meta name=\"twitter:label2\" content=\"Tiempo de lectura\" \/>\n\t<meta name=\"twitter:data2\" content=\"2 minutos\" \/>\n<script type=\"application\/ld+json\" class=\"yoast-schema-graph\">{\"@context\":\"https:\/\/schema.org\",\"@graph\":[{\"@type\":\"Article\",\"@id\":\"https:\/\/luchonoticias.com\/editor\/la-hija-del-presidente-y-sus-criticas-al-gobierno\/#article\",\"isPartOf\":{\"@id\":\"https:\/\/luchonoticias.com\/editor\/la-hija-del-presidente-y-sus-criticas-al-gobierno\/\"},\"author\":{\"name\":\"Editor General\",\"@id\":\"https:\/\/luchonoticias.com\/editor\/#\/schema\/person\/29217990ddf6f14e35912b2866d591fb\"},\"headline\":\"La hija del presidente y sus cr\u00edticas al Gobierno\",\"datePublished\":\"2024-12-18T22:16:48+00:00\",\"mainEntityOfPage\":{\"@id\":\"https:\/\/luchonoticias.com\/editor\/la-hija-del-presidente-y-sus-criticas-al-gobierno\/\"},\"wordCount\":340,\"publisher\":{\"@id\":\"https:\/\/luchonoticias.com\/editor\/#\/schema\/person\/7a7fd911f58561fd056dbac7b55af9cd\"},\"image\":{\"@id\":\"https:\/\/luchonoticias.com\/editor\/la-hija-del-presidente-y-sus-criticas-al-gobierno\/#primaryimage\"},\"thumbnailUrl\":\"https:\/\/luchonoticias.com\/editor\/wp-content\/uploads\/2024\/12\/sofia-petro.jpg\",\"articleSection\":[\"Actualidad\",\"Nacional\"],\"inLanguage\":\"es\"},{\"@type\":\"WebPage\",\"@id\":\"https:\/\/luchonoticias.com\/editor\/la-hija-del-presidente-y-sus-criticas-al-gobierno\/\",\"url\":\"https:\/\/luchonoticias.com\/editor\/la-hija-del-presidente-y-sus-criticas-al-gobierno\/\",\"name\":\"La hija del presidente y sus cr\u00edticas al Gobierno -\",\"isPartOf\":{\"@id\":\"https:\/\/luchonoticias.com\/editor\/#website\"},\"primaryImageOfPage\":{\"@id\":\"https:\/\/luchonoticias.com\/editor\/la-hija-del-presidente-y-sus-criticas-al-gobierno\/#primaryimage\"},\"image\":{\"@id\":\"https:\/\/luchonoticias.com\/editor\/la-hija-del-presidente-y-sus-criticas-al-gobierno\/#primaryimage\"},\"thumbnailUrl\":\"https:\/\/luchonoticias.com\/editor\/wp-content\/uploads\/2024\/12\/sofia-petro.jpg\",\"datePublished\":\"2024-12-18T22:16:48+00:00\",\"breadcrumb\":{\"@id\":\"https:\/\/luchonoticias.com\/editor\/la-hija-del-presidente-y-sus-criticas-al-gobierno\/#breadcrumb\"},\"inLanguage\":\"es\",\"potentialAction\":[{\"@type\":\"ReadAction\",\"target\":[\"https:\/\/luchonoticias.com\/editor\/la-hija-del-presidente-y-sus-criticas-al-gobierno\/\"]}]},{\"@type\":\"ImageObject\",\"inLanguage\":\"es\",\"@id\":\"https:\/\/luchonoticias.com\/editor\/la-hija-del-presidente-y-sus-criticas-al-gobierno\/#primaryimage\",\"url\":\"https:\/\/luchonoticias.com\/editor\/wp-content\/uploads\/2024\/12\/sofia-petro.jpg\",\"contentUrl\":\"https:\/\/luchonoticias.com\/editor\/wp-content\/uploads\/2024\/12\/sofia-petro.jpg\",\"width\":700,\"height\":400},{\"@type\":\"BreadcrumbList\",\"@id\":\"https:\/\/luchonoticias.com\/editor\/la-hija-del-presidente-y-sus-criticas-al-gobierno\/#breadcrumb\",\"itemListElement\":[{\"@type\":\"ListItem\",\"position\":1,\"name\":\"Portada\",\"item\":\"https:\/\/luchonoticias.com\/editor\/\"},{\"@type\":\"ListItem\",\"position\":2,\"name\":\"La hija del presidente y sus cr\u00edticas al Gobierno\"}]},{\"@type\":\"WebSite\",\"@id\":\"https:\/\/luchonoticias.com\/editor\/#website\",\"url\":\"https:\/\/luchonoticias.com\/editor\/\",\"name\":\"\",\"description\":\"\",\"publisher\":{\"@id\":\"https:\/\/luchonoticias.com\/editor\/#\/schema\/person\/7a7fd911f58561fd056dbac7b55af9cd\"},\"potentialAction\":[{\"@type\":\"SearchAction\",\"target\":{\"@type\":\"EntryPoint\",\"urlTemplate\":\"https:\/\/luchonoticias.com\/editor\/?s={search_term_string}\"},\"query-input\":{\"@type\":\"PropertyValueSpecification\",\"valueRequired\":true,\"valueName\":\"search_term_string\"}}],\"inLanguage\":\"es\"},{\"@type\":[\"Person\",\"Organization\"],\"@id\":\"https:\/\/luchonoticias.com\/editor\/#\/schema\/person\/7a7fd911f58561fd056dbac7b55af9cd\",\"name\":\"admin\",\"image\":{\"@type\":\"ImageObject\",\"inLanguage\":\"es\",\"@id\":\"https:\/\/luchonoticias.com\/editor\/#\/schema\/person\/image\/\",\"url\":\"https:\/\/luchonoticias.com\/editor\/wp-content\/uploads\/2024\/02\/cropped-cropped-logolu.webp\",\"contentUrl\":\"https:\/\/luchonoticias.com\/editor\/wp-content\/uploads\/2024\/02\/cropped-cropped-logolu.webp\",\"width\":382,\"height\":170,\"caption\":\"admin\"},\"logo\":{\"@id\":\"https:\/\/luchonoticias.com\/editor\/#\/schema\/person\/image\/\"},\"sameAs\":[\"https:\/\/www.facebook.com\/luchonoticiasneiva\"]},{\"@type\":\"Person\",\"@id\":\"https:\/\/luchonoticias.com\/editor\/#\/schema\/person\/29217990ddf6f14e35912b2866d591fb\",\"name\":\"Editor General\",\"image\":{\"@type\":\"ImageObject\",\"inLanguage\":\"es\",\"@id\":\"https:\/\/luchonoticias.com\/editor\/#\/schema\/person\/image\/\",\"url\":\"https:\/\/luchonoticias.com\/editor\/wp-content\/uploads\/2024\/02\/cropped-cropped-logolu-150x150.webp\",\"contentUrl\":\"https:\/\/luchonoticias.com\/editor\/wp-content\/uploads\/2024\/02\/cropped-cropped-logolu-150x150.webp\",\"caption\":\"Editor General\"},\"sameAs\":[\"https:\/\/luchonoticias.com\/\"],\"url\":\"https:\/\/luchonoticias.com\/editor\/author\/editor-general\/\"}]}<\/script>\n<!-- \/ Yoast SEO plugin. -->","yoast_head_json":{"title":"La hija del presidente y sus cr\u00edticas al Gobierno -","robots":{"index":"index","follow":"follow","max-snippet":"max-snippet:-1","max-image-preview":"max-image-preview:large","max-video-preview":"max-video-preview:-1"},"canonical":"https:\/\/luchonoticias.com\/editor\/la-hija-del-presidente-y-sus-criticas-al-gobierno\/","og_locale":"es_ES","og_type":"article","og_title":"La hija del presidente y sus cr\u00edticas al Gobierno -","og_url":"https:\/\/luchonoticias.com\/editor\/la-hija-del-presidente-y-sus-criticas-al-gobierno\/","article_publisher":"https:\/\/www.facebook.com\/luchonoticiasneiva","article_published_time":"2024-12-18T22:16:48+00:00","og_image":[{"width":700,"height":400,"url":"https:\/\/luchonoticias.com\/editor\/wp-content\/uploads\/2024\/12\/sofia-petro.jpg","type":"image\/jpeg"}],"author":"Editor General","twitter_card":"summary_large_image","twitter_misc":{"Escrito por":"Editor General","Tiempo de lectura":"2 minutos"},"schema":{"@context":"https:\/\/schema.org","@graph":[{"@type":"Article","@id":"https:\/\/luchonoticias.com\/editor\/la-hija-del-presidente-y-sus-criticas-al-gobierno\/#article","isPartOf":{"@id":"https:\/\/luchonoticias.com\/editor\/la-hija-del-presidente-y-sus-criticas-al-gobierno\/"},"author":{"name":"Editor General","@id":"https:\/\/luchonoticias.com\/editor\/#\/schema\/person\/29217990ddf6f14e35912b2866d591fb"},"headline":"La hija del presidente y sus cr\u00edticas al Gobierno","datePublished":"2024-12-18T22:16:48+00:00","mainEntityOfPage":{"@id":"https:\/\/luchonoticias.com\/editor\/la-hija-del-presidente-y-sus-criticas-al-gobierno\/"},"wordCount":340,"publisher":{"@id":"https:\/\/luchonoticias.com\/editor\/#\/schema\/person\/7a7fd911f58561fd056dbac7b55af9cd"},"image":{"@id":"https:\/\/luchonoticias.com\/editor\/la-hija-del-presidente-y-sus-criticas-al-gobierno\/#primaryimage"},"thumbnailUrl":"https:\/\/luchonoticias.com\/editor\/wp-content\/uploads\/2024\/12\/sofia-petro.jpg","articleSection":["Actualidad","Nacional"],"inLanguage":"es"},{"@type":"WebPage","@id":"https:\/\/luchonoticias.com\/editor\/la-hija-del-presidente-y-sus-criticas-al-gobierno\/","url":"https:\/\/luchonoticias.com\/editor\/la-hija-del-presidente-y-sus-criticas-al-gobierno\/","name":"La hija del presidente y sus cr\u00edticas al Gobierno -","isPartOf":{"@id":"https:\/\/luchonoticias.com\/editor\/#website"},"primaryImageOfPage":{"@id":"https:\/\/luchonoticias.com\/editor\/la-hija-del-presidente-y-sus-criticas-al-gobierno\/#primaryimage"},"image":{"@id":"https:\/\/luchonoticias.com\/editor\/la-hija-del-presidente-y-sus-criticas-al-gobierno\/#primaryimage"},"thumbnailUrl":"https:\/\/luchonoticias.com\/editor\/wp-content\/uploads\/2024\/12\/sofia-petro.jpg","datePublished":"2024-12-18T22:16:48+00:00","breadcrumb":{"@id":"https:\/\/luchonoticias.com\/editor\/la-hija-del-presidente-y-sus-criticas-al-gobierno\/#breadcrumb"},"inLanguage":"es","potentialAction":[{"@type":"ReadAction","target":["https:\/\/luchonoticias.com\/editor\/la-hija-del-presidente-y-sus-criticas-al-gobierno\/"]}]},{"@type":"ImageObject","inLanguage":"es","@id":"https:\/\/luchonoticias.com\/editor\/la-hija-del-presidente-y-sus-criticas-al-gobierno\/#primaryimage","url":"https:\/\/luchonoticias.com\/editor\/wp-content\/uploads\/2024\/12\/sofia-petro.jpg","contentUrl":"https:\/\/luchonoticias.com\/editor\/wp-content\/uploads\/2024\/12\/sofia-petro.jpg","width":700,"height":400},{"@type":"BreadcrumbList","@id":"https:\/\/luchonoticias.com\/editor\/la-hija-del-presidente-y-sus-criticas-al-gobierno\/#breadcrumb","itemListElement":[{"@type":"ListItem","position":1,"name":"Portada","item":"https:\/\/luchonoticias.com\/editor\/"},{"@type":"ListItem","position":2,"name":"La hija del presidente y sus cr\u00edticas al Gobierno"}]},{"@type":"WebSite","@id":"https:\/\/luchonoticias.com\/editor\/#website","url":"https:\/\/luchonoticias.com\/editor\/","name":"","description":"","publisher":{"@id":"https:\/\/luchonoticias.com\/editor\/#\/schema\/person\/7a7fd911f58561fd056dbac7b55af9cd"},"potentialAction":[{"@type":"SearchAction","target":{"@type":"EntryPoint","urlTemplate":"https:\/\/luchonoticias.com\/editor\/?s={search_term_string}"},"query-input":{"@type":"PropertyValueSpecification","valueRequired":true,"valueName":"search_term_string"}}],"inLanguage":"es"},{"@type":["Person","Organization"],"@id":"https:\/\/luchonoticias.com\/editor\/#\/schema\/person\/7a7fd911f58561fd056dbac7b55af9cd","name":"admin","image":{"@type":"ImageObject","inLanguage":"es","@id":"https:\/\/luchonoticias.com\/editor\/#\/schema\/person\/image\/","url":"https:\/\/luchonoticias.com\/editor\/wp-content\/uploads\/2024\/02\/cropped-cropped-logolu.webp","contentUrl":"https:\/\/luchonoticias.com\/editor\/wp-content\/uploads\/2024\/02\/cropped-cropped-logolu.webp","width":382,"height":170,"caption":"admin"},"logo":{"@id":"https:\/\/luchonoticias.com\/editor\/#\/schema\/person\/image\/"},"sameAs":["https:\/\/www.facebook.com\/luchonoticiasneiva"]},{"@type":"Person","@id":"https:\/\/luchonoticias.com\/editor\/#\/schema\/person\/29217990ddf6f14e35912b2866d591fb","name":"Editor General","image":{"@type":"ImageObject","inLanguage":"es","@id":"https:\/\/luchonoticias.com\/editor\/#\/schema\/person\/image\/","url":"https:\/\/luchonoticias.com\/editor\/wp-content\/uploads\/2024\/02\/cropped-cropped-logolu-150x150.webp","contentUrl":"https:\/\/luchonoticias.com\/editor\/wp-content\/uploads\/2024\/02\/cropped-cropped-logolu-150x150.webp","caption":"Editor General"},"sameAs":["https:\/\/luchonoticias.com\/"],"url":"https:\/\/luchonoticias.com\/editor\/author\/editor-general\/"}]}},"_links":{"self":[{"href":"https:\/\/luchonoticias.com\/editor\/wp-json\/wp\/v2\/posts\/79915","targetHints":{"allow":["GET"]}}],"collection":[{"href":"https:\/\/luchonoticias.com\/editor\/wp-json\/wp\/v2\/posts"}],"about":[{"href":"https:\/\/luchonoticias.com\/editor\/wp-json\/wp\/v2\/types\/post"}],"author":[{"embeddable":true,"href":"https:\/\/luchonoticias.com\/editor\/wp-json\/wp\/v2\/users\/2"}],"replies":[{"embeddable":true,"href":"https:\/\/luchonoticias.com\/editor\/wp-json\/wp\/v2\/comments?post=79915"}],"version-history":[{"count":1,"href":"https:\/\/luchonoticias.com\/editor\/wp-json\/wp\/v2\/posts\/79915\/revisions"}],"predecessor-version":[{"id":79917,"href":"https:\/\/luchonoticias.com\/editor\/wp-json\/wp\/v2\/posts\/79915\/revisions\/79917"}],"wp:featuredmedia":[{"embeddable":true,"href":"https:\/\/luchonoticias.com\/editor\/wp-json\/wp\/v2\/media\/79916"}],"wp:attachment":[{"href":"https:\/\/luchonoticias.com\/editor\/wp-json\/wp\/v2\/media?parent=79915"}],"wp:term":[{"taxonomy":"category","embeddable":true,"href":"https:\/\/luchonoticias.com\/editor\/wp-json\/wp\/v2\/categories?post=79915"},{"taxonomy":"post_tag","embeddable":true,"href":"https:\/\/luchonoticias.com\/editor\/wp-json\/wp\/v2\/tags?post=79915"}],"curies":[{"name":"wp","href":"https:\/\/api.w.org\/{rel}","templated":true}]}}