{"id":80129,"date":"2024-12-23T16:07:31","date_gmt":"2024-12-23T21:07:31","guid":{"rendered":"https:\/\/luchonoticias.com\/?p=80129"},"modified":"2024-12-23T16:07:32","modified_gmt":"2024-12-23T21:07:32","slug":"fin-de-las-caravanas-navidenas","status":"publish","type":"post","link":"https:\/\/luchonoticias.com\/editor\/fin-de-las-caravanas-navidenas\/","title":{"rendered":"Fin de las caravanas navide\u00f1as"},"content":{"rendered":"\n<figure class=\"wp-block-image size-full\"><img loading=\"lazy\" decoding=\"async\" width=\"700\" height=\"400\" src=\"https:\/\/luchonoticias.com\/wp-content\/uploads\/2024\/12\/navidad.jpg\" alt=\"\" class=\"wp-image-80130\" srcset=\"https:\/\/luchonoticias.com\/editor\/wp-content\/uploads\/2024\/12\/navidad.jpg 700w, https:\/\/luchonoticias.com\/editor\/wp-content\/uploads\/2024\/12\/navidad-300x171.jpg 300w\" sizes=\"auto, (max-width: 700px) 100vw, 700px\" \/><\/figure>\n\n\n\n<p>La caravana navide\u00f1a \u00abHuila Grande Brilla en Navidad\u00bb finaliz\u00f3 en el corregimiento La Ulloa, municipio de Rivera, donde ni\u00f1os y ni\u00f1as disfrutaron de m\u00fasica, baile y alegr\u00eda. Este cierre incluy\u00f3 un homenaje al centenario de la novela&nbsp;<em>La Vor\u00e1gine<\/em>&nbsp;de Jos\u00e9 Eustasio Rivera, destacando la relevancia cultural y literaria del autor huilense.<\/p>\n\n\n\n<p>Durante su recorrido, la caravana visit\u00f3 nueve municipios del departamento, entre ellos Saladoblanco, Oporapa, Guadalupe, Altamira y Rivera, llevando m\u00e1s de 10 mil regalos y momentos de felicidad a las comunidades. Esta iniciativa forma parte del compromiso del gobierno departamental \u00abHuila Grande\u00bb de llegar a todos los rincones del departamento durante su gesti\u00f3n.<\/p>\n\n\n\n<p>El gobernador Rodrigo Villalba Mosquera resalt\u00f3 la importancia de incluir a Rivera en esta celebraci\u00f3n: \u201cEs un homenaje al municipio que tanto tiene que ver con el cantor del t\u00f3pico Jos\u00e9 Eustasio Rivera\u201d. Adem\u00e1s, esta estrategia liderada por la gestora social \u00c1ngela Parra, no solo entreg\u00f3 regalos, sino tambi\u00e9n un mensaje de paz, unidad y esperanza.<\/p>\n\n\n\n<p>Cinco dependencias de la Gobernaci\u00f3n participaron activamente. La Secretar\u00eda de Desarrollo Econ\u00f3mico promovi\u00f3 las campa\u00f1as \u201cYo compro en mi Huila Grande\u201d y \u201cHuila Grande, destino de todos\u201d. La Secretar\u00eda de Gobierno difundi\u00f3 mensajes sobre seguridad e infancia libre de violencia, mientras la Secretar\u00eda de la Mujer trabaj\u00f3 en prevenci\u00f3n del trabajo infantil. La Secretar\u00eda de Cultura incentiv\u00f3 el arte a trav\u00e9s de las escuelas de formaci\u00f3n art\u00edstica, y la Secretar\u00eda de Salud hizo un llamado a prevenir el uso de p\u00f3lvora.<\/p>\n\n\n\n<p>La caravana \u00abHuila Grande Brilla en Navidad\u00bb dej\u00f3 una huella de alegr\u00eda y solidaridad, iluminando los corazones de las comunidades huilenses y fortaleciendo los lazos familiares durante la temporada navide\u00f1a.<\/p>\n\n\n\n<p><\/p>\n","protected":false},"excerpt":{"rendered":"<p>La caravana navide\u00f1a \u00abHuila Grande Brilla en Navidad\u00bb finaliz\u00f3 en el corregimiento La Ulloa, municipio de Rivera, donde ni\u00f1os y ni\u00f1as disfrutaron de m\u00fasica, baile y alegr\u00eda. Este cierre incluy\u00f3 un homenaje al centenario de la novela&nbsp;La Vor\u00e1gine&nbsp;de Jos\u00e9 Eustasio Rivera, destacando la relevancia cultural y literaria del autor huilense. Durante su recorrido, la caravana [&hellip;]<\/p>\n","protected":false},"author":2,"featured_media":80130,"comment_status":"closed","ping_status":"open","sticky":false,"template":"","format":"standard","meta":{"footnotes":""},"categories":[33],"tags":[],"class_list":["post-80129","post","type-post","status-publish","format-standard","has-post-thumbnail","hentry","category-huila"],"yoast_head":"<!-- This site is optimized with the Yoast SEO plugin v26.6 - https:\/\/yoast.com\/wordpress\/plugins\/seo\/ -->\n<title>Fin de las caravanas navide\u00f1as -<\/title>\n<meta name=\"robots\" content=\"index, follow, max-snippet:-1, max-image-preview:large, max-video-preview:-1\" \/>\n<link rel=\"canonical\" href=\"https:\/\/luchonoticias.com\/editor\/fin-de-las-caravanas-navidenas\/\" \/>\n<meta property=\"og:locale\" content=\"es_ES\" \/>\n<meta property=\"og:type\" content=\"article\" \/>\n<meta property=\"og:title\" content=\"Fin de las caravanas navide\u00f1as -\" \/>\n<meta property=\"og:url\" content=\"https:\/\/luchonoticias.com\/editor\/fin-de-las-caravanas-navidenas\/\" \/>\n<meta property=\"article:publisher\" content=\"https:\/\/www.facebook.com\/luchonoticiasneiva\" \/>\n<meta property=\"article:published_time\" content=\"2024-12-23T21:07:31+00:00\" \/>\n<meta property=\"article:modified_time\" content=\"2024-12-23T21:07:32+00:00\" \/>\n<meta property=\"og:image\" content=\"https:\/\/luchonoticias.com\/editor\/wp-content\/uploads\/2024\/12\/navidad.jpg\" \/>\n\t<meta property=\"og:image:width\" content=\"700\" \/>\n\t<meta property=\"og:image:height\" content=\"400\" \/>\n\t<meta property=\"og:image:type\" content=\"image\/jpeg\" \/>\n<meta name=\"author\" content=\"Editor General\" \/>\n<meta name=\"twitter:card\" content=\"summary_large_image\" \/>\n<meta name=\"twitter:label1\" content=\"Escrito por\" \/>\n\t<meta name=\"twitter:data1\" content=\"Editor General\" \/>\n\t<meta name=\"twitter:label2\" content=\"Tiempo de lectura\" \/>\n\t<meta name=\"twitter:data2\" content=\"2 minutos\" \/>\n<script type=\"application\/ld+json\" class=\"yoast-schema-graph\">{\"@context\":\"https:\/\/schema.org\",\"@graph\":[{\"@type\":\"Article\",\"@id\":\"https:\/\/luchonoticias.com\/editor\/fin-de-las-caravanas-navidenas\/#article\",\"isPartOf\":{\"@id\":\"https:\/\/luchonoticias.com\/editor\/fin-de-las-caravanas-navidenas\/\"},\"author\":{\"name\":\"Editor General\",\"@id\":\"https:\/\/luchonoticias.com\/editor\/#\/schema\/person\/29217990ddf6f14e35912b2866d591fb\"},\"headline\":\"Fin de las caravanas navide\u00f1as\",\"datePublished\":\"2024-12-23T21:07:31+00:00\",\"dateModified\":\"2024-12-23T21:07:32+00:00\",\"mainEntityOfPage\":{\"@id\":\"https:\/\/luchonoticias.com\/editor\/fin-de-las-caravanas-navidenas\/\"},\"wordCount\":306,\"publisher\":{\"@id\":\"https:\/\/luchonoticias.com\/editor\/#\/schema\/person\/7a7fd911f58561fd056dbac7b55af9cd\"},\"image\":{\"@id\":\"https:\/\/luchonoticias.com\/editor\/fin-de-las-caravanas-navidenas\/#primaryimage\"},\"thumbnailUrl\":\"https:\/\/luchonoticias.com\/editor\/wp-content\/uploads\/2024\/12\/navidad.jpg\",\"articleSection\":[\"Huila\"],\"inLanguage\":\"es\"},{\"@type\":\"WebPage\",\"@id\":\"https:\/\/luchonoticias.com\/editor\/fin-de-las-caravanas-navidenas\/\",\"url\":\"https:\/\/luchonoticias.com\/editor\/fin-de-las-caravanas-navidenas\/\",\"name\":\"Fin de las caravanas navide\u00f1as -\",\"isPartOf\":{\"@id\":\"https:\/\/luchonoticias.com\/editor\/#website\"},\"primaryImageOfPage\":{\"@id\":\"https:\/\/luchonoticias.com\/editor\/fin-de-las-caravanas-navidenas\/#primaryimage\"},\"image\":{\"@id\":\"https:\/\/luchonoticias.com\/editor\/fin-de-las-caravanas-navidenas\/#primaryimage\"},\"thumbnailUrl\":\"https:\/\/luchonoticias.com\/editor\/wp-content\/uploads\/2024\/12\/navidad.jpg\",\"datePublished\":\"2024-12-23T21:07:31+00:00\",\"dateModified\":\"2024-12-23T21:07:32+00:00\",\"breadcrumb\":{\"@id\":\"https:\/\/luchonoticias.com\/editor\/fin-de-las-caravanas-navidenas\/#breadcrumb\"},\"inLanguage\":\"es\",\"potentialAction\":[{\"@type\":\"ReadAction\",\"target\":[\"https:\/\/luchonoticias.com\/editor\/fin-de-las-caravanas-navidenas\/\"]}]},{\"@type\":\"ImageObject\",\"inLanguage\":\"es\",\"@id\":\"https:\/\/luchonoticias.com\/editor\/fin-de-las-caravanas-navidenas\/#primaryimage\",\"url\":\"https:\/\/luchonoticias.com\/editor\/wp-content\/uploads\/2024\/12\/navidad.jpg\",\"contentUrl\":\"https:\/\/luchonoticias.com\/editor\/wp-content\/uploads\/2024\/12\/navidad.jpg\",\"width\":700,\"height\":400},{\"@type\":\"BreadcrumbList\",\"@id\":\"https:\/\/luchonoticias.com\/editor\/fin-de-las-caravanas-navidenas\/#breadcrumb\",\"itemListElement\":[{\"@type\":\"ListItem\",\"position\":1,\"name\":\"Portada\",\"item\":\"https:\/\/luchonoticias.com\/editor\/\"},{\"@type\":\"ListItem\",\"position\":2,\"name\":\"Fin de las caravanas navide\u00f1as\"}]},{\"@type\":\"WebSite\",\"@id\":\"https:\/\/luchonoticias.com\/editor\/#website\",\"url\":\"https:\/\/luchonoticias.com\/editor\/\",\"name\":\"\",\"description\":\"\",\"publisher\":{\"@id\":\"https:\/\/luchonoticias.com\/editor\/#\/schema\/person\/7a7fd911f58561fd056dbac7b55af9cd\"},\"potentialAction\":[{\"@type\":\"SearchAction\",\"target\":{\"@type\":\"EntryPoint\",\"urlTemplate\":\"https:\/\/luchonoticias.com\/editor\/?s={search_term_string}\"},\"query-input\":{\"@type\":\"PropertyValueSpecification\",\"valueRequired\":true,\"valueName\":\"search_term_string\"}}],\"inLanguage\":\"es\"},{\"@type\":[\"Person\",\"Organization\"],\"@id\":\"https:\/\/luchonoticias.com\/editor\/#\/schema\/person\/7a7fd911f58561fd056dbac7b55af9cd\",\"name\":\"admin\",\"image\":{\"@type\":\"ImageObject\",\"inLanguage\":\"es\",\"@id\":\"https:\/\/luchonoticias.com\/editor\/#\/schema\/person\/image\/\",\"url\":\"https:\/\/luchonoticias.com\/editor\/wp-content\/uploads\/2024\/02\/cropped-cropped-logolu.webp\",\"contentUrl\":\"https:\/\/luchonoticias.com\/editor\/wp-content\/uploads\/2024\/02\/cropped-cropped-logolu.webp\",\"width\":382,\"height\":170,\"caption\":\"admin\"},\"logo\":{\"@id\":\"https:\/\/luchonoticias.com\/editor\/#\/schema\/person\/image\/\"},\"sameAs\":[\"https:\/\/www.facebook.com\/luchonoticiasneiva\"]},{\"@type\":\"Person\",\"@id\":\"https:\/\/luchonoticias.com\/editor\/#\/schema\/person\/29217990ddf6f14e35912b2866d591fb\",\"name\":\"Editor General\",\"image\":{\"@type\":\"ImageObject\",\"inLanguage\":\"es\",\"@id\":\"https:\/\/luchonoticias.com\/editor\/#\/schema\/person\/image\/\",\"url\":\"https:\/\/luchonoticias.com\/editor\/wp-content\/uploads\/2024\/02\/cropped-cropped-logolu-150x150.webp\",\"contentUrl\":\"https:\/\/luchonoticias.com\/editor\/wp-content\/uploads\/2024\/02\/cropped-cropped-logolu-150x150.webp\",\"caption\":\"Editor General\"},\"sameAs\":[\"https:\/\/luchonoticias.com\/\"],\"url\":\"https:\/\/luchonoticias.com\/editor\/author\/editor-general\/\"}]}<\/script>\n<!-- \/ Yoast SEO plugin. -->","yoast_head_json":{"title":"Fin de las caravanas navide\u00f1as -","robots":{"index":"index","follow":"follow","max-snippet":"max-snippet:-1","max-image-preview":"max-image-preview:large","max-video-preview":"max-video-preview:-1"},"canonical":"https:\/\/luchonoticias.com\/editor\/fin-de-las-caravanas-navidenas\/","og_locale":"es_ES","og_type":"article","og_title":"Fin de las caravanas navide\u00f1as -","og_url":"https:\/\/luchonoticias.com\/editor\/fin-de-las-caravanas-navidenas\/","article_publisher":"https:\/\/www.facebook.com\/luchonoticiasneiva","article_published_time":"2024-12-23T21:07:31+00:00","article_modified_time":"2024-12-23T21:07:32+00:00","og_image":[{"width":700,"height":400,"url":"https:\/\/luchonoticias.com\/editor\/wp-content\/uploads\/2024\/12\/navidad.jpg","type":"image\/jpeg"}],"author":"Editor General","twitter_card":"summary_large_image","twitter_misc":{"Escrito por":"Editor General","Tiempo de lectura":"2 minutos"},"schema":{"@context":"https:\/\/schema.org","@graph":[{"@type":"Article","@id":"https:\/\/luchonoticias.com\/editor\/fin-de-las-caravanas-navidenas\/#article","isPartOf":{"@id":"https:\/\/luchonoticias.com\/editor\/fin-de-las-caravanas-navidenas\/"},"author":{"name":"Editor General","@id":"https:\/\/luchonoticias.com\/editor\/#\/schema\/person\/29217990ddf6f14e35912b2866d591fb"},"headline":"Fin de las caravanas navide\u00f1as","datePublished":"2024-12-23T21:07:31+00:00","dateModified":"2024-12-23T21:07:32+00:00","mainEntityOfPage":{"@id":"https:\/\/luchonoticias.com\/editor\/fin-de-las-caravanas-navidenas\/"},"wordCount":306,"publisher":{"@id":"https:\/\/luchonoticias.com\/editor\/#\/schema\/person\/7a7fd911f58561fd056dbac7b55af9cd"},"image":{"@id":"https:\/\/luchonoticias.com\/editor\/fin-de-las-caravanas-navidenas\/#primaryimage"},"thumbnailUrl":"https:\/\/luchonoticias.com\/editor\/wp-content\/uploads\/2024\/12\/navidad.jpg","articleSection":["Huila"],"inLanguage":"es"},{"@type":"WebPage","@id":"https:\/\/luchonoticias.com\/editor\/fin-de-las-caravanas-navidenas\/","url":"https:\/\/luchonoticias.com\/editor\/fin-de-las-caravanas-navidenas\/","name":"Fin de las caravanas navide\u00f1as -","isPartOf":{"@id":"https:\/\/luchonoticias.com\/editor\/#website"},"primaryImageOfPage":{"@id":"https:\/\/luchonoticias.com\/editor\/fin-de-las-caravanas-navidenas\/#primaryimage"},"image":{"@id":"https:\/\/luchonoticias.com\/editor\/fin-de-las-caravanas-navidenas\/#primaryimage"},"thumbnailUrl":"https:\/\/luchonoticias.com\/editor\/wp-content\/uploads\/2024\/12\/navidad.jpg","datePublished":"2024-12-23T21:07:31+00:00","dateModified":"2024-12-23T21:07:32+00:00","breadcrumb":{"@id":"https:\/\/luchonoticias.com\/editor\/fin-de-las-caravanas-navidenas\/#breadcrumb"},"inLanguage":"es","potentialAction":[{"@type":"ReadAction","target":["https:\/\/luchonoticias.com\/editor\/fin-de-las-caravanas-navidenas\/"]}]},{"@type":"ImageObject","inLanguage":"es","@id":"https:\/\/luchonoticias.com\/editor\/fin-de-las-caravanas-navidenas\/#primaryimage","url":"https:\/\/luchonoticias.com\/editor\/wp-content\/uploads\/2024\/12\/navidad.jpg","contentUrl":"https:\/\/luchonoticias.com\/editor\/wp-content\/uploads\/2024\/12\/navidad.jpg","width":700,"height":400},{"@type":"BreadcrumbList","@id":"https:\/\/luchonoticias.com\/editor\/fin-de-las-caravanas-navidenas\/#breadcrumb","itemListElement":[{"@type":"ListItem","position":1,"name":"Portada","item":"https:\/\/luchonoticias.com\/editor\/"},{"@type":"ListItem","position":2,"name":"Fin de las caravanas navide\u00f1as"}]},{"@type":"WebSite","@id":"https:\/\/luchonoticias.com\/editor\/#website","url":"https:\/\/luchonoticias.com\/editor\/","name":"","description":"","publisher":{"@id":"https:\/\/luchonoticias.com\/editor\/#\/schema\/person\/7a7fd911f58561fd056dbac7b55af9cd"},"potentialAction":[{"@type":"SearchAction","target":{"@type":"EntryPoint","urlTemplate":"https:\/\/luchonoticias.com\/editor\/?s={search_term_string}"},"query-input":{"@type":"PropertyValueSpecification","valueRequired":true,"valueName":"search_term_string"}}],"inLanguage":"es"},{"@type":["Person","Organization"],"@id":"https:\/\/luchonoticias.com\/editor\/#\/schema\/person\/7a7fd911f58561fd056dbac7b55af9cd","name":"admin","image":{"@type":"ImageObject","inLanguage":"es","@id":"https:\/\/luchonoticias.com\/editor\/#\/schema\/person\/image\/","url":"https:\/\/luchonoticias.com\/editor\/wp-content\/uploads\/2024\/02\/cropped-cropped-logolu.webp","contentUrl":"https:\/\/luchonoticias.com\/editor\/wp-content\/uploads\/2024\/02\/cropped-cropped-logolu.webp","width":382,"height":170,"caption":"admin"},"logo":{"@id":"https:\/\/luchonoticias.com\/editor\/#\/schema\/person\/image\/"},"sameAs":["https:\/\/www.facebook.com\/luchonoticiasneiva"]},{"@type":"Person","@id":"https:\/\/luchonoticias.com\/editor\/#\/schema\/person\/29217990ddf6f14e35912b2866d591fb","name":"Editor General","image":{"@type":"ImageObject","inLanguage":"es","@id":"https:\/\/luchonoticias.com\/editor\/#\/schema\/person\/image\/","url":"https:\/\/luchonoticias.com\/editor\/wp-content\/uploads\/2024\/02\/cropped-cropped-logolu-150x150.webp","contentUrl":"https:\/\/luchonoticias.com\/editor\/wp-content\/uploads\/2024\/02\/cropped-cropped-logolu-150x150.webp","caption":"Editor General"},"sameAs":["https:\/\/luchonoticias.com\/"],"url":"https:\/\/luchonoticias.com\/editor\/author\/editor-general\/"}]}},"_links":{"self":[{"href":"https:\/\/luchonoticias.com\/editor\/wp-json\/wp\/v2\/posts\/80129","targetHints":{"allow":["GET"]}}],"collection":[{"href":"https:\/\/luchonoticias.com\/editor\/wp-json\/wp\/v2\/posts"}],"about":[{"href":"https:\/\/luchonoticias.com\/editor\/wp-json\/wp\/v2\/types\/post"}],"author":[{"embeddable":true,"href":"https:\/\/luchonoticias.com\/editor\/wp-json\/wp\/v2\/users\/2"}],"replies":[{"embeddable":true,"href":"https:\/\/luchonoticias.com\/editor\/wp-json\/wp\/v2\/comments?post=80129"}],"version-history":[{"count":1,"href":"https:\/\/luchonoticias.com\/editor\/wp-json\/wp\/v2\/posts\/80129\/revisions"}],"predecessor-version":[{"id":80131,"href":"https:\/\/luchonoticias.com\/editor\/wp-json\/wp\/v2\/posts\/80129\/revisions\/80131"}],"wp:featuredmedia":[{"embeddable":true,"href":"https:\/\/luchonoticias.com\/editor\/wp-json\/wp\/v2\/media\/80130"}],"wp:attachment":[{"href":"https:\/\/luchonoticias.com\/editor\/wp-json\/wp\/v2\/media?parent=80129"}],"wp:term":[{"taxonomy":"category","embeddable":true,"href":"https:\/\/luchonoticias.com\/editor\/wp-json\/wp\/v2\/categories?post=80129"},{"taxonomy":"post_tag","embeddable":true,"href":"https:\/\/luchonoticias.com\/editor\/wp-json\/wp\/v2\/tags?post=80129"}],"curies":[{"name":"wp","href":"https:\/\/api.w.org\/{rel}","templated":true}]}}