{"id":80138,"date":"2024-12-24T05:05:29","date_gmt":"2024-12-24T10:05:29","guid":{"rendered":"https:\/\/luchonoticias.com\/?p=80138"},"modified":"2024-12-24T05:05:31","modified_gmt":"2024-12-24T10:05:31","slug":"nueve-muestras-de-cacao-representaran-a-colombia-en-el-salon-del-chocolate","status":"publish","type":"post","link":"https:\/\/luchonoticias.com\/editor\/nueve-muestras-de-cacao-representaran-a-colombia-en-el-salon-del-chocolate\/","title":{"rendered":"Nueve muestras de cacao representar\u00e1n a Colombia en el Sal\u00f3n del Chocolate"},"content":{"rendered":"\n<figure class=\"wp-block-image size-full\"><img loading=\"lazy\" decoding=\"async\" width=\"700\" height=\"400\" src=\"https:\/\/luchonoticias.com\/wp-content\/uploads\/2024\/12\/cacao.jpg\" alt=\"\" class=\"wp-image-80139\" srcset=\"https:\/\/luchonoticias.com\/editor\/wp-content\/uploads\/2024\/12\/cacao.jpg 700w, https:\/\/luchonoticias.com\/editor\/wp-content\/uploads\/2024\/12\/cacao-300x171.jpg 300w\" sizes=\"auto, (max-width: 700px) 100vw, 700px\" \/><\/figure>\n\n\n\n<p>El Consejo Nacional Cacaotero, liderado por el Ministerio de Agricultura y Desarrollo Rural, seleccion\u00f3 nueve muestras de cacao en grano, siete comerciales y dos experimentales, que representar\u00e1n a Colombia en el programa Cocoa of Excellence 2025. Este evento, parte de los International Cocoa Awards, se llevar\u00e1 a cabo en el Sal\u00f3n del Chocolate en Par\u00eds, donde se celebra la diversidad de sabores del cacao y se reconoce el trabajo de los productores.<\/p>\n\n\n\n<p>Colombia aspira a continuar su destacada participaci\u00f3n en este concurso, donde ya ha obtenido varios reconocimientos internacionales. Para la selecci\u00f3n, se recibieron 59 muestras de cacao en grano provenientes de diversas regiones productoras del pa\u00eds. Estas muestras fueron almacenadas y codificadas cuidadosamente para garantizar una evaluaci\u00f3n f\u00edsica objetiva.<\/p>\n\n\n\n<p>De estas 59 muestras, se preseleccionaron las 38 mejores, que posteriormente pasaron a un an\u00e1lisis sensorial detallado. Este an\u00e1lisis, realizado por expertos en cacao, permiti\u00f3 identificar las nueve muestras m\u00e1s sobresalientes que cumplieron con los criterios establecidos y el cupo asignado a Colombia en el Cocoa of Excellence 2025.<\/p>\n\n\n\n<p>El proceso de evaluaci\u00f3n incluy\u00f3 jueces con competencias t\u00e9cnicas avanzadas, quienes analizaron las caracter\u00edsticas de sabor y aroma distintivas del cacao colombiano. Este enfoque asegura que las muestras seleccionadas representen de manera aut\u00e9ntica la calidad y diversidad del cacao producido en el pa\u00eds.<\/p>\n\n\n\n<p>La participaci\u00f3n en el Cocoa of Excellence 2025 refuerza el compromiso de Colombia con la excelencia en la producci\u00f3n cacaotera y posiciona al pa\u00eds como un referente internacional en la calidad y diversidad de este producto.<\/p>\n\n\n\n<figure class=\"wp-block-image size-full\"><img loading=\"lazy\" decoding=\"async\" width=\"981\" height=\"375\" src=\"https:\/\/luchonoticias.com\/wp-content\/uploads\/2024\/12\/Ganadores-a-participar-Cocoa-Awards-de-2025.jpg\" alt=\"\" class=\"wp-image-80140\" srcset=\"https:\/\/luchonoticias.com\/editor\/wp-content\/uploads\/2024\/12\/Ganadores-a-participar-Cocoa-Awards-de-2025.jpg 981w, https:\/\/luchonoticias.com\/editor\/wp-content\/uploads\/2024\/12\/Ganadores-a-participar-Cocoa-Awards-de-2025-300x115.jpg 300w, https:\/\/luchonoticias.com\/editor\/wp-content\/uploads\/2024\/12\/Ganadores-a-participar-Cocoa-Awards-de-2025-768x294.jpg 768w\" sizes=\"auto, (max-width: 981px) 100vw, 981px\" \/><\/figure>\n","protected":false},"excerpt":{"rendered":"<p>El Consejo Nacional Cacaotero, liderado por el Ministerio de Agricultura y Desarrollo Rural, seleccion\u00f3 nueve muestras de cacao en grano, siete comerciales y dos experimentales, que representar\u00e1n a Colombia en el programa Cocoa of Excellence 2025. Este evento, parte de los International Cocoa Awards, se llevar\u00e1 a cabo en el Sal\u00f3n del Chocolate en Par\u00eds, [&hellip;]<\/p>\n","protected":false},"author":2,"featured_media":80139,"comment_status":"closed","ping_status":"open","sticky":false,"template":"","format":"standard","meta":{"footnotes":""},"categories":[28,32],"tags":[],"class_list":["post-80138","post","type-post","status-publish","format-standard","has-post-thumbnail","hentry","category-actualidad","category-nacional"],"yoast_head":"<!-- This site is optimized with the Yoast SEO plugin v26.6 - https:\/\/yoast.com\/wordpress\/plugins\/seo\/ -->\n<title>Nueve muestras de cacao representar\u00e1n a Colombia en el Sal\u00f3n del Chocolate -<\/title>\n<meta name=\"robots\" content=\"index, follow, max-snippet:-1, max-image-preview:large, max-video-preview:-1\" \/>\n<link rel=\"canonical\" href=\"https:\/\/luchonoticias.com\/editor\/nueve-muestras-de-cacao-representaran-a-colombia-en-el-salon-del-chocolate\/\" \/>\n<meta property=\"og:locale\" content=\"es_ES\" \/>\n<meta property=\"og:type\" content=\"article\" \/>\n<meta property=\"og:title\" content=\"Nueve muestras de cacao representar\u00e1n a Colombia en el Sal\u00f3n del Chocolate -\" \/>\n<meta property=\"og:url\" content=\"https:\/\/luchonoticias.com\/editor\/nueve-muestras-de-cacao-representaran-a-colombia-en-el-salon-del-chocolate\/\" \/>\n<meta property=\"article:publisher\" content=\"https:\/\/www.facebook.com\/luchonoticiasneiva\" \/>\n<meta property=\"article:published_time\" content=\"2024-12-24T10:05:29+00:00\" \/>\n<meta property=\"article:modified_time\" content=\"2024-12-24T10:05:31+00:00\" \/>\n<meta property=\"og:image\" content=\"https:\/\/luchonoticias.com\/editor\/wp-content\/uploads\/2024\/12\/cacao.jpg\" \/>\n\t<meta property=\"og:image:width\" content=\"700\" \/>\n\t<meta property=\"og:image:height\" content=\"400\" \/>\n\t<meta property=\"og:image:type\" content=\"image\/jpeg\" \/>\n<meta name=\"author\" content=\"Editor General\" \/>\n<meta name=\"twitter:card\" content=\"summary_large_image\" \/>\n<meta name=\"twitter:label1\" content=\"Escrito por\" \/>\n\t<meta name=\"twitter:data1\" content=\"Editor General\" \/>\n\t<meta name=\"twitter:label2\" content=\"Tiempo de lectura\" \/>\n\t<meta name=\"twitter:data2\" content=\"2 minutos\" \/>\n<script type=\"application\/ld+json\" class=\"yoast-schema-graph\">{\"@context\":\"https:\/\/schema.org\",\"@graph\":[{\"@type\":\"Article\",\"@id\":\"https:\/\/luchonoticias.com\/editor\/nueve-muestras-de-cacao-representaran-a-colombia-en-el-salon-del-chocolate\/#article\",\"isPartOf\":{\"@id\":\"https:\/\/luchonoticias.com\/editor\/nueve-muestras-de-cacao-representaran-a-colombia-en-el-salon-del-chocolate\/\"},\"author\":{\"name\":\"Editor General\",\"@id\":\"https:\/\/luchonoticias.com\/editor\/#\/schema\/person\/29217990ddf6f14e35912b2866d591fb\"},\"headline\":\"Nueve muestras de cacao representar\u00e1n a Colombia en el Sal\u00f3n del Chocolate\",\"datePublished\":\"2024-12-24T10:05:29+00:00\",\"dateModified\":\"2024-12-24T10:05:31+00:00\",\"mainEntityOfPage\":{\"@id\":\"https:\/\/luchonoticias.com\/editor\/nueve-muestras-de-cacao-representaran-a-colombia-en-el-salon-del-chocolate\/\"},\"wordCount\":275,\"publisher\":{\"@id\":\"https:\/\/luchonoticias.com\/editor\/#\/schema\/person\/7a7fd911f58561fd056dbac7b55af9cd\"},\"image\":{\"@id\":\"https:\/\/luchonoticias.com\/editor\/nueve-muestras-de-cacao-representaran-a-colombia-en-el-salon-del-chocolate\/#primaryimage\"},\"thumbnailUrl\":\"https:\/\/luchonoticias.com\/editor\/wp-content\/uploads\/2024\/12\/cacao.jpg\",\"articleSection\":[\"Actualidad\",\"Nacional\"],\"inLanguage\":\"es\"},{\"@type\":\"WebPage\",\"@id\":\"https:\/\/luchonoticias.com\/editor\/nueve-muestras-de-cacao-representaran-a-colombia-en-el-salon-del-chocolate\/\",\"url\":\"https:\/\/luchonoticias.com\/editor\/nueve-muestras-de-cacao-representaran-a-colombia-en-el-salon-del-chocolate\/\",\"name\":\"Nueve muestras de cacao representar\u00e1n a Colombia en el Sal\u00f3n del Chocolate -\",\"isPartOf\":{\"@id\":\"https:\/\/luchonoticias.com\/editor\/#website\"},\"primaryImageOfPage\":{\"@id\":\"https:\/\/luchonoticias.com\/editor\/nueve-muestras-de-cacao-representaran-a-colombia-en-el-salon-del-chocolate\/#primaryimage\"},\"image\":{\"@id\":\"https:\/\/luchonoticias.com\/editor\/nueve-muestras-de-cacao-representaran-a-colombia-en-el-salon-del-chocolate\/#primaryimage\"},\"thumbnailUrl\":\"https:\/\/luchonoticias.com\/editor\/wp-content\/uploads\/2024\/12\/cacao.jpg\",\"datePublished\":\"2024-12-24T10:05:29+00:00\",\"dateModified\":\"2024-12-24T10:05:31+00:00\",\"breadcrumb\":{\"@id\":\"https:\/\/luchonoticias.com\/editor\/nueve-muestras-de-cacao-representaran-a-colombia-en-el-salon-del-chocolate\/#breadcrumb\"},\"inLanguage\":\"es\",\"potentialAction\":[{\"@type\":\"ReadAction\",\"target\":[\"https:\/\/luchonoticias.com\/editor\/nueve-muestras-de-cacao-representaran-a-colombia-en-el-salon-del-chocolate\/\"]}]},{\"@type\":\"ImageObject\",\"inLanguage\":\"es\",\"@id\":\"https:\/\/luchonoticias.com\/editor\/nueve-muestras-de-cacao-representaran-a-colombia-en-el-salon-del-chocolate\/#primaryimage\",\"url\":\"https:\/\/luchonoticias.com\/editor\/wp-content\/uploads\/2024\/12\/cacao.jpg\",\"contentUrl\":\"https:\/\/luchonoticias.com\/editor\/wp-content\/uploads\/2024\/12\/cacao.jpg\",\"width\":700,\"height\":400},{\"@type\":\"BreadcrumbList\",\"@id\":\"https:\/\/luchonoticias.com\/editor\/nueve-muestras-de-cacao-representaran-a-colombia-en-el-salon-del-chocolate\/#breadcrumb\",\"itemListElement\":[{\"@type\":\"ListItem\",\"position\":1,\"name\":\"Portada\",\"item\":\"https:\/\/luchonoticias.com\/editor\/\"},{\"@type\":\"ListItem\",\"position\":2,\"name\":\"Nueve muestras de cacao representar\u00e1n a Colombia en el Sal\u00f3n del Chocolate\"}]},{\"@type\":\"WebSite\",\"@id\":\"https:\/\/luchonoticias.com\/editor\/#website\",\"url\":\"https:\/\/luchonoticias.com\/editor\/\",\"name\":\"\",\"description\":\"\",\"publisher\":{\"@id\":\"https:\/\/luchonoticias.com\/editor\/#\/schema\/person\/7a7fd911f58561fd056dbac7b55af9cd\"},\"potentialAction\":[{\"@type\":\"SearchAction\",\"target\":{\"@type\":\"EntryPoint\",\"urlTemplate\":\"https:\/\/luchonoticias.com\/editor\/?s={search_term_string}\"},\"query-input\":{\"@type\":\"PropertyValueSpecification\",\"valueRequired\":true,\"valueName\":\"search_term_string\"}}],\"inLanguage\":\"es\"},{\"@type\":[\"Person\",\"Organization\"],\"@id\":\"https:\/\/luchonoticias.com\/editor\/#\/schema\/person\/7a7fd911f58561fd056dbac7b55af9cd\",\"name\":\"admin\",\"image\":{\"@type\":\"ImageObject\",\"inLanguage\":\"es\",\"@id\":\"https:\/\/luchonoticias.com\/editor\/#\/schema\/person\/image\/\",\"url\":\"https:\/\/luchonoticias.com\/editor\/wp-content\/uploads\/2024\/02\/cropped-cropped-logolu.webp\",\"contentUrl\":\"https:\/\/luchonoticias.com\/editor\/wp-content\/uploads\/2024\/02\/cropped-cropped-logolu.webp\",\"width\":382,\"height\":170,\"caption\":\"admin\"},\"logo\":{\"@id\":\"https:\/\/luchonoticias.com\/editor\/#\/schema\/person\/image\/\"},\"sameAs\":[\"https:\/\/www.facebook.com\/luchonoticiasneiva\"]},{\"@type\":\"Person\",\"@id\":\"https:\/\/luchonoticias.com\/editor\/#\/schema\/person\/29217990ddf6f14e35912b2866d591fb\",\"name\":\"Editor General\",\"image\":{\"@type\":\"ImageObject\",\"inLanguage\":\"es\",\"@id\":\"https:\/\/luchonoticias.com\/editor\/#\/schema\/person\/image\/\",\"url\":\"https:\/\/luchonoticias.com\/editor\/wp-content\/uploads\/2024\/02\/cropped-cropped-logolu-150x150.webp\",\"contentUrl\":\"https:\/\/luchonoticias.com\/editor\/wp-content\/uploads\/2024\/02\/cropped-cropped-logolu-150x150.webp\",\"caption\":\"Editor General\"},\"sameAs\":[\"https:\/\/luchonoticias.com\/\"],\"url\":\"https:\/\/luchonoticias.com\/editor\/author\/editor-general\/\"}]}<\/script>\n<!-- \/ Yoast SEO plugin. -->","yoast_head_json":{"title":"Nueve muestras de cacao representar\u00e1n a Colombia en el Sal\u00f3n del Chocolate -","robots":{"index":"index","follow":"follow","max-snippet":"max-snippet:-1","max-image-preview":"max-image-preview:large","max-video-preview":"max-video-preview:-1"},"canonical":"https:\/\/luchonoticias.com\/editor\/nueve-muestras-de-cacao-representaran-a-colombia-en-el-salon-del-chocolate\/","og_locale":"es_ES","og_type":"article","og_title":"Nueve muestras de cacao representar\u00e1n a Colombia en el Sal\u00f3n del Chocolate -","og_url":"https:\/\/luchonoticias.com\/editor\/nueve-muestras-de-cacao-representaran-a-colombia-en-el-salon-del-chocolate\/","article_publisher":"https:\/\/www.facebook.com\/luchonoticiasneiva","article_published_time":"2024-12-24T10:05:29+00:00","article_modified_time":"2024-12-24T10:05:31+00:00","og_image":[{"width":700,"height":400,"url":"https:\/\/luchonoticias.com\/editor\/wp-content\/uploads\/2024\/12\/cacao.jpg","type":"image\/jpeg"}],"author":"Editor General","twitter_card":"summary_large_image","twitter_misc":{"Escrito por":"Editor General","Tiempo de lectura":"2 minutos"},"schema":{"@context":"https:\/\/schema.org","@graph":[{"@type":"Article","@id":"https:\/\/luchonoticias.com\/editor\/nueve-muestras-de-cacao-representaran-a-colombia-en-el-salon-del-chocolate\/#article","isPartOf":{"@id":"https:\/\/luchonoticias.com\/editor\/nueve-muestras-de-cacao-representaran-a-colombia-en-el-salon-del-chocolate\/"},"author":{"name":"Editor General","@id":"https:\/\/luchonoticias.com\/editor\/#\/schema\/person\/29217990ddf6f14e35912b2866d591fb"},"headline":"Nueve muestras de cacao representar\u00e1n a Colombia en el Sal\u00f3n del Chocolate","datePublished":"2024-12-24T10:05:29+00:00","dateModified":"2024-12-24T10:05:31+00:00","mainEntityOfPage":{"@id":"https:\/\/luchonoticias.com\/editor\/nueve-muestras-de-cacao-representaran-a-colombia-en-el-salon-del-chocolate\/"},"wordCount":275,"publisher":{"@id":"https:\/\/luchonoticias.com\/editor\/#\/schema\/person\/7a7fd911f58561fd056dbac7b55af9cd"},"image":{"@id":"https:\/\/luchonoticias.com\/editor\/nueve-muestras-de-cacao-representaran-a-colombia-en-el-salon-del-chocolate\/#primaryimage"},"thumbnailUrl":"https:\/\/luchonoticias.com\/editor\/wp-content\/uploads\/2024\/12\/cacao.jpg","articleSection":["Actualidad","Nacional"],"inLanguage":"es"},{"@type":"WebPage","@id":"https:\/\/luchonoticias.com\/editor\/nueve-muestras-de-cacao-representaran-a-colombia-en-el-salon-del-chocolate\/","url":"https:\/\/luchonoticias.com\/editor\/nueve-muestras-de-cacao-representaran-a-colombia-en-el-salon-del-chocolate\/","name":"Nueve muestras de cacao representar\u00e1n a Colombia en el Sal\u00f3n del Chocolate -","isPartOf":{"@id":"https:\/\/luchonoticias.com\/editor\/#website"},"primaryImageOfPage":{"@id":"https:\/\/luchonoticias.com\/editor\/nueve-muestras-de-cacao-representaran-a-colombia-en-el-salon-del-chocolate\/#primaryimage"},"image":{"@id":"https:\/\/luchonoticias.com\/editor\/nueve-muestras-de-cacao-representaran-a-colombia-en-el-salon-del-chocolate\/#primaryimage"},"thumbnailUrl":"https:\/\/luchonoticias.com\/editor\/wp-content\/uploads\/2024\/12\/cacao.jpg","datePublished":"2024-12-24T10:05:29+00:00","dateModified":"2024-12-24T10:05:31+00:00","breadcrumb":{"@id":"https:\/\/luchonoticias.com\/editor\/nueve-muestras-de-cacao-representaran-a-colombia-en-el-salon-del-chocolate\/#breadcrumb"},"inLanguage":"es","potentialAction":[{"@type":"ReadAction","target":["https:\/\/luchonoticias.com\/editor\/nueve-muestras-de-cacao-representaran-a-colombia-en-el-salon-del-chocolate\/"]}]},{"@type":"ImageObject","inLanguage":"es","@id":"https:\/\/luchonoticias.com\/editor\/nueve-muestras-de-cacao-representaran-a-colombia-en-el-salon-del-chocolate\/#primaryimage","url":"https:\/\/luchonoticias.com\/editor\/wp-content\/uploads\/2024\/12\/cacao.jpg","contentUrl":"https:\/\/luchonoticias.com\/editor\/wp-content\/uploads\/2024\/12\/cacao.jpg","width":700,"height":400},{"@type":"BreadcrumbList","@id":"https:\/\/luchonoticias.com\/editor\/nueve-muestras-de-cacao-representaran-a-colombia-en-el-salon-del-chocolate\/#breadcrumb","itemListElement":[{"@type":"ListItem","position":1,"name":"Portada","item":"https:\/\/luchonoticias.com\/editor\/"},{"@type":"ListItem","position":2,"name":"Nueve muestras de cacao representar\u00e1n a Colombia en el Sal\u00f3n del Chocolate"}]},{"@type":"WebSite","@id":"https:\/\/luchonoticias.com\/editor\/#website","url":"https:\/\/luchonoticias.com\/editor\/","name":"","description":"","publisher":{"@id":"https:\/\/luchonoticias.com\/editor\/#\/schema\/person\/7a7fd911f58561fd056dbac7b55af9cd"},"potentialAction":[{"@type":"SearchAction","target":{"@type":"EntryPoint","urlTemplate":"https:\/\/luchonoticias.com\/editor\/?s={search_term_string}"},"query-input":{"@type":"PropertyValueSpecification","valueRequired":true,"valueName":"search_term_string"}}],"inLanguage":"es"},{"@type":["Person","Organization"],"@id":"https:\/\/luchonoticias.com\/editor\/#\/schema\/person\/7a7fd911f58561fd056dbac7b55af9cd","name":"admin","image":{"@type":"ImageObject","inLanguage":"es","@id":"https:\/\/luchonoticias.com\/editor\/#\/schema\/person\/image\/","url":"https:\/\/luchonoticias.com\/editor\/wp-content\/uploads\/2024\/02\/cropped-cropped-logolu.webp","contentUrl":"https:\/\/luchonoticias.com\/editor\/wp-content\/uploads\/2024\/02\/cropped-cropped-logolu.webp","width":382,"height":170,"caption":"admin"},"logo":{"@id":"https:\/\/luchonoticias.com\/editor\/#\/schema\/person\/image\/"},"sameAs":["https:\/\/www.facebook.com\/luchonoticiasneiva"]},{"@type":"Person","@id":"https:\/\/luchonoticias.com\/editor\/#\/schema\/person\/29217990ddf6f14e35912b2866d591fb","name":"Editor General","image":{"@type":"ImageObject","inLanguage":"es","@id":"https:\/\/luchonoticias.com\/editor\/#\/schema\/person\/image\/","url":"https:\/\/luchonoticias.com\/editor\/wp-content\/uploads\/2024\/02\/cropped-cropped-logolu-150x150.webp","contentUrl":"https:\/\/luchonoticias.com\/editor\/wp-content\/uploads\/2024\/02\/cropped-cropped-logolu-150x150.webp","caption":"Editor General"},"sameAs":["https:\/\/luchonoticias.com\/"],"url":"https:\/\/luchonoticias.com\/editor\/author\/editor-general\/"}]}},"_links":{"self":[{"href":"https:\/\/luchonoticias.com\/editor\/wp-json\/wp\/v2\/posts\/80138","targetHints":{"allow":["GET"]}}],"collection":[{"href":"https:\/\/luchonoticias.com\/editor\/wp-json\/wp\/v2\/posts"}],"about":[{"href":"https:\/\/luchonoticias.com\/editor\/wp-json\/wp\/v2\/types\/post"}],"author":[{"embeddable":true,"href":"https:\/\/luchonoticias.com\/editor\/wp-json\/wp\/v2\/users\/2"}],"replies":[{"embeddable":true,"href":"https:\/\/luchonoticias.com\/editor\/wp-json\/wp\/v2\/comments?post=80138"}],"version-history":[{"count":1,"href":"https:\/\/luchonoticias.com\/editor\/wp-json\/wp\/v2\/posts\/80138\/revisions"}],"predecessor-version":[{"id":80141,"href":"https:\/\/luchonoticias.com\/editor\/wp-json\/wp\/v2\/posts\/80138\/revisions\/80141"}],"wp:featuredmedia":[{"embeddable":true,"href":"https:\/\/luchonoticias.com\/editor\/wp-json\/wp\/v2\/media\/80139"}],"wp:attachment":[{"href":"https:\/\/luchonoticias.com\/editor\/wp-json\/wp\/v2\/media?parent=80138"}],"wp:term":[{"taxonomy":"category","embeddable":true,"href":"https:\/\/luchonoticias.com\/editor\/wp-json\/wp\/v2\/categories?post=80138"},{"taxonomy":"post_tag","embeddable":true,"href":"https:\/\/luchonoticias.com\/editor\/wp-json\/wp\/v2\/tags?post=80138"}],"curies":[{"name":"wp","href":"https:\/\/api.w.org\/{rel}","templated":true}]}}