{"id":80142,"date":"2024-12-24T05:14:47","date_gmt":"2024-12-24T10:14:47","guid":{"rendered":"https:\/\/luchonoticias.com\/?p=80142"},"modified":"2024-12-24T05:14:49","modified_gmt":"2024-12-24T10:14:49","slug":"supuesto-rapto-en-taxi-en-neiva-resulta-ser-un-malentendido","status":"publish","type":"post","link":"https:\/\/luchonoticias.com\/editor\/supuesto-rapto-en-taxi-en-neiva-resulta-ser-un-malentendido\/","title":{"rendered":"Supuesto rapto en taxi en Neiva resulta ser un malentendido"},"content":{"rendered":"\n<figure class=\"wp-block-image size-full\"><img loading=\"lazy\" decoding=\"async\" width=\"700\" height=\"400\" src=\"https:\/\/luchonoticias.com\/wp-content\/uploads\/2024\/12\/mernor-presunto-rapto.jpg\" alt=\"\" class=\"wp-image-80143\" srcset=\"https:\/\/luchonoticias.com\/editor\/wp-content\/uploads\/2024\/12\/mernor-presunto-rapto.jpg 700w, https:\/\/luchonoticias.com\/editor\/wp-content\/uploads\/2024\/12\/mernor-presunto-rapto-300x171.jpg 300w\" sizes=\"auto, (max-width: 700px) 100vw, 700px\" \/><\/figure>\n\n\n\n<p>Una menor de 13 a\u00f1os, presuntamente raptada en el barrio Manzanares, sur de Neiva, fue hallada sana y salva el pasado lunes por la noche. La Polic\u00eda despleg\u00f3 un amplio operativo tras recibir informaci\u00f3n de que la adolescente habr\u00eda sido obligada a subir a un taxi en esta zona de la ciudad.<\/p>\n\n\n\n<p>Tras las investigaciones, las autoridades confirmaron que no se trat\u00f3 de un rapto. C\u00e1maras de seguridad del sector mostraron que la menor subi\u00f3 al veh\u00edculo por su propia voluntad, sin que alguien la obligara, desmintiendo las sospechas iniciales.<\/p>\n\n\n\n<p>El operativo se activ\u00f3 de inmediato luego de que los familiares de la menor reportaran su desaparici\u00f3n, generando alerta entre la ciudadan\u00eda y las autoridades. La r\u00e1pida reacci\u00f3n permiti\u00f3 localizar tanto a la menor como al veh\u00edculo involucrado en pocas horas.<\/p>\n\n\n\n<p>El taxista tambi\u00e9n fue ubicado y corrobor\u00f3 la versi\u00f3n que las c\u00e1maras de seguridad respaldaron. Este hallazgo permiti\u00f3 descartar cualquier intento de secuestro, como se crey\u00f3 inicialmente.<\/p>\n","protected":false},"excerpt":{"rendered":"<p>Una menor de 13 a\u00f1os, presuntamente raptada en el barrio Manzanares, sur de Neiva, fue hallada sana y salva el pasado lunes por la noche. La Polic\u00eda despleg\u00f3 un amplio operativo tras recibir informaci\u00f3n de que la adolescente habr\u00eda sido obligada a subir a un taxi en esta zona de la ciudad. Tras las investigaciones, [&hellip;]<\/p>\n","protected":false},"author":2,"featured_media":80143,"comment_status":"closed","ping_status":"open","sticky":false,"template":"","format":"standard","meta":{"footnotes":""},"categories":[29],"tags":[],"class_list":["post-80142","post","type-post","status-publish","format-standard","has-post-thumbnail","hentry","category-judicial"],"yoast_head":"<!-- This site is optimized with the Yoast SEO plugin v26.6 - https:\/\/yoast.com\/wordpress\/plugins\/seo\/ -->\n<title>Supuesto rapto en taxi en Neiva resulta ser un malentendido -<\/title>\n<meta name=\"robots\" content=\"index, follow, max-snippet:-1, max-image-preview:large, max-video-preview:-1\" \/>\n<link rel=\"canonical\" href=\"https:\/\/luchonoticias.com\/editor\/supuesto-rapto-en-taxi-en-neiva-resulta-ser-un-malentendido\/\" \/>\n<meta property=\"og:locale\" content=\"es_ES\" \/>\n<meta property=\"og:type\" content=\"article\" \/>\n<meta property=\"og:title\" content=\"Supuesto rapto en taxi en Neiva resulta ser un malentendido -\" \/>\n<meta property=\"og:url\" content=\"https:\/\/luchonoticias.com\/editor\/supuesto-rapto-en-taxi-en-neiva-resulta-ser-un-malentendido\/\" \/>\n<meta property=\"article:publisher\" content=\"https:\/\/www.facebook.com\/luchonoticiasneiva\" \/>\n<meta property=\"article:published_time\" content=\"2024-12-24T10:14:47+00:00\" \/>\n<meta property=\"article:modified_time\" content=\"2024-12-24T10:14:49+00:00\" \/>\n<meta property=\"og:image\" content=\"https:\/\/luchonoticias.com\/editor\/wp-content\/uploads\/2024\/12\/mernor-presunto-rapto.jpg\" \/>\n\t<meta property=\"og:image:width\" content=\"700\" \/>\n\t<meta property=\"og:image:height\" content=\"400\" \/>\n\t<meta property=\"og:image:type\" content=\"image\/jpeg\" \/>\n<meta name=\"author\" content=\"Editor General\" \/>\n<meta name=\"twitter:card\" content=\"summary_large_image\" \/>\n<meta name=\"twitter:label1\" content=\"Escrito por\" \/>\n\t<meta name=\"twitter:data1\" content=\"Editor General\" \/>\n\t<meta name=\"twitter:label2\" content=\"Tiempo de lectura\" \/>\n\t<meta name=\"twitter:data2\" content=\"2 minutos\" \/>\n<script type=\"application\/ld+json\" class=\"yoast-schema-graph\">{\"@context\":\"https:\/\/schema.org\",\"@graph\":[{\"@type\":\"Article\",\"@id\":\"https:\/\/luchonoticias.com\/editor\/supuesto-rapto-en-taxi-en-neiva-resulta-ser-un-malentendido\/#article\",\"isPartOf\":{\"@id\":\"https:\/\/luchonoticias.com\/editor\/supuesto-rapto-en-taxi-en-neiva-resulta-ser-un-malentendido\/\"},\"author\":{\"name\":\"Editor General\",\"@id\":\"https:\/\/luchonoticias.com\/editor\/#\/schema\/person\/29217990ddf6f14e35912b2866d591fb\"},\"headline\":\"Supuesto rapto en taxi en Neiva resulta ser un malentendido\",\"datePublished\":\"2024-12-24T10:14:47+00:00\",\"dateModified\":\"2024-12-24T10:14:49+00:00\",\"mainEntityOfPage\":{\"@id\":\"https:\/\/luchonoticias.com\/editor\/supuesto-rapto-en-taxi-en-neiva-resulta-ser-un-malentendido\/\"},\"wordCount\":181,\"publisher\":{\"@id\":\"https:\/\/luchonoticias.com\/editor\/#\/schema\/person\/7a7fd911f58561fd056dbac7b55af9cd\"},\"image\":{\"@id\":\"https:\/\/luchonoticias.com\/editor\/supuesto-rapto-en-taxi-en-neiva-resulta-ser-un-malentendido\/#primaryimage\"},\"thumbnailUrl\":\"https:\/\/luchonoticias.com\/editor\/wp-content\/uploads\/2024\/12\/mernor-presunto-rapto.jpg\",\"articleSection\":[\"Judicial\"],\"inLanguage\":\"es\"},{\"@type\":\"WebPage\",\"@id\":\"https:\/\/luchonoticias.com\/editor\/supuesto-rapto-en-taxi-en-neiva-resulta-ser-un-malentendido\/\",\"url\":\"https:\/\/luchonoticias.com\/editor\/supuesto-rapto-en-taxi-en-neiva-resulta-ser-un-malentendido\/\",\"name\":\"Supuesto rapto en taxi en Neiva resulta ser un malentendido -\",\"isPartOf\":{\"@id\":\"https:\/\/luchonoticias.com\/editor\/#website\"},\"primaryImageOfPage\":{\"@id\":\"https:\/\/luchonoticias.com\/editor\/supuesto-rapto-en-taxi-en-neiva-resulta-ser-un-malentendido\/#primaryimage\"},\"image\":{\"@id\":\"https:\/\/luchonoticias.com\/editor\/supuesto-rapto-en-taxi-en-neiva-resulta-ser-un-malentendido\/#primaryimage\"},\"thumbnailUrl\":\"https:\/\/luchonoticias.com\/editor\/wp-content\/uploads\/2024\/12\/mernor-presunto-rapto.jpg\",\"datePublished\":\"2024-12-24T10:14:47+00:00\",\"dateModified\":\"2024-12-24T10:14:49+00:00\",\"breadcrumb\":{\"@id\":\"https:\/\/luchonoticias.com\/editor\/supuesto-rapto-en-taxi-en-neiva-resulta-ser-un-malentendido\/#breadcrumb\"},\"inLanguage\":\"es\",\"potentialAction\":[{\"@type\":\"ReadAction\",\"target\":[\"https:\/\/luchonoticias.com\/editor\/supuesto-rapto-en-taxi-en-neiva-resulta-ser-un-malentendido\/\"]}]},{\"@type\":\"ImageObject\",\"inLanguage\":\"es\",\"@id\":\"https:\/\/luchonoticias.com\/editor\/supuesto-rapto-en-taxi-en-neiva-resulta-ser-un-malentendido\/#primaryimage\",\"url\":\"https:\/\/luchonoticias.com\/editor\/wp-content\/uploads\/2024\/12\/mernor-presunto-rapto.jpg\",\"contentUrl\":\"https:\/\/luchonoticias.com\/editor\/wp-content\/uploads\/2024\/12\/mernor-presunto-rapto.jpg\",\"width\":700,\"height\":400},{\"@type\":\"BreadcrumbList\",\"@id\":\"https:\/\/luchonoticias.com\/editor\/supuesto-rapto-en-taxi-en-neiva-resulta-ser-un-malentendido\/#breadcrumb\",\"itemListElement\":[{\"@type\":\"ListItem\",\"position\":1,\"name\":\"Portada\",\"item\":\"https:\/\/luchonoticias.com\/editor\/\"},{\"@type\":\"ListItem\",\"position\":2,\"name\":\"Supuesto rapto en taxi en Neiva resulta ser un malentendido\"}]},{\"@type\":\"WebSite\",\"@id\":\"https:\/\/luchonoticias.com\/editor\/#website\",\"url\":\"https:\/\/luchonoticias.com\/editor\/\",\"name\":\"\",\"description\":\"\",\"publisher\":{\"@id\":\"https:\/\/luchonoticias.com\/editor\/#\/schema\/person\/7a7fd911f58561fd056dbac7b55af9cd\"},\"potentialAction\":[{\"@type\":\"SearchAction\",\"target\":{\"@type\":\"EntryPoint\",\"urlTemplate\":\"https:\/\/luchonoticias.com\/editor\/?s={search_term_string}\"},\"query-input\":{\"@type\":\"PropertyValueSpecification\",\"valueRequired\":true,\"valueName\":\"search_term_string\"}}],\"inLanguage\":\"es\"},{\"@type\":[\"Person\",\"Organization\"],\"@id\":\"https:\/\/luchonoticias.com\/editor\/#\/schema\/person\/7a7fd911f58561fd056dbac7b55af9cd\",\"name\":\"admin\",\"image\":{\"@type\":\"ImageObject\",\"inLanguage\":\"es\",\"@id\":\"https:\/\/luchonoticias.com\/editor\/#\/schema\/person\/image\/\",\"url\":\"https:\/\/luchonoticias.com\/editor\/wp-content\/uploads\/2024\/02\/cropped-cropped-logolu.webp\",\"contentUrl\":\"https:\/\/luchonoticias.com\/editor\/wp-content\/uploads\/2024\/02\/cropped-cropped-logolu.webp\",\"width\":382,\"height\":170,\"caption\":\"admin\"},\"logo\":{\"@id\":\"https:\/\/luchonoticias.com\/editor\/#\/schema\/person\/image\/\"},\"sameAs\":[\"https:\/\/www.facebook.com\/luchonoticiasneiva\"]},{\"@type\":\"Person\",\"@id\":\"https:\/\/luchonoticias.com\/editor\/#\/schema\/person\/29217990ddf6f14e35912b2866d591fb\",\"name\":\"Editor General\",\"image\":{\"@type\":\"ImageObject\",\"inLanguage\":\"es\",\"@id\":\"https:\/\/luchonoticias.com\/editor\/#\/schema\/person\/image\/\",\"url\":\"https:\/\/luchonoticias.com\/editor\/wp-content\/uploads\/2024\/02\/cropped-cropped-logolu-150x150.webp\",\"contentUrl\":\"https:\/\/luchonoticias.com\/editor\/wp-content\/uploads\/2024\/02\/cropped-cropped-logolu-150x150.webp\",\"caption\":\"Editor General\"},\"sameAs\":[\"https:\/\/luchonoticias.com\/\"],\"url\":\"https:\/\/luchonoticias.com\/editor\/author\/editor-general\/\"}]}<\/script>\n<!-- \/ Yoast SEO plugin. -->","yoast_head_json":{"title":"Supuesto rapto en taxi en Neiva resulta ser un malentendido -","robots":{"index":"index","follow":"follow","max-snippet":"max-snippet:-1","max-image-preview":"max-image-preview:large","max-video-preview":"max-video-preview:-1"},"canonical":"https:\/\/luchonoticias.com\/editor\/supuesto-rapto-en-taxi-en-neiva-resulta-ser-un-malentendido\/","og_locale":"es_ES","og_type":"article","og_title":"Supuesto rapto en taxi en Neiva resulta ser un malentendido -","og_url":"https:\/\/luchonoticias.com\/editor\/supuesto-rapto-en-taxi-en-neiva-resulta-ser-un-malentendido\/","article_publisher":"https:\/\/www.facebook.com\/luchonoticiasneiva","article_published_time":"2024-12-24T10:14:47+00:00","article_modified_time":"2024-12-24T10:14:49+00:00","og_image":[{"width":700,"height":400,"url":"https:\/\/luchonoticias.com\/editor\/wp-content\/uploads\/2024\/12\/mernor-presunto-rapto.jpg","type":"image\/jpeg"}],"author":"Editor General","twitter_card":"summary_large_image","twitter_misc":{"Escrito por":"Editor General","Tiempo de lectura":"2 minutos"},"schema":{"@context":"https:\/\/schema.org","@graph":[{"@type":"Article","@id":"https:\/\/luchonoticias.com\/editor\/supuesto-rapto-en-taxi-en-neiva-resulta-ser-un-malentendido\/#article","isPartOf":{"@id":"https:\/\/luchonoticias.com\/editor\/supuesto-rapto-en-taxi-en-neiva-resulta-ser-un-malentendido\/"},"author":{"name":"Editor General","@id":"https:\/\/luchonoticias.com\/editor\/#\/schema\/person\/29217990ddf6f14e35912b2866d591fb"},"headline":"Supuesto rapto en taxi en Neiva resulta ser un malentendido","datePublished":"2024-12-24T10:14:47+00:00","dateModified":"2024-12-24T10:14:49+00:00","mainEntityOfPage":{"@id":"https:\/\/luchonoticias.com\/editor\/supuesto-rapto-en-taxi-en-neiva-resulta-ser-un-malentendido\/"},"wordCount":181,"publisher":{"@id":"https:\/\/luchonoticias.com\/editor\/#\/schema\/person\/7a7fd911f58561fd056dbac7b55af9cd"},"image":{"@id":"https:\/\/luchonoticias.com\/editor\/supuesto-rapto-en-taxi-en-neiva-resulta-ser-un-malentendido\/#primaryimage"},"thumbnailUrl":"https:\/\/luchonoticias.com\/editor\/wp-content\/uploads\/2024\/12\/mernor-presunto-rapto.jpg","articleSection":["Judicial"],"inLanguage":"es"},{"@type":"WebPage","@id":"https:\/\/luchonoticias.com\/editor\/supuesto-rapto-en-taxi-en-neiva-resulta-ser-un-malentendido\/","url":"https:\/\/luchonoticias.com\/editor\/supuesto-rapto-en-taxi-en-neiva-resulta-ser-un-malentendido\/","name":"Supuesto rapto en taxi en Neiva resulta ser un malentendido -","isPartOf":{"@id":"https:\/\/luchonoticias.com\/editor\/#website"},"primaryImageOfPage":{"@id":"https:\/\/luchonoticias.com\/editor\/supuesto-rapto-en-taxi-en-neiva-resulta-ser-un-malentendido\/#primaryimage"},"image":{"@id":"https:\/\/luchonoticias.com\/editor\/supuesto-rapto-en-taxi-en-neiva-resulta-ser-un-malentendido\/#primaryimage"},"thumbnailUrl":"https:\/\/luchonoticias.com\/editor\/wp-content\/uploads\/2024\/12\/mernor-presunto-rapto.jpg","datePublished":"2024-12-24T10:14:47+00:00","dateModified":"2024-12-24T10:14:49+00:00","breadcrumb":{"@id":"https:\/\/luchonoticias.com\/editor\/supuesto-rapto-en-taxi-en-neiva-resulta-ser-un-malentendido\/#breadcrumb"},"inLanguage":"es","potentialAction":[{"@type":"ReadAction","target":["https:\/\/luchonoticias.com\/editor\/supuesto-rapto-en-taxi-en-neiva-resulta-ser-un-malentendido\/"]}]},{"@type":"ImageObject","inLanguage":"es","@id":"https:\/\/luchonoticias.com\/editor\/supuesto-rapto-en-taxi-en-neiva-resulta-ser-un-malentendido\/#primaryimage","url":"https:\/\/luchonoticias.com\/editor\/wp-content\/uploads\/2024\/12\/mernor-presunto-rapto.jpg","contentUrl":"https:\/\/luchonoticias.com\/editor\/wp-content\/uploads\/2024\/12\/mernor-presunto-rapto.jpg","width":700,"height":400},{"@type":"BreadcrumbList","@id":"https:\/\/luchonoticias.com\/editor\/supuesto-rapto-en-taxi-en-neiva-resulta-ser-un-malentendido\/#breadcrumb","itemListElement":[{"@type":"ListItem","position":1,"name":"Portada","item":"https:\/\/luchonoticias.com\/editor\/"},{"@type":"ListItem","position":2,"name":"Supuesto rapto en taxi en Neiva resulta ser un malentendido"}]},{"@type":"WebSite","@id":"https:\/\/luchonoticias.com\/editor\/#website","url":"https:\/\/luchonoticias.com\/editor\/","name":"","description":"","publisher":{"@id":"https:\/\/luchonoticias.com\/editor\/#\/schema\/person\/7a7fd911f58561fd056dbac7b55af9cd"},"potentialAction":[{"@type":"SearchAction","target":{"@type":"EntryPoint","urlTemplate":"https:\/\/luchonoticias.com\/editor\/?s={search_term_string}"},"query-input":{"@type":"PropertyValueSpecification","valueRequired":true,"valueName":"search_term_string"}}],"inLanguage":"es"},{"@type":["Person","Organization"],"@id":"https:\/\/luchonoticias.com\/editor\/#\/schema\/person\/7a7fd911f58561fd056dbac7b55af9cd","name":"admin","image":{"@type":"ImageObject","inLanguage":"es","@id":"https:\/\/luchonoticias.com\/editor\/#\/schema\/person\/image\/","url":"https:\/\/luchonoticias.com\/editor\/wp-content\/uploads\/2024\/02\/cropped-cropped-logolu.webp","contentUrl":"https:\/\/luchonoticias.com\/editor\/wp-content\/uploads\/2024\/02\/cropped-cropped-logolu.webp","width":382,"height":170,"caption":"admin"},"logo":{"@id":"https:\/\/luchonoticias.com\/editor\/#\/schema\/person\/image\/"},"sameAs":["https:\/\/www.facebook.com\/luchonoticiasneiva"]},{"@type":"Person","@id":"https:\/\/luchonoticias.com\/editor\/#\/schema\/person\/29217990ddf6f14e35912b2866d591fb","name":"Editor General","image":{"@type":"ImageObject","inLanguage":"es","@id":"https:\/\/luchonoticias.com\/editor\/#\/schema\/person\/image\/","url":"https:\/\/luchonoticias.com\/editor\/wp-content\/uploads\/2024\/02\/cropped-cropped-logolu-150x150.webp","contentUrl":"https:\/\/luchonoticias.com\/editor\/wp-content\/uploads\/2024\/02\/cropped-cropped-logolu-150x150.webp","caption":"Editor General"},"sameAs":["https:\/\/luchonoticias.com\/"],"url":"https:\/\/luchonoticias.com\/editor\/author\/editor-general\/"}]}},"_links":{"self":[{"href":"https:\/\/luchonoticias.com\/editor\/wp-json\/wp\/v2\/posts\/80142","targetHints":{"allow":["GET"]}}],"collection":[{"href":"https:\/\/luchonoticias.com\/editor\/wp-json\/wp\/v2\/posts"}],"about":[{"href":"https:\/\/luchonoticias.com\/editor\/wp-json\/wp\/v2\/types\/post"}],"author":[{"embeddable":true,"href":"https:\/\/luchonoticias.com\/editor\/wp-json\/wp\/v2\/users\/2"}],"replies":[{"embeddable":true,"href":"https:\/\/luchonoticias.com\/editor\/wp-json\/wp\/v2\/comments?post=80142"}],"version-history":[{"count":1,"href":"https:\/\/luchonoticias.com\/editor\/wp-json\/wp\/v2\/posts\/80142\/revisions"}],"predecessor-version":[{"id":80144,"href":"https:\/\/luchonoticias.com\/editor\/wp-json\/wp\/v2\/posts\/80142\/revisions\/80144"}],"wp:featuredmedia":[{"embeddable":true,"href":"https:\/\/luchonoticias.com\/editor\/wp-json\/wp\/v2\/media\/80143"}],"wp:attachment":[{"href":"https:\/\/luchonoticias.com\/editor\/wp-json\/wp\/v2\/media?parent=80142"}],"wp:term":[{"taxonomy":"category","embeddable":true,"href":"https:\/\/luchonoticias.com\/editor\/wp-json\/wp\/v2\/categories?post=80142"},{"taxonomy":"post_tag","embeddable":true,"href":"https:\/\/luchonoticias.com\/editor\/wp-json\/wp\/v2\/tags?post=80142"}],"curies":[{"name":"wp","href":"https:\/\/api.w.org\/{rel}","templated":true}]}}