{"id":80254,"date":"2024-12-29T04:44:36","date_gmt":"2024-12-29T09:44:36","guid":{"rendered":"https:\/\/luchonoticias.com\/?p=80254"},"modified":"2024-12-29T04:44:37","modified_gmt":"2024-12-29T09:44:37","slug":"convocatoria-abierta-para-el-servicio-social-para-la-paz","status":"publish","type":"post","link":"https:\/\/luchonoticias.com\/editor\/convocatoria-abierta-para-el-servicio-social-para-la-paz\/","title":{"rendered":"Convocatoria abierta para el Servicio Social para la Paz"},"content":{"rendered":"\n<figure class=\"wp-block-image size-full\"><img loading=\"lazy\" decoding=\"async\" width=\"700\" height=\"400\" src=\"https:\/\/luchonoticias.com\/wp-content\/uploads\/2024\/12\/servicio-social-alternativo.jpg\" alt=\"\" class=\"wp-image-80255\" srcset=\"https:\/\/luchonoticias.com\/editor\/wp-content\/uploads\/2024\/12\/servicio-social-alternativo.jpg 700w, https:\/\/luchonoticias.com\/editor\/wp-content\/uploads\/2024\/12\/servicio-social-alternativo-300x171.jpg 300w\" sizes=\"auto, (max-width: 700px) 100vw, 700px\" \/><\/figure>\n\n\n\n<p>El Gobierno nacional ha anunciado la apertura de la convocatoria para el Servicio Social para la Paz (SSP), una iniciativa dirigida a j\u00f3venes colombianos entre 18 y 24 a\u00f1os, quienes podr\u00e1n resolver su situaci\u00f3n militar de forma voluntaria o por obligaci\u00f3n. Este programa, liderado por el Ministerio de Igualdad y Equidad a trav\u00e9s del Viceministerio de la Juventud, busca beneficiar a 5.000 j\u00f3venes en 21 municipios priorizados de regiones como Pac\u00edfica, Caribe, Andina, Amazon\u00eda, Orinoqu\u00eda, Cundinamarca y Bogot\u00e1.<\/p>\n\n\n\n<p>El SSP permite a los participantes, llamados \u00abpromotores\u00bb, contribuir al desarrollo social del pa\u00eds mediante 11 modalidades de servicio, como trabajo con v\u00edctimas, protecci\u00f3n ambiental, alfabetizaci\u00f3n digital y reforma rural integral, entre otras. Este enfoque brinda a las juventudes la oportunidad de aportar a la paz y al progreso en territorios hist\u00f3ricamente afectados por el conflicto armado.<\/p>\n\n\n\n<p>Entre los beneficios del programa se encuentran la certificaci\u00f3n equivalente a la libreta militar, un auxilio econ\u00f3mico mensual correspondiente al 80% del salario de un soldado regular, y acceso a oportunidades educativas mediante convenios con universidades, el SENA y pasant\u00edas en el sector p\u00fablico. Estas condiciones hacen del SSP una alternativa atractiva para los j\u00f3venes interesados en impactar positivamente sus comunidades.<\/p>\n\n\n\n<p>La implementaci\u00f3n del Servicio Social para la Paz ser\u00e1 gradual. La primera etapa, correspondiente a la convocatoria e inscripci\u00f3n, se realizar\u00e1 entre el 27 de enero y el 7 de febrero de 2025. Durante este per\u00edodo, los interesados podr\u00e1n postularse y unirse a este innovador programa gubernamental.<\/p>\n\n\n\n<p><\/p>\n","protected":false},"excerpt":{"rendered":"<p>El Gobierno nacional ha anunciado la apertura de la convocatoria para el Servicio Social para la Paz (SSP), una iniciativa dirigida a j\u00f3venes colombianos entre 18 y 24 a\u00f1os, quienes podr\u00e1n resolver su situaci\u00f3n militar de forma voluntaria o por obligaci\u00f3n. Este programa, liderado por el Ministerio de Igualdad y Equidad a trav\u00e9s del Viceministerio [&hellip;]<\/p>\n","protected":false},"author":2,"featured_media":80255,"comment_status":"closed","ping_status":"open","sticky":false,"template":"","format":"standard","meta":{"footnotes":""},"categories":[32],"tags":[],"class_list":["post-80254","post","type-post","status-publish","format-standard","has-post-thumbnail","hentry","category-nacional"],"yoast_head":"<!-- This site is optimized with the Yoast SEO plugin v26.6 - https:\/\/yoast.com\/wordpress\/plugins\/seo\/ -->\n<title>Convocatoria abierta para el Servicio Social para la Paz -<\/title>\n<meta name=\"robots\" content=\"index, follow, max-snippet:-1, max-image-preview:large, max-video-preview:-1\" \/>\n<link rel=\"canonical\" href=\"https:\/\/luchonoticias.com\/editor\/convocatoria-abierta-para-el-servicio-social-para-la-paz\/\" \/>\n<meta property=\"og:locale\" content=\"es_ES\" \/>\n<meta property=\"og:type\" content=\"article\" \/>\n<meta property=\"og:title\" content=\"Convocatoria abierta para el Servicio Social para la Paz -\" \/>\n<meta property=\"og:url\" content=\"https:\/\/luchonoticias.com\/editor\/convocatoria-abierta-para-el-servicio-social-para-la-paz\/\" \/>\n<meta property=\"article:publisher\" content=\"https:\/\/www.facebook.com\/luchonoticiasneiva\" \/>\n<meta property=\"article:published_time\" content=\"2024-12-29T09:44:36+00:00\" \/>\n<meta property=\"article:modified_time\" content=\"2024-12-29T09:44:37+00:00\" \/>\n<meta property=\"og:image\" content=\"https:\/\/luchonoticias.com\/editor\/wp-content\/uploads\/2024\/12\/servicio-social-alternativo.jpg\" \/>\n\t<meta property=\"og:image:width\" content=\"700\" \/>\n\t<meta property=\"og:image:height\" content=\"400\" \/>\n\t<meta property=\"og:image:type\" content=\"image\/jpeg\" \/>\n<meta name=\"author\" content=\"Editor General\" \/>\n<meta name=\"twitter:card\" content=\"summary_large_image\" \/>\n<meta name=\"twitter:label1\" content=\"Escrito por\" \/>\n\t<meta name=\"twitter:data1\" content=\"Editor General\" \/>\n\t<meta name=\"twitter:label2\" content=\"Tiempo de lectura\" \/>\n\t<meta name=\"twitter:data2\" content=\"2 minutos\" \/>\n<script type=\"application\/ld+json\" class=\"yoast-schema-graph\">{\"@context\":\"https:\/\/schema.org\",\"@graph\":[{\"@type\":\"Article\",\"@id\":\"https:\/\/luchonoticias.com\/editor\/convocatoria-abierta-para-el-servicio-social-para-la-paz\/#article\",\"isPartOf\":{\"@id\":\"https:\/\/luchonoticias.com\/editor\/convocatoria-abierta-para-el-servicio-social-para-la-paz\/\"},\"author\":{\"name\":\"Editor General\",\"@id\":\"https:\/\/luchonoticias.com\/editor\/#\/schema\/person\/29217990ddf6f14e35912b2866d591fb\"},\"headline\":\"Convocatoria abierta para el Servicio Social para la Paz\",\"datePublished\":\"2024-12-29T09:44:36+00:00\",\"dateModified\":\"2024-12-29T09:44:37+00:00\",\"mainEntityOfPage\":{\"@id\":\"https:\/\/luchonoticias.com\/editor\/convocatoria-abierta-para-el-servicio-social-para-la-paz\/\"},\"wordCount\":267,\"publisher\":{\"@id\":\"https:\/\/luchonoticias.com\/editor\/#\/schema\/person\/7a7fd911f58561fd056dbac7b55af9cd\"},\"image\":{\"@id\":\"https:\/\/luchonoticias.com\/editor\/convocatoria-abierta-para-el-servicio-social-para-la-paz\/#primaryimage\"},\"thumbnailUrl\":\"https:\/\/luchonoticias.com\/editor\/wp-content\/uploads\/2024\/12\/servicio-social-alternativo.jpg\",\"articleSection\":[\"Nacional\"],\"inLanguage\":\"es\"},{\"@type\":\"WebPage\",\"@id\":\"https:\/\/luchonoticias.com\/editor\/convocatoria-abierta-para-el-servicio-social-para-la-paz\/\",\"url\":\"https:\/\/luchonoticias.com\/editor\/convocatoria-abierta-para-el-servicio-social-para-la-paz\/\",\"name\":\"Convocatoria abierta para el Servicio Social para la Paz -\",\"isPartOf\":{\"@id\":\"https:\/\/luchonoticias.com\/editor\/#website\"},\"primaryImageOfPage\":{\"@id\":\"https:\/\/luchonoticias.com\/editor\/convocatoria-abierta-para-el-servicio-social-para-la-paz\/#primaryimage\"},\"image\":{\"@id\":\"https:\/\/luchonoticias.com\/editor\/convocatoria-abierta-para-el-servicio-social-para-la-paz\/#primaryimage\"},\"thumbnailUrl\":\"https:\/\/luchonoticias.com\/editor\/wp-content\/uploads\/2024\/12\/servicio-social-alternativo.jpg\",\"datePublished\":\"2024-12-29T09:44:36+00:00\",\"dateModified\":\"2024-12-29T09:44:37+00:00\",\"breadcrumb\":{\"@id\":\"https:\/\/luchonoticias.com\/editor\/convocatoria-abierta-para-el-servicio-social-para-la-paz\/#breadcrumb\"},\"inLanguage\":\"es\",\"potentialAction\":[{\"@type\":\"ReadAction\",\"target\":[\"https:\/\/luchonoticias.com\/editor\/convocatoria-abierta-para-el-servicio-social-para-la-paz\/\"]}]},{\"@type\":\"ImageObject\",\"inLanguage\":\"es\",\"@id\":\"https:\/\/luchonoticias.com\/editor\/convocatoria-abierta-para-el-servicio-social-para-la-paz\/#primaryimage\",\"url\":\"https:\/\/luchonoticias.com\/editor\/wp-content\/uploads\/2024\/12\/servicio-social-alternativo.jpg\",\"contentUrl\":\"https:\/\/luchonoticias.com\/editor\/wp-content\/uploads\/2024\/12\/servicio-social-alternativo.jpg\",\"width\":700,\"height\":400},{\"@type\":\"BreadcrumbList\",\"@id\":\"https:\/\/luchonoticias.com\/editor\/convocatoria-abierta-para-el-servicio-social-para-la-paz\/#breadcrumb\",\"itemListElement\":[{\"@type\":\"ListItem\",\"position\":1,\"name\":\"Portada\",\"item\":\"https:\/\/luchonoticias.com\/editor\/\"},{\"@type\":\"ListItem\",\"position\":2,\"name\":\"Convocatoria abierta para el Servicio Social para la Paz\"}]},{\"@type\":\"WebSite\",\"@id\":\"https:\/\/luchonoticias.com\/editor\/#website\",\"url\":\"https:\/\/luchonoticias.com\/editor\/\",\"name\":\"\",\"description\":\"\",\"publisher\":{\"@id\":\"https:\/\/luchonoticias.com\/editor\/#\/schema\/person\/7a7fd911f58561fd056dbac7b55af9cd\"},\"potentialAction\":[{\"@type\":\"SearchAction\",\"target\":{\"@type\":\"EntryPoint\",\"urlTemplate\":\"https:\/\/luchonoticias.com\/editor\/?s={search_term_string}\"},\"query-input\":{\"@type\":\"PropertyValueSpecification\",\"valueRequired\":true,\"valueName\":\"search_term_string\"}}],\"inLanguage\":\"es\"},{\"@type\":[\"Person\",\"Organization\"],\"@id\":\"https:\/\/luchonoticias.com\/editor\/#\/schema\/person\/7a7fd911f58561fd056dbac7b55af9cd\",\"name\":\"admin\",\"image\":{\"@type\":\"ImageObject\",\"inLanguage\":\"es\",\"@id\":\"https:\/\/luchonoticias.com\/editor\/#\/schema\/person\/image\/\",\"url\":\"https:\/\/luchonoticias.com\/editor\/wp-content\/uploads\/2024\/02\/cropped-cropped-logolu.webp\",\"contentUrl\":\"https:\/\/luchonoticias.com\/editor\/wp-content\/uploads\/2024\/02\/cropped-cropped-logolu.webp\",\"width\":382,\"height\":170,\"caption\":\"admin\"},\"logo\":{\"@id\":\"https:\/\/luchonoticias.com\/editor\/#\/schema\/person\/image\/\"},\"sameAs\":[\"https:\/\/www.facebook.com\/luchonoticiasneiva\"]},{\"@type\":\"Person\",\"@id\":\"https:\/\/luchonoticias.com\/editor\/#\/schema\/person\/29217990ddf6f14e35912b2866d591fb\",\"name\":\"Editor General\",\"image\":{\"@type\":\"ImageObject\",\"inLanguage\":\"es\",\"@id\":\"https:\/\/luchonoticias.com\/editor\/#\/schema\/person\/image\/\",\"url\":\"https:\/\/luchonoticias.com\/editor\/wp-content\/uploads\/2024\/02\/cropped-cropped-logolu-150x150.webp\",\"contentUrl\":\"https:\/\/luchonoticias.com\/editor\/wp-content\/uploads\/2024\/02\/cropped-cropped-logolu-150x150.webp\",\"caption\":\"Editor General\"},\"sameAs\":[\"https:\/\/luchonoticias.com\/\"],\"url\":\"https:\/\/luchonoticias.com\/editor\/author\/editor-general\/\"}]}<\/script>\n<!-- \/ Yoast SEO plugin. -->","yoast_head_json":{"title":"Convocatoria abierta para el Servicio Social para la Paz -","robots":{"index":"index","follow":"follow","max-snippet":"max-snippet:-1","max-image-preview":"max-image-preview:large","max-video-preview":"max-video-preview:-1"},"canonical":"https:\/\/luchonoticias.com\/editor\/convocatoria-abierta-para-el-servicio-social-para-la-paz\/","og_locale":"es_ES","og_type":"article","og_title":"Convocatoria abierta para el Servicio Social para la Paz -","og_url":"https:\/\/luchonoticias.com\/editor\/convocatoria-abierta-para-el-servicio-social-para-la-paz\/","article_publisher":"https:\/\/www.facebook.com\/luchonoticiasneiva","article_published_time":"2024-12-29T09:44:36+00:00","article_modified_time":"2024-12-29T09:44:37+00:00","og_image":[{"width":700,"height":400,"url":"https:\/\/luchonoticias.com\/editor\/wp-content\/uploads\/2024\/12\/servicio-social-alternativo.jpg","type":"image\/jpeg"}],"author":"Editor General","twitter_card":"summary_large_image","twitter_misc":{"Escrito por":"Editor General","Tiempo de lectura":"2 minutos"},"schema":{"@context":"https:\/\/schema.org","@graph":[{"@type":"Article","@id":"https:\/\/luchonoticias.com\/editor\/convocatoria-abierta-para-el-servicio-social-para-la-paz\/#article","isPartOf":{"@id":"https:\/\/luchonoticias.com\/editor\/convocatoria-abierta-para-el-servicio-social-para-la-paz\/"},"author":{"name":"Editor General","@id":"https:\/\/luchonoticias.com\/editor\/#\/schema\/person\/29217990ddf6f14e35912b2866d591fb"},"headline":"Convocatoria abierta para el Servicio Social para la Paz","datePublished":"2024-12-29T09:44:36+00:00","dateModified":"2024-12-29T09:44:37+00:00","mainEntityOfPage":{"@id":"https:\/\/luchonoticias.com\/editor\/convocatoria-abierta-para-el-servicio-social-para-la-paz\/"},"wordCount":267,"publisher":{"@id":"https:\/\/luchonoticias.com\/editor\/#\/schema\/person\/7a7fd911f58561fd056dbac7b55af9cd"},"image":{"@id":"https:\/\/luchonoticias.com\/editor\/convocatoria-abierta-para-el-servicio-social-para-la-paz\/#primaryimage"},"thumbnailUrl":"https:\/\/luchonoticias.com\/editor\/wp-content\/uploads\/2024\/12\/servicio-social-alternativo.jpg","articleSection":["Nacional"],"inLanguage":"es"},{"@type":"WebPage","@id":"https:\/\/luchonoticias.com\/editor\/convocatoria-abierta-para-el-servicio-social-para-la-paz\/","url":"https:\/\/luchonoticias.com\/editor\/convocatoria-abierta-para-el-servicio-social-para-la-paz\/","name":"Convocatoria abierta para el Servicio Social para la Paz -","isPartOf":{"@id":"https:\/\/luchonoticias.com\/editor\/#website"},"primaryImageOfPage":{"@id":"https:\/\/luchonoticias.com\/editor\/convocatoria-abierta-para-el-servicio-social-para-la-paz\/#primaryimage"},"image":{"@id":"https:\/\/luchonoticias.com\/editor\/convocatoria-abierta-para-el-servicio-social-para-la-paz\/#primaryimage"},"thumbnailUrl":"https:\/\/luchonoticias.com\/editor\/wp-content\/uploads\/2024\/12\/servicio-social-alternativo.jpg","datePublished":"2024-12-29T09:44:36+00:00","dateModified":"2024-12-29T09:44:37+00:00","breadcrumb":{"@id":"https:\/\/luchonoticias.com\/editor\/convocatoria-abierta-para-el-servicio-social-para-la-paz\/#breadcrumb"},"inLanguage":"es","potentialAction":[{"@type":"ReadAction","target":["https:\/\/luchonoticias.com\/editor\/convocatoria-abierta-para-el-servicio-social-para-la-paz\/"]}]},{"@type":"ImageObject","inLanguage":"es","@id":"https:\/\/luchonoticias.com\/editor\/convocatoria-abierta-para-el-servicio-social-para-la-paz\/#primaryimage","url":"https:\/\/luchonoticias.com\/editor\/wp-content\/uploads\/2024\/12\/servicio-social-alternativo.jpg","contentUrl":"https:\/\/luchonoticias.com\/editor\/wp-content\/uploads\/2024\/12\/servicio-social-alternativo.jpg","width":700,"height":400},{"@type":"BreadcrumbList","@id":"https:\/\/luchonoticias.com\/editor\/convocatoria-abierta-para-el-servicio-social-para-la-paz\/#breadcrumb","itemListElement":[{"@type":"ListItem","position":1,"name":"Portada","item":"https:\/\/luchonoticias.com\/editor\/"},{"@type":"ListItem","position":2,"name":"Convocatoria abierta para el Servicio Social para la Paz"}]},{"@type":"WebSite","@id":"https:\/\/luchonoticias.com\/editor\/#website","url":"https:\/\/luchonoticias.com\/editor\/","name":"","description":"","publisher":{"@id":"https:\/\/luchonoticias.com\/editor\/#\/schema\/person\/7a7fd911f58561fd056dbac7b55af9cd"},"potentialAction":[{"@type":"SearchAction","target":{"@type":"EntryPoint","urlTemplate":"https:\/\/luchonoticias.com\/editor\/?s={search_term_string}"},"query-input":{"@type":"PropertyValueSpecification","valueRequired":true,"valueName":"search_term_string"}}],"inLanguage":"es"},{"@type":["Person","Organization"],"@id":"https:\/\/luchonoticias.com\/editor\/#\/schema\/person\/7a7fd911f58561fd056dbac7b55af9cd","name":"admin","image":{"@type":"ImageObject","inLanguage":"es","@id":"https:\/\/luchonoticias.com\/editor\/#\/schema\/person\/image\/","url":"https:\/\/luchonoticias.com\/editor\/wp-content\/uploads\/2024\/02\/cropped-cropped-logolu.webp","contentUrl":"https:\/\/luchonoticias.com\/editor\/wp-content\/uploads\/2024\/02\/cropped-cropped-logolu.webp","width":382,"height":170,"caption":"admin"},"logo":{"@id":"https:\/\/luchonoticias.com\/editor\/#\/schema\/person\/image\/"},"sameAs":["https:\/\/www.facebook.com\/luchonoticiasneiva"]},{"@type":"Person","@id":"https:\/\/luchonoticias.com\/editor\/#\/schema\/person\/29217990ddf6f14e35912b2866d591fb","name":"Editor General","image":{"@type":"ImageObject","inLanguage":"es","@id":"https:\/\/luchonoticias.com\/editor\/#\/schema\/person\/image\/","url":"https:\/\/luchonoticias.com\/editor\/wp-content\/uploads\/2024\/02\/cropped-cropped-logolu-150x150.webp","contentUrl":"https:\/\/luchonoticias.com\/editor\/wp-content\/uploads\/2024\/02\/cropped-cropped-logolu-150x150.webp","caption":"Editor General"},"sameAs":["https:\/\/luchonoticias.com\/"],"url":"https:\/\/luchonoticias.com\/editor\/author\/editor-general\/"}]}},"_links":{"self":[{"href":"https:\/\/luchonoticias.com\/editor\/wp-json\/wp\/v2\/posts\/80254","targetHints":{"allow":["GET"]}}],"collection":[{"href":"https:\/\/luchonoticias.com\/editor\/wp-json\/wp\/v2\/posts"}],"about":[{"href":"https:\/\/luchonoticias.com\/editor\/wp-json\/wp\/v2\/types\/post"}],"author":[{"embeddable":true,"href":"https:\/\/luchonoticias.com\/editor\/wp-json\/wp\/v2\/users\/2"}],"replies":[{"embeddable":true,"href":"https:\/\/luchonoticias.com\/editor\/wp-json\/wp\/v2\/comments?post=80254"}],"version-history":[{"count":1,"href":"https:\/\/luchonoticias.com\/editor\/wp-json\/wp\/v2\/posts\/80254\/revisions"}],"predecessor-version":[{"id":80256,"href":"https:\/\/luchonoticias.com\/editor\/wp-json\/wp\/v2\/posts\/80254\/revisions\/80256"}],"wp:featuredmedia":[{"embeddable":true,"href":"https:\/\/luchonoticias.com\/editor\/wp-json\/wp\/v2\/media\/80255"}],"wp:attachment":[{"href":"https:\/\/luchonoticias.com\/editor\/wp-json\/wp\/v2\/media?parent=80254"}],"wp:term":[{"taxonomy":"category","embeddable":true,"href":"https:\/\/luchonoticias.com\/editor\/wp-json\/wp\/v2\/categories?post=80254"},{"taxonomy":"post_tag","embeddable":true,"href":"https:\/\/luchonoticias.com\/editor\/wp-json\/wp\/v2\/tags?post=80254"}],"curies":[{"name":"wp","href":"https:\/\/api.w.org\/{rel}","templated":true}]}}