{"id":80264,"date":"2024-12-30T04:07:46","date_gmt":"2024-12-30T09:07:46","guid":{"rendered":"https:\/\/luchonoticias.com\/?p=80264"},"modified":"2024-12-30T04:07:47","modified_gmt":"2024-12-30T09:07:47","slug":"el-deporte-huilense-se-viste-de-gala-hoy","status":"publish","type":"post","link":"https:\/\/luchonoticias.com\/editor\/el-deporte-huilense-se-viste-de-gala-hoy\/","title":{"rendered":"El deporte huilense se viste de gala hoy"},"content":{"rendered":"\n<figure class=\"wp-block-image size-full\"><img loading=\"lazy\" decoding=\"async\" width=\"700\" height=\"400\" src=\"https:\/\/luchonoticias.com\/wp-content\/uploads\/2024\/12\/deportista-del-ano.jpg\" alt=\"\" class=\"wp-image-80265\" srcset=\"https:\/\/luchonoticias.com\/editor\/wp-content\/uploads\/2024\/12\/deportista-del-ano.jpg 700w, https:\/\/luchonoticias.com\/editor\/wp-content\/uploads\/2024\/12\/deportista-del-ano-300x171.jpg 300w\" sizes=\"auto, (max-width: 700px) 100vw, 700px\" \/><\/figure>\n\n\n\n<p>Todo se encuentra listo para lo que ser\u00e1 el evento Huilense de Oro, donde se premiar\u00e1 a lo mejor del deporte huilense en 2023.<\/p>\n\n\n\n<p>El evento ser\u00e1 en la Asamblea Departamental a las 2:30 de la tarde y se premiar\u00e1n a los cinco mejores deportistas (siendo el primero, ganador de un incentivo de 26 millones de pesos).<\/p>\n\n\n\n<p>Tambi\u00e9n se premiar\u00e1 a las mejores escuelas, los dos mejores entrenadores y profesores de educaci\u00f3n f\u00edsica del departamento.<\/p>\n\n\n\n<p>En lo que respecta a la gloria deportiva se reconocer\u00e1 a la mejor liga, mejor dirigente y patrocinador.<\/p>\n\n\n\n<p>De otro lado, el evento servir\u00e1 adem\u00e1s para entregar los reconocimientos a los deportistas que fueron medallistas en los Juegos Nacionales de la Juventud y los Juegos Intercolegiados.<\/p>\n","protected":false},"excerpt":{"rendered":"<p>Todo se encuentra listo para lo que ser\u00e1 el evento Huilense de Oro, donde se premiar\u00e1 a lo mejor del deporte huilense en 2023. El evento ser\u00e1 en la Asamblea Departamental a las 2:30 de la tarde y se premiar\u00e1n a los cinco mejores deportistas (siendo el primero, ganador de un incentivo de 26 millones [&hellip;]<\/p>\n","protected":false},"author":2,"featured_media":80265,"comment_status":"closed","ping_status":"open","sticky":false,"template":"","format":"standard","meta":{"footnotes":""},"categories":[34],"tags":[],"class_list":["post-80264","post","type-post","status-publish","format-standard","has-post-thumbnail","hentry","category-deportes"],"yoast_head":"<!-- This site is optimized with the Yoast SEO plugin v26.6 - https:\/\/yoast.com\/wordpress\/plugins\/seo\/ -->\n<title>El deporte huilense se viste de gala hoy -<\/title>\n<meta name=\"robots\" content=\"index, follow, max-snippet:-1, max-image-preview:large, max-video-preview:-1\" \/>\n<link rel=\"canonical\" href=\"https:\/\/luchonoticias.com\/editor\/el-deporte-huilense-se-viste-de-gala-hoy\/\" \/>\n<meta property=\"og:locale\" content=\"es_ES\" \/>\n<meta property=\"og:type\" content=\"article\" \/>\n<meta property=\"og:title\" content=\"El deporte huilense se viste de gala hoy -\" \/>\n<meta property=\"og:url\" content=\"https:\/\/luchonoticias.com\/editor\/el-deporte-huilense-se-viste-de-gala-hoy\/\" \/>\n<meta property=\"article:publisher\" content=\"https:\/\/www.facebook.com\/luchonoticiasneiva\" \/>\n<meta property=\"article:published_time\" content=\"2024-12-30T09:07:46+00:00\" \/>\n<meta property=\"article:modified_time\" content=\"2024-12-30T09:07:47+00:00\" \/>\n<meta property=\"og:image\" content=\"https:\/\/luchonoticias.com\/editor\/wp-content\/uploads\/2024\/12\/deportista-del-ano.jpg\" \/>\n\t<meta property=\"og:image:width\" content=\"700\" \/>\n\t<meta property=\"og:image:height\" content=\"400\" \/>\n\t<meta property=\"og:image:type\" content=\"image\/jpeg\" \/>\n<meta name=\"author\" content=\"Editor General\" \/>\n<meta name=\"twitter:card\" content=\"summary_large_image\" \/>\n<meta name=\"twitter:label1\" content=\"Escrito por\" \/>\n\t<meta name=\"twitter:data1\" content=\"Editor General\" \/>\n\t<meta name=\"twitter:label2\" content=\"Tiempo de lectura\" \/>\n\t<meta name=\"twitter:data2\" content=\"1 minuto\" \/>\n<script type=\"application\/ld+json\" class=\"yoast-schema-graph\">{\"@context\":\"https:\/\/schema.org\",\"@graph\":[{\"@type\":\"Article\",\"@id\":\"https:\/\/luchonoticias.com\/editor\/el-deporte-huilense-se-viste-de-gala-hoy\/#article\",\"isPartOf\":{\"@id\":\"https:\/\/luchonoticias.com\/editor\/el-deporte-huilense-se-viste-de-gala-hoy\/\"},\"author\":{\"name\":\"Editor General\",\"@id\":\"https:\/\/luchonoticias.com\/editor\/#\/schema\/person\/29217990ddf6f14e35912b2866d591fb\"},\"headline\":\"El deporte huilense se viste de gala hoy\",\"datePublished\":\"2024-12-30T09:07:46+00:00\",\"dateModified\":\"2024-12-30T09:07:47+00:00\",\"mainEntityOfPage\":{\"@id\":\"https:\/\/luchonoticias.com\/editor\/el-deporte-huilense-se-viste-de-gala-hoy\/\"},\"wordCount\":131,\"publisher\":{\"@id\":\"https:\/\/luchonoticias.com\/editor\/#\/schema\/person\/7a7fd911f58561fd056dbac7b55af9cd\"},\"image\":{\"@id\":\"https:\/\/luchonoticias.com\/editor\/el-deporte-huilense-se-viste-de-gala-hoy\/#primaryimage\"},\"thumbnailUrl\":\"https:\/\/luchonoticias.com\/editor\/wp-content\/uploads\/2024\/12\/deportista-del-ano.jpg\",\"articleSection\":[\"Deportes\"],\"inLanguage\":\"es\"},{\"@type\":\"WebPage\",\"@id\":\"https:\/\/luchonoticias.com\/editor\/el-deporte-huilense-se-viste-de-gala-hoy\/\",\"url\":\"https:\/\/luchonoticias.com\/editor\/el-deporte-huilense-se-viste-de-gala-hoy\/\",\"name\":\"El deporte huilense se viste de gala hoy -\",\"isPartOf\":{\"@id\":\"https:\/\/luchonoticias.com\/editor\/#website\"},\"primaryImageOfPage\":{\"@id\":\"https:\/\/luchonoticias.com\/editor\/el-deporte-huilense-se-viste-de-gala-hoy\/#primaryimage\"},\"image\":{\"@id\":\"https:\/\/luchonoticias.com\/editor\/el-deporte-huilense-se-viste-de-gala-hoy\/#primaryimage\"},\"thumbnailUrl\":\"https:\/\/luchonoticias.com\/editor\/wp-content\/uploads\/2024\/12\/deportista-del-ano.jpg\",\"datePublished\":\"2024-12-30T09:07:46+00:00\",\"dateModified\":\"2024-12-30T09:07:47+00:00\",\"breadcrumb\":{\"@id\":\"https:\/\/luchonoticias.com\/editor\/el-deporte-huilense-se-viste-de-gala-hoy\/#breadcrumb\"},\"inLanguage\":\"es\",\"potentialAction\":[{\"@type\":\"ReadAction\",\"target\":[\"https:\/\/luchonoticias.com\/editor\/el-deporte-huilense-se-viste-de-gala-hoy\/\"]}]},{\"@type\":\"ImageObject\",\"inLanguage\":\"es\",\"@id\":\"https:\/\/luchonoticias.com\/editor\/el-deporte-huilense-se-viste-de-gala-hoy\/#primaryimage\",\"url\":\"https:\/\/luchonoticias.com\/editor\/wp-content\/uploads\/2024\/12\/deportista-del-ano.jpg\",\"contentUrl\":\"https:\/\/luchonoticias.com\/editor\/wp-content\/uploads\/2024\/12\/deportista-del-ano.jpg\",\"width\":700,\"height\":400},{\"@type\":\"BreadcrumbList\",\"@id\":\"https:\/\/luchonoticias.com\/editor\/el-deporte-huilense-se-viste-de-gala-hoy\/#breadcrumb\",\"itemListElement\":[{\"@type\":\"ListItem\",\"position\":1,\"name\":\"Portada\",\"item\":\"https:\/\/luchonoticias.com\/editor\/\"},{\"@type\":\"ListItem\",\"position\":2,\"name\":\"El deporte huilense se viste de gala hoy\"}]},{\"@type\":\"WebSite\",\"@id\":\"https:\/\/luchonoticias.com\/editor\/#website\",\"url\":\"https:\/\/luchonoticias.com\/editor\/\",\"name\":\"\",\"description\":\"\",\"publisher\":{\"@id\":\"https:\/\/luchonoticias.com\/editor\/#\/schema\/person\/7a7fd911f58561fd056dbac7b55af9cd\"},\"potentialAction\":[{\"@type\":\"SearchAction\",\"target\":{\"@type\":\"EntryPoint\",\"urlTemplate\":\"https:\/\/luchonoticias.com\/editor\/?s={search_term_string}\"},\"query-input\":{\"@type\":\"PropertyValueSpecification\",\"valueRequired\":true,\"valueName\":\"search_term_string\"}}],\"inLanguage\":\"es\"},{\"@type\":[\"Person\",\"Organization\"],\"@id\":\"https:\/\/luchonoticias.com\/editor\/#\/schema\/person\/7a7fd911f58561fd056dbac7b55af9cd\",\"name\":\"admin\",\"image\":{\"@type\":\"ImageObject\",\"inLanguage\":\"es\",\"@id\":\"https:\/\/luchonoticias.com\/editor\/#\/schema\/person\/image\/\",\"url\":\"https:\/\/luchonoticias.com\/editor\/wp-content\/uploads\/2024\/02\/cropped-cropped-logolu.webp\",\"contentUrl\":\"https:\/\/luchonoticias.com\/editor\/wp-content\/uploads\/2024\/02\/cropped-cropped-logolu.webp\",\"width\":382,\"height\":170,\"caption\":\"admin\"},\"logo\":{\"@id\":\"https:\/\/luchonoticias.com\/editor\/#\/schema\/person\/image\/\"},\"sameAs\":[\"https:\/\/www.facebook.com\/luchonoticiasneiva\"]},{\"@type\":\"Person\",\"@id\":\"https:\/\/luchonoticias.com\/editor\/#\/schema\/person\/29217990ddf6f14e35912b2866d591fb\",\"name\":\"Editor General\",\"image\":{\"@type\":\"ImageObject\",\"inLanguage\":\"es\",\"@id\":\"https:\/\/luchonoticias.com\/editor\/#\/schema\/person\/image\/\",\"url\":\"https:\/\/luchonoticias.com\/editor\/wp-content\/uploads\/2024\/02\/cropped-cropped-logolu-150x150.webp\",\"contentUrl\":\"https:\/\/luchonoticias.com\/editor\/wp-content\/uploads\/2024\/02\/cropped-cropped-logolu-150x150.webp\",\"caption\":\"Editor General\"},\"sameAs\":[\"https:\/\/luchonoticias.com\/\"],\"url\":\"https:\/\/luchonoticias.com\/editor\/author\/editor-general\/\"}]}<\/script>\n<!-- \/ Yoast SEO plugin. -->","yoast_head_json":{"title":"El deporte huilense se viste de gala hoy -","robots":{"index":"index","follow":"follow","max-snippet":"max-snippet:-1","max-image-preview":"max-image-preview:large","max-video-preview":"max-video-preview:-1"},"canonical":"https:\/\/luchonoticias.com\/editor\/el-deporte-huilense-se-viste-de-gala-hoy\/","og_locale":"es_ES","og_type":"article","og_title":"El deporte huilense se viste de gala hoy -","og_url":"https:\/\/luchonoticias.com\/editor\/el-deporte-huilense-se-viste-de-gala-hoy\/","article_publisher":"https:\/\/www.facebook.com\/luchonoticiasneiva","article_published_time":"2024-12-30T09:07:46+00:00","article_modified_time":"2024-12-30T09:07:47+00:00","og_image":[{"width":700,"height":400,"url":"https:\/\/luchonoticias.com\/editor\/wp-content\/uploads\/2024\/12\/deportista-del-ano.jpg","type":"image\/jpeg"}],"author":"Editor General","twitter_card":"summary_large_image","twitter_misc":{"Escrito por":"Editor General","Tiempo de lectura":"1 minuto"},"schema":{"@context":"https:\/\/schema.org","@graph":[{"@type":"Article","@id":"https:\/\/luchonoticias.com\/editor\/el-deporte-huilense-se-viste-de-gala-hoy\/#article","isPartOf":{"@id":"https:\/\/luchonoticias.com\/editor\/el-deporte-huilense-se-viste-de-gala-hoy\/"},"author":{"name":"Editor General","@id":"https:\/\/luchonoticias.com\/editor\/#\/schema\/person\/29217990ddf6f14e35912b2866d591fb"},"headline":"El deporte huilense se viste de gala hoy","datePublished":"2024-12-30T09:07:46+00:00","dateModified":"2024-12-30T09:07:47+00:00","mainEntityOfPage":{"@id":"https:\/\/luchonoticias.com\/editor\/el-deporte-huilense-se-viste-de-gala-hoy\/"},"wordCount":131,"publisher":{"@id":"https:\/\/luchonoticias.com\/editor\/#\/schema\/person\/7a7fd911f58561fd056dbac7b55af9cd"},"image":{"@id":"https:\/\/luchonoticias.com\/editor\/el-deporte-huilense-se-viste-de-gala-hoy\/#primaryimage"},"thumbnailUrl":"https:\/\/luchonoticias.com\/editor\/wp-content\/uploads\/2024\/12\/deportista-del-ano.jpg","articleSection":["Deportes"],"inLanguage":"es"},{"@type":"WebPage","@id":"https:\/\/luchonoticias.com\/editor\/el-deporte-huilense-se-viste-de-gala-hoy\/","url":"https:\/\/luchonoticias.com\/editor\/el-deporte-huilense-se-viste-de-gala-hoy\/","name":"El deporte huilense se viste de gala hoy -","isPartOf":{"@id":"https:\/\/luchonoticias.com\/editor\/#website"},"primaryImageOfPage":{"@id":"https:\/\/luchonoticias.com\/editor\/el-deporte-huilense-se-viste-de-gala-hoy\/#primaryimage"},"image":{"@id":"https:\/\/luchonoticias.com\/editor\/el-deporte-huilense-se-viste-de-gala-hoy\/#primaryimage"},"thumbnailUrl":"https:\/\/luchonoticias.com\/editor\/wp-content\/uploads\/2024\/12\/deportista-del-ano.jpg","datePublished":"2024-12-30T09:07:46+00:00","dateModified":"2024-12-30T09:07:47+00:00","breadcrumb":{"@id":"https:\/\/luchonoticias.com\/editor\/el-deporte-huilense-se-viste-de-gala-hoy\/#breadcrumb"},"inLanguage":"es","potentialAction":[{"@type":"ReadAction","target":["https:\/\/luchonoticias.com\/editor\/el-deporte-huilense-se-viste-de-gala-hoy\/"]}]},{"@type":"ImageObject","inLanguage":"es","@id":"https:\/\/luchonoticias.com\/editor\/el-deporte-huilense-se-viste-de-gala-hoy\/#primaryimage","url":"https:\/\/luchonoticias.com\/editor\/wp-content\/uploads\/2024\/12\/deportista-del-ano.jpg","contentUrl":"https:\/\/luchonoticias.com\/editor\/wp-content\/uploads\/2024\/12\/deportista-del-ano.jpg","width":700,"height":400},{"@type":"BreadcrumbList","@id":"https:\/\/luchonoticias.com\/editor\/el-deporte-huilense-se-viste-de-gala-hoy\/#breadcrumb","itemListElement":[{"@type":"ListItem","position":1,"name":"Portada","item":"https:\/\/luchonoticias.com\/editor\/"},{"@type":"ListItem","position":2,"name":"El deporte huilense se viste de gala hoy"}]},{"@type":"WebSite","@id":"https:\/\/luchonoticias.com\/editor\/#website","url":"https:\/\/luchonoticias.com\/editor\/","name":"","description":"","publisher":{"@id":"https:\/\/luchonoticias.com\/editor\/#\/schema\/person\/7a7fd911f58561fd056dbac7b55af9cd"},"potentialAction":[{"@type":"SearchAction","target":{"@type":"EntryPoint","urlTemplate":"https:\/\/luchonoticias.com\/editor\/?s={search_term_string}"},"query-input":{"@type":"PropertyValueSpecification","valueRequired":true,"valueName":"search_term_string"}}],"inLanguage":"es"},{"@type":["Person","Organization"],"@id":"https:\/\/luchonoticias.com\/editor\/#\/schema\/person\/7a7fd911f58561fd056dbac7b55af9cd","name":"admin","image":{"@type":"ImageObject","inLanguage":"es","@id":"https:\/\/luchonoticias.com\/editor\/#\/schema\/person\/image\/","url":"https:\/\/luchonoticias.com\/editor\/wp-content\/uploads\/2024\/02\/cropped-cropped-logolu.webp","contentUrl":"https:\/\/luchonoticias.com\/editor\/wp-content\/uploads\/2024\/02\/cropped-cropped-logolu.webp","width":382,"height":170,"caption":"admin"},"logo":{"@id":"https:\/\/luchonoticias.com\/editor\/#\/schema\/person\/image\/"},"sameAs":["https:\/\/www.facebook.com\/luchonoticiasneiva"]},{"@type":"Person","@id":"https:\/\/luchonoticias.com\/editor\/#\/schema\/person\/29217990ddf6f14e35912b2866d591fb","name":"Editor General","image":{"@type":"ImageObject","inLanguage":"es","@id":"https:\/\/luchonoticias.com\/editor\/#\/schema\/person\/image\/","url":"https:\/\/luchonoticias.com\/editor\/wp-content\/uploads\/2024\/02\/cropped-cropped-logolu-150x150.webp","contentUrl":"https:\/\/luchonoticias.com\/editor\/wp-content\/uploads\/2024\/02\/cropped-cropped-logolu-150x150.webp","caption":"Editor General"},"sameAs":["https:\/\/luchonoticias.com\/"],"url":"https:\/\/luchonoticias.com\/editor\/author\/editor-general\/"}]}},"_links":{"self":[{"href":"https:\/\/luchonoticias.com\/editor\/wp-json\/wp\/v2\/posts\/80264","targetHints":{"allow":["GET"]}}],"collection":[{"href":"https:\/\/luchonoticias.com\/editor\/wp-json\/wp\/v2\/posts"}],"about":[{"href":"https:\/\/luchonoticias.com\/editor\/wp-json\/wp\/v2\/types\/post"}],"author":[{"embeddable":true,"href":"https:\/\/luchonoticias.com\/editor\/wp-json\/wp\/v2\/users\/2"}],"replies":[{"embeddable":true,"href":"https:\/\/luchonoticias.com\/editor\/wp-json\/wp\/v2\/comments?post=80264"}],"version-history":[{"count":1,"href":"https:\/\/luchonoticias.com\/editor\/wp-json\/wp\/v2\/posts\/80264\/revisions"}],"predecessor-version":[{"id":80266,"href":"https:\/\/luchonoticias.com\/editor\/wp-json\/wp\/v2\/posts\/80264\/revisions\/80266"}],"wp:featuredmedia":[{"embeddable":true,"href":"https:\/\/luchonoticias.com\/editor\/wp-json\/wp\/v2\/media\/80265"}],"wp:attachment":[{"href":"https:\/\/luchonoticias.com\/editor\/wp-json\/wp\/v2\/media?parent=80264"}],"wp:term":[{"taxonomy":"category","embeddable":true,"href":"https:\/\/luchonoticias.com\/editor\/wp-json\/wp\/v2\/categories?post=80264"},{"taxonomy":"post_tag","embeddable":true,"href":"https:\/\/luchonoticias.com\/editor\/wp-json\/wp\/v2\/tags?post=80264"}],"curies":[{"name":"wp","href":"https:\/\/api.w.org\/{rel}","templated":true}]}}