{"id":80267,"date":"2024-12-30T04:13:56","date_gmt":"2024-12-30T09:13:56","guid":{"rendered":"https:\/\/luchonoticias.com\/?p=80267"},"modified":"2024-12-30T04:13:57","modified_gmt":"2024-12-30T09:13:57","slug":"juvinao-exige-plan-de-pago-para-salvar-la-educacion-universitaria-en-colombia","status":"publish","type":"post","link":"https:\/\/luchonoticias.com\/editor\/juvinao-exige-plan-de-pago-para-salvar-la-educacion-universitaria-en-colombia\/","title":{"rendered":"Juvinao exige plan de pago para salvar la educaci\u00f3n universitaria en Colombia"},"content":{"rendered":"\n<figure class=\"wp-block-image size-full\"><img loading=\"lazy\" decoding=\"async\" width=\"700\" height=\"400\" src=\"https:\/\/luchonoticias.com\/wp-content\/uploads\/2024\/12\/juvinao.jpg\" alt=\"\" class=\"wp-image-80268\" srcset=\"https:\/\/luchonoticias.com\/editor\/wp-content\/uploads\/2024\/12\/juvinao.jpg 700w, https:\/\/luchonoticias.com\/editor\/wp-content\/uploads\/2024\/12\/juvinao-300x171.jpg 300w\" sizes=\"auto, (max-width: 700px) 100vw, 700px\" \/><\/figure>\n\n\n\n<p>La representante a la C\u00e1mara por el Partido Verde, Catherine Juvinao, denunci\u00f3 que el Gobierno de Gustavo Petro adeuda m\u00e1s de 1 bill\u00f3n de pesos a las universidades p\u00fablicas por el programa de Matr\u00edcula Cero, adem\u00e1s de 160.000 millones correspondientes a recursos para su funcionamiento. A trav\u00e9s de un video en sus redes sociales, la congresista cuestion\u00f3 el destino de estos fondos, que fueron aprobados en el presupuesto de 2024, el m\u00e1s alto de la historia para el sector educaci\u00f3n, con un monto cercano a los 70 billones de pesos.<\/p>\n\n\n\n<p>Juvinao explic\u00f3 que, aunque a mitad de este a\u00f1o el Ministerio de Educaci\u00f3n redireccion\u00f3 2,2 billones de pesos del Icetex hacia la pol\u00edtica de gratuidad, los recursos siguen sin llegar a las universidades p\u00fablicas. \u201cEstos fondos est\u00e1n contemplados en el presupuesto general y fueron aprobados desde 2023, as\u00ed que no se laven las manos. \u00bfD\u00f3nde est\u00e1 la plata y por qu\u00e9 no pagan?\u201d, reclam\u00f3 la legisladora, quien advirti\u00f3 sobre una posible crisis en el sistema educativo superior.<\/p>\n\n\n\n<p>La congresista tambi\u00e9n se\u00f1al\u00f3 que la deuda afecta no solo a las universidades p\u00fablicas, sino tambi\u00e9n a las privadas, por los pagos pendientes de cr\u00e9ditos del Icetex y becas del programa Generaci\u00f3n E. \u201cM\u00e1s all\u00e1 de los n\u00fameros, hablamos de miles de j\u00f3venes cuyo sue\u00f1o de estudiar est\u00e1 en riesgo. La crisis del sistema universitario no deb\u00eda agravarse, sino resolverse\u201d, expres\u00f3.<\/p>\n\n\n\n<p>Finalmente, Juvinao pidi\u00f3 al ministro de Educaci\u00f3n, Daniel Rojas, presentar un plan concreto para saldar las deudas y garantizar la estabilidad de las universidades y la educaci\u00f3n de los j\u00f3venes colombianos. La legisladora inst\u00f3 a priorizar la planificaci\u00f3n y ejecuci\u00f3n adecuada de los recursos educativos para evitar consecuencias perjudiciales.<\/p>\n","protected":false},"excerpt":{"rendered":"<p>La representante a la C\u00e1mara por el Partido Verde, Catherine Juvinao, denunci\u00f3 que el Gobierno de Gustavo Petro adeuda m\u00e1s de 1 bill\u00f3n de pesos a las universidades p\u00fablicas por el programa de Matr\u00edcula Cero, adem\u00e1s de 160.000 millones correspondientes a recursos para su funcionamiento. A trav\u00e9s de un video en sus redes sociales, la [&hellip;]<\/p>\n","protected":false},"author":2,"featured_media":80268,"comment_status":"closed","ping_status":"open","sticky":false,"template":"","format":"standard","meta":{"footnotes":""},"categories":[28,32],"tags":[],"class_list":["post-80267","post","type-post","status-publish","format-standard","has-post-thumbnail","hentry","category-actualidad","category-nacional"],"yoast_head":"<!-- This site is optimized with the Yoast SEO plugin v26.6 - https:\/\/yoast.com\/wordpress\/plugins\/seo\/ -->\n<title>Juvinao exige plan de pago para salvar la educaci\u00f3n universitaria en Colombia -<\/title>\n<meta name=\"robots\" content=\"index, follow, max-snippet:-1, max-image-preview:large, max-video-preview:-1\" \/>\n<link rel=\"canonical\" href=\"https:\/\/luchonoticias.com\/editor\/juvinao-exige-plan-de-pago-para-salvar-la-educacion-universitaria-en-colombia\/\" \/>\n<meta property=\"og:locale\" content=\"es_ES\" \/>\n<meta property=\"og:type\" content=\"article\" \/>\n<meta property=\"og:title\" content=\"Juvinao exige plan de pago para salvar la educaci\u00f3n universitaria en Colombia -\" \/>\n<meta property=\"og:url\" content=\"https:\/\/luchonoticias.com\/editor\/juvinao-exige-plan-de-pago-para-salvar-la-educacion-universitaria-en-colombia\/\" \/>\n<meta property=\"article:publisher\" content=\"https:\/\/www.facebook.com\/luchonoticiasneiva\" \/>\n<meta property=\"article:published_time\" content=\"2024-12-30T09:13:56+00:00\" \/>\n<meta property=\"article:modified_time\" content=\"2024-12-30T09:13:57+00:00\" \/>\n<meta property=\"og:image\" content=\"https:\/\/luchonoticias.com\/editor\/wp-content\/uploads\/2024\/12\/juvinao.jpg\" \/>\n\t<meta property=\"og:image:width\" content=\"700\" \/>\n\t<meta property=\"og:image:height\" content=\"400\" \/>\n\t<meta property=\"og:image:type\" content=\"image\/jpeg\" \/>\n<meta name=\"author\" content=\"Editor General\" \/>\n<meta name=\"twitter:card\" content=\"summary_large_image\" \/>\n<meta name=\"twitter:label1\" content=\"Escrito por\" \/>\n\t<meta name=\"twitter:data1\" content=\"Editor General\" \/>\n\t<meta name=\"twitter:label2\" content=\"Tiempo de lectura\" \/>\n\t<meta name=\"twitter:data2\" content=\"2 minutos\" \/>\n<script type=\"application\/ld+json\" class=\"yoast-schema-graph\">{\"@context\":\"https:\/\/schema.org\",\"@graph\":[{\"@type\":\"Article\",\"@id\":\"https:\/\/luchonoticias.com\/editor\/juvinao-exige-plan-de-pago-para-salvar-la-educacion-universitaria-en-colombia\/#article\",\"isPartOf\":{\"@id\":\"https:\/\/luchonoticias.com\/editor\/juvinao-exige-plan-de-pago-para-salvar-la-educacion-universitaria-en-colombia\/\"},\"author\":{\"name\":\"Editor General\",\"@id\":\"https:\/\/luchonoticias.com\/editor\/#\/schema\/person\/29217990ddf6f14e35912b2866d591fb\"},\"headline\":\"Juvinao exige plan de pago para salvar la educaci\u00f3n universitaria en Colombia\",\"datePublished\":\"2024-12-30T09:13:56+00:00\",\"dateModified\":\"2024-12-30T09:13:57+00:00\",\"mainEntityOfPage\":{\"@id\":\"https:\/\/luchonoticias.com\/editor\/juvinao-exige-plan-de-pago-para-salvar-la-educacion-universitaria-en-colombia\/\"},\"wordCount\":315,\"publisher\":{\"@id\":\"https:\/\/luchonoticias.com\/editor\/#\/schema\/person\/7a7fd911f58561fd056dbac7b55af9cd\"},\"image\":{\"@id\":\"https:\/\/luchonoticias.com\/editor\/juvinao-exige-plan-de-pago-para-salvar-la-educacion-universitaria-en-colombia\/#primaryimage\"},\"thumbnailUrl\":\"https:\/\/luchonoticias.com\/editor\/wp-content\/uploads\/2024\/12\/juvinao.jpg\",\"articleSection\":[\"Actualidad\",\"Nacional\"],\"inLanguage\":\"es\"},{\"@type\":\"WebPage\",\"@id\":\"https:\/\/luchonoticias.com\/editor\/juvinao-exige-plan-de-pago-para-salvar-la-educacion-universitaria-en-colombia\/\",\"url\":\"https:\/\/luchonoticias.com\/editor\/juvinao-exige-plan-de-pago-para-salvar-la-educacion-universitaria-en-colombia\/\",\"name\":\"Juvinao exige plan de pago para salvar la educaci\u00f3n universitaria en Colombia -\",\"isPartOf\":{\"@id\":\"https:\/\/luchonoticias.com\/editor\/#website\"},\"primaryImageOfPage\":{\"@id\":\"https:\/\/luchonoticias.com\/editor\/juvinao-exige-plan-de-pago-para-salvar-la-educacion-universitaria-en-colombia\/#primaryimage\"},\"image\":{\"@id\":\"https:\/\/luchonoticias.com\/editor\/juvinao-exige-plan-de-pago-para-salvar-la-educacion-universitaria-en-colombia\/#primaryimage\"},\"thumbnailUrl\":\"https:\/\/luchonoticias.com\/editor\/wp-content\/uploads\/2024\/12\/juvinao.jpg\",\"datePublished\":\"2024-12-30T09:13:56+00:00\",\"dateModified\":\"2024-12-30T09:13:57+00:00\",\"breadcrumb\":{\"@id\":\"https:\/\/luchonoticias.com\/editor\/juvinao-exige-plan-de-pago-para-salvar-la-educacion-universitaria-en-colombia\/#breadcrumb\"},\"inLanguage\":\"es\",\"potentialAction\":[{\"@type\":\"ReadAction\",\"target\":[\"https:\/\/luchonoticias.com\/editor\/juvinao-exige-plan-de-pago-para-salvar-la-educacion-universitaria-en-colombia\/\"]}]},{\"@type\":\"ImageObject\",\"inLanguage\":\"es\",\"@id\":\"https:\/\/luchonoticias.com\/editor\/juvinao-exige-plan-de-pago-para-salvar-la-educacion-universitaria-en-colombia\/#primaryimage\",\"url\":\"https:\/\/luchonoticias.com\/editor\/wp-content\/uploads\/2024\/12\/juvinao.jpg\",\"contentUrl\":\"https:\/\/luchonoticias.com\/editor\/wp-content\/uploads\/2024\/12\/juvinao.jpg\",\"width\":700,\"height\":400},{\"@type\":\"BreadcrumbList\",\"@id\":\"https:\/\/luchonoticias.com\/editor\/juvinao-exige-plan-de-pago-para-salvar-la-educacion-universitaria-en-colombia\/#breadcrumb\",\"itemListElement\":[{\"@type\":\"ListItem\",\"position\":1,\"name\":\"Portada\",\"item\":\"https:\/\/luchonoticias.com\/editor\/\"},{\"@type\":\"ListItem\",\"position\":2,\"name\":\"Juvinao exige plan de pago para salvar la educaci\u00f3n universitaria en Colombia\"}]},{\"@type\":\"WebSite\",\"@id\":\"https:\/\/luchonoticias.com\/editor\/#website\",\"url\":\"https:\/\/luchonoticias.com\/editor\/\",\"name\":\"\",\"description\":\"\",\"publisher\":{\"@id\":\"https:\/\/luchonoticias.com\/editor\/#\/schema\/person\/7a7fd911f58561fd056dbac7b55af9cd\"},\"potentialAction\":[{\"@type\":\"SearchAction\",\"target\":{\"@type\":\"EntryPoint\",\"urlTemplate\":\"https:\/\/luchonoticias.com\/editor\/?s={search_term_string}\"},\"query-input\":{\"@type\":\"PropertyValueSpecification\",\"valueRequired\":true,\"valueName\":\"search_term_string\"}}],\"inLanguage\":\"es\"},{\"@type\":[\"Person\",\"Organization\"],\"@id\":\"https:\/\/luchonoticias.com\/editor\/#\/schema\/person\/7a7fd911f58561fd056dbac7b55af9cd\",\"name\":\"admin\",\"image\":{\"@type\":\"ImageObject\",\"inLanguage\":\"es\",\"@id\":\"https:\/\/luchonoticias.com\/editor\/#\/schema\/person\/image\/\",\"url\":\"https:\/\/luchonoticias.com\/editor\/wp-content\/uploads\/2024\/02\/cropped-cropped-logolu.webp\",\"contentUrl\":\"https:\/\/luchonoticias.com\/editor\/wp-content\/uploads\/2024\/02\/cropped-cropped-logolu.webp\",\"width\":382,\"height\":170,\"caption\":\"admin\"},\"logo\":{\"@id\":\"https:\/\/luchonoticias.com\/editor\/#\/schema\/person\/image\/\"},\"sameAs\":[\"https:\/\/www.facebook.com\/luchonoticiasneiva\"]},{\"@type\":\"Person\",\"@id\":\"https:\/\/luchonoticias.com\/editor\/#\/schema\/person\/29217990ddf6f14e35912b2866d591fb\",\"name\":\"Editor General\",\"image\":{\"@type\":\"ImageObject\",\"inLanguage\":\"es\",\"@id\":\"https:\/\/luchonoticias.com\/editor\/#\/schema\/person\/image\/\",\"url\":\"https:\/\/luchonoticias.com\/editor\/wp-content\/uploads\/2024\/02\/cropped-cropped-logolu-150x150.webp\",\"contentUrl\":\"https:\/\/luchonoticias.com\/editor\/wp-content\/uploads\/2024\/02\/cropped-cropped-logolu-150x150.webp\",\"caption\":\"Editor General\"},\"sameAs\":[\"https:\/\/luchonoticias.com\/\"],\"url\":\"https:\/\/luchonoticias.com\/editor\/author\/editor-general\/\"}]}<\/script>\n<!-- \/ Yoast SEO plugin. -->","yoast_head_json":{"title":"Juvinao exige plan de pago para salvar la educaci\u00f3n universitaria en Colombia -","robots":{"index":"index","follow":"follow","max-snippet":"max-snippet:-1","max-image-preview":"max-image-preview:large","max-video-preview":"max-video-preview:-1"},"canonical":"https:\/\/luchonoticias.com\/editor\/juvinao-exige-plan-de-pago-para-salvar-la-educacion-universitaria-en-colombia\/","og_locale":"es_ES","og_type":"article","og_title":"Juvinao exige plan de pago para salvar la educaci\u00f3n universitaria en Colombia -","og_url":"https:\/\/luchonoticias.com\/editor\/juvinao-exige-plan-de-pago-para-salvar-la-educacion-universitaria-en-colombia\/","article_publisher":"https:\/\/www.facebook.com\/luchonoticiasneiva","article_published_time":"2024-12-30T09:13:56+00:00","article_modified_time":"2024-12-30T09:13:57+00:00","og_image":[{"width":700,"height":400,"url":"https:\/\/luchonoticias.com\/editor\/wp-content\/uploads\/2024\/12\/juvinao.jpg","type":"image\/jpeg"}],"author":"Editor General","twitter_card":"summary_large_image","twitter_misc":{"Escrito por":"Editor General","Tiempo de lectura":"2 minutos"},"schema":{"@context":"https:\/\/schema.org","@graph":[{"@type":"Article","@id":"https:\/\/luchonoticias.com\/editor\/juvinao-exige-plan-de-pago-para-salvar-la-educacion-universitaria-en-colombia\/#article","isPartOf":{"@id":"https:\/\/luchonoticias.com\/editor\/juvinao-exige-plan-de-pago-para-salvar-la-educacion-universitaria-en-colombia\/"},"author":{"name":"Editor General","@id":"https:\/\/luchonoticias.com\/editor\/#\/schema\/person\/29217990ddf6f14e35912b2866d591fb"},"headline":"Juvinao exige plan de pago para salvar la educaci\u00f3n universitaria en Colombia","datePublished":"2024-12-30T09:13:56+00:00","dateModified":"2024-12-30T09:13:57+00:00","mainEntityOfPage":{"@id":"https:\/\/luchonoticias.com\/editor\/juvinao-exige-plan-de-pago-para-salvar-la-educacion-universitaria-en-colombia\/"},"wordCount":315,"publisher":{"@id":"https:\/\/luchonoticias.com\/editor\/#\/schema\/person\/7a7fd911f58561fd056dbac7b55af9cd"},"image":{"@id":"https:\/\/luchonoticias.com\/editor\/juvinao-exige-plan-de-pago-para-salvar-la-educacion-universitaria-en-colombia\/#primaryimage"},"thumbnailUrl":"https:\/\/luchonoticias.com\/editor\/wp-content\/uploads\/2024\/12\/juvinao.jpg","articleSection":["Actualidad","Nacional"],"inLanguage":"es"},{"@type":"WebPage","@id":"https:\/\/luchonoticias.com\/editor\/juvinao-exige-plan-de-pago-para-salvar-la-educacion-universitaria-en-colombia\/","url":"https:\/\/luchonoticias.com\/editor\/juvinao-exige-plan-de-pago-para-salvar-la-educacion-universitaria-en-colombia\/","name":"Juvinao exige plan de pago para salvar la educaci\u00f3n universitaria en Colombia -","isPartOf":{"@id":"https:\/\/luchonoticias.com\/editor\/#website"},"primaryImageOfPage":{"@id":"https:\/\/luchonoticias.com\/editor\/juvinao-exige-plan-de-pago-para-salvar-la-educacion-universitaria-en-colombia\/#primaryimage"},"image":{"@id":"https:\/\/luchonoticias.com\/editor\/juvinao-exige-plan-de-pago-para-salvar-la-educacion-universitaria-en-colombia\/#primaryimage"},"thumbnailUrl":"https:\/\/luchonoticias.com\/editor\/wp-content\/uploads\/2024\/12\/juvinao.jpg","datePublished":"2024-12-30T09:13:56+00:00","dateModified":"2024-12-30T09:13:57+00:00","breadcrumb":{"@id":"https:\/\/luchonoticias.com\/editor\/juvinao-exige-plan-de-pago-para-salvar-la-educacion-universitaria-en-colombia\/#breadcrumb"},"inLanguage":"es","potentialAction":[{"@type":"ReadAction","target":["https:\/\/luchonoticias.com\/editor\/juvinao-exige-plan-de-pago-para-salvar-la-educacion-universitaria-en-colombia\/"]}]},{"@type":"ImageObject","inLanguage":"es","@id":"https:\/\/luchonoticias.com\/editor\/juvinao-exige-plan-de-pago-para-salvar-la-educacion-universitaria-en-colombia\/#primaryimage","url":"https:\/\/luchonoticias.com\/editor\/wp-content\/uploads\/2024\/12\/juvinao.jpg","contentUrl":"https:\/\/luchonoticias.com\/editor\/wp-content\/uploads\/2024\/12\/juvinao.jpg","width":700,"height":400},{"@type":"BreadcrumbList","@id":"https:\/\/luchonoticias.com\/editor\/juvinao-exige-plan-de-pago-para-salvar-la-educacion-universitaria-en-colombia\/#breadcrumb","itemListElement":[{"@type":"ListItem","position":1,"name":"Portada","item":"https:\/\/luchonoticias.com\/editor\/"},{"@type":"ListItem","position":2,"name":"Juvinao exige plan de pago para salvar la educaci\u00f3n universitaria en Colombia"}]},{"@type":"WebSite","@id":"https:\/\/luchonoticias.com\/editor\/#website","url":"https:\/\/luchonoticias.com\/editor\/","name":"","description":"","publisher":{"@id":"https:\/\/luchonoticias.com\/editor\/#\/schema\/person\/7a7fd911f58561fd056dbac7b55af9cd"},"potentialAction":[{"@type":"SearchAction","target":{"@type":"EntryPoint","urlTemplate":"https:\/\/luchonoticias.com\/editor\/?s={search_term_string}"},"query-input":{"@type":"PropertyValueSpecification","valueRequired":true,"valueName":"search_term_string"}}],"inLanguage":"es"},{"@type":["Person","Organization"],"@id":"https:\/\/luchonoticias.com\/editor\/#\/schema\/person\/7a7fd911f58561fd056dbac7b55af9cd","name":"admin","image":{"@type":"ImageObject","inLanguage":"es","@id":"https:\/\/luchonoticias.com\/editor\/#\/schema\/person\/image\/","url":"https:\/\/luchonoticias.com\/editor\/wp-content\/uploads\/2024\/02\/cropped-cropped-logolu.webp","contentUrl":"https:\/\/luchonoticias.com\/editor\/wp-content\/uploads\/2024\/02\/cropped-cropped-logolu.webp","width":382,"height":170,"caption":"admin"},"logo":{"@id":"https:\/\/luchonoticias.com\/editor\/#\/schema\/person\/image\/"},"sameAs":["https:\/\/www.facebook.com\/luchonoticiasneiva"]},{"@type":"Person","@id":"https:\/\/luchonoticias.com\/editor\/#\/schema\/person\/29217990ddf6f14e35912b2866d591fb","name":"Editor General","image":{"@type":"ImageObject","inLanguage":"es","@id":"https:\/\/luchonoticias.com\/editor\/#\/schema\/person\/image\/","url":"https:\/\/luchonoticias.com\/editor\/wp-content\/uploads\/2024\/02\/cropped-cropped-logolu-150x150.webp","contentUrl":"https:\/\/luchonoticias.com\/editor\/wp-content\/uploads\/2024\/02\/cropped-cropped-logolu-150x150.webp","caption":"Editor General"},"sameAs":["https:\/\/luchonoticias.com\/"],"url":"https:\/\/luchonoticias.com\/editor\/author\/editor-general\/"}]}},"_links":{"self":[{"href":"https:\/\/luchonoticias.com\/editor\/wp-json\/wp\/v2\/posts\/80267","targetHints":{"allow":["GET"]}}],"collection":[{"href":"https:\/\/luchonoticias.com\/editor\/wp-json\/wp\/v2\/posts"}],"about":[{"href":"https:\/\/luchonoticias.com\/editor\/wp-json\/wp\/v2\/types\/post"}],"author":[{"embeddable":true,"href":"https:\/\/luchonoticias.com\/editor\/wp-json\/wp\/v2\/users\/2"}],"replies":[{"embeddable":true,"href":"https:\/\/luchonoticias.com\/editor\/wp-json\/wp\/v2\/comments?post=80267"}],"version-history":[{"count":1,"href":"https:\/\/luchonoticias.com\/editor\/wp-json\/wp\/v2\/posts\/80267\/revisions"}],"predecessor-version":[{"id":80269,"href":"https:\/\/luchonoticias.com\/editor\/wp-json\/wp\/v2\/posts\/80267\/revisions\/80269"}],"wp:featuredmedia":[{"embeddable":true,"href":"https:\/\/luchonoticias.com\/editor\/wp-json\/wp\/v2\/media\/80268"}],"wp:attachment":[{"href":"https:\/\/luchonoticias.com\/editor\/wp-json\/wp\/v2\/media?parent=80267"}],"wp:term":[{"taxonomy":"category","embeddable":true,"href":"https:\/\/luchonoticias.com\/editor\/wp-json\/wp\/v2\/categories?post=80267"},{"taxonomy":"post_tag","embeddable":true,"href":"https:\/\/luchonoticias.com\/editor\/wp-json\/wp\/v2\/tags?post=80267"}],"curies":[{"name":"wp","href":"https:\/\/api.w.org\/{rel}","templated":true}]}}