{"id":80298,"date":"2024-12-31T04:22:34","date_gmt":"2024-12-31T09:22:34","guid":{"rendered":"https:\/\/luchonoticias.com\/?p=80298"},"modified":"2024-12-31T04:22:36","modified_gmt":"2024-12-31T09:22:36","slug":"el-agro-colombiano-y-su-impulso-en-el-2024","status":"publish","type":"post","link":"https:\/\/luchonoticias.com\/editor\/el-agro-colombiano-y-su-impulso-en-el-2024\/","title":{"rendered":"El agro colombiano y su impulso en el 2024"},"content":{"rendered":"\n<figure class=\"wp-block-image size-full\"><img loading=\"lazy\" decoding=\"async\" width=\"700\" height=\"400\" src=\"https:\/\/luchonoticias.com\/wp-content\/uploads\/2024\/11\/agroecologia.jpg\" alt=\"\" class=\"wp-image-78395\" srcset=\"https:\/\/luchonoticias.com\/editor\/wp-content\/uploads\/2024\/11\/agroecologia.jpg 700w, https:\/\/luchonoticias.com\/editor\/wp-content\/uploads\/2024\/11\/agroecologia-300x171.jpg 300w\" sizes=\"auto, (max-width: 700px) 100vw, 700px\" \/><\/figure>\n\n\n\n<p>El sector agropecuario de Colombia cerr\u00f3 el 2024 con un crecimiento superior al 8%, gracias a las pol\u00edticas implementadas por el presidente Gustavo Petro. Seg\u00fan la ministra de Agricultura, Martha Carvajalino, este avance refleja un fortalecimiento significativo del campo colombiano, impulsado por aumentos en las \u00e1reas sembradas, vol\u00famenes de producci\u00f3n y la apertura de nuevos mercados internacionales.<\/p>\n\n\n\n<p>\u201cLa pol\u00edtica agropecuaria del Gobierno ha permitido un crecimiento sostenido, con dos trimestres excepcionales que superaron el 10%. Adem\u00e1s, productos como caf\u00e9, cacao y c\u00edtricos han empezado a explorar mercados internacionales, contribuyendo al desarrollo econ\u00f3mico del pa\u00eds\u201d, afirm\u00f3 Carvajalino. Estos resultados est\u00e1n respaldados por la Reforma Agraria, el desarrollo rural y el pacto por la democratizaci\u00f3n del sector agropecuario.<\/p>\n\n\n\n<p>El abastecimiento alimentario tambi\u00e9n alcanz\u00f3 cifras r\u00e9cord en 2024. La ministra destac\u00f3 que las centrales de comercializaci\u00f3n incrementaron su capacidad en m\u00e1s del 7%, fortaleciendo la soberan\u00eda alimentaria y reduciendo la inseguridad alimentaria en un 2%. Este logro refuerza la meta gubernamental de garantizar seguridad alimentaria para todos los colombianos.<\/p>\n\n\n\n<p>En el marco de la Reforma Agraria, se han constituido 434 Comit\u00e9s Municipales y m\u00e1s de 13 Comit\u00e9s Departamentales para promover el di\u00e1logo con los campesinos. Estos espacios estrat\u00e9gicos buscan facilitar una interlocuci\u00f3n efectiva entre el campesinado y el Estado, consolidando el desarrollo rural con inclusi\u00f3n y equidad.<\/p>\n\n\n\n<p>De cara al 2025, el Gobierno se enfocar\u00e1 en la implementaci\u00f3n de la jurisdicci\u00f3n agraria y la consolidaci\u00f3n de la Reforma Agraria. Durante el pr\u00f3ximo a\u00f1o, se espera contar con los primeros jueces y magistrados agrarios, y se llevar\u00e1 a cabo el Gran Acuerdo por la Reforma Agraria en Chicoral, Tolima, los d\u00edas 21 y 22 de febrero, con el objetivo de trazar una ruta hacia la redistribuci\u00f3n de la tierra y el fortalecimiento de la agricultura campesina, \u00e9tnica, familiar y comunitaria.<\/p>\n\n\n\n<p><\/p>\n","protected":false},"excerpt":{"rendered":"<p>El sector agropecuario de Colombia cerr\u00f3 el 2024 con un crecimiento superior al 8%, gracias a las pol\u00edticas implementadas por el presidente Gustavo Petro. Seg\u00fan la ministra de Agricultura, Martha Carvajalino, este avance refleja un fortalecimiento significativo del campo colombiano, impulsado por aumentos en las \u00e1reas sembradas, vol\u00famenes de producci\u00f3n y la apertura de nuevos [&hellip;]<\/p>\n","protected":false},"author":2,"featured_media":78395,"comment_status":"closed","ping_status":"open","sticky":false,"template":"","format":"standard","meta":{"footnotes":""},"categories":[28,32],"tags":[],"class_list":["post-80298","post","type-post","status-publish","format-standard","has-post-thumbnail","hentry","category-actualidad","category-nacional"],"yoast_head":"<!-- This site is optimized with the Yoast SEO plugin v26.6 - https:\/\/yoast.com\/wordpress\/plugins\/seo\/ -->\n<title>El agro colombiano y su impulso en el 2024 -<\/title>\n<meta name=\"robots\" content=\"index, follow, max-snippet:-1, max-image-preview:large, max-video-preview:-1\" \/>\n<link rel=\"canonical\" href=\"https:\/\/luchonoticias.com\/editor\/el-agro-colombiano-y-su-impulso-en-el-2024\/\" \/>\n<meta property=\"og:locale\" content=\"es_ES\" \/>\n<meta property=\"og:type\" content=\"article\" \/>\n<meta property=\"og:title\" content=\"El agro colombiano y su impulso en el 2024 -\" \/>\n<meta property=\"og:url\" content=\"https:\/\/luchonoticias.com\/editor\/el-agro-colombiano-y-su-impulso-en-el-2024\/\" \/>\n<meta property=\"article:publisher\" content=\"https:\/\/www.facebook.com\/luchonoticiasneiva\" \/>\n<meta property=\"article:published_time\" content=\"2024-12-31T09:22:34+00:00\" \/>\n<meta property=\"article:modified_time\" content=\"2024-12-31T09:22:36+00:00\" \/>\n<meta property=\"og:image\" content=\"https:\/\/luchonoticias.com\/editor\/wp-content\/uploads\/2024\/11\/agroecologia.jpg\" \/>\n\t<meta property=\"og:image:width\" content=\"700\" \/>\n\t<meta property=\"og:image:height\" content=\"400\" \/>\n\t<meta property=\"og:image:type\" content=\"image\/jpeg\" \/>\n<meta name=\"author\" content=\"Editor General\" \/>\n<meta name=\"twitter:card\" content=\"summary_large_image\" \/>\n<meta name=\"twitter:label1\" content=\"Escrito por\" \/>\n\t<meta name=\"twitter:data1\" content=\"Editor General\" \/>\n\t<meta name=\"twitter:label2\" content=\"Tiempo de lectura\" \/>\n\t<meta name=\"twitter:data2\" content=\"2 minutos\" \/>\n<script type=\"application\/ld+json\" class=\"yoast-schema-graph\">{\"@context\":\"https:\/\/schema.org\",\"@graph\":[{\"@type\":\"Article\",\"@id\":\"https:\/\/luchonoticias.com\/editor\/el-agro-colombiano-y-su-impulso-en-el-2024\/#article\",\"isPartOf\":{\"@id\":\"https:\/\/luchonoticias.com\/editor\/el-agro-colombiano-y-su-impulso-en-el-2024\/\"},\"author\":{\"name\":\"Editor General\",\"@id\":\"https:\/\/luchonoticias.com\/editor\/#\/schema\/person\/29217990ddf6f14e35912b2866d591fb\"},\"headline\":\"El agro colombiano y su impulso en el 2024\",\"datePublished\":\"2024-12-31T09:22:34+00:00\",\"dateModified\":\"2024-12-31T09:22:36+00:00\",\"mainEntityOfPage\":{\"@id\":\"https:\/\/luchonoticias.com\/editor\/el-agro-colombiano-y-su-impulso-en-el-2024\/\"},\"wordCount\":323,\"publisher\":{\"@id\":\"https:\/\/luchonoticias.com\/editor\/#\/schema\/person\/7a7fd911f58561fd056dbac7b55af9cd\"},\"image\":{\"@id\":\"https:\/\/luchonoticias.com\/editor\/el-agro-colombiano-y-su-impulso-en-el-2024\/#primaryimage\"},\"thumbnailUrl\":\"https:\/\/luchonoticias.com\/editor\/wp-content\/uploads\/2024\/11\/agroecologia.jpg\",\"articleSection\":[\"Actualidad\",\"Nacional\"],\"inLanguage\":\"es\"},{\"@type\":\"WebPage\",\"@id\":\"https:\/\/luchonoticias.com\/editor\/el-agro-colombiano-y-su-impulso-en-el-2024\/\",\"url\":\"https:\/\/luchonoticias.com\/editor\/el-agro-colombiano-y-su-impulso-en-el-2024\/\",\"name\":\"El agro colombiano y su impulso en el 2024 -\",\"isPartOf\":{\"@id\":\"https:\/\/luchonoticias.com\/editor\/#website\"},\"primaryImageOfPage\":{\"@id\":\"https:\/\/luchonoticias.com\/editor\/el-agro-colombiano-y-su-impulso-en-el-2024\/#primaryimage\"},\"image\":{\"@id\":\"https:\/\/luchonoticias.com\/editor\/el-agro-colombiano-y-su-impulso-en-el-2024\/#primaryimage\"},\"thumbnailUrl\":\"https:\/\/luchonoticias.com\/editor\/wp-content\/uploads\/2024\/11\/agroecologia.jpg\",\"datePublished\":\"2024-12-31T09:22:34+00:00\",\"dateModified\":\"2024-12-31T09:22:36+00:00\",\"breadcrumb\":{\"@id\":\"https:\/\/luchonoticias.com\/editor\/el-agro-colombiano-y-su-impulso-en-el-2024\/#breadcrumb\"},\"inLanguage\":\"es\",\"potentialAction\":[{\"@type\":\"ReadAction\",\"target\":[\"https:\/\/luchonoticias.com\/editor\/el-agro-colombiano-y-su-impulso-en-el-2024\/\"]}]},{\"@type\":\"ImageObject\",\"inLanguage\":\"es\",\"@id\":\"https:\/\/luchonoticias.com\/editor\/el-agro-colombiano-y-su-impulso-en-el-2024\/#primaryimage\",\"url\":\"https:\/\/luchonoticias.com\/editor\/wp-content\/uploads\/2024\/11\/agroecologia.jpg\",\"contentUrl\":\"https:\/\/luchonoticias.com\/editor\/wp-content\/uploads\/2024\/11\/agroecologia.jpg\",\"width\":700,\"height\":400},{\"@type\":\"BreadcrumbList\",\"@id\":\"https:\/\/luchonoticias.com\/editor\/el-agro-colombiano-y-su-impulso-en-el-2024\/#breadcrumb\",\"itemListElement\":[{\"@type\":\"ListItem\",\"position\":1,\"name\":\"Portada\",\"item\":\"https:\/\/luchonoticias.com\/editor\/\"},{\"@type\":\"ListItem\",\"position\":2,\"name\":\"El agro colombiano y su impulso en el 2024\"}]},{\"@type\":\"WebSite\",\"@id\":\"https:\/\/luchonoticias.com\/editor\/#website\",\"url\":\"https:\/\/luchonoticias.com\/editor\/\",\"name\":\"\",\"description\":\"\",\"publisher\":{\"@id\":\"https:\/\/luchonoticias.com\/editor\/#\/schema\/person\/7a7fd911f58561fd056dbac7b55af9cd\"},\"potentialAction\":[{\"@type\":\"SearchAction\",\"target\":{\"@type\":\"EntryPoint\",\"urlTemplate\":\"https:\/\/luchonoticias.com\/editor\/?s={search_term_string}\"},\"query-input\":{\"@type\":\"PropertyValueSpecification\",\"valueRequired\":true,\"valueName\":\"search_term_string\"}}],\"inLanguage\":\"es\"},{\"@type\":[\"Person\",\"Organization\"],\"@id\":\"https:\/\/luchonoticias.com\/editor\/#\/schema\/person\/7a7fd911f58561fd056dbac7b55af9cd\",\"name\":\"admin\",\"image\":{\"@type\":\"ImageObject\",\"inLanguage\":\"es\",\"@id\":\"https:\/\/luchonoticias.com\/editor\/#\/schema\/person\/image\/\",\"url\":\"https:\/\/luchonoticias.com\/editor\/wp-content\/uploads\/2024\/02\/cropped-cropped-logolu.webp\",\"contentUrl\":\"https:\/\/luchonoticias.com\/editor\/wp-content\/uploads\/2024\/02\/cropped-cropped-logolu.webp\",\"width\":382,\"height\":170,\"caption\":\"admin\"},\"logo\":{\"@id\":\"https:\/\/luchonoticias.com\/editor\/#\/schema\/person\/image\/\"},\"sameAs\":[\"https:\/\/www.facebook.com\/luchonoticiasneiva\"]},{\"@type\":\"Person\",\"@id\":\"https:\/\/luchonoticias.com\/editor\/#\/schema\/person\/29217990ddf6f14e35912b2866d591fb\",\"name\":\"Editor General\",\"image\":{\"@type\":\"ImageObject\",\"inLanguage\":\"es\",\"@id\":\"https:\/\/luchonoticias.com\/editor\/#\/schema\/person\/image\/\",\"url\":\"https:\/\/luchonoticias.com\/editor\/wp-content\/uploads\/2024\/02\/cropped-cropped-logolu-150x150.webp\",\"contentUrl\":\"https:\/\/luchonoticias.com\/editor\/wp-content\/uploads\/2024\/02\/cropped-cropped-logolu-150x150.webp\",\"caption\":\"Editor General\"},\"sameAs\":[\"https:\/\/luchonoticias.com\/\"],\"url\":\"https:\/\/luchonoticias.com\/editor\/author\/editor-general\/\"}]}<\/script>\n<!-- \/ Yoast SEO plugin. -->","yoast_head_json":{"title":"El agro colombiano y su impulso en el 2024 -","robots":{"index":"index","follow":"follow","max-snippet":"max-snippet:-1","max-image-preview":"max-image-preview:large","max-video-preview":"max-video-preview:-1"},"canonical":"https:\/\/luchonoticias.com\/editor\/el-agro-colombiano-y-su-impulso-en-el-2024\/","og_locale":"es_ES","og_type":"article","og_title":"El agro colombiano y su impulso en el 2024 -","og_url":"https:\/\/luchonoticias.com\/editor\/el-agro-colombiano-y-su-impulso-en-el-2024\/","article_publisher":"https:\/\/www.facebook.com\/luchonoticiasneiva","article_published_time":"2024-12-31T09:22:34+00:00","article_modified_time":"2024-12-31T09:22:36+00:00","og_image":[{"width":700,"height":400,"url":"https:\/\/luchonoticias.com\/editor\/wp-content\/uploads\/2024\/11\/agroecologia.jpg","type":"image\/jpeg"}],"author":"Editor General","twitter_card":"summary_large_image","twitter_misc":{"Escrito por":"Editor General","Tiempo de lectura":"2 minutos"},"schema":{"@context":"https:\/\/schema.org","@graph":[{"@type":"Article","@id":"https:\/\/luchonoticias.com\/editor\/el-agro-colombiano-y-su-impulso-en-el-2024\/#article","isPartOf":{"@id":"https:\/\/luchonoticias.com\/editor\/el-agro-colombiano-y-su-impulso-en-el-2024\/"},"author":{"name":"Editor General","@id":"https:\/\/luchonoticias.com\/editor\/#\/schema\/person\/29217990ddf6f14e35912b2866d591fb"},"headline":"El agro colombiano y su impulso en el 2024","datePublished":"2024-12-31T09:22:34+00:00","dateModified":"2024-12-31T09:22:36+00:00","mainEntityOfPage":{"@id":"https:\/\/luchonoticias.com\/editor\/el-agro-colombiano-y-su-impulso-en-el-2024\/"},"wordCount":323,"publisher":{"@id":"https:\/\/luchonoticias.com\/editor\/#\/schema\/person\/7a7fd911f58561fd056dbac7b55af9cd"},"image":{"@id":"https:\/\/luchonoticias.com\/editor\/el-agro-colombiano-y-su-impulso-en-el-2024\/#primaryimage"},"thumbnailUrl":"https:\/\/luchonoticias.com\/editor\/wp-content\/uploads\/2024\/11\/agroecologia.jpg","articleSection":["Actualidad","Nacional"],"inLanguage":"es"},{"@type":"WebPage","@id":"https:\/\/luchonoticias.com\/editor\/el-agro-colombiano-y-su-impulso-en-el-2024\/","url":"https:\/\/luchonoticias.com\/editor\/el-agro-colombiano-y-su-impulso-en-el-2024\/","name":"El agro colombiano y su impulso en el 2024 -","isPartOf":{"@id":"https:\/\/luchonoticias.com\/editor\/#website"},"primaryImageOfPage":{"@id":"https:\/\/luchonoticias.com\/editor\/el-agro-colombiano-y-su-impulso-en-el-2024\/#primaryimage"},"image":{"@id":"https:\/\/luchonoticias.com\/editor\/el-agro-colombiano-y-su-impulso-en-el-2024\/#primaryimage"},"thumbnailUrl":"https:\/\/luchonoticias.com\/editor\/wp-content\/uploads\/2024\/11\/agroecologia.jpg","datePublished":"2024-12-31T09:22:34+00:00","dateModified":"2024-12-31T09:22:36+00:00","breadcrumb":{"@id":"https:\/\/luchonoticias.com\/editor\/el-agro-colombiano-y-su-impulso-en-el-2024\/#breadcrumb"},"inLanguage":"es","potentialAction":[{"@type":"ReadAction","target":["https:\/\/luchonoticias.com\/editor\/el-agro-colombiano-y-su-impulso-en-el-2024\/"]}]},{"@type":"ImageObject","inLanguage":"es","@id":"https:\/\/luchonoticias.com\/editor\/el-agro-colombiano-y-su-impulso-en-el-2024\/#primaryimage","url":"https:\/\/luchonoticias.com\/editor\/wp-content\/uploads\/2024\/11\/agroecologia.jpg","contentUrl":"https:\/\/luchonoticias.com\/editor\/wp-content\/uploads\/2024\/11\/agroecologia.jpg","width":700,"height":400},{"@type":"BreadcrumbList","@id":"https:\/\/luchonoticias.com\/editor\/el-agro-colombiano-y-su-impulso-en-el-2024\/#breadcrumb","itemListElement":[{"@type":"ListItem","position":1,"name":"Portada","item":"https:\/\/luchonoticias.com\/editor\/"},{"@type":"ListItem","position":2,"name":"El agro colombiano y su impulso en el 2024"}]},{"@type":"WebSite","@id":"https:\/\/luchonoticias.com\/editor\/#website","url":"https:\/\/luchonoticias.com\/editor\/","name":"","description":"","publisher":{"@id":"https:\/\/luchonoticias.com\/editor\/#\/schema\/person\/7a7fd911f58561fd056dbac7b55af9cd"},"potentialAction":[{"@type":"SearchAction","target":{"@type":"EntryPoint","urlTemplate":"https:\/\/luchonoticias.com\/editor\/?s={search_term_string}"},"query-input":{"@type":"PropertyValueSpecification","valueRequired":true,"valueName":"search_term_string"}}],"inLanguage":"es"},{"@type":["Person","Organization"],"@id":"https:\/\/luchonoticias.com\/editor\/#\/schema\/person\/7a7fd911f58561fd056dbac7b55af9cd","name":"admin","image":{"@type":"ImageObject","inLanguage":"es","@id":"https:\/\/luchonoticias.com\/editor\/#\/schema\/person\/image\/","url":"https:\/\/luchonoticias.com\/editor\/wp-content\/uploads\/2024\/02\/cropped-cropped-logolu.webp","contentUrl":"https:\/\/luchonoticias.com\/editor\/wp-content\/uploads\/2024\/02\/cropped-cropped-logolu.webp","width":382,"height":170,"caption":"admin"},"logo":{"@id":"https:\/\/luchonoticias.com\/editor\/#\/schema\/person\/image\/"},"sameAs":["https:\/\/www.facebook.com\/luchonoticiasneiva"]},{"@type":"Person","@id":"https:\/\/luchonoticias.com\/editor\/#\/schema\/person\/29217990ddf6f14e35912b2866d591fb","name":"Editor General","image":{"@type":"ImageObject","inLanguage":"es","@id":"https:\/\/luchonoticias.com\/editor\/#\/schema\/person\/image\/","url":"https:\/\/luchonoticias.com\/editor\/wp-content\/uploads\/2024\/02\/cropped-cropped-logolu-150x150.webp","contentUrl":"https:\/\/luchonoticias.com\/editor\/wp-content\/uploads\/2024\/02\/cropped-cropped-logolu-150x150.webp","caption":"Editor General"},"sameAs":["https:\/\/luchonoticias.com\/"],"url":"https:\/\/luchonoticias.com\/editor\/author\/editor-general\/"}]}},"_links":{"self":[{"href":"https:\/\/luchonoticias.com\/editor\/wp-json\/wp\/v2\/posts\/80298","targetHints":{"allow":["GET"]}}],"collection":[{"href":"https:\/\/luchonoticias.com\/editor\/wp-json\/wp\/v2\/posts"}],"about":[{"href":"https:\/\/luchonoticias.com\/editor\/wp-json\/wp\/v2\/types\/post"}],"author":[{"embeddable":true,"href":"https:\/\/luchonoticias.com\/editor\/wp-json\/wp\/v2\/users\/2"}],"replies":[{"embeddable":true,"href":"https:\/\/luchonoticias.com\/editor\/wp-json\/wp\/v2\/comments?post=80298"}],"version-history":[{"count":1,"href":"https:\/\/luchonoticias.com\/editor\/wp-json\/wp\/v2\/posts\/80298\/revisions"}],"predecessor-version":[{"id":80299,"href":"https:\/\/luchonoticias.com\/editor\/wp-json\/wp\/v2\/posts\/80298\/revisions\/80299"}],"wp:featuredmedia":[{"embeddable":true,"href":"https:\/\/luchonoticias.com\/editor\/wp-json\/wp\/v2\/media\/78395"}],"wp:attachment":[{"href":"https:\/\/luchonoticias.com\/editor\/wp-json\/wp\/v2\/media?parent=80298"}],"wp:term":[{"taxonomy":"category","embeddable":true,"href":"https:\/\/luchonoticias.com\/editor\/wp-json\/wp\/v2\/categories?post=80298"},{"taxonomy":"post_tag","embeddable":true,"href":"https:\/\/luchonoticias.com\/editor\/wp-json\/wp\/v2\/tags?post=80298"}],"curies":[{"name":"wp","href":"https:\/\/api.w.org\/{rel}","templated":true}]}}