{"id":80300,"date":"2024-12-31T04:35:19","date_gmt":"2024-12-31T09:35:19","guid":{"rendered":"https:\/\/luchonoticias.com\/?p=80300"},"modified":"2024-12-31T04:35:20","modified_gmt":"2024-12-31T09:35:20","slug":"avance-en-materia-educativa-en-colombia","status":"publish","type":"post","link":"https:\/\/luchonoticias.com\/editor\/avance-en-materia-educativa-en-colombia\/","title":{"rendered":"Avance en materia educativa en Colombia"},"content":{"rendered":"\n<figure class=\"wp-block-image size-full\"><img loading=\"lazy\" decoding=\"async\" width=\"700\" height=\"400\" src=\"https:\/\/luchonoticias.com\/wp-content\/uploads\/2024\/04\/educacion.jpg\" alt=\"\" class=\"wp-image-71645\" srcset=\"https:\/\/luchonoticias.com\/editor\/wp-content\/uploads\/2024\/04\/educacion.jpg 700w, https:\/\/luchonoticias.com\/editor\/wp-content\/uploads\/2024\/04\/educacion-300x171.jpg 300w\" sizes=\"auto, (max-width: 700px) 100vw, 700px\" \/><\/figure>\n\n\n\n<p>En 2024, Colombia alcanz\u00f3 un avance hist\u00f3rico en educaci\u00f3n p\u00fablica gracias a una distribuci\u00f3n m\u00e1s equitativa del Sistema General de Participaciones (SGP). Este logro permiti\u00f3 un salto significativo en cobertura y calidad educativa en todos los niveles, desde la educaci\u00f3n inicial hasta la superior, impactando de manera positiva a millones de estudiantes en todo el pa\u00eds.<\/p>\n\n\n\n<p>En educaci\u00f3n inicial, la cobertura creci\u00f3 un 36,2 % en prejard\u00edn y un 72,1 % en jard\u00edn. Paralelamente, el Ministerio de Educaci\u00f3n renov\u00f3 m\u00e1s de 1.000 colegios, priorizando zonas rurales. Estas mejoras incluyeron infraestructura moderna, conectividad a internet y recursos educativos, contribuyendo a condiciones \u00f3ptimas para el aprendizaje en comunidades vulnerables.<\/p>\n\n\n\n<p>La educaci\u00f3n b\u00e1sica y media tambi\u00e9n registr\u00f3 importantes avances. Cerca de 1,7 millones de estudiantes se beneficiaron de la ampliaci\u00f3n de la jornada escolar, de los cuales m\u00e1s de 450.000 recibieron formaci\u00f3n integral en 3.810 instituciones educativas. Estas jornadas ampliadas incluyeron \u00e1reas como arte, deportes, ciencia y educaci\u00f3n para la paz, fomentando habilidades para la vida y reduciendo la deserci\u00f3n escolar.<\/p>\n\n\n\n<p>En educaci\u00f3n superior, el presupuesto para las Instituciones de Educaci\u00f3n Superior (IES) p\u00fablicas alcanz\u00f3 $7,8 billones, un 40 % m\u00e1s que en 2022. La pol\u00edtica de gratuidad &#8216;Puedo Estudiar&#8217; elimin\u00f3 barreras de acceso, beneficiando a 846.000 estudiantes, lo que representa al 96 % de la poblaci\u00f3n estudiantil de pregrado en IES p\u00fablicas.<\/p>\n\n\n\n<p>Adicionalmente, 8.700 docentes accedieron a formaci\u00f3n continua y posgrados, mientras que se integraron nuevos contenidos enfocados en habilidades para el siglo XXI, como programaci\u00f3n y pensamiento cr\u00edtico. Estos logros posicionan a la educaci\u00f3n p\u00fablica como un pilar estrat\u00e9gico para la transformaci\u00f3n social y econ\u00f3mica del pa\u00eds.<\/p>\n\n\n\n<p><\/p>\n","protected":false},"excerpt":{"rendered":"<p>En 2024, Colombia alcanz\u00f3 un avance hist\u00f3rico en educaci\u00f3n p\u00fablica gracias a una distribuci\u00f3n m\u00e1s equitativa del Sistema General de Participaciones (SGP). Este logro permiti\u00f3 un salto significativo en cobertura y calidad educativa en todos los niveles, desde la educaci\u00f3n inicial hasta la superior, impactando de manera positiva a millones de estudiantes en todo el [&hellip;]<\/p>\n","protected":false},"author":2,"featured_media":71645,"comment_status":"closed","ping_status":"open","sticky":false,"template":"","format":"standard","meta":{"footnotes":""},"categories":[28,32],"tags":[],"class_list":["post-80300","post","type-post","status-publish","format-standard","has-post-thumbnail","hentry","category-actualidad","category-nacional"],"yoast_head":"<!-- This site is optimized with the Yoast SEO plugin v26.6 - https:\/\/yoast.com\/wordpress\/plugins\/seo\/ -->\n<title>Avance en materia educativa en Colombia -<\/title>\n<meta name=\"robots\" content=\"index, follow, max-snippet:-1, max-image-preview:large, max-video-preview:-1\" \/>\n<link rel=\"canonical\" href=\"https:\/\/luchonoticias.com\/editor\/avance-en-materia-educativa-en-colombia\/\" \/>\n<meta property=\"og:locale\" content=\"es_ES\" \/>\n<meta property=\"og:type\" content=\"article\" \/>\n<meta property=\"og:title\" content=\"Avance en materia educativa en Colombia -\" \/>\n<meta property=\"og:url\" content=\"https:\/\/luchonoticias.com\/editor\/avance-en-materia-educativa-en-colombia\/\" \/>\n<meta property=\"article:publisher\" content=\"https:\/\/www.facebook.com\/luchonoticiasneiva\" \/>\n<meta property=\"article:published_time\" content=\"2024-12-31T09:35:19+00:00\" \/>\n<meta property=\"article:modified_time\" content=\"2024-12-31T09:35:20+00:00\" \/>\n<meta property=\"og:image\" content=\"https:\/\/luchonoticias.com\/editor\/wp-content\/uploads\/2024\/04\/educacion.jpg\" \/>\n\t<meta property=\"og:image:width\" content=\"700\" \/>\n\t<meta property=\"og:image:height\" content=\"400\" \/>\n\t<meta property=\"og:image:type\" content=\"image\/jpeg\" \/>\n<meta name=\"author\" content=\"Editor General\" \/>\n<meta name=\"twitter:card\" content=\"summary_large_image\" \/>\n<meta name=\"twitter:label1\" content=\"Escrito por\" \/>\n\t<meta name=\"twitter:data1\" content=\"Editor General\" \/>\n\t<meta name=\"twitter:label2\" content=\"Tiempo de lectura\" \/>\n\t<meta name=\"twitter:data2\" content=\"2 minutos\" \/>\n<script type=\"application\/ld+json\" class=\"yoast-schema-graph\">{\"@context\":\"https:\/\/schema.org\",\"@graph\":[{\"@type\":\"Article\",\"@id\":\"https:\/\/luchonoticias.com\/editor\/avance-en-materia-educativa-en-colombia\/#article\",\"isPartOf\":{\"@id\":\"https:\/\/luchonoticias.com\/editor\/avance-en-materia-educativa-en-colombia\/\"},\"author\":{\"name\":\"Editor General\",\"@id\":\"https:\/\/luchonoticias.com\/editor\/#\/schema\/person\/29217990ddf6f14e35912b2866d591fb\"},\"headline\":\"Avance en materia educativa en Colombia\",\"datePublished\":\"2024-12-31T09:35:19+00:00\",\"dateModified\":\"2024-12-31T09:35:20+00:00\",\"mainEntityOfPage\":{\"@id\":\"https:\/\/luchonoticias.com\/editor\/avance-en-materia-educativa-en-colombia\/\"},\"wordCount\":291,\"publisher\":{\"@id\":\"https:\/\/luchonoticias.com\/editor\/#\/schema\/person\/7a7fd911f58561fd056dbac7b55af9cd\"},\"image\":{\"@id\":\"https:\/\/luchonoticias.com\/editor\/avance-en-materia-educativa-en-colombia\/#primaryimage\"},\"thumbnailUrl\":\"https:\/\/luchonoticias.com\/editor\/wp-content\/uploads\/2024\/04\/educacion.jpg\",\"articleSection\":[\"Actualidad\",\"Nacional\"],\"inLanguage\":\"es\"},{\"@type\":\"WebPage\",\"@id\":\"https:\/\/luchonoticias.com\/editor\/avance-en-materia-educativa-en-colombia\/\",\"url\":\"https:\/\/luchonoticias.com\/editor\/avance-en-materia-educativa-en-colombia\/\",\"name\":\"Avance en materia educativa en Colombia -\",\"isPartOf\":{\"@id\":\"https:\/\/luchonoticias.com\/editor\/#website\"},\"primaryImageOfPage\":{\"@id\":\"https:\/\/luchonoticias.com\/editor\/avance-en-materia-educativa-en-colombia\/#primaryimage\"},\"image\":{\"@id\":\"https:\/\/luchonoticias.com\/editor\/avance-en-materia-educativa-en-colombia\/#primaryimage\"},\"thumbnailUrl\":\"https:\/\/luchonoticias.com\/editor\/wp-content\/uploads\/2024\/04\/educacion.jpg\",\"datePublished\":\"2024-12-31T09:35:19+00:00\",\"dateModified\":\"2024-12-31T09:35:20+00:00\",\"breadcrumb\":{\"@id\":\"https:\/\/luchonoticias.com\/editor\/avance-en-materia-educativa-en-colombia\/#breadcrumb\"},\"inLanguage\":\"es\",\"potentialAction\":[{\"@type\":\"ReadAction\",\"target\":[\"https:\/\/luchonoticias.com\/editor\/avance-en-materia-educativa-en-colombia\/\"]}]},{\"@type\":\"ImageObject\",\"inLanguage\":\"es\",\"@id\":\"https:\/\/luchonoticias.com\/editor\/avance-en-materia-educativa-en-colombia\/#primaryimage\",\"url\":\"https:\/\/luchonoticias.com\/editor\/wp-content\/uploads\/2024\/04\/educacion.jpg\",\"contentUrl\":\"https:\/\/luchonoticias.com\/editor\/wp-content\/uploads\/2024\/04\/educacion.jpg\",\"width\":700,\"height\":400},{\"@type\":\"BreadcrumbList\",\"@id\":\"https:\/\/luchonoticias.com\/editor\/avance-en-materia-educativa-en-colombia\/#breadcrumb\",\"itemListElement\":[{\"@type\":\"ListItem\",\"position\":1,\"name\":\"Portada\",\"item\":\"https:\/\/luchonoticias.com\/editor\/\"},{\"@type\":\"ListItem\",\"position\":2,\"name\":\"Avance en materia educativa en Colombia\"}]},{\"@type\":\"WebSite\",\"@id\":\"https:\/\/luchonoticias.com\/editor\/#website\",\"url\":\"https:\/\/luchonoticias.com\/editor\/\",\"name\":\"\",\"description\":\"\",\"publisher\":{\"@id\":\"https:\/\/luchonoticias.com\/editor\/#\/schema\/person\/7a7fd911f58561fd056dbac7b55af9cd\"},\"potentialAction\":[{\"@type\":\"SearchAction\",\"target\":{\"@type\":\"EntryPoint\",\"urlTemplate\":\"https:\/\/luchonoticias.com\/editor\/?s={search_term_string}\"},\"query-input\":{\"@type\":\"PropertyValueSpecification\",\"valueRequired\":true,\"valueName\":\"search_term_string\"}}],\"inLanguage\":\"es\"},{\"@type\":[\"Person\",\"Organization\"],\"@id\":\"https:\/\/luchonoticias.com\/editor\/#\/schema\/person\/7a7fd911f58561fd056dbac7b55af9cd\",\"name\":\"admin\",\"image\":{\"@type\":\"ImageObject\",\"inLanguage\":\"es\",\"@id\":\"https:\/\/luchonoticias.com\/editor\/#\/schema\/person\/image\/\",\"url\":\"https:\/\/luchonoticias.com\/editor\/wp-content\/uploads\/2024\/02\/cropped-cropped-logolu.webp\",\"contentUrl\":\"https:\/\/luchonoticias.com\/editor\/wp-content\/uploads\/2024\/02\/cropped-cropped-logolu.webp\",\"width\":382,\"height\":170,\"caption\":\"admin\"},\"logo\":{\"@id\":\"https:\/\/luchonoticias.com\/editor\/#\/schema\/person\/image\/\"},\"sameAs\":[\"https:\/\/www.facebook.com\/luchonoticiasneiva\"]},{\"@type\":\"Person\",\"@id\":\"https:\/\/luchonoticias.com\/editor\/#\/schema\/person\/29217990ddf6f14e35912b2866d591fb\",\"name\":\"Editor General\",\"image\":{\"@type\":\"ImageObject\",\"inLanguage\":\"es\",\"@id\":\"https:\/\/luchonoticias.com\/editor\/#\/schema\/person\/image\/\",\"url\":\"https:\/\/luchonoticias.com\/editor\/wp-content\/uploads\/2024\/02\/cropped-cropped-logolu-150x150.webp\",\"contentUrl\":\"https:\/\/luchonoticias.com\/editor\/wp-content\/uploads\/2024\/02\/cropped-cropped-logolu-150x150.webp\",\"caption\":\"Editor General\"},\"sameAs\":[\"https:\/\/luchonoticias.com\/\"],\"url\":\"https:\/\/luchonoticias.com\/editor\/author\/editor-general\/\"}]}<\/script>\n<!-- \/ Yoast SEO plugin. -->","yoast_head_json":{"title":"Avance en materia educativa en Colombia -","robots":{"index":"index","follow":"follow","max-snippet":"max-snippet:-1","max-image-preview":"max-image-preview:large","max-video-preview":"max-video-preview:-1"},"canonical":"https:\/\/luchonoticias.com\/editor\/avance-en-materia-educativa-en-colombia\/","og_locale":"es_ES","og_type":"article","og_title":"Avance en materia educativa en Colombia -","og_url":"https:\/\/luchonoticias.com\/editor\/avance-en-materia-educativa-en-colombia\/","article_publisher":"https:\/\/www.facebook.com\/luchonoticiasneiva","article_published_time":"2024-12-31T09:35:19+00:00","article_modified_time":"2024-12-31T09:35:20+00:00","og_image":[{"width":700,"height":400,"url":"https:\/\/luchonoticias.com\/editor\/wp-content\/uploads\/2024\/04\/educacion.jpg","type":"image\/jpeg"}],"author":"Editor General","twitter_card":"summary_large_image","twitter_misc":{"Escrito por":"Editor General","Tiempo de lectura":"2 minutos"},"schema":{"@context":"https:\/\/schema.org","@graph":[{"@type":"Article","@id":"https:\/\/luchonoticias.com\/editor\/avance-en-materia-educativa-en-colombia\/#article","isPartOf":{"@id":"https:\/\/luchonoticias.com\/editor\/avance-en-materia-educativa-en-colombia\/"},"author":{"name":"Editor General","@id":"https:\/\/luchonoticias.com\/editor\/#\/schema\/person\/29217990ddf6f14e35912b2866d591fb"},"headline":"Avance en materia educativa en Colombia","datePublished":"2024-12-31T09:35:19+00:00","dateModified":"2024-12-31T09:35:20+00:00","mainEntityOfPage":{"@id":"https:\/\/luchonoticias.com\/editor\/avance-en-materia-educativa-en-colombia\/"},"wordCount":291,"publisher":{"@id":"https:\/\/luchonoticias.com\/editor\/#\/schema\/person\/7a7fd911f58561fd056dbac7b55af9cd"},"image":{"@id":"https:\/\/luchonoticias.com\/editor\/avance-en-materia-educativa-en-colombia\/#primaryimage"},"thumbnailUrl":"https:\/\/luchonoticias.com\/editor\/wp-content\/uploads\/2024\/04\/educacion.jpg","articleSection":["Actualidad","Nacional"],"inLanguage":"es"},{"@type":"WebPage","@id":"https:\/\/luchonoticias.com\/editor\/avance-en-materia-educativa-en-colombia\/","url":"https:\/\/luchonoticias.com\/editor\/avance-en-materia-educativa-en-colombia\/","name":"Avance en materia educativa en Colombia -","isPartOf":{"@id":"https:\/\/luchonoticias.com\/editor\/#website"},"primaryImageOfPage":{"@id":"https:\/\/luchonoticias.com\/editor\/avance-en-materia-educativa-en-colombia\/#primaryimage"},"image":{"@id":"https:\/\/luchonoticias.com\/editor\/avance-en-materia-educativa-en-colombia\/#primaryimage"},"thumbnailUrl":"https:\/\/luchonoticias.com\/editor\/wp-content\/uploads\/2024\/04\/educacion.jpg","datePublished":"2024-12-31T09:35:19+00:00","dateModified":"2024-12-31T09:35:20+00:00","breadcrumb":{"@id":"https:\/\/luchonoticias.com\/editor\/avance-en-materia-educativa-en-colombia\/#breadcrumb"},"inLanguage":"es","potentialAction":[{"@type":"ReadAction","target":["https:\/\/luchonoticias.com\/editor\/avance-en-materia-educativa-en-colombia\/"]}]},{"@type":"ImageObject","inLanguage":"es","@id":"https:\/\/luchonoticias.com\/editor\/avance-en-materia-educativa-en-colombia\/#primaryimage","url":"https:\/\/luchonoticias.com\/editor\/wp-content\/uploads\/2024\/04\/educacion.jpg","contentUrl":"https:\/\/luchonoticias.com\/editor\/wp-content\/uploads\/2024\/04\/educacion.jpg","width":700,"height":400},{"@type":"BreadcrumbList","@id":"https:\/\/luchonoticias.com\/editor\/avance-en-materia-educativa-en-colombia\/#breadcrumb","itemListElement":[{"@type":"ListItem","position":1,"name":"Portada","item":"https:\/\/luchonoticias.com\/editor\/"},{"@type":"ListItem","position":2,"name":"Avance en materia educativa en Colombia"}]},{"@type":"WebSite","@id":"https:\/\/luchonoticias.com\/editor\/#website","url":"https:\/\/luchonoticias.com\/editor\/","name":"","description":"","publisher":{"@id":"https:\/\/luchonoticias.com\/editor\/#\/schema\/person\/7a7fd911f58561fd056dbac7b55af9cd"},"potentialAction":[{"@type":"SearchAction","target":{"@type":"EntryPoint","urlTemplate":"https:\/\/luchonoticias.com\/editor\/?s={search_term_string}"},"query-input":{"@type":"PropertyValueSpecification","valueRequired":true,"valueName":"search_term_string"}}],"inLanguage":"es"},{"@type":["Person","Organization"],"@id":"https:\/\/luchonoticias.com\/editor\/#\/schema\/person\/7a7fd911f58561fd056dbac7b55af9cd","name":"admin","image":{"@type":"ImageObject","inLanguage":"es","@id":"https:\/\/luchonoticias.com\/editor\/#\/schema\/person\/image\/","url":"https:\/\/luchonoticias.com\/editor\/wp-content\/uploads\/2024\/02\/cropped-cropped-logolu.webp","contentUrl":"https:\/\/luchonoticias.com\/editor\/wp-content\/uploads\/2024\/02\/cropped-cropped-logolu.webp","width":382,"height":170,"caption":"admin"},"logo":{"@id":"https:\/\/luchonoticias.com\/editor\/#\/schema\/person\/image\/"},"sameAs":["https:\/\/www.facebook.com\/luchonoticiasneiva"]},{"@type":"Person","@id":"https:\/\/luchonoticias.com\/editor\/#\/schema\/person\/29217990ddf6f14e35912b2866d591fb","name":"Editor General","image":{"@type":"ImageObject","inLanguage":"es","@id":"https:\/\/luchonoticias.com\/editor\/#\/schema\/person\/image\/","url":"https:\/\/luchonoticias.com\/editor\/wp-content\/uploads\/2024\/02\/cropped-cropped-logolu-150x150.webp","contentUrl":"https:\/\/luchonoticias.com\/editor\/wp-content\/uploads\/2024\/02\/cropped-cropped-logolu-150x150.webp","caption":"Editor General"},"sameAs":["https:\/\/luchonoticias.com\/"],"url":"https:\/\/luchonoticias.com\/editor\/author\/editor-general\/"}]}},"_links":{"self":[{"href":"https:\/\/luchonoticias.com\/editor\/wp-json\/wp\/v2\/posts\/80300","targetHints":{"allow":["GET"]}}],"collection":[{"href":"https:\/\/luchonoticias.com\/editor\/wp-json\/wp\/v2\/posts"}],"about":[{"href":"https:\/\/luchonoticias.com\/editor\/wp-json\/wp\/v2\/types\/post"}],"author":[{"embeddable":true,"href":"https:\/\/luchonoticias.com\/editor\/wp-json\/wp\/v2\/users\/2"}],"replies":[{"embeddable":true,"href":"https:\/\/luchonoticias.com\/editor\/wp-json\/wp\/v2\/comments?post=80300"}],"version-history":[{"count":1,"href":"https:\/\/luchonoticias.com\/editor\/wp-json\/wp\/v2\/posts\/80300\/revisions"}],"predecessor-version":[{"id":80301,"href":"https:\/\/luchonoticias.com\/editor\/wp-json\/wp\/v2\/posts\/80300\/revisions\/80301"}],"wp:featuredmedia":[{"embeddable":true,"href":"https:\/\/luchonoticias.com\/editor\/wp-json\/wp\/v2\/media\/71645"}],"wp:attachment":[{"href":"https:\/\/luchonoticias.com\/editor\/wp-json\/wp\/v2\/media?parent=80300"}],"wp:term":[{"taxonomy":"category","embeddable":true,"href":"https:\/\/luchonoticias.com\/editor\/wp-json\/wp\/v2\/categories?post=80300"},{"taxonomy":"post_tag","embeddable":true,"href":"https:\/\/luchonoticias.com\/editor\/wp-json\/wp\/v2\/tags?post=80300"}],"curies":[{"name":"wp","href":"https:\/\/api.w.org\/{rel}","templated":true}]}}