{"id":80302,"date":"2024-12-31T04:45:32","date_gmt":"2024-12-31T09:45:32","guid":{"rendered":"https:\/\/luchonoticias.com\/?p=80302"},"modified":"2024-12-31T04:45:33","modified_gmt":"2024-12-31T09:45:33","slug":"otro-motor-de-impulso-para-la-economia-colombiana","status":"publish","type":"post","link":"https:\/\/luchonoticias.com\/editor\/otro-motor-de-impulso-para-la-economia-colombiana\/","title":{"rendered":"Otro motor de impulso para la econom\u00eda colombiana"},"content":{"rendered":"\n<figure class=\"wp-block-image size-full\"><img loading=\"lazy\" decoding=\"async\" width=\"700\" height=\"400\" src=\"https:\/\/luchonoticias.com\/wp-content\/uploads\/2024\/12\/colombia-SBC.jpg\" alt=\"\" class=\"wp-image-80303\" srcset=\"https:\/\/luchonoticias.com\/editor\/wp-content\/uploads\/2024\/12\/colombia-SBC.jpg 700w, https:\/\/luchonoticias.com\/editor\/wp-content\/uploads\/2024\/12\/colombia-SBC-300x171.jpg 300w\" sizes=\"auto, (max-width: 700px) 100vw, 700px\" \/><\/figure>\n\n\n\n<p>Colombia consolida su capacidad exportadora en Servicios Basados en Conocimiento (SBC), abriendo mercados en Europa, Estados Unidos y Latinoam\u00e9rica. \u00c1reas como telemedicina, desarrollo de software, marketing, audiovisuales y tercerizaci\u00f3n de procesos destacan entre los servicios listos para competir internacionalmente, gracias a programas ejecutados por el Ministerio de Comercio, Industria y Turismo a trav\u00e9s de Colombia Productiva, con apoyo del BID.<\/p>\n\n\n\n<p>En 2023, los SBC representaron el 53,4 % de las exportaciones de servicios no tur\u00edsticos y cerca del 11 % del PIB. Adem\u00e1s, generaron aproximadamente dos millones de empleos para mediados de 2024. Estos servicios se caracterizan por su uso intensivo de tecnolog\u00eda y mano de obra calificada, lo que permite diversificar y sofisticar la oferta colombiana en el mercado global.<\/p>\n\n\n\n<p>Cinco programas especializados beneficiaron a 620 empresas y 14 iniciativas cl\u00faster en 21 departamentos, impulsando su productividad y exportaciones. Entre los sectores m\u00e1s fortalecidos est\u00e1n el software y las aplicaciones (m\u00e1s del 50 % de las beneficiarias), adem\u00e1s de \u00e1reas como BPO, salud, publicidad, dise\u00f1o arquitect\u00f3nico e ingenier\u00eda. Antioquia, Santander, Valle del Cauca, Atl\u00e1ntico, Cundinamarca y Bogot\u00e1 fueron las regiones m\u00e1s beneficiadas.<\/p>\n\n\n\n<p>Casos de \u00e9xito incluyen a Intersoftware, un cl\u00faster de Medell\u00edn que cre\u00f3 Neia Software, logrando un incremento del 217,8 % en exportaciones; iMotriz Group de Risaralda, que aument\u00f3 sus ventas un 57,7 % al expandirse en Ecuador y M\u00e9xico; y Tolima Comunicaciones, que mejor\u00f3 su transformaci\u00f3n digital y logr\u00f3 un crecimiento del 193 % en ventas tras una alianza estrat\u00e9gica con AIR en Estados Unidos.<\/p>\n\n\n\n<p>Hern\u00e1n Ceballos, gerente general (e) de Colombia Productiva, destac\u00f3 que estas iniciativas no solo fortalecieron los ingresos operacionales de las empresas, sino que tambi\u00e9n diversificaron los mercados de exportaci\u00f3n, posicionando los SBC como un motor clave para la internacionalizaci\u00f3n de la econom\u00eda colombiana.<\/p>\n\n\n\n<p><\/p>\n","protected":false},"excerpt":{"rendered":"<p>Colombia consolida su capacidad exportadora en Servicios Basados en Conocimiento (SBC), abriendo mercados en Europa, Estados Unidos y Latinoam\u00e9rica. \u00c1reas como telemedicina, desarrollo de software, marketing, audiovisuales y tercerizaci\u00f3n de procesos destacan entre los servicios listos para competir internacionalmente, gracias a programas ejecutados por el Ministerio de Comercio, Industria y Turismo a trav\u00e9s de Colombia [&hellip;]<\/p>\n","protected":false},"author":2,"featured_media":80303,"comment_status":"closed","ping_status":"open","sticky":false,"template":"","format":"standard","meta":{"footnotes":""},"categories":[28,32],"tags":[],"class_list":["post-80302","post","type-post","status-publish","format-standard","has-post-thumbnail","hentry","category-actualidad","category-nacional"],"yoast_head":"<!-- This site is optimized with the Yoast SEO plugin v26.6 - https:\/\/yoast.com\/wordpress\/plugins\/seo\/ -->\n<title>Otro motor de impulso para la econom\u00eda colombiana -<\/title>\n<meta name=\"robots\" content=\"index, follow, max-snippet:-1, max-image-preview:large, max-video-preview:-1\" \/>\n<link rel=\"canonical\" href=\"https:\/\/luchonoticias.com\/editor\/otro-motor-de-impulso-para-la-economia-colombiana\/\" \/>\n<meta property=\"og:locale\" content=\"es_ES\" \/>\n<meta property=\"og:type\" content=\"article\" \/>\n<meta property=\"og:title\" content=\"Otro motor de impulso para la econom\u00eda colombiana -\" \/>\n<meta property=\"og:url\" content=\"https:\/\/luchonoticias.com\/editor\/otro-motor-de-impulso-para-la-economia-colombiana\/\" \/>\n<meta property=\"article:publisher\" content=\"https:\/\/www.facebook.com\/luchonoticiasneiva\" \/>\n<meta property=\"article:published_time\" content=\"2024-12-31T09:45:32+00:00\" \/>\n<meta property=\"article:modified_time\" content=\"2024-12-31T09:45:33+00:00\" \/>\n<meta property=\"og:image\" content=\"https:\/\/luchonoticias.com\/editor\/wp-content\/uploads\/2024\/12\/colombia-SBC.jpg\" \/>\n\t<meta property=\"og:image:width\" content=\"700\" \/>\n\t<meta property=\"og:image:height\" content=\"400\" \/>\n\t<meta property=\"og:image:type\" content=\"image\/jpeg\" \/>\n<meta name=\"author\" content=\"Editor General\" \/>\n<meta name=\"twitter:card\" content=\"summary_large_image\" \/>\n<meta name=\"twitter:label1\" content=\"Escrito por\" \/>\n\t<meta name=\"twitter:data1\" content=\"Editor General\" \/>\n\t<meta name=\"twitter:label2\" content=\"Tiempo de lectura\" \/>\n\t<meta name=\"twitter:data2\" content=\"2 minutos\" \/>\n<script type=\"application\/ld+json\" class=\"yoast-schema-graph\">{\"@context\":\"https:\/\/schema.org\",\"@graph\":[{\"@type\":\"Article\",\"@id\":\"https:\/\/luchonoticias.com\/editor\/otro-motor-de-impulso-para-la-economia-colombiana\/#article\",\"isPartOf\":{\"@id\":\"https:\/\/luchonoticias.com\/editor\/otro-motor-de-impulso-para-la-economia-colombiana\/\"},\"author\":{\"name\":\"Editor General\",\"@id\":\"https:\/\/luchonoticias.com\/editor\/#\/schema\/person\/29217990ddf6f14e35912b2866d591fb\"},\"headline\":\"Otro motor de impulso para la econom\u00eda colombiana\",\"datePublished\":\"2024-12-31T09:45:32+00:00\",\"dateModified\":\"2024-12-31T09:45:33+00:00\",\"mainEntityOfPage\":{\"@id\":\"https:\/\/luchonoticias.com\/editor\/otro-motor-de-impulso-para-la-economia-colombiana\/\"},\"wordCount\":309,\"publisher\":{\"@id\":\"https:\/\/luchonoticias.com\/editor\/#\/schema\/person\/7a7fd911f58561fd056dbac7b55af9cd\"},\"image\":{\"@id\":\"https:\/\/luchonoticias.com\/editor\/otro-motor-de-impulso-para-la-economia-colombiana\/#primaryimage\"},\"thumbnailUrl\":\"https:\/\/luchonoticias.com\/editor\/wp-content\/uploads\/2024\/12\/colombia-SBC.jpg\",\"articleSection\":[\"Actualidad\",\"Nacional\"],\"inLanguage\":\"es\"},{\"@type\":\"WebPage\",\"@id\":\"https:\/\/luchonoticias.com\/editor\/otro-motor-de-impulso-para-la-economia-colombiana\/\",\"url\":\"https:\/\/luchonoticias.com\/editor\/otro-motor-de-impulso-para-la-economia-colombiana\/\",\"name\":\"Otro motor de impulso para la econom\u00eda colombiana -\",\"isPartOf\":{\"@id\":\"https:\/\/luchonoticias.com\/editor\/#website\"},\"primaryImageOfPage\":{\"@id\":\"https:\/\/luchonoticias.com\/editor\/otro-motor-de-impulso-para-la-economia-colombiana\/#primaryimage\"},\"image\":{\"@id\":\"https:\/\/luchonoticias.com\/editor\/otro-motor-de-impulso-para-la-economia-colombiana\/#primaryimage\"},\"thumbnailUrl\":\"https:\/\/luchonoticias.com\/editor\/wp-content\/uploads\/2024\/12\/colombia-SBC.jpg\",\"datePublished\":\"2024-12-31T09:45:32+00:00\",\"dateModified\":\"2024-12-31T09:45:33+00:00\",\"breadcrumb\":{\"@id\":\"https:\/\/luchonoticias.com\/editor\/otro-motor-de-impulso-para-la-economia-colombiana\/#breadcrumb\"},\"inLanguage\":\"es\",\"potentialAction\":[{\"@type\":\"ReadAction\",\"target\":[\"https:\/\/luchonoticias.com\/editor\/otro-motor-de-impulso-para-la-economia-colombiana\/\"]}]},{\"@type\":\"ImageObject\",\"inLanguage\":\"es\",\"@id\":\"https:\/\/luchonoticias.com\/editor\/otro-motor-de-impulso-para-la-economia-colombiana\/#primaryimage\",\"url\":\"https:\/\/luchonoticias.com\/editor\/wp-content\/uploads\/2024\/12\/colombia-SBC.jpg\",\"contentUrl\":\"https:\/\/luchonoticias.com\/editor\/wp-content\/uploads\/2024\/12\/colombia-SBC.jpg\",\"width\":700,\"height\":400},{\"@type\":\"BreadcrumbList\",\"@id\":\"https:\/\/luchonoticias.com\/editor\/otro-motor-de-impulso-para-la-economia-colombiana\/#breadcrumb\",\"itemListElement\":[{\"@type\":\"ListItem\",\"position\":1,\"name\":\"Portada\",\"item\":\"https:\/\/luchonoticias.com\/editor\/\"},{\"@type\":\"ListItem\",\"position\":2,\"name\":\"Otro motor de impulso para la econom\u00eda colombiana\"}]},{\"@type\":\"WebSite\",\"@id\":\"https:\/\/luchonoticias.com\/editor\/#website\",\"url\":\"https:\/\/luchonoticias.com\/editor\/\",\"name\":\"\",\"description\":\"\",\"publisher\":{\"@id\":\"https:\/\/luchonoticias.com\/editor\/#\/schema\/person\/7a7fd911f58561fd056dbac7b55af9cd\"},\"potentialAction\":[{\"@type\":\"SearchAction\",\"target\":{\"@type\":\"EntryPoint\",\"urlTemplate\":\"https:\/\/luchonoticias.com\/editor\/?s={search_term_string}\"},\"query-input\":{\"@type\":\"PropertyValueSpecification\",\"valueRequired\":true,\"valueName\":\"search_term_string\"}}],\"inLanguage\":\"es\"},{\"@type\":[\"Person\",\"Organization\"],\"@id\":\"https:\/\/luchonoticias.com\/editor\/#\/schema\/person\/7a7fd911f58561fd056dbac7b55af9cd\",\"name\":\"admin\",\"image\":{\"@type\":\"ImageObject\",\"inLanguage\":\"es\",\"@id\":\"https:\/\/luchonoticias.com\/editor\/#\/schema\/person\/image\/\",\"url\":\"https:\/\/luchonoticias.com\/editor\/wp-content\/uploads\/2024\/02\/cropped-cropped-logolu.webp\",\"contentUrl\":\"https:\/\/luchonoticias.com\/editor\/wp-content\/uploads\/2024\/02\/cropped-cropped-logolu.webp\",\"width\":382,\"height\":170,\"caption\":\"admin\"},\"logo\":{\"@id\":\"https:\/\/luchonoticias.com\/editor\/#\/schema\/person\/image\/\"},\"sameAs\":[\"https:\/\/www.facebook.com\/luchonoticiasneiva\"]},{\"@type\":\"Person\",\"@id\":\"https:\/\/luchonoticias.com\/editor\/#\/schema\/person\/29217990ddf6f14e35912b2866d591fb\",\"name\":\"Editor General\",\"image\":{\"@type\":\"ImageObject\",\"inLanguage\":\"es\",\"@id\":\"https:\/\/luchonoticias.com\/editor\/#\/schema\/person\/image\/\",\"url\":\"https:\/\/luchonoticias.com\/editor\/wp-content\/uploads\/2024\/02\/cropped-cropped-logolu-150x150.webp\",\"contentUrl\":\"https:\/\/luchonoticias.com\/editor\/wp-content\/uploads\/2024\/02\/cropped-cropped-logolu-150x150.webp\",\"caption\":\"Editor General\"},\"sameAs\":[\"https:\/\/luchonoticias.com\/\"],\"url\":\"https:\/\/luchonoticias.com\/editor\/author\/editor-general\/\"}]}<\/script>\n<!-- \/ Yoast SEO plugin. -->","yoast_head_json":{"title":"Otro motor de impulso para la econom\u00eda colombiana -","robots":{"index":"index","follow":"follow","max-snippet":"max-snippet:-1","max-image-preview":"max-image-preview:large","max-video-preview":"max-video-preview:-1"},"canonical":"https:\/\/luchonoticias.com\/editor\/otro-motor-de-impulso-para-la-economia-colombiana\/","og_locale":"es_ES","og_type":"article","og_title":"Otro motor de impulso para la econom\u00eda colombiana -","og_url":"https:\/\/luchonoticias.com\/editor\/otro-motor-de-impulso-para-la-economia-colombiana\/","article_publisher":"https:\/\/www.facebook.com\/luchonoticiasneiva","article_published_time":"2024-12-31T09:45:32+00:00","article_modified_time":"2024-12-31T09:45:33+00:00","og_image":[{"width":700,"height":400,"url":"https:\/\/luchonoticias.com\/editor\/wp-content\/uploads\/2024\/12\/colombia-SBC.jpg","type":"image\/jpeg"}],"author":"Editor General","twitter_card":"summary_large_image","twitter_misc":{"Escrito por":"Editor General","Tiempo de lectura":"2 minutos"},"schema":{"@context":"https:\/\/schema.org","@graph":[{"@type":"Article","@id":"https:\/\/luchonoticias.com\/editor\/otro-motor-de-impulso-para-la-economia-colombiana\/#article","isPartOf":{"@id":"https:\/\/luchonoticias.com\/editor\/otro-motor-de-impulso-para-la-economia-colombiana\/"},"author":{"name":"Editor General","@id":"https:\/\/luchonoticias.com\/editor\/#\/schema\/person\/29217990ddf6f14e35912b2866d591fb"},"headline":"Otro motor de impulso para la econom\u00eda colombiana","datePublished":"2024-12-31T09:45:32+00:00","dateModified":"2024-12-31T09:45:33+00:00","mainEntityOfPage":{"@id":"https:\/\/luchonoticias.com\/editor\/otro-motor-de-impulso-para-la-economia-colombiana\/"},"wordCount":309,"publisher":{"@id":"https:\/\/luchonoticias.com\/editor\/#\/schema\/person\/7a7fd911f58561fd056dbac7b55af9cd"},"image":{"@id":"https:\/\/luchonoticias.com\/editor\/otro-motor-de-impulso-para-la-economia-colombiana\/#primaryimage"},"thumbnailUrl":"https:\/\/luchonoticias.com\/editor\/wp-content\/uploads\/2024\/12\/colombia-SBC.jpg","articleSection":["Actualidad","Nacional"],"inLanguage":"es"},{"@type":"WebPage","@id":"https:\/\/luchonoticias.com\/editor\/otro-motor-de-impulso-para-la-economia-colombiana\/","url":"https:\/\/luchonoticias.com\/editor\/otro-motor-de-impulso-para-la-economia-colombiana\/","name":"Otro motor de impulso para la econom\u00eda colombiana -","isPartOf":{"@id":"https:\/\/luchonoticias.com\/editor\/#website"},"primaryImageOfPage":{"@id":"https:\/\/luchonoticias.com\/editor\/otro-motor-de-impulso-para-la-economia-colombiana\/#primaryimage"},"image":{"@id":"https:\/\/luchonoticias.com\/editor\/otro-motor-de-impulso-para-la-economia-colombiana\/#primaryimage"},"thumbnailUrl":"https:\/\/luchonoticias.com\/editor\/wp-content\/uploads\/2024\/12\/colombia-SBC.jpg","datePublished":"2024-12-31T09:45:32+00:00","dateModified":"2024-12-31T09:45:33+00:00","breadcrumb":{"@id":"https:\/\/luchonoticias.com\/editor\/otro-motor-de-impulso-para-la-economia-colombiana\/#breadcrumb"},"inLanguage":"es","potentialAction":[{"@type":"ReadAction","target":["https:\/\/luchonoticias.com\/editor\/otro-motor-de-impulso-para-la-economia-colombiana\/"]}]},{"@type":"ImageObject","inLanguage":"es","@id":"https:\/\/luchonoticias.com\/editor\/otro-motor-de-impulso-para-la-economia-colombiana\/#primaryimage","url":"https:\/\/luchonoticias.com\/editor\/wp-content\/uploads\/2024\/12\/colombia-SBC.jpg","contentUrl":"https:\/\/luchonoticias.com\/editor\/wp-content\/uploads\/2024\/12\/colombia-SBC.jpg","width":700,"height":400},{"@type":"BreadcrumbList","@id":"https:\/\/luchonoticias.com\/editor\/otro-motor-de-impulso-para-la-economia-colombiana\/#breadcrumb","itemListElement":[{"@type":"ListItem","position":1,"name":"Portada","item":"https:\/\/luchonoticias.com\/editor\/"},{"@type":"ListItem","position":2,"name":"Otro motor de impulso para la econom\u00eda colombiana"}]},{"@type":"WebSite","@id":"https:\/\/luchonoticias.com\/editor\/#website","url":"https:\/\/luchonoticias.com\/editor\/","name":"","description":"","publisher":{"@id":"https:\/\/luchonoticias.com\/editor\/#\/schema\/person\/7a7fd911f58561fd056dbac7b55af9cd"},"potentialAction":[{"@type":"SearchAction","target":{"@type":"EntryPoint","urlTemplate":"https:\/\/luchonoticias.com\/editor\/?s={search_term_string}"},"query-input":{"@type":"PropertyValueSpecification","valueRequired":true,"valueName":"search_term_string"}}],"inLanguage":"es"},{"@type":["Person","Organization"],"@id":"https:\/\/luchonoticias.com\/editor\/#\/schema\/person\/7a7fd911f58561fd056dbac7b55af9cd","name":"admin","image":{"@type":"ImageObject","inLanguage":"es","@id":"https:\/\/luchonoticias.com\/editor\/#\/schema\/person\/image\/","url":"https:\/\/luchonoticias.com\/editor\/wp-content\/uploads\/2024\/02\/cropped-cropped-logolu.webp","contentUrl":"https:\/\/luchonoticias.com\/editor\/wp-content\/uploads\/2024\/02\/cropped-cropped-logolu.webp","width":382,"height":170,"caption":"admin"},"logo":{"@id":"https:\/\/luchonoticias.com\/editor\/#\/schema\/person\/image\/"},"sameAs":["https:\/\/www.facebook.com\/luchonoticiasneiva"]},{"@type":"Person","@id":"https:\/\/luchonoticias.com\/editor\/#\/schema\/person\/29217990ddf6f14e35912b2866d591fb","name":"Editor General","image":{"@type":"ImageObject","inLanguage":"es","@id":"https:\/\/luchonoticias.com\/editor\/#\/schema\/person\/image\/","url":"https:\/\/luchonoticias.com\/editor\/wp-content\/uploads\/2024\/02\/cropped-cropped-logolu-150x150.webp","contentUrl":"https:\/\/luchonoticias.com\/editor\/wp-content\/uploads\/2024\/02\/cropped-cropped-logolu-150x150.webp","caption":"Editor General"},"sameAs":["https:\/\/luchonoticias.com\/"],"url":"https:\/\/luchonoticias.com\/editor\/author\/editor-general\/"}]}},"_links":{"self":[{"href":"https:\/\/luchonoticias.com\/editor\/wp-json\/wp\/v2\/posts\/80302","targetHints":{"allow":["GET"]}}],"collection":[{"href":"https:\/\/luchonoticias.com\/editor\/wp-json\/wp\/v2\/posts"}],"about":[{"href":"https:\/\/luchonoticias.com\/editor\/wp-json\/wp\/v2\/types\/post"}],"author":[{"embeddable":true,"href":"https:\/\/luchonoticias.com\/editor\/wp-json\/wp\/v2\/users\/2"}],"replies":[{"embeddable":true,"href":"https:\/\/luchonoticias.com\/editor\/wp-json\/wp\/v2\/comments?post=80302"}],"version-history":[{"count":1,"href":"https:\/\/luchonoticias.com\/editor\/wp-json\/wp\/v2\/posts\/80302\/revisions"}],"predecessor-version":[{"id":80304,"href":"https:\/\/luchonoticias.com\/editor\/wp-json\/wp\/v2\/posts\/80302\/revisions\/80304"}],"wp:featuredmedia":[{"embeddable":true,"href":"https:\/\/luchonoticias.com\/editor\/wp-json\/wp\/v2\/media\/80303"}],"wp:attachment":[{"href":"https:\/\/luchonoticias.com\/editor\/wp-json\/wp\/v2\/media?parent=80302"}],"wp:term":[{"taxonomy":"category","embeddable":true,"href":"https:\/\/luchonoticias.com\/editor\/wp-json\/wp\/v2\/categories?post=80302"},{"taxonomy":"post_tag","embeddable":true,"href":"https:\/\/luchonoticias.com\/editor\/wp-json\/wp\/v2\/tags?post=80302"}],"curies":[{"name":"wp","href":"https:\/\/api.w.org\/{rel}","templated":true}]}}