{"id":80305,"date":"2024-12-31T05:00:02","date_gmt":"2024-12-31T10:00:02","guid":{"rendered":"https:\/\/luchonoticias.com\/?p=80305"},"modified":"2024-12-31T05:00:03","modified_gmt":"2024-12-31T10:00:03","slug":"colombia-recibira-el-2025-con-lluvias-en-varias-regiones","status":"publish","type":"post","link":"https:\/\/luchonoticias.com\/editor\/colombia-recibira-el-2025-con-lluvias-en-varias-regiones\/","title":{"rendered":"Colombia recibir\u00e1 el 2025 con lluvias en varias regiones"},"content":{"rendered":"\n<figure class=\"wp-block-image size-full\"><img loading=\"lazy\" decoding=\"async\" width=\"700\" height=\"400\" src=\"https:\/\/luchonoticias.com\/wp-content\/uploads\/2024\/11\/lluvias-colombia.jpg\" alt=\"\" class=\"wp-image-78923\" srcset=\"https:\/\/luchonoticias.com\/editor\/wp-content\/uploads\/2024\/11\/lluvias-colombia.jpg 700w, https:\/\/luchonoticias.com\/editor\/wp-content\/uploads\/2024\/11\/lluvias-colombia-300x171.jpg 300w\" sizes=\"auto, (max-width: 700px) 100vw, 700px\" \/><\/figure>\n\n\n\n<p>El Instituto de Hidrolog\u00eda, Meteorolog\u00eda y Estudios Ambientales (Ideam) dio a conocer el pron\u00f3stico del tiempo para la semana del 30 de diciembre de 2024 al 3 de enero de 2025. Durante estos d\u00edas, las lluvias m\u00e1s fuertes se concentrar\u00e1n en la regi\u00f3n Pac\u00edfica y su zona oce\u00e1nica, as\u00ed como en la Amazon\u00eda. Tambi\u00e9n se esperan precipitaciones puntuales en las regiones Andina y Caribe.<\/p>\n\n\n\n<p>En Bogot\u00e1, se prev\u00e9n ma\u00f1anas mayormente secas con probabilidad de lluvias en las tardes y noches, aunque esta tendencia podr\u00eda disminuir entre el martes y el jueves. Sin embargo, el Ideam advirti\u00f3 que las condiciones clim\u00e1ticas podr\u00edan variar dependiendo de la din\u00e1mica atmosf\u00e9rica.<\/p>\n\n\n\n<p><strong>Pron\u00f3stico diario:<\/strong><\/p>\n\n\n\n<ul class=\"wp-block-list\">\n<li><strong>31 de diciembre:<\/strong> Lluvias intensas en Choc\u00f3, Valle del Cauca, Cauca, Nari\u00f1o y Amazonas, con precipitaciones moderadas en departamentos como Cundinamarca, Huila y Tolima.<\/li>\n\n\n\n<li><strong>1 de enero:<\/strong> Contin\u00faan las lluvias en la regi\u00f3n Pac\u00edfica, Andina y Caribe, con mayor intensidad en Antioquia, Santander y Bol\u00edvar.<\/li>\n\n\n\n<li><strong>2 de enero:<\/strong> Incremento de lluvias en el Caribe y Orinoqu\u00eda, destac\u00e1ndose en Choc\u00f3, Cauca, Risaralda y Santander.<\/li>\n\n\n\n<li><strong>3 de enero:<\/strong> Aumento generalizado de precipitaciones en todo el pa\u00eds, especialmente en la regi\u00f3n Pac\u00edfica y Amazon\u00eda.<\/li>\n<\/ul>\n\n\n\n<p>En el archipi\u00e9lago de San Andr\u00e9s y Providencia se prev\u00e9 cielo nublado con lluvias ligeras. El Ideam recomienda estar atentos a las actualizaciones.<\/p>\n\n\n\n<p><\/p>\n","protected":false},"excerpt":{"rendered":"<p>El Instituto de Hidrolog\u00eda, Meteorolog\u00eda y Estudios Ambientales (Ideam) dio a conocer el pron\u00f3stico del tiempo para la semana del 30 de diciembre de 2024 al 3 de enero de 2025. Durante estos d\u00edas, las lluvias m\u00e1s fuertes se concentrar\u00e1n en la regi\u00f3n Pac\u00edfica y su zona oce\u00e1nica, as\u00ed como en la Amazon\u00eda. Tambi\u00e9n se [&hellip;]<\/p>\n","protected":false},"author":2,"featured_media":78923,"comment_status":"closed","ping_status":"open","sticky":false,"template":"","format":"standard","meta":{"footnotes":""},"categories":[28,32],"tags":[],"class_list":["post-80305","post","type-post","status-publish","format-standard","has-post-thumbnail","hentry","category-actualidad","category-nacional"],"yoast_head":"<!-- This site is optimized with the Yoast SEO plugin v26.6 - https:\/\/yoast.com\/wordpress\/plugins\/seo\/ -->\n<title>Colombia recibir\u00e1 el 2025 con lluvias en varias regiones -<\/title>\n<meta name=\"robots\" content=\"index, follow, max-snippet:-1, max-image-preview:large, max-video-preview:-1\" \/>\n<link rel=\"canonical\" href=\"https:\/\/luchonoticias.com\/editor\/colombia-recibira-el-2025-con-lluvias-en-varias-regiones\/\" \/>\n<meta property=\"og:locale\" content=\"es_ES\" \/>\n<meta property=\"og:type\" content=\"article\" \/>\n<meta property=\"og:title\" content=\"Colombia recibir\u00e1 el 2025 con lluvias en varias regiones -\" \/>\n<meta property=\"og:url\" content=\"https:\/\/luchonoticias.com\/editor\/colombia-recibira-el-2025-con-lluvias-en-varias-regiones\/\" \/>\n<meta property=\"article:publisher\" content=\"https:\/\/www.facebook.com\/luchonoticiasneiva\" \/>\n<meta property=\"article:published_time\" content=\"2024-12-31T10:00:02+00:00\" \/>\n<meta property=\"article:modified_time\" content=\"2024-12-31T10:00:03+00:00\" \/>\n<meta property=\"og:image\" content=\"https:\/\/luchonoticias.com\/editor\/wp-content\/uploads\/2024\/11\/lluvias-colombia.jpg\" \/>\n\t<meta property=\"og:image:width\" content=\"700\" \/>\n\t<meta property=\"og:image:height\" content=\"400\" \/>\n\t<meta property=\"og:image:type\" content=\"image\/jpeg\" \/>\n<meta name=\"author\" content=\"Editor General\" \/>\n<meta name=\"twitter:card\" content=\"summary_large_image\" \/>\n<meta name=\"twitter:label1\" content=\"Escrito por\" \/>\n\t<meta name=\"twitter:data1\" content=\"Editor General\" \/>\n\t<meta name=\"twitter:label2\" content=\"Tiempo de lectura\" \/>\n\t<meta name=\"twitter:data2\" content=\"2 minutos\" \/>\n<script type=\"application\/ld+json\" class=\"yoast-schema-graph\">{\"@context\":\"https:\/\/schema.org\",\"@graph\":[{\"@type\":\"Article\",\"@id\":\"https:\/\/luchonoticias.com\/editor\/colombia-recibira-el-2025-con-lluvias-en-varias-regiones\/#article\",\"isPartOf\":{\"@id\":\"https:\/\/luchonoticias.com\/editor\/colombia-recibira-el-2025-con-lluvias-en-varias-regiones\/\"},\"author\":{\"name\":\"Editor General\",\"@id\":\"https:\/\/luchonoticias.com\/editor\/#\/schema\/person\/29217990ddf6f14e35912b2866d591fb\"},\"headline\":\"Colombia recibir\u00e1 el 2025 con lluvias en varias regiones\",\"datePublished\":\"2024-12-31T10:00:02+00:00\",\"dateModified\":\"2024-12-31T10:00:03+00:00\",\"mainEntityOfPage\":{\"@id\":\"https:\/\/luchonoticias.com\/editor\/colombia-recibira-el-2025-con-lluvias-en-varias-regiones\/\"},\"wordCount\":245,\"publisher\":{\"@id\":\"https:\/\/luchonoticias.com\/editor\/#\/schema\/person\/7a7fd911f58561fd056dbac7b55af9cd\"},\"image\":{\"@id\":\"https:\/\/luchonoticias.com\/editor\/colombia-recibira-el-2025-con-lluvias-en-varias-regiones\/#primaryimage\"},\"thumbnailUrl\":\"https:\/\/luchonoticias.com\/editor\/wp-content\/uploads\/2024\/11\/lluvias-colombia.jpg\",\"articleSection\":[\"Actualidad\",\"Nacional\"],\"inLanguage\":\"es\"},{\"@type\":\"WebPage\",\"@id\":\"https:\/\/luchonoticias.com\/editor\/colombia-recibira-el-2025-con-lluvias-en-varias-regiones\/\",\"url\":\"https:\/\/luchonoticias.com\/editor\/colombia-recibira-el-2025-con-lluvias-en-varias-regiones\/\",\"name\":\"Colombia recibir\u00e1 el 2025 con lluvias en varias regiones -\",\"isPartOf\":{\"@id\":\"https:\/\/luchonoticias.com\/editor\/#website\"},\"primaryImageOfPage\":{\"@id\":\"https:\/\/luchonoticias.com\/editor\/colombia-recibira-el-2025-con-lluvias-en-varias-regiones\/#primaryimage\"},\"image\":{\"@id\":\"https:\/\/luchonoticias.com\/editor\/colombia-recibira-el-2025-con-lluvias-en-varias-regiones\/#primaryimage\"},\"thumbnailUrl\":\"https:\/\/luchonoticias.com\/editor\/wp-content\/uploads\/2024\/11\/lluvias-colombia.jpg\",\"datePublished\":\"2024-12-31T10:00:02+00:00\",\"dateModified\":\"2024-12-31T10:00:03+00:00\",\"breadcrumb\":{\"@id\":\"https:\/\/luchonoticias.com\/editor\/colombia-recibira-el-2025-con-lluvias-en-varias-regiones\/#breadcrumb\"},\"inLanguage\":\"es\",\"potentialAction\":[{\"@type\":\"ReadAction\",\"target\":[\"https:\/\/luchonoticias.com\/editor\/colombia-recibira-el-2025-con-lluvias-en-varias-regiones\/\"]}]},{\"@type\":\"ImageObject\",\"inLanguage\":\"es\",\"@id\":\"https:\/\/luchonoticias.com\/editor\/colombia-recibira-el-2025-con-lluvias-en-varias-regiones\/#primaryimage\",\"url\":\"https:\/\/luchonoticias.com\/editor\/wp-content\/uploads\/2024\/11\/lluvias-colombia.jpg\",\"contentUrl\":\"https:\/\/luchonoticias.com\/editor\/wp-content\/uploads\/2024\/11\/lluvias-colombia.jpg\",\"width\":700,\"height\":400},{\"@type\":\"BreadcrumbList\",\"@id\":\"https:\/\/luchonoticias.com\/editor\/colombia-recibira-el-2025-con-lluvias-en-varias-regiones\/#breadcrumb\",\"itemListElement\":[{\"@type\":\"ListItem\",\"position\":1,\"name\":\"Portada\",\"item\":\"https:\/\/luchonoticias.com\/editor\/\"},{\"@type\":\"ListItem\",\"position\":2,\"name\":\"Colombia recibir\u00e1 el 2025 con lluvias en varias regiones\"}]},{\"@type\":\"WebSite\",\"@id\":\"https:\/\/luchonoticias.com\/editor\/#website\",\"url\":\"https:\/\/luchonoticias.com\/editor\/\",\"name\":\"\",\"description\":\"\",\"publisher\":{\"@id\":\"https:\/\/luchonoticias.com\/editor\/#\/schema\/person\/7a7fd911f58561fd056dbac7b55af9cd\"},\"potentialAction\":[{\"@type\":\"SearchAction\",\"target\":{\"@type\":\"EntryPoint\",\"urlTemplate\":\"https:\/\/luchonoticias.com\/editor\/?s={search_term_string}\"},\"query-input\":{\"@type\":\"PropertyValueSpecification\",\"valueRequired\":true,\"valueName\":\"search_term_string\"}}],\"inLanguage\":\"es\"},{\"@type\":[\"Person\",\"Organization\"],\"@id\":\"https:\/\/luchonoticias.com\/editor\/#\/schema\/person\/7a7fd911f58561fd056dbac7b55af9cd\",\"name\":\"admin\",\"image\":{\"@type\":\"ImageObject\",\"inLanguage\":\"es\",\"@id\":\"https:\/\/luchonoticias.com\/editor\/#\/schema\/person\/image\/\",\"url\":\"https:\/\/luchonoticias.com\/editor\/wp-content\/uploads\/2024\/02\/cropped-cropped-logolu.webp\",\"contentUrl\":\"https:\/\/luchonoticias.com\/editor\/wp-content\/uploads\/2024\/02\/cropped-cropped-logolu.webp\",\"width\":382,\"height\":170,\"caption\":\"admin\"},\"logo\":{\"@id\":\"https:\/\/luchonoticias.com\/editor\/#\/schema\/person\/image\/\"},\"sameAs\":[\"https:\/\/www.facebook.com\/luchonoticiasneiva\"]},{\"@type\":\"Person\",\"@id\":\"https:\/\/luchonoticias.com\/editor\/#\/schema\/person\/29217990ddf6f14e35912b2866d591fb\",\"name\":\"Editor General\",\"image\":{\"@type\":\"ImageObject\",\"inLanguage\":\"es\",\"@id\":\"https:\/\/luchonoticias.com\/editor\/#\/schema\/person\/image\/\",\"url\":\"https:\/\/luchonoticias.com\/editor\/wp-content\/uploads\/2024\/02\/cropped-cropped-logolu-150x150.webp\",\"contentUrl\":\"https:\/\/luchonoticias.com\/editor\/wp-content\/uploads\/2024\/02\/cropped-cropped-logolu-150x150.webp\",\"caption\":\"Editor General\"},\"sameAs\":[\"https:\/\/luchonoticias.com\/\"],\"url\":\"https:\/\/luchonoticias.com\/editor\/author\/editor-general\/\"}]}<\/script>\n<!-- \/ Yoast SEO plugin. -->","yoast_head_json":{"title":"Colombia recibir\u00e1 el 2025 con lluvias en varias regiones -","robots":{"index":"index","follow":"follow","max-snippet":"max-snippet:-1","max-image-preview":"max-image-preview:large","max-video-preview":"max-video-preview:-1"},"canonical":"https:\/\/luchonoticias.com\/editor\/colombia-recibira-el-2025-con-lluvias-en-varias-regiones\/","og_locale":"es_ES","og_type":"article","og_title":"Colombia recibir\u00e1 el 2025 con lluvias en varias regiones -","og_url":"https:\/\/luchonoticias.com\/editor\/colombia-recibira-el-2025-con-lluvias-en-varias-regiones\/","article_publisher":"https:\/\/www.facebook.com\/luchonoticiasneiva","article_published_time":"2024-12-31T10:00:02+00:00","article_modified_time":"2024-12-31T10:00:03+00:00","og_image":[{"width":700,"height":400,"url":"https:\/\/luchonoticias.com\/editor\/wp-content\/uploads\/2024\/11\/lluvias-colombia.jpg","type":"image\/jpeg"}],"author":"Editor General","twitter_card":"summary_large_image","twitter_misc":{"Escrito por":"Editor General","Tiempo de lectura":"2 minutos"},"schema":{"@context":"https:\/\/schema.org","@graph":[{"@type":"Article","@id":"https:\/\/luchonoticias.com\/editor\/colombia-recibira-el-2025-con-lluvias-en-varias-regiones\/#article","isPartOf":{"@id":"https:\/\/luchonoticias.com\/editor\/colombia-recibira-el-2025-con-lluvias-en-varias-regiones\/"},"author":{"name":"Editor General","@id":"https:\/\/luchonoticias.com\/editor\/#\/schema\/person\/29217990ddf6f14e35912b2866d591fb"},"headline":"Colombia recibir\u00e1 el 2025 con lluvias en varias regiones","datePublished":"2024-12-31T10:00:02+00:00","dateModified":"2024-12-31T10:00:03+00:00","mainEntityOfPage":{"@id":"https:\/\/luchonoticias.com\/editor\/colombia-recibira-el-2025-con-lluvias-en-varias-regiones\/"},"wordCount":245,"publisher":{"@id":"https:\/\/luchonoticias.com\/editor\/#\/schema\/person\/7a7fd911f58561fd056dbac7b55af9cd"},"image":{"@id":"https:\/\/luchonoticias.com\/editor\/colombia-recibira-el-2025-con-lluvias-en-varias-regiones\/#primaryimage"},"thumbnailUrl":"https:\/\/luchonoticias.com\/editor\/wp-content\/uploads\/2024\/11\/lluvias-colombia.jpg","articleSection":["Actualidad","Nacional"],"inLanguage":"es"},{"@type":"WebPage","@id":"https:\/\/luchonoticias.com\/editor\/colombia-recibira-el-2025-con-lluvias-en-varias-regiones\/","url":"https:\/\/luchonoticias.com\/editor\/colombia-recibira-el-2025-con-lluvias-en-varias-regiones\/","name":"Colombia recibir\u00e1 el 2025 con lluvias en varias regiones -","isPartOf":{"@id":"https:\/\/luchonoticias.com\/editor\/#website"},"primaryImageOfPage":{"@id":"https:\/\/luchonoticias.com\/editor\/colombia-recibira-el-2025-con-lluvias-en-varias-regiones\/#primaryimage"},"image":{"@id":"https:\/\/luchonoticias.com\/editor\/colombia-recibira-el-2025-con-lluvias-en-varias-regiones\/#primaryimage"},"thumbnailUrl":"https:\/\/luchonoticias.com\/editor\/wp-content\/uploads\/2024\/11\/lluvias-colombia.jpg","datePublished":"2024-12-31T10:00:02+00:00","dateModified":"2024-12-31T10:00:03+00:00","breadcrumb":{"@id":"https:\/\/luchonoticias.com\/editor\/colombia-recibira-el-2025-con-lluvias-en-varias-regiones\/#breadcrumb"},"inLanguage":"es","potentialAction":[{"@type":"ReadAction","target":["https:\/\/luchonoticias.com\/editor\/colombia-recibira-el-2025-con-lluvias-en-varias-regiones\/"]}]},{"@type":"ImageObject","inLanguage":"es","@id":"https:\/\/luchonoticias.com\/editor\/colombia-recibira-el-2025-con-lluvias-en-varias-regiones\/#primaryimage","url":"https:\/\/luchonoticias.com\/editor\/wp-content\/uploads\/2024\/11\/lluvias-colombia.jpg","contentUrl":"https:\/\/luchonoticias.com\/editor\/wp-content\/uploads\/2024\/11\/lluvias-colombia.jpg","width":700,"height":400},{"@type":"BreadcrumbList","@id":"https:\/\/luchonoticias.com\/editor\/colombia-recibira-el-2025-con-lluvias-en-varias-regiones\/#breadcrumb","itemListElement":[{"@type":"ListItem","position":1,"name":"Portada","item":"https:\/\/luchonoticias.com\/editor\/"},{"@type":"ListItem","position":2,"name":"Colombia recibir\u00e1 el 2025 con lluvias en varias regiones"}]},{"@type":"WebSite","@id":"https:\/\/luchonoticias.com\/editor\/#website","url":"https:\/\/luchonoticias.com\/editor\/","name":"","description":"","publisher":{"@id":"https:\/\/luchonoticias.com\/editor\/#\/schema\/person\/7a7fd911f58561fd056dbac7b55af9cd"},"potentialAction":[{"@type":"SearchAction","target":{"@type":"EntryPoint","urlTemplate":"https:\/\/luchonoticias.com\/editor\/?s={search_term_string}"},"query-input":{"@type":"PropertyValueSpecification","valueRequired":true,"valueName":"search_term_string"}}],"inLanguage":"es"},{"@type":["Person","Organization"],"@id":"https:\/\/luchonoticias.com\/editor\/#\/schema\/person\/7a7fd911f58561fd056dbac7b55af9cd","name":"admin","image":{"@type":"ImageObject","inLanguage":"es","@id":"https:\/\/luchonoticias.com\/editor\/#\/schema\/person\/image\/","url":"https:\/\/luchonoticias.com\/editor\/wp-content\/uploads\/2024\/02\/cropped-cropped-logolu.webp","contentUrl":"https:\/\/luchonoticias.com\/editor\/wp-content\/uploads\/2024\/02\/cropped-cropped-logolu.webp","width":382,"height":170,"caption":"admin"},"logo":{"@id":"https:\/\/luchonoticias.com\/editor\/#\/schema\/person\/image\/"},"sameAs":["https:\/\/www.facebook.com\/luchonoticiasneiva"]},{"@type":"Person","@id":"https:\/\/luchonoticias.com\/editor\/#\/schema\/person\/29217990ddf6f14e35912b2866d591fb","name":"Editor General","image":{"@type":"ImageObject","inLanguage":"es","@id":"https:\/\/luchonoticias.com\/editor\/#\/schema\/person\/image\/","url":"https:\/\/luchonoticias.com\/editor\/wp-content\/uploads\/2024\/02\/cropped-cropped-logolu-150x150.webp","contentUrl":"https:\/\/luchonoticias.com\/editor\/wp-content\/uploads\/2024\/02\/cropped-cropped-logolu-150x150.webp","caption":"Editor General"},"sameAs":["https:\/\/luchonoticias.com\/"],"url":"https:\/\/luchonoticias.com\/editor\/author\/editor-general\/"}]}},"_links":{"self":[{"href":"https:\/\/luchonoticias.com\/editor\/wp-json\/wp\/v2\/posts\/80305","targetHints":{"allow":["GET"]}}],"collection":[{"href":"https:\/\/luchonoticias.com\/editor\/wp-json\/wp\/v2\/posts"}],"about":[{"href":"https:\/\/luchonoticias.com\/editor\/wp-json\/wp\/v2\/types\/post"}],"author":[{"embeddable":true,"href":"https:\/\/luchonoticias.com\/editor\/wp-json\/wp\/v2\/users\/2"}],"replies":[{"embeddable":true,"href":"https:\/\/luchonoticias.com\/editor\/wp-json\/wp\/v2\/comments?post=80305"}],"version-history":[{"count":1,"href":"https:\/\/luchonoticias.com\/editor\/wp-json\/wp\/v2\/posts\/80305\/revisions"}],"predecessor-version":[{"id":80306,"href":"https:\/\/luchonoticias.com\/editor\/wp-json\/wp\/v2\/posts\/80305\/revisions\/80306"}],"wp:featuredmedia":[{"embeddable":true,"href":"https:\/\/luchonoticias.com\/editor\/wp-json\/wp\/v2\/media\/78923"}],"wp:attachment":[{"href":"https:\/\/luchonoticias.com\/editor\/wp-json\/wp\/v2\/media?parent=80305"}],"wp:term":[{"taxonomy":"category","embeddable":true,"href":"https:\/\/luchonoticias.com\/editor\/wp-json\/wp\/v2\/categories?post=80305"},{"taxonomy":"post_tag","embeddable":true,"href":"https:\/\/luchonoticias.com\/editor\/wp-json\/wp\/v2\/tags?post=80305"}],"curies":[{"name":"wp","href":"https:\/\/api.w.org\/{rel}","templated":true}]}}