{"id":80319,"date":"2025-01-02T04:00:54","date_gmt":"2025-01-02T09:00:54","guid":{"rendered":"https:\/\/luchonoticias.com\/?p=80319"},"modified":"2025-01-02T04:00:56","modified_gmt":"2025-01-02T09:00:56","slug":"sistema-de-salud-en-colombia-upc-sube-5-36","status":"publish","type":"post","link":"https:\/\/luchonoticias.com\/editor\/sistema-de-salud-en-colombia-upc-sube-5-36\/","title":{"rendered":"Sistema de salud en Colombia: UPC sube 5.36%"},"content":{"rendered":"\n<figure class=\"wp-block-image size-full\"><img loading=\"lazy\" decoding=\"async\" width=\"700\" height=\"400\" src=\"https:\/\/luchonoticias.com\/wp-content\/uploads\/2025\/01\/salud-colombia.jpg\" alt=\"\" class=\"wp-image-80320\" srcset=\"https:\/\/luchonoticias.com\/editor\/wp-content\/uploads\/2025\/01\/salud-colombia.jpg 700w, https:\/\/luchonoticias.com\/editor\/wp-content\/uploads\/2025\/01\/salud-colombia-300x171.jpg 300w\" sizes=\"auto, (max-width: 700px) 100vw, 700px\" \/><\/figure>\n\n\n\n<p><strong>El Ministerio de Salud anunci\u00f3 un aumento del 5.36% en la Unidad de Pago por Capitaci\u00f3n (UPC) para 2025,<\/strong> bas\u00e1ndose en la inflaci\u00f3n causada a noviembre de 2024. Este ajuste responde a las inconsistencias en la informaci\u00f3n presentada por las EPS, las cuales incumplieron con el deber legal de entregar datos confiables, claros y oportunos, como lo exige la Ley 1438 de 2011.<\/p>\n\n\n\n<p>Entre las irregularidades detectadas destacan incrementos abruptos en la severidad y frecuencia de los servicios sin relaci\u00f3n hist\u00f3rica, gastos certificados sin estados financieros cerrados, pagos por medicamentos por encima de los precios regulados y manejo discrecional de reservas t\u00e9cnicas. Estas inconsistencias impidieron un c\u00e1lculo adecuado y obligaron al Ministerio a ajustar la UPC conforme a la inflaci\u00f3n, en l\u00ednea con el Decreto Ley 4107 de 2011.<\/p>\n\n\n\n<p>La medida busca garantizar la sostenibilidad financiera del Sistema General de Seguridad Social en Salud (SGSSS), proteger los recursos p\u00fablicos y evitar que errores en los datos afecten la prestaci\u00f3n de servicios. Adem\u00e1s, el incremento contempla actualizaciones en servicios y tecnolog\u00edas en salud para asegurar la continuidad y calidad de atenci\u00f3n a los colombianos.<\/p>\n\n\n\n<p>El Ministerio hizo un llamado a las EPS para que cumplan con sus obligaciones legales, ya que la calidad y transparencia de la informaci\u00f3n son esenciales para el adecuado funcionamiento del sistema de salud. Con este ajuste, se espera seguir fortaleciendo el acceso y la eficiencia en la prestaci\u00f3n de servicios m\u00e9dicos en el pa\u00eds.<\/p>\n\n\n\n<p><\/p>\n","protected":false},"excerpt":{"rendered":"<p>El Ministerio de Salud anunci\u00f3 un aumento del 5.36% en la Unidad de Pago por Capitaci\u00f3n (UPC) para 2025, bas\u00e1ndose en la inflaci\u00f3n causada a noviembre de 2024. Este ajuste responde a las inconsistencias en la informaci\u00f3n presentada por las EPS, las cuales incumplieron con el deber legal de entregar datos confiables, claros y oportunos, [&hellip;]<\/p>\n","protected":false},"author":2,"featured_media":80320,"comment_status":"closed","ping_status":"open","sticky":false,"template":"","format":"standard","meta":{"footnotes":""},"categories":[28,32],"tags":[],"class_list":["post-80319","post","type-post","status-publish","format-standard","has-post-thumbnail","hentry","category-actualidad","category-nacional"],"yoast_head":"<!-- This site is optimized with the Yoast SEO plugin v26.6 - https:\/\/yoast.com\/wordpress\/plugins\/seo\/ -->\n<title>Sistema de salud en Colombia: UPC sube 5.36% -<\/title>\n<meta name=\"robots\" content=\"index, follow, max-snippet:-1, max-image-preview:large, max-video-preview:-1\" \/>\n<link rel=\"canonical\" href=\"https:\/\/luchonoticias.com\/editor\/sistema-de-salud-en-colombia-upc-sube-5-36\/\" \/>\n<meta property=\"og:locale\" content=\"es_ES\" \/>\n<meta property=\"og:type\" content=\"article\" \/>\n<meta property=\"og:title\" content=\"Sistema de salud en Colombia: UPC sube 5.36% -\" \/>\n<meta property=\"og:url\" content=\"https:\/\/luchonoticias.com\/editor\/sistema-de-salud-en-colombia-upc-sube-5-36\/\" \/>\n<meta property=\"article:publisher\" content=\"https:\/\/www.facebook.com\/luchonoticiasneiva\" \/>\n<meta property=\"article:published_time\" content=\"2025-01-02T09:00:54+00:00\" \/>\n<meta property=\"article:modified_time\" content=\"2025-01-02T09:00:56+00:00\" \/>\n<meta property=\"og:image\" content=\"https:\/\/luchonoticias.com\/editor\/wp-content\/uploads\/2025\/01\/salud-colombia.jpg\" \/>\n\t<meta property=\"og:image:width\" content=\"700\" \/>\n\t<meta property=\"og:image:height\" content=\"400\" \/>\n\t<meta property=\"og:image:type\" content=\"image\/jpeg\" \/>\n<meta name=\"author\" content=\"Editor General\" \/>\n<meta name=\"twitter:card\" content=\"summary_large_image\" \/>\n<meta name=\"twitter:label1\" content=\"Escrito por\" \/>\n\t<meta name=\"twitter:data1\" content=\"Editor General\" \/>\n\t<meta name=\"twitter:label2\" content=\"Tiempo de lectura\" \/>\n\t<meta name=\"twitter:data2\" content=\"2 minutos\" \/>\n<script type=\"application\/ld+json\" class=\"yoast-schema-graph\">{\"@context\":\"https:\/\/schema.org\",\"@graph\":[{\"@type\":\"Article\",\"@id\":\"https:\/\/luchonoticias.com\/editor\/sistema-de-salud-en-colombia-upc-sube-5-36\/#article\",\"isPartOf\":{\"@id\":\"https:\/\/luchonoticias.com\/editor\/sistema-de-salud-en-colombia-upc-sube-5-36\/\"},\"author\":{\"name\":\"Editor General\",\"@id\":\"https:\/\/luchonoticias.com\/editor\/#\/schema\/person\/29217990ddf6f14e35912b2866d591fb\"},\"headline\":\"Sistema de salud en Colombia: UPC sube 5.36%\",\"datePublished\":\"2025-01-02T09:00:54+00:00\",\"dateModified\":\"2025-01-02T09:00:56+00:00\",\"mainEntityOfPage\":{\"@id\":\"https:\/\/luchonoticias.com\/editor\/sistema-de-salud-en-colombia-upc-sube-5-36\/\"},\"wordCount\":257,\"publisher\":{\"@id\":\"https:\/\/luchonoticias.com\/editor\/#\/schema\/person\/7a7fd911f58561fd056dbac7b55af9cd\"},\"image\":{\"@id\":\"https:\/\/luchonoticias.com\/editor\/sistema-de-salud-en-colombia-upc-sube-5-36\/#primaryimage\"},\"thumbnailUrl\":\"https:\/\/luchonoticias.com\/editor\/wp-content\/uploads\/2025\/01\/salud-colombia.jpg\",\"articleSection\":[\"Actualidad\",\"Nacional\"],\"inLanguage\":\"es\"},{\"@type\":\"WebPage\",\"@id\":\"https:\/\/luchonoticias.com\/editor\/sistema-de-salud-en-colombia-upc-sube-5-36\/\",\"url\":\"https:\/\/luchonoticias.com\/editor\/sistema-de-salud-en-colombia-upc-sube-5-36\/\",\"name\":\"Sistema de salud en Colombia: UPC sube 5.36% -\",\"isPartOf\":{\"@id\":\"https:\/\/luchonoticias.com\/editor\/#website\"},\"primaryImageOfPage\":{\"@id\":\"https:\/\/luchonoticias.com\/editor\/sistema-de-salud-en-colombia-upc-sube-5-36\/#primaryimage\"},\"image\":{\"@id\":\"https:\/\/luchonoticias.com\/editor\/sistema-de-salud-en-colombia-upc-sube-5-36\/#primaryimage\"},\"thumbnailUrl\":\"https:\/\/luchonoticias.com\/editor\/wp-content\/uploads\/2025\/01\/salud-colombia.jpg\",\"datePublished\":\"2025-01-02T09:00:54+00:00\",\"dateModified\":\"2025-01-02T09:00:56+00:00\",\"breadcrumb\":{\"@id\":\"https:\/\/luchonoticias.com\/editor\/sistema-de-salud-en-colombia-upc-sube-5-36\/#breadcrumb\"},\"inLanguage\":\"es\",\"potentialAction\":[{\"@type\":\"ReadAction\",\"target\":[\"https:\/\/luchonoticias.com\/editor\/sistema-de-salud-en-colombia-upc-sube-5-36\/\"]}]},{\"@type\":\"ImageObject\",\"inLanguage\":\"es\",\"@id\":\"https:\/\/luchonoticias.com\/editor\/sistema-de-salud-en-colombia-upc-sube-5-36\/#primaryimage\",\"url\":\"https:\/\/luchonoticias.com\/editor\/wp-content\/uploads\/2025\/01\/salud-colombia.jpg\",\"contentUrl\":\"https:\/\/luchonoticias.com\/editor\/wp-content\/uploads\/2025\/01\/salud-colombia.jpg\",\"width\":700,\"height\":400},{\"@type\":\"BreadcrumbList\",\"@id\":\"https:\/\/luchonoticias.com\/editor\/sistema-de-salud-en-colombia-upc-sube-5-36\/#breadcrumb\",\"itemListElement\":[{\"@type\":\"ListItem\",\"position\":1,\"name\":\"Portada\",\"item\":\"https:\/\/luchonoticias.com\/editor\/\"},{\"@type\":\"ListItem\",\"position\":2,\"name\":\"Sistema de salud en Colombia: UPC sube 5.36%\"}]},{\"@type\":\"WebSite\",\"@id\":\"https:\/\/luchonoticias.com\/editor\/#website\",\"url\":\"https:\/\/luchonoticias.com\/editor\/\",\"name\":\"\",\"description\":\"\",\"publisher\":{\"@id\":\"https:\/\/luchonoticias.com\/editor\/#\/schema\/person\/7a7fd911f58561fd056dbac7b55af9cd\"},\"potentialAction\":[{\"@type\":\"SearchAction\",\"target\":{\"@type\":\"EntryPoint\",\"urlTemplate\":\"https:\/\/luchonoticias.com\/editor\/?s={search_term_string}\"},\"query-input\":{\"@type\":\"PropertyValueSpecification\",\"valueRequired\":true,\"valueName\":\"search_term_string\"}}],\"inLanguage\":\"es\"},{\"@type\":[\"Person\",\"Organization\"],\"@id\":\"https:\/\/luchonoticias.com\/editor\/#\/schema\/person\/7a7fd911f58561fd056dbac7b55af9cd\",\"name\":\"admin\",\"image\":{\"@type\":\"ImageObject\",\"inLanguage\":\"es\",\"@id\":\"https:\/\/luchonoticias.com\/editor\/#\/schema\/person\/image\/\",\"url\":\"https:\/\/luchonoticias.com\/editor\/wp-content\/uploads\/2024\/02\/cropped-cropped-logolu.webp\",\"contentUrl\":\"https:\/\/luchonoticias.com\/editor\/wp-content\/uploads\/2024\/02\/cropped-cropped-logolu.webp\",\"width\":382,\"height\":170,\"caption\":\"admin\"},\"logo\":{\"@id\":\"https:\/\/luchonoticias.com\/editor\/#\/schema\/person\/image\/\"},\"sameAs\":[\"https:\/\/www.facebook.com\/luchonoticiasneiva\"]},{\"@type\":\"Person\",\"@id\":\"https:\/\/luchonoticias.com\/editor\/#\/schema\/person\/29217990ddf6f14e35912b2866d591fb\",\"name\":\"Editor General\",\"image\":{\"@type\":\"ImageObject\",\"inLanguage\":\"es\",\"@id\":\"https:\/\/luchonoticias.com\/editor\/#\/schema\/person\/image\/\",\"url\":\"https:\/\/luchonoticias.com\/editor\/wp-content\/uploads\/2024\/02\/cropped-cropped-logolu-150x150.webp\",\"contentUrl\":\"https:\/\/luchonoticias.com\/editor\/wp-content\/uploads\/2024\/02\/cropped-cropped-logolu-150x150.webp\",\"caption\":\"Editor General\"},\"sameAs\":[\"https:\/\/luchonoticias.com\/\"],\"url\":\"https:\/\/luchonoticias.com\/editor\/author\/editor-general\/\"}]}<\/script>\n<!-- \/ Yoast SEO plugin. -->","yoast_head_json":{"title":"Sistema de salud en Colombia: UPC sube 5.36% -","robots":{"index":"index","follow":"follow","max-snippet":"max-snippet:-1","max-image-preview":"max-image-preview:large","max-video-preview":"max-video-preview:-1"},"canonical":"https:\/\/luchonoticias.com\/editor\/sistema-de-salud-en-colombia-upc-sube-5-36\/","og_locale":"es_ES","og_type":"article","og_title":"Sistema de salud en Colombia: UPC sube 5.36% -","og_url":"https:\/\/luchonoticias.com\/editor\/sistema-de-salud-en-colombia-upc-sube-5-36\/","article_publisher":"https:\/\/www.facebook.com\/luchonoticiasneiva","article_published_time":"2025-01-02T09:00:54+00:00","article_modified_time":"2025-01-02T09:00:56+00:00","og_image":[{"width":700,"height":400,"url":"https:\/\/luchonoticias.com\/editor\/wp-content\/uploads\/2025\/01\/salud-colombia.jpg","type":"image\/jpeg"}],"author":"Editor General","twitter_card":"summary_large_image","twitter_misc":{"Escrito por":"Editor General","Tiempo de lectura":"2 minutos"},"schema":{"@context":"https:\/\/schema.org","@graph":[{"@type":"Article","@id":"https:\/\/luchonoticias.com\/editor\/sistema-de-salud-en-colombia-upc-sube-5-36\/#article","isPartOf":{"@id":"https:\/\/luchonoticias.com\/editor\/sistema-de-salud-en-colombia-upc-sube-5-36\/"},"author":{"name":"Editor General","@id":"https:\/\/luchonoticias.com\/editor\/#\/schema\/person\/29217990ddf6f14e35912b2866d591fb"},"headline":"Sistema de salud en Colombia: UPC sube 5.36%","datePublished":"2025-01-02T09:00:54+00:00","dateModified":"2025-01-02T09:00:56+00:00","mainEntityOfPage":{"@id":"https:\/\/luchonoticias.com\/editor\/sistema-de-salud-en-colombia-upc-sube-5-36\/"},"wordCount":257,"publisher":{"@id":"https:\/\/luchonoticias.com\/editor\/#\/schema\/person\/7a7fd911f58561fd056dbac7b55af9cd"},"image":{"@id":"https:\/\/luchonoticias.com\/editor\/sistema-de-salud-en-colombia-upc-sube-5-36\/#primaryimage"},"thumbnailUrl":"https:\/\/luchonoticias.com\/editor\/wp-content\/uploads\/2025\/01\/salud-colombia.jpg","articleSection":["Actualidad","Nacional"],"inLanguage":"es"},{"@type":"WebPage","@id":"https:\/\/luchonoticias.com\/editor\/sistema-de-salud-en-colombia-upc-sube-5-36\/","url":"https:\/\/luchonoticias.com\/editor\/sistema-de-salud-en-colombia-upc-sube-5-36\/","name":"Sistema de salud en Colombia: UPC sube 5.36% -","isPartOf":{"@id":"https:\/\/luchonoticias.com\/editor\/#website"},"primaryImageOfPage":{"@id":"https:\/\/luchonoticias.com\/editor\/sistema-de-salud-en-colombia-upc-sube-5-36\/#primaryimage"},"image":{"@id":"https:\/\/luchonoticias.com\/editor\/sistema-de-salud-en-colombia-upc-sube-5-36\/#primaryimage"},"thumbnailUrl":"https:\/\/luchonoticias.com\/editor\/wp-content\/uploads\/2025\/01\/salud-colombia.jpg","datePublished":"2025-01-02T09:00:54+00:00","dateModified":"2025-01-02T09:00:56+00:00","breadcrumb":{"@id":"https:\/\/luchonoticias.com\/editor\/sistema-de-salud-en-colombia-upc-sube-5-36\/#breadcrumb"},"inLanguage":"es","potentialAction":[{"@type":"ReadAction","target":["https:\/\/luchonoticias.com\/editor\/sistema-de-salud-en-colombia-upc-sube-5-36\/"]}]},{"@type":"ImageObject","inLanguage":"es","@id":"https:\/\/luchonoticias.com\/editor\/sistema-de-salud-en-colombia-upc-sube-5-36\/#primaryimage","url":"https:\/\/luchonoticias.com\/editor\/wp-content\/uploads\/2025\/01\/salud-colombia.jpg","contentUrl":"https:\/\/luchonoticias.com\/editor\/wp-content\/uploads\/2025\/01\/salud-colombia.jpg","width":700,"height":400},{"@type":"BreadcrumbList","@id":"https:\/\/luchonoticias.com\/editor\/sistema-de-salud-en-colombia-upc-sube-5-36\/#breadcrumb","itemListElement":[{"@type":"ListItem","position":1,"name":"Portada","item":"https:\/\/luchonoticias.com\/editor\/"},{"@type":"ListItem","position":2,"name":"Sistema de salud en Colombia: UPC sube 5.36%"}]},{"@type":"WebSite","@id":"https:\/\/luchonoticias.com\/editor\/#website","url":"https:\/\/luchonoticias.com\/editor\/","name":"","description":"","publisher":{"@id":"https:\/\/luchonoticias.com\/editor\/#\/schema\/person\/7a7fd911f58561fd056dbac7b55af9cd"},"potentialAction":[{"@type":"SearchAction","target":{"@type":"EntryPoint","urlTemplate":"https:\/\/luchonoticias.com\/editor\/?s={search_term_string}"},"query-input":{"@type":"PropertyValueSpecification","valueRequired":true,"valueName":"search_term_string"}}],"inLanguage":"es"},{"@type":["Person","Organization"],"@id":"https:\/\/luchonoticias.com\/editor\/#\/schema\/person\/7a7fd911f58561fd056dbac7b55af9cd","name":"admin","image":{"@type":"ImageObject","inLanguage":"es","@id":"https:\/\/luchonoticias.com\/editor\/#\/schema\/person\/image\/","url":"https:\/\/luchonoticias.com\/editor\/wp-content\/uploads\/2024\/02\/cropped-cropped-logolu.webp","contentUrl":"https:\/\/luchonoticias.com\/editor\/wp-content\/uploads\/2024\/02\/cropped-cropped-logolu.webp","width":382,"height":170,"caption":"admin"},"logo":{"@id":"https:\/\/luchonoticias.com\/editor\/#\/schema\/person\/image\/"},"sameAs":["https:\/\/www.facebook.com\/luchonoticiasneiva"]},{"@type":"Person","@id":"https:\/\/luchonoticias.com\/editor\/#\/schema\/person\/29217990ddf6f14e35912b2866d591fb","name":"Editor General","image":{"@type":"ImageObject","inLanguage":"es","@id":"https:\/\/luchonoticias.com\/editor\/#\/schema\/person\/image\/","url":"https:\/\/luchonoticias.com\/editor\/wp-content\/uploads\/2024\/02\/cropped-cropped-logolu-150x150.webp","contentUrl":"https:\/\/luchonoticias.com\/editor\/wp-content\/uploads\/2024\/02\/cropped-cropped-logolu-150x150.webp","caption":"Editor General"},"sameAs":["https:\/\/luchonoticias.com\/"],"url":"https:\/\/luchonoticias.com\/editor\/author\/editor-general\/"}]}},"_links":{"self":[{"href":"https:\/\/luchonoticias.com\/editor\/wp-json\/wp\/v2\/posts\/80319","targetHints":{"allow":["GET"]}}],"collection":[{"href":"https:\/\/luchonoticias.com\/editor\/wp-json\/wp\/v2\/posts"}],"about":[{"href":"https:\/\/luchonoticias.com\/editor\/wp-json\/wp\/v2\/types\/post"}],"author":[{"embeddable":true,"href":"https:\/\/luchonoticias.com\/editor\/wp-json\/wp\/v2\/users\/2"}],"replies":[{"embeddable":true,"href":"https:\/\/luchonoticias.com\/editor\/wp-json\/wp\/v2\/comments?post=80319"}],"version-history":[{"count":1,"href":"https:\/\/luchonoticias.com\/editor\/wp-json\/wp\/v2\/posts\/80319\/revisions"}],"predecessor-version":[{"id":80321,"href":"https:\/\/luchonoticias.com\/editor\/wp-json\/wp\/v2\/posts\/80319\/revisions\/80321"}],"wp:featuredmedia":[{"embeddable":true,"href":"https:\/\/luchonoticias.com\/editor\/wp-json\/wp\/v2\/media\/80320"}],"wp:attachment":[{"href":"https:\/\/luchonoticias.com\/editor\/wp-json\/wp\/v2\/media?parent=80319"}],"wp:term":[{"taxonomy":"category","embeddable":true,"href":"https:\/\/luchonoticias.com\/editor\/wp-json\/wp\/v2\/categories?post=80319"},{"taxonomy":"post_tag","embeddable":true,"href":"https:\/\/luchonoticias.com\/editor\/wp-json\/wp\/v2\/tags?post=80319"}],"curies":[{"name":"wp","href":"https:\/\/api.w.org\/{rel}","templated":true}]}}