{"id":80328,"date":"2025-01-02T04:29:45","date_gmt":"2025-01-02T09:29:45","guid":{"rendered":"https:\/\/luchonoticias.com\/?p=80328"},"modified":"2025-01-02T04:29:46","modified_gmt":"2025-01-02T09:29:46","slug":"seleccion-huila-sub-13-vuelve-al-trabajo-tras-fiestas-de-fin-de-ano","status":"publish","type":"post","link":"https:\/\/luchonoticias.com\/editor\/seleccion-huila-sub-13-vuelve-al-trabajo-tras-fiestas-de-fin-de-ano\/","title":{"rendered":"Selecci\u00f3n Huila sub &#8211; 13 vuelve al trabajo tras fiestas de fin de a\u00f1o"},"content":{"rendered":"\n<figure class=\"wp-block-image size-full\"><img loading=\"lazy\" decoding=\"async\" width=\"700\" height=\"400\" src=\"https:\/\/luchonoticias.com\/wp-content\/uploads\/2025\/01\/huila-sub-13.jpg\" alt=\"\" class=\"wp-image-80330\" srcset=\"https:\/\/luchonoticias.com\/editor\/wp-content\/uploads\/2025\/01\/huila-sub-13.jpg 700w, https:\/\/luchonoticias.com\/editor\/wp-content\/uploads\/2025\/01\/huila-sub-13-300x171.jpg 300w\" sizes=\"auto, (max-width: 700px) 100vw, 700px\" \/><\/figure>\n\n\n\n<p>A\u00f1o nuevo y de vuelta al trabajo, mediante resoluci\u00f3n la Liga de F\u00fatbol del Huila anunci\u00f3 la primera convocatoria del a\u00f1o para la Selecci\u00f3n sub \u2013 13.<\/p>\n\n\n\n<p>Un total de 32 jugadores han sido convocados para trabajos los cuales ser\u00e1n del 4 al 10 de enero, comenzando este s\u00e1bado a las 2:00 de la tarde con convocatoria en Campo Marte.<\/p>\n\n\n\n<p>El resto de los d\u00edas est\u00e1n por definir la hora y el lugar y el 10 de enero se tendr\u00e1 un amistoso contra Caquet\u00e1.<\/p>\n\n\n\n<p>A continuaci\u00f3n, la lista de convocados:<\/p>\n\n\n\n<figure class=\"wp-block-image size-full\"><img loading=\"lazy\" decoding=\"async\" width=\"675\" height=\"711\" src=\"https:\/\/luchonoticias.com\/wp-content\/uploads\/2025\/01\/futbol-huila-sub-13.jpg\" alt=\"\" class=\"wp-image-80329\" srcset=\"https:\/\/luchonoticias.com\/editor\/wp-content\/uploads\/2025\/01\/futbol-huila-sub-13.jpg 675w, https:\/\/luchonoticias.com\/editor\/wp-content\/uploads\/2025\/01\/futbol-huila-sub-13-285x300.jpg 285w\" sizes=\"auto, (max-width: 675px) 100vw, 675px\" \/><\/figure>\n","protected":false},"excerpt":{"rendered":"<p>A\u00f1o nuevo y de vuelta al trabajo, mediante resoluci\u00f3n la Liga de F\u00fatbol del Huila anunci\u00f3 la primera convocatoria del a\u00f1o para la Selecci\u00f3n sub \u2013 13. Un total de 32 jugadores han sido convocados para trabajos los cuales ser\u00e1n del 4 al 10 de enero, comenzando este s\u00e1bado a las 2:00 de la tarde [&hellip;]<\/p>\n","protected":false},"author":2,"featured_media":80330,"comment_status":"closed","ping_status":"open","sticky":false,"template":"","format":"standard","meta":{"footnotes":""},"categories":[34],"tags":[],"class_list":["post-80328","post","type-post","status-publish","format-standard","has-post-thumbnail","hentry","category-deportes"],"yoast_head":"<!-- This site is optimized with the Yoast SEO plugin v26.6 - https:\/\/yoast.com\/wordpress\/plugins\/seo\/ -->\n<title>Selecci\u00f3n Huila sub - 13 vuelve al trabajo tras fiestas de fin de a\u00f1o -<\/title>\n<meta name=\"robots\" content=\"index, follow, max-snippet:-1, max-image-preview:large, max-video-preview:-1\" \/>\n<link rel=\"canonical\" href=\"https:\/\/luchonoticias.com\/editor\/seleccion-huila-sub-13-vuelve-al-trabajo-tras-fiestas-de-fin-de-ano\/\" \/>\n<meta property=\"og:locale\" content=\"es_ES\" \/>\n<meta property=\"og:type\" content=\"article\" \/>\n<meta property=\"og:title\" content=\"Selecci\u00f3n Huila sub - 13 vuelve al trabajo tras fiestas de fin de a\u00f1o -\" \/>\n<meta property=\"og:url\" content=\"https:\/\/luchonoticias.com\/editor\/seleccion-huila-sub-13-vuelve-al-trabajo-tras-fiestas-de-fin-de-ano\/\" \/>\n<meta property=\"article:publisher\" content=\"https:\/\/www.facebook.com\/luchonoticiasneiva\" \/>\n<meta property=\"article:published_time\" content=\"2025-01-02T09:29:45+00:00\" \/>\n<meta property=\"article:modified_time\" content=\"2025-01-02T09:29:46+00:00\" \/>\n<meta property=\"og:image\" content=\"https:\/\/luchonoticias.com\/editor\/wp-content\/uploads\/2025\/01\/huila-sub-13.jpg\" \/>\n\t<meta property=\"og:image:width\" content=\"700\" \/>\n\t<meta property=\"og:image:height\" content=\"400\" \/>\n\t<meta property=\"og:image:type\" content=\"image\/jpeg\" \/>\n<meta name=\"author\" content=\"Editor General\" \/>\n<meta name=\"twitter:card\" content=\"summary_large_image\" \/>\n<meta name=\"twitter:label1\" content=\"Escrito por\" \/>\n\t<meta name=\"twitter:data1\" content=\"Editor General\" \/>\n\t<meta name=\"twitter:label2\" content=\"Tiempo de lectura\" \/>\n\t<meta name=\"twitter:data2\" content=\"2 minutos\" \/>\n<script type=\"application\/ld+json\" class=\"yoast-schema-graph\">{\"@context\":\"https:\/\/schema.org\",\"@graph\":[{\"@type\":\"Article\",\"@id\":\"https:\/\/luchonoticias.com\/editor\/seleccion-huila-sub-13-vuelve-al-trabajo-tras-fiestas-de-fin-de-ano\/#article\",\"isPartOf\":{\"@id\":\"https:\/\/luchonoticias.com\/editor\/seleccion-huila-sub-13-vuelve-al-trabajo-tras-fiestas-de-fin-de-ano\/\"},\"author\":{\"name\":\"Editor General\",\"@id\":\"https:\/\/luchonoticias.com\/editor\/#\/schema\/person\/29217990ddf6f14e35912b2866d591fb\"},\"headline\":\"Selecci\u00f3n Huila sub &#8211; 13 vuelve al trabajo tras fiestas de fin de a\u00f1o\",\"datePublished\":\"2025-01-02T09:29:45+00:00\",\"dateModified\":\"2025-01-02T09:29:46+00:00\",\"mainEntityOfPage\":{\"@id\":\"https:\/\/luchonoticias.com\/editor\/seleccion-huila-sub-13-vuelve-al-trabajo-tras-fiestas-de-fin-de-ano\/\"},\"wordCount\":108,\"publisher\":{\"@id\":\"https:\/\/luchonoticias.com\/editor\/#\/schema\/person\/7a7fd911f58561fd056dbac7b55af9cd\"},\"image\":{\"@id\":\"https:\/\/luchonoticias.com\/editor\/seleccion-huila-sub-13-vuelve-al-trabajo-tras-fiestas-de-fin-de-ano\/#primaryimage\"},\"thumbnailUrl\":\"https:\/\/luchonoticias.com\/editor\/wp-content\/uploads\/2025\/01\/huila-sub-13.jpg\",\"articleSection\":[\"Deportes\"],\"inLanguage\":\"es\"},{\"@type\":\"WebPage\",\"@id\":\"https:\/\/luchonoticias.com\/editor\/seleccion-huila-sub-13-vuelve-al-trabajo-tras-fiestas-de-fin-de-ano\/\",\"url\":\"https:\/\/luchonoticias.com\/editor\/seleccion-huila-sub-13-vuelve-al-trabajo-tras-fiestas-de-fin-de-ano\/\",\"name\":\"Selecci\u00f3n Huila sub - 13 vuelve al trabajo tras fiestas de fin de a\u00f1o -\",\"isPartOf\":{\"@id\":\"https:\/\/luchonoticias.com\/editor\/#website\"},\"primaryImageOfPage\":{\"@id\":\"https:\/\/luchonoticias.com\/editor\/seleccion-huila-sub-13-vuelve-al-trabajo-tras-fiestas-de-fin-de-ano\/#primaryimage\"},\"image\":{\"@id\":\"https:\/\/luchonoticias.com\/editor\/seleccion-huila-sub-13-vuelve-al-trabajo-tras-fiestas-de-fin-de-ano\/#primaryimage\"},\"thumbnailUrl\":\"https:\/\/luchonoticias.com\/editor\/wp-content\/uploads\/2025\/01\/huila-sub-13.jpg\",\"datePublished\":\"2025-01-02T09:29:45+00:00\",\"dateModified\":\"2025-01-02T09:29:46+00:00\",\"breadcrumb\":{\"@id\":\"https:\/\/luchonoticias.com\/editor\/seleccion-huila-sub-13-vuelve-al-trabajo-tras-fiestas-de-fin-de-ano\/#breadcrumb\"},\"inLanguage\":\"es\",\"potentialAction\":[{\"@type\":\"ReadAction\",\"target\":[\"https:\/\/luchonoticias.com\/editor\/seleccion-huila-sub-13-vuelve-al-trabajo-tras-fiestas-de-fin-de-ano\/\"]}]},{\"@type\":\"ImageObject\",\"inLanguage\":\"es\",\"@id\":\"https:\/\/luchonoticias.com\/editor\/seleccion-huila-sub-13-vuelve-al-trabajo-tras-fiestas-de-fin-de-ano\/#primaryimage\",\"url\":\"https:\/\/luchonoticias.com\/editor\/wp-content\/uploads\/2025\/01\/huila-sub-13.jpg\",\"contentUrl\":\"https:\/\/luchonoticias.com\/editor\/wp-content\/uploads\/2025\/01\/huila-sub-13.jpg\",\"width\":700,\"height\":400},{\"@type\":\"BreadcrumbList\",\"@id\":\"https:\/\/luchonoticias.com\/editor\/seleccion-huila-sub-13-vuelve-al-trabajo-tras-fiestas-de-fin-de-ano\/#breadcrumb\",\"itemListElement\":[{\"@type\":\"ListItem\",\"position\":1,\"name\":\"Portada\",\"item\":\"https:\/\/luchonoticias.com\/editor\/\"},{\"@type\":\"ListItem\",\"position\":2,\"name\":\"Selecci\u00f3n Huila sub &#8211; 13 vuelve al trabajo tras fiestas de fin de a\u00f1o\"}]},{\"@type\":\"WebSite\",\"@id\":\"https:\/\/luchonoticias.com\/editor\/#website\",\"url\":\"https:\/\/luchonoticias.com\/editor\/\",\"name\":\"\",\"description\":\"\",\"publisher\":{\"@id\":\"https:\/\/luchonoticias.com\/editor\/#\/schema\/person\/7a7fd911f58561fd056dbac7b55af9cd\"},\"potentialAction\":[{\"@type\":\"SearchAction\",\"target\":{\"@type\":\"EntryPoint\",\"urlTemplate\":\"https:\/\/luchonoticias.com\/editor\/?s={search_term_string}\"},\"query-input\":{\"@type\":\"PropertyValueSpecification\",\"valueRequired\":true,\"valueName\":\"search_term_string\"}}],\"inLanguage\":\"es\"},{\"@type\":[\"Person\",\"Organization\"],\"@id\":\"https:\/\/luchonoticias.com\/editor\/#\/schema\/person\/7a7fd911f58561fd056dbac7b55af9cd\",\"name\":\"admin\",\"image\":{\"@type\":\"ImageObject\",\"inLanguage\":\"es\",\"@id\":\"https:\/\/luchonoticias.com\/editor\/#\/schema\/person\/image\/\",\"url\":\"https:\/\/luchonoticias.com\/editor\/wp-content\/uploads\/2024\/02\/cropped-cropped-logolu.webp\",\"contentUrl\":\"https:\/\/luchonoticias.com\/editor\/wp-content\/uploads\/2024\/02\/cropped-cropped-logolu.webp\",\"width\":382,\"height\":170,\"caption\":\"admin\"},\"logo\":{\"@id\":\"https:\/\/luchonoticias.com\/editor\/#\/schema\/person\/image\/\"},\"sameAs\":[\"https:\/\/www.facebook.com\/luchonoticiasneiva\"]},{\"@type\":\"Person\",\"@id\":\"https:\/\/luchonoticias.com\/editor\/#\/schema\/person\/29217990ddf6f14e35912b2866d591fb\",\"name\":\"Editor General\",\"image\":{\"@type\":\"ImageObject\",\"inLanguage\":\"es\",\"@id\":\"https:\/\/luchonoticias.com\/editor\/#\/schema\/person\/image\/\",\"url\":\"https:\/\/luchonoticias.com\/editor\/wp-content\/uploads\/2024\/02\/cropped-cropped-logolu-150x150.webp\",\"contentUrl\":\"https:\/\/luchonoticias.com\/editor\/wp-content\/uploads\/2024\/02\/cropped-cropped-logolu-150x150.webp\",\"caption\":\"Editor General\"},\"sameAs\":[\"https:\/\/luchonoticias.com\/\"],\"url\":\"https:\/\/luchonoticias.com\/editor\/author\/editor-general\/\"}]}<\/script>\n<!-- \/ Yoast SEO plugin. -->","yoast_head_json":{"title":"Selecci\u00f3n Huila sub - 13 vuelve al trabajo tras fiestas de fin de a\u00f1o -","robots":{"index":"index","follow":"follow","max-snippet":"max-snippet:-1","max-image-preview":"max-image-preview:large","max-video-preview":"max-video-preview:-1"},"canonical":"https:\/\/luchonoticias.com\/editor\/seleccion-huila-sub-13-vuelve-al-trabajo-tras-fiestas-de-fin-de-ano\/","og_locale":"es_ES","og_type":"article","og_title":"Selecci\u00f3n Huila sub - 13 vuelve al trabajo tras fiestas de fin de a\u00f1o -","og_url":"https:\/\/luchonoticias.com\/editor\/seleccion-huila-sub-13-vuelve-al-trabajo-tras-fiestas-de-fin-de-ano\/","article_publisher":"https:\/\/www.facebook.com\/luchonoticiasneiva","article_published_time":"2025-01-02T09:29:45+00:00","article_modified_time":"2025-01-02T09:29:46+00:00","og_image":[{"width":700,"height":400,"url":"https:\/\/luchonoticias.com\/editor\/wp-content\/uploads\/2025\/01\/huila-sub-13.jpg","type":"image\/jpeg"}],"author":"Editor General","twitter_card":"summary_large_image","twitter_misc":{"Escrito por":"Editor General","Tiempo de lectura":"2 minutos"},"schema":{"@context":"https:\/\/schema.org","@graph":[{"@type":"Article","@id":"https:\/\/luchonoticias.com\/editor\/seleccion-huila-sub-13-vuelve-al-trabajo-tras-fiestas-de-fin-de-ano\/#article","isPartOf":{"@id":"https:\/\/luchonoticias.com\/editor\/seleccion-huila-sub-13-vuelve-al-trabajo-tras-fiestas-de-fin-de-ano\/"},"author":{"name":"Editor General","@id":"https:\/\/luchonoticias.com\/editor\/#\/schema\/person\/29217990ddf6f14e35912b2866d591fb"},"headline":"Selecci\u00f3n Huila sub &#8211; 13 vuelve al trabajo tras fiestas de fin de a\u00f1o","datePublished":"2025-01-02T09:29:45+00:00","dateModified":"2025-01-02T09:29:46+00:00","mainEntityOfPage":{"@id":"https:\/\/luchonoticias.com\/editor\/seleccion-huila-sub-13-vuelve-al-trabajo-tras-fiestas-de-fin-de-ano\/"},"wordCount":108,"publisher":{"@id":"https:\/\/luchonoticias.com\/editor\/#\/schema\/person\/7a7fd911f58561fd056dbac7b55af9cd"},"image":{"@id":"https:\/\/luchonoticias.com\/editor\/seleccion-huila-sub-13-vuelve-al-trabajo-tras-fiestas-de-fin-de-ano\/#primaryimage"},"thumbnailUrl":"https:\/\/luchonoticias.com\/editor\/wp-content\/uploads\/2025\/01\/huila-sub-13.jpg","articleSection":["Deportes"],"inLanguage":"es"},{"@type":"WebPage","@id":"https:\/\/luchonoticias.com\/editor\/seleccion-huila-sub-13-vuelve-al-trabajo-tras-fiestas-de-fin-de-ano\/","url":"https:\/\/luchonoticias.com\/editor\/seleccion-huila-sub-13-vuelve-al-trabajo-tras-fiestas-de-fin-de-ano\/","name":"Selecci\u00f3n Huila sub - 13 vuelve al trabajo tras fiestas de fin de a\u00f1o -","isPartOf":{"@id":"https:\/\/luchonoticias.com\/editor\/#website"},"primaryImageOfPage":{"@id":"https:\/\/luchonoticias.com\/editor\/seleccion-huila-sub-13-vuelve-al-trabajo-tras-fiestas-de-fin-de-ano\/#primaryimage"},"image":{"@id":"https:\/\/luchonoticias.com\/editor\/seleccion-huila-sub-13-vuelve-al-trabajo-tras-fiestas-de-fin-de-ano\/#primaryimage"},"thumbnailUrl":"https:\/\/luchonoticias.com\/editor\/wp-content\/uploads\/2025\/01\/huila-sub-13.jpg","datePublished":"2025-01-02T09:29:45+00:00","dateModified":"2025-01-02T09:29:46+00:00","breadcrumb":{"@id":"https:\/\/luchonoticias.com\/editor\/seleccion-huila-sub-13-vuelve-al-trabajo-tras-fiestas-de-fin-de-ano\/#breadcrumb"},"inLanguage":"es","potentialAction":[{"@type":"ReadAction","target":["https:\/\/luchonoticias.com\/editor\/seleccion-huila-sub-13-vuelve-al-trabajo-tras-fiestas-de-fin-de-ano\/"]}]},{"@type":"ImageObject","inLanguage":"es","@id":"https:\/\/luchonoticias.com\/editor\/seleccion-huila-sub-13-vuelve-al-trabajo-tras-fiestas-de-fin-de-ano\/#primaryimage","url":"https:\/\/luchonoticias.com\/editor\/wp-content\/uploads\/2025\/01\/huila-sub-13.jpg","contentUrl":"https:\/\/luchonoticias.com\/editor\/wp-content\/uploads\/2025\/01\/huila-sub-13.jpg","width":700,"height":400},{"@type":"BreadcrumbList","@id":"https:\/\/luchonoticias.com\/editor\/seleccion-huila-sub-13-vuelve-al-trabajo-tras-fiestas-de-fin-de-ano\/#breadcrumb","itemListElement":[{"@type":"ListItem","position":1,"name":"Portada","item":"https:\/\/luchonoticias.com\/editor\/"},{"@type":"ListItem","position":2,"name":"Selecci\u00f3n Huila sub &#8211; 13 vuelve al trabajo tras fiestas de fin de a\u00f1o"}]},{"@type":"WebSite","@id":"https:\/\/luchonoticias.com\/editor\/#website","url":"https:\/\/luchonoticias.com\/editor\/","name":"","description":"","publisher":{"@id":"https:\/\/luchonoticias.com\/editor\/#\/schema\/person\/7a7fd911f58561fd056dbac7b55af9cd"},"potentialAction":[{"@type":"SearchAction","target":{"@type":"EntryPoint","urlTemplate":"https:\/\/luchonoticias.com\/editor\/?s={search_term_string}"},"query-input":{"@type":"PropertyValueSpecification","valueRequired":true,"valueName":"search_term_string"}}],"inLanguage":"es"},{"@type":["Person","Organization"],"@id":"https:\/\/luchonoticias.com\/editor\/#\/schema\/person\/7a7fd911f58561fd056dbac7b55af9cd","name":"admin","image":{"@type":"ImageObject","inLanguage":"es","@id":"https:\/\/luchonoticias.com\/editor\/#\/schema\/person\/image\/","url":"https:\/\/luchonoticias.com\/editor\/wp-content\/uploads\/2024\/02\/cropped-cropped-logolu.webp","contentUrl":"https:\/\/luchonoticias.com\/editor\/wp-content\/uploads\/2024\/02\/cropped-cropped-logolu.webp","width":382,"height":170,"caption":"admin"},"logo":{"@id":"https:\/\/luchonoticias.com\/editor\/#\/schema\/person\/image\/"},"sameAs":["https:\/\/www.facebook.com\/luchonoticiasneiva"]},{"@type":"Person","@id":"https:\/\/luchonoticias.com\/editor\/#\/schema\/person\/29217990ddf6f14e35912b2866d591fb","name":"Editor General","image":{"@type":"ImageObject","inLanguage":"es","@id":"https:\/\/luchonoticias.com\/editor\/#\/schema\/person\/image\/","url":"https:\/\/luchonoticias.com\/editor\/wp-content\/uploads\/2024\/02\/cropped-cropped-logolu-150x150.webp","contentUrl":"https:\/\/luchonoticias.com\/editor\/wp-content\/uploads\/2024\/02\/cropped-cropped-logolu-150x150.webp","caption":"Editor General"},"sameAs":["https:\/\/luchonoticias.com\/"],"url":"https:\/\/luchonoticias.com\/editor\/author\/editor-general\/"}]}},"_links":{"self":[{"href":"https:\/\/luchonoticias.com\/editor\/wp-json\/wp\/v2\/posts\/80328","targetHints":{"allow":["GET"]}}],"collection":[{"href":"https:\/\/luchonoticias.com\/editor\/wp-json\/wp\/v2\/posts"}],"about":[{"href":"https:\/\/luchonoticias.com\/editor\/wp-json\/wp\/v2\/types\/post"}],"author":[{"embeddable":true,"href":"https:\/\/luchonoticias.com\/editor\/wp-json\/wp\/v2\/users\/2"}],"replies":[{"embeddable":true,"href":"https:\/\/luchonoticias.com\/editor\/wp-json\/wp\/v2\/comments?post=80328"}],"version-history":[{"count":1,"href":"https:\/\/luchonoticias.com\/editor\/wp-json\/wp\/v2\/posts\/80328\/revisions"}],"predecessor-version":[{"id":80331,"href":"https:\/\/luchonoticias.com\/editor\/wp-json\/wp\/v2\/posts\/80328\/revisions\/80331"}],"wp:featuredmedia":[{"embeddable":true,"href":"https:\/\/luchonoticias.com\/editor\/wp-json\/wp\/v2\/media\/80330"}],"wp:attachment":[{"href":"https:\/\/luchonoticias.com\/editor\/wp-json\/wp\/v2\/media?parent=80328"}],"wp:term":[{"taxonomy":"category","embeddable":true,"href":"https:\/\/luchonoticias.com\/editor\/wp-json\/wp\/v2\/categories?post=80328"},{"taxonomy":"post_tag","embeddable":true,"href":"https:\/\/luchonoticias.com\/editor\/wp-json\/wp\/v2\/tags?post=80328"}],"curies":[{"name":"wp","href":"https:\/\/api.w.org\/{rel}","templated":true}]}}