{"id":80357,"date":"2025-01-03T04:23:38","date_gmt":"2025-01-03T09:23:38","guid":{"rendered":"https:\/\/luchonoticias.com\/?p=80357"},"modified":"2025-01-03T04:23:39","modified_gmt":"2025-01-03T09:23:39","slug":"camaras-de-comercio-ajustan-costos-para-beneficiar-a-emprendedores","status":"publish","type":"post","link":"https:\/\/luchonoticias.com\/editor\/camaras-de-comercio-ajustan-costos-para-beneficiar-a-emprendedores\/","title":{"rendered":"C\u00e1maras de comercio ajustan costos para beneficiar a emprendedores"},"content":{"rendered":"\n<figure class=\"wp-block-image size-full\"><img loading=\"lazy\" decoding=\"async\" width=\"700\" height=\"400\" src=\"https:\/\/luchonoticias.com\/wp-content\/uploads\/2025\/01\/emprendimientos.jpg\" alt=\"\" class=\"wp-image-80358\" srcset=\"https:\/\/luchonoticias.com\/editor\/wp-content\/uploads\/2025\/01\/emprendimientos.jpg 700w, https:\/\/luchonoticias.com\/editor\/wp-content\/uploads\/2025\/01\/emprendimientos-300x171.jpg 300w\" sizes=\"auto, (max-width: 700px) 100vw, 700px\" \/><\/figure>\n\n\n\n<p>El Decreto 045 de 2024, expedido por el Ministerio de Comercio, Industria y Turismo, establece una tarifa m\u00e1s baja y competitiva para los tr\u00e1mites realizados por micro y peque\u00f1os empresarios en las c\u00e1maras de comercio del pa\u00eds. Esta medida beneficiar\u00e1 al 90 % del tejido empresarial colombiano, fomentando el desarrollo de los emprendedores.<\/p>\n\n\n\n<p>Entre las modificaciones destacadas est\u00e1n la reducci\u00f3n en los costos por registro y renovaci\u00f3n de la matr\u00edcula mercantil, as\u00ed como en los derechos por matr\u00edcula y renovaci\u00f3n de establecimientos, sucursales y agencias. Esto representa un alivio econ\u00f3mico significativo para los peque\u00f1os empresarios.<\/p>\n\n\n\n<p>Para mitigar el impacto financiero que esta reforma tendr\u00e1 en las c\u00e1maras de comercio, el decreto incluye un art\u00edculo que permite su asociaci\u00f3n. Estas alianzas buscar\u00e1n optimizar costos fijos como arriendos y gastos administrativos, logrando mayor eficiencia en las operaciones.<\/p>\n\n\n\n<p>La colaboraci\u00f3n entre c\u00e1maras de comercio tambi\u00e9n impulsar\u00e1 la implementaci\u00f3n de nuevas iniciativas y la mejora en la calidad de los servicios ofrecidos a los empresarios, asegurando que la reforma tenga un efecto positivo tanto para los usuarios como para las propias c\u00e1maras.<\/p>\n\n\n\n<p>El Ministerio de Comercio enfatiz\u00f3 que este decreto tiene como fin fortalecer y consolidar el tejido empresarial del pa\u00eds, ofreciendo a los peque\u00f1os y microempresarios condiciones m\u00e1s favorables para crecer y competir en el mercado.<\/p>\n","protected":false},"excerpt":{"rendered":"<p>El Decreto 045 de 2024, expedido por el Ministerio de Comercio, Industria y Turismo, establece una tarifa m\u00e1s baja y competitiva para los tr\u00e1mites realizados por micro y peque\u00f1os empresarios en las c\u00e1maras de comercio del pa\u00eds. Esta medida beneficiar\u00e1 al 90 % del tejido empresarial colombiano, fomentando el desarrollo de los emprendedores. Entre las [&hellip;]<\/p>\n","protected":false},"author":2,"featured_media":80358,"comment_status":"closed","ping_status":"open","sticky":false,"template":"","format":"standard","meta":{"footnotes":""},"categories":[28,32],"tags":[],"class_list":["post-80357","post","type-post","status-publish","format-standard","has-post-thumbnail","hentry","category-actualidad","category-nacional"],"yoast_head":"<!-- This site is optimized with the Yoast SEO plugin v26.6 - https:\/\/yoast.com\/wordpress\/plugins\/seo\/ -->\n<title>C\u00e1maras de comercio ajustan costos para beneficiar a emprendedores -<\/title>\n<meta name=\"robots\" content=\"index, follow, max-snippet:-1, max-image-preview:large, max-video-preview:-1\" \/>\n<link rel=\"canonical\" href=\"https:\/\/luchonoticias.com\/editor\/camaras-de-comercio-ajustan-costos-para-beneficiar-a-emprendedores\/\" \/>\n<meta property=\"og:locale\" content=\"es_ES\" \/>\n<meta property=\"og:type\" content=\"article\" \/>\n<meta property=\"og:title\" content=\"C\u00e1maras de comercio ajustan costos para beneficiar a emprendedores -\" \/>\n<meta property=\"og:url\" content=\"https:\/\/luchonoticias.com\/editor\/camaras-de-comercio-ajustan-costos-para-beneficiar-a-emprendedores\/\" \/>\n<meta property=\"article:publisher\" content=\"https:\/\/www.facebook.com\/luchonoticiasneiva\" \/>\n<meta property=\"article:published_time\" content=\"2025-01-03T09:23:38+00:00\" \/>\n<meta property=\"article:modified_time\" content=\"2025-01-03T09:23:39+00:00\" \/>\n<meta property=\"og:image\" content=\"https:\/\/luchonoticias.com\/editor\/wp-content\/uploads\/2025\/01\/emprendimientos.jpg\" \/>\n\t<meta property=\"og:image:width\" content=\"700\" \/>\n\t<meta property=\"og:image:height\" content=\"400\" \/>\n\t<meta property=\"og:image:type\" content=\"image\/jpeg\" \/>\n<meta name=\"author\" content=\"Editor General\" \/>\n<meta name=\"twitter:card\" content=\"summary_large_image\" \/>\n<meta name=\"twitter:label1\" content=\"Escrito por\" \/>\n\t<meta name=\"twitter:data1\" content=\"Editor General\" \/>\n\t<meta name=\"twitter:label2\" content=\"Tiempo de lectura\" \/>\n\t<meta name=\"twitter:data2\" content=\"2 minutos\" \/>\n<script type=\"application\/ld+json\" class=\"yoast-schema-graph\">{\"@context\":\"https:\/\/schema.org\",\"@graph\":[{\"@type\":\"Article\",\"@id\":\"https:\/\/luchonoticias.com\/editor\/camaras-de-comercio-ajustan-costos-para-beneficiar-a-emprendedores\/#article\",\"isPartOf\":{\"@id\":\"https:\/\/luchonoticias.com\/editor\/camaras-de-comercio-ajustan-costos-para-beneficiar-a-emprendedores\/\"},\"author\":{\"name\":\"Editor General\",\"@id\":\"https:\/\/luchonoticias.com\/editor\/#\/schema\/person\/29217990ddf6f14e35912b2866d591fb\"},\"headline\":\"C\u00e1maras de comercio ajustan costos para beneficiar a emprendedores\",\"datePublished\":\"2025-01-03T09:23:38+00:00\",\"dateModified\":\"2025-01-03T09:23:39+00:00\",\"mainEntityOfPage\":{\"@id\":\"https:\/\/luchonoticias.com\/editor\/camaras-de-comercio-ajustan-costos-para-beneficiar-a-emprendedores\/\"},\"wordCount\":244,\"publisher\":{\"@id\":\"https:\/\/luchonoticias.com\/editor\/#\/schema\/person\/7a7fd911f58561fd056dbac7b55af9cd\"},\"image\":{\"@id\":\"https:\/\/luchonoticias.com\/editor\/camaras-de-comercio-ajustan-costos-para-beneficiar-a-emprendedores\/#primaryimage\"},\"thumbnailUrl\":\"https:\/\/luchonoticias.com\/editor\/wp-content\/uploads\/2025\/01\/emprendimientos.jpg\",\"articleSection\":[\"Actualidad\",\"Nacional\"],\"inLanguage\":\"es\"},{\"@type\":\"WebPage\",\"@id\":\"https:\/\/luchonoticias.com\/editor\/camaras-de-comercio-ajustan-costos-para-beneficiar-a-emprendedores\/\",\"url\":\"https:\/\/luchonoticias.com\/editor\/camaras-de-comercio-ajustan-costos-para-beneficiar-a-emprendedores\/\",\"name\":\"C\u00e1maras de comercio ajustan costos para beneficiar a emprendedores -\",\"isPartOf\":{\"@id\":\"https:\/\/luchonoticias.com\/editor\/#website\"},\"primaryImageOfPage\":{\"@id\":\"https:\/\/luchonoticias.com\/editor\/camaras-de-comercio-ajustan-costos-para-beneficiar-a-emprendedores\/#primaryimage\"},\"image\":{\"@id\":\"https:\/\/luchonoticias.com\/editor\/camaras-de-comercio-ajustan-costos-para-beneficiar-a-emprendedores\/#primaryimage\"},\"thumbnailUrl\":\"https:\/\/luchonoticias.com\/editor\/wp-content\/uploads\/2025\/01\/emprendimientos.jpg\",\"datePublished\":\"2025-01-03T09:23:38+00:00\",\"dateModified\":\"2025-01-03T09:23:39+00:00\",\"breadcrumb\":{\"@id\":\"https:\/\/luchonoticias.com\/editor\/camaras-de-comercio-ajustan-costos-para-beneficiar-a-emprendedores\/#breadcrumb\"},\"inLanguage\":\"es\",\"potentialAction\":[{\"@type\":\"ReadAction\",\"target\":[\"https:\/\/luchonoticias.com\/editor\/camaras-de-comercio-ajustan-costos-para-beneficiar-a-emprendedores\/\"]}]},{\"@type\":\"ImageObject\",\"inLanguage\":\"es\",\"@id\":\"https:\/\/luchonoticias.com\/editor\/camaras-de-comercio-ajustan-costos-para-beneficiar-a-emprendedores\/#primaryimage\",\"url\":\"https:\/\/luchonoticias.com\/editor\/wp-content\/uploads\/2025\/01\/emprendimientos.jpg\",\"contentUrl\":\"https:\/\/luchonoticias.com\/editor\/wp-content\/uploads\/2025\/01\/emprendimientos.jpg\",\"width\":700,\"height\":400},{\"@type\":\"BreadcrumbList\",\"@id\":\"https:\/\/luchonoticias.com\/editor\/camaras-de-comercio-ajustan-costos-para-beneficiar-a-emprendedores\/#breadcrumb\",\"itemListElement\":[{\"@type\":\"ListItem\",\"position\":1,\"name\":\"Portada\",\"item\":\"https:\/\/luchonoticias.com\/editor\/\"},{\"@type\":\"ListItem\",\"position\":2,\"name\":\"C\u00e1maras de comercio ajustan costos para beneficiar a emprendedores\"}]},{\"@type\":\"WebSite\",\"@id\":\"https:\/\/luchonoticias.com\/editor\/#website\",\"url\":\"https:\/\/luchonoticias.com\/editor\/\",\"name\":\"\",\"description\":\"\",\"publisher\":{\"@id\":\"https:\/\/luchonoticias.com\/editor\/#\/schema\/person\/7a7fd911f58561fd056dbac7b55af9cd\"},\"potentialAction\":[{\"@type\":\"SearchAction\",\"target\":{\"@type\":\"EntryPoint\",\"urlTemplate\":\"https:\/\/luchonoticias.com\/editor\/?s={search_term_string}\"},\"query-input\":{\"@type\":\"PropertyValueSpecification\",\"valueRequired\":true,\"valueName\":\"search_term_string\"}}],\"inLanguage\":\"es\"},{\"@type\":[\"Person\",\"Organization\"],\"@id\":\"https:\/\/luchonoticias.com\/editor\/#\/schema\/person\/7a7fd911f58561fd056dbac7b55af9cd\",\"name\":\"admin\",\"image\":{\"@type\":\"ImageObject\",\"inLanguage\":\"es\",\"@id\":\"https:\/\/luchonoticias.com\/editor\/#\/schema\/person\/image\/\",\"url\":\"https:\/\/luchonoticias.com\/editor\/wp-content\/uploads\/2024\/02\/cropped-cropped-logolu.webp\",\"contentUrl\":\"https:\/\/luchonoticias.com\/editor\/wp-content\/uploads\/2024\/02\/cropped-cropped-logolu.webp\",\"width\":382,\"height\":170,\"caption\":\"admin\"},\"logo\":{\"@id\":\"https:\/\/luchonoticias.com\/editor\/#\/schema\/person\/image\/\"},\"sameAs\":[\"https:\/\/www.facebook.com\/luchonoticiasneiva\"]},{\"@type\":\"Person\",\"@id\":\"https:\/\/luchonoticias.com\/editor\/#\/schema\/person\/29217990ddf6f14e35912b2866d591fb\",\"name\":\"Editor General\",\"image\":{\"@type\":\"ImageObject\",\"inLanguage\":\"es\",\"@id\":\"https:\/\/luchonoticias.com\/editor\/#\/schema\/person\/image\/\",\"url\":\"https:\/\/luchonoticias.com\/editor\/wp-content\/uploads\/2024\/02\/cropped-cropped-logolu-150x150.webp\",\"contentUrl\":\"https:\/\/luchonoticias.com\/editor\/wp-content\/uploads\/2024\/02\/cropped-cropped-logolu-150x150.webp\",\"caption\":\"Editor General\"},\"sameAs\":[\"https:\/\/luchonoticias.com\/\"],\"url\":\"https:\/\/luchonoticias.com\/editor\/author\/editor-general\/\"}]}<\/script>\n<!-- \/ Yoast SEO plugin. -->","yoast_head_json":{"title":"C\u00e1maras de comercio ajustan costos para beneficiar a emprendedores -","robots":{"index":"index","follow":"follow","max-snippet":"max-snippet:-1","max-image-preview":"max-image-preview:large","max-video-preview":"max-video-preview:-1"},"canonical":"https:\/\/luchonoticias.com\/editor\/camaras-de-comercio-ajustan-costos-para-beneficiar-a-emprendedores\/","og_locale":"es_ES","og_type":"article","og_title":"C\u00e1maras de comercio ajustan costos para beneficiar a emprendedores -","og_url":"https:\/\/luchonoticias.com\/editor\/camaras-de-comercio-ajustan-costos-para-beneficiar-a-emprendedores\/","article_publisher":"https:\/\/www.facebook.com\/luchonoticiasneiva","article_published_time":"2025-01-03T09:23:38+00:00","article_modified_time":"2025-01-03T09:23:39+00:00","og_image":[{"width":700,"height":400,"url":"https:\/\/luchonoticias.com\/editor\/wp-content\/uploads\/2025\/01\/emprendimientos.jpg","type":"image\/jpeg"}],"author":"Editor General","twitter_card":"summary_large_image","twitter_misc":{"Escrito por":"Editor General","Tiempo de lectura":"2 minutos"},"schema":{"@context":"https:\/\/schema.org","@graph":[{"@type":"Article","@id":"https:\/\/luchonoticias.com\/editor\/camaras-de-comercio-ajustan-costos-para-beneficiar-a-emprendedores\/#article","isPartOf":{"@id":"https:\/\/luchonoticias.com\/editor\/camaras-de-comercio-ajustan-costos-para-beneficiar-a-emprendedores\/"},"author":{"name":"Editor General","@id":"https:\/\/luchonoticias.com\/editor\/#\/schema\/person\/29217990ddf6f14e35912b2866d591fb"},"headline":"C\u00e1maras de comercio ajustan costos para beneficiar a emprendedores","datePublished":"2025-01-03T09:23:38+00:00","dateModified":"2025-01-03T09:23:39+00:00","mainEntityOfPage":{"@id":"https:\/\/luchonoticias.com\/editor\/camaras-de-comercio-ajustan-costos-para-beneficiar-a-emprendedores\/"},"wordCount":244,"publisher":{"@id":"https:\/\/luchonoticias.com\/editor\/#\/schema\/person\/7a7fd911f58561fd056dbac7b55af9cd"},"image":{"@id":"https:\/\/luchonoticias.com\/editor\/camaras-de-comercio-ajustan-costos-para-beneficiar-a-emprendedores\/#primaryimage"},"thumbnailUrl":"https:\/\/luchonoticias.com\/editor\/wp-content\/uploads\/2025\/01\/emprendimientos.jpg","articleSection":["Actualidad","Nacional"],"inLanguage":"es"},{"@type":"WebPage","@id":"https:\/\/luchonoticias.com\/editor\/camaras-de-comercio-ajustan-costos-para-beneficiar-a-emprendedores\/","url":"https:\/\/luchonoticias.com\/editor\/camaras-de-comercio-ajustan-costos-para-beneficiar-a-emprendedores\/","name":"C\u00e1maras de comercio ajustan costos para beneficiar a emprendedores -","isPartOf":{"@id":"https:\/\/luchonoticias.com\/editor\/#website"},"primaryImageOfPage":{"@id":"https:\/\/luchonoticias.com\/editor\/camaras-de-comercio-ajustan-costos-para-beneficiar-a-emprendedores\/#primaryimage"},"image":{"@id":"https:\/\/luchonoticias.com\/editor\/camaras-de-comercio-ajustan-costos-para-beneficiar-a-emprendedores\/#primaryimage"},"thumbnailUrl":"https:\/\/luchonoticias.com\/editor\/wp-content\/uploads\/2025\/01\/emprendimientos.jpg","datePublished":"2025-01-03T09:23:38+00:00","dateModified":"2025-01-03T09:23:39+00:00","breadcrumb":{"@id":"https:\/\/luchonoticias.com\/editor\/camaras-de-comercio-ajustan-costos-para-beneficiar-a-emprendedores\/#breadcrumb"},"inLanguage":"es","potentialAction":[{"@type":"ReadAction","target":["https:\/\/luchonoticias.com\/editor\/camaras-de-comercio-ajustan-costos-para-beneficiar-a-emprendedores\/"]}]},{"@type":"ImageObject","inLanguage":"es","@id":"https:\/\/luchonoticias.com\/editor\/camaras-de-comercio-ajustan-costos-para-beneficiar-a-emprendedores\/#primaryimage","url":"https:\/\/luchonoticias.com\/editor\/wp-content\/uploads\/2025\/01\/emprendimientos.jpg","contentUrl":"https:\/\/luchonoticias.com\/editor\/wp-content\/uploads\/2025\/01\/emprendimientos.jpg","width":700,"height":400},{"@type":"BreadcrumbList","@id":"https:\/\/luchonoticias.com\/editor\/camaras-de-comercio-ajustan-costos-para-beneficiar-a-emprendedores\/#breadcrumb","itemListElement":[{"@type":"ListItem","position":1,"name":"Portada","item":"https:\/\/luchonoticias.com\/editor\/"},{"@type":"ListItem","position":2,"name":"C\u00e1maras de comercio ajustan costos para beneficiar a emprendedores"}]},{"@type":"WebSite","@id":"https:\/\/luchonoticias.com\/editor\/#website","url":"https:\/\/luchonoticias.com\/editor\/","name":"","description":"","publisher":{"@id":"https:\/\/luchonoticias.com\/editor\/#\/schema\/person\/7a7fd911f58561fd056dbac7b55af9cd"},"potentialAction":[{"@type":"SearchAction","target":{"@type":"EntryPoint","urlTemplate":"https:\/\/luchonoticias.com\/editor\/?s={search_term_string}"},"query-input":{"@type":"PropertyValueSpecification","valueRequired":true,"valueName":"search_term_string"}}],"inLanguage":"es"},{"@type":["Person","Organization"],"@id":"https:\/\/luchonoticias.com\/editor\/#\/schema\/person\/7a7fd911f58561fd056dbac7b55af9cd","name":"admin","image":{"@type":"ImageObject","inLanguage":"es","@id":"https:\/\/luchonoticias.com\/editor\/#\/schema\/person\/image\/","url":"https:\/\/luchonoticias.com\/editor\/wp-content\/uploads\/2024\/02\/cropped-cropped-logolu.webp","contentUrl":"https:\/\/luchonoticias.com\/editor\/wp-content\/uploads\/2024\/02\/cropped-cropped-logolu.webp","width":382,"height":170,"caption":"admin"},"logo":{"@id":"https:\/\/luchonoticias.com\/editor\/#\/schema\/person\/image\/"},"sameAs":["https:\/\/www.facebook.com\/luchonoticiasneiva"]},{"@type":"Person","@id":"https:\/\/luchonoticias.com\/editor\/#\/schema\/person\/29217990ddf6f14e35912b2866d591fb","name":"Editor General","image":{"@type":"ImageObject","inLanguage":"es","@id":"https:\/\/luchonoticias.com\/editor\/#\/schema\/person\/image\/","url":"https:\/\/luchonoticias.com\/editor\/wp-content\/uploads\/2024\/02\/cropped-cropped-logolu-150x150.webp","contentUrl":"https:\/\/luchonoticias.com\/editor\/wp-content\/uploads\/2024\/02\/cropped-cropped-logolu-150x150.webp","caption":"Editor General"},"sameAs":["https:\/\/luchonoticias.com\/"],"url":"https:\/\/luchonoticias.com\/editor\/author\/editor-general\/"}]}},"_links":{"self":[{"href":"https:\/\/luchonoticias.com\/editor\/wp-json\/wp\/v2\/posts\/80357","targetHints":{"allow":["GET"]}}],"collection":[{"href":"https:\/\/luchonoticias.com\/editor\/wp-json\/wp\/v2\/posts"}],"about":[{"href":"https:\/\/luchonoticias.com\/editor\/wp-json\/wp\/v2\/types\/post"}],"author":[{"embeddable":true,"href":"https:\/\/luchonoticias.com\/editor\/wp-json\/wp\/v2\/users\/2"}],"replies":[{"embeddable":true,"href":"https:\/\/luchonoticias.com\/editor\/wp-json\/wp\/v2\/comments?post=80357"}],"version-history":[{"count":1,"href":"https:\/\/luchonoticias.com\/editor\/wp-json\/wp\/v2\/posts\/80357\/revisions"}],"predecessor-version":[{"id":80359,"href":"https:\/\/luchonoticias.com\/editor\/wp-json\/wp\/v2\/posts\/80357\/revisions\/80359"}],"wp:featuredmedia":[{"embeddable":true,"href":"https:\/\/luchonoticias.com\/editor\/wp-json\/wp\/v2\/media\/80358"}],"wp:attachment":[{"href":"https:\/\/luchonoticias.com\/editor\/wp-json\/wp\/v2\/media?parent=80357"}],"wp:term":[{"taxonomy":"category","embeddable":true,"href":"https:\/\/luchonoticias.com\/editor\/wp-json\/wp\/v2\/categories?post=80357"},{"taxonomy":"post_tag","embeddable":true,"href":"https:\/\/luchonoticias.com\/editor\/wp-json\/wp\/v2\/tags?post=80357"}],"curies":[{"name":"wp","href":"https:\/\/api.w.org\/{rel}","templated":true}]}}