{"id":80360,"date":"2025-01-03T04:36:28","date_gmt":"2025-01-03T09:36:28","guid":{"rendered":"https:\/\/luchonoticias.com\/?p=80360"},"modified":"2025-01-03T04:36:29","modified_gmt":"2025-01-03T09:36:29","slug":"marchistas-de-pitalito-con-la-mente-puesta-en-su-primera-competencia","status":"publish","type":"post","link":"https:\/\/luchonoticias.com\/editor\/marchistas-de-pitalito-con-la-mente-puesta-en-su-primera-competencia\/","title":{"rendered":"Marchistas de Pitalito con la mente puesta en su primera competencia"},"content":{"rendered":"\n<figure class=\"wp-block-image size-full\"><img loading=\"lazy\" decoding=\"async\" width=\"700\" height=\"400\" src=\"https:\/\/luchonoticias.com\/wp-content\/uploads\/2025\/01\/hermanos-soto-en-Pitalito.jpg\" alt=\"\" class=\"wp-image-80361\" srcset=\"https:\/\/luchonoticias.com\/editor\/wp-content\/uploads\/2025\/01\/hermanos-soto-en-Pitalito.jpg 700w, https:\/\/luchonoticias.com\/editor\/wp-content\/uploads\/2025\/01\/hermanos-soto-en-Pitalito-300x171.jpg 300w\" sizes=\"auto, (max-width: 700px) 100vw, 700px\" \/><\/figure>\n\n\n\n<p>Los marchistas huilenses Manuel Esteban y Juan Jos\u00e9 Soto, estuvieron en Pitalito entrenando y aprovechando las fiestas de fin de a\u00f1o con su familia.<\/p>\n\n\n\n<p>Aprovechando la situaci\u00f3n los dos atletas sostuvieron un di\u00e1logo con el alcalde local, Yilder Luna, donde el denominador com\u00fan fue la obra para la construcci\u00f3n de una pista atl\u00e9tica en el municipio.<\/p>\n\n\n\n<p>Tanto Manuel Esteban como Juan Jos\u00e9, esperan hacer presencia en los nacionales de marcha, que ser\u00edan su primer evento del a\u00f1o: este 22 de febrero y en sede por definir.<\/p>\n","protected":false},"excerpt":{"rendered":"<p>Los marchistas huilenses Manuel Esteban y Juan Jos\u00e9 Soto, estuvieron en Pitalito entrenando y aprovechando las fiestas de fin de a\u00f1o con su familia. Aprovechando la situaci\u00f3n los dos atletas sostuvieron un di\u00e1logo con el alcalde local, Yilder Luna, donde el denominador com\u00fan fue la obra para la construcci\u00f3n de una pista atl\u00e9tica en el [&hellip;]<\/p>\n","protected":false},"author":2,"featured_media":80361,"comment_status":"closed","ping_status":"open","sticky":false,"template":"","format":"standard","meta":{"footnotes":""},"categories":[34],"tags":[],"class_list":["post-80360","post","type-post","status-publish","format-standard","has-post-thumbnail","hentry","category-deportes"],"yoast_head":"<!-- This site is optimized with the Yoast SEO plugin v26.6 - https:\/\/yoast.com\/wordpress\/plugins\/seo\/ -->\n<title>Marchistas de Pitalito con la mente puesta en su primera competencia -<\/title>\n<meta name=\"robots\" content=\"index, follow, max-snippet:-1, max-image-preview:large, max-video-preview:-1\" \/>\n<link rel=\"canonical\" href=\"https:\/\/luchonoticias.com\/editor\/marchistas-de-pitalito-con-la-mente-puesta-en-su-primera-competencia\/\" \/>\n<meta property=\"og:locale\" content=\"es_ES\" \/>\n<meta property=\"og:type\" content=\"article\" \/>\n<meta property=\"og:title\" content=\"Marchistas de Pitalito con la mente puesta en su primera competencia -\" \/>\n<meta property=\"og:url\" content=\"https:\/\/luchonoticias.com\/editor\/marchistas-de-pitalito-con-la-mente-puesta-en-su-primera-competencia\/\" \/>\n<meta property=\"article:publisher\" content=\"https:\/\/www.facebook.com\/luchonoticiasneiva\" \/>\n<meta property=\"article:published_time\" content=\"2025-01-03T09:36:28+00:00\" \/>\n<meta property=\"article:modified_time\" content=\"2025-01-03T09:36:29+00:00\" \/>\n<meta property=\"og:image\" content=\"https:\/\/luchonoticias.com\/editor\/wp-content\/uploads\/2025\/01\/hermanos-soto-en-Pitalito.jpg\" \/>\n\t<meta property=\"og:image:width\" content=\"700\" \/>\n\t<meta property=\"og:image:height\" content=\"400\" \/>\n\t<meta property=\"og:image:type\" content=\"image\/jpeg\" \/>\n<meta name=\"author\" content=\"Editor General\" \/>\n<meta name=\"twitter:card\" content=\"summary_large_image\" \/>\n<meta name=\"twitter:label1\" content=\"Escrito por\" \/>\n\t<meta name=\"twitter:data1\" content=\"Editor General\" \/>\n\t<meta name=\"twitter:label2\" content=\"Tiempo de lectura\" \/>\n\t<meta name=\"twitter:data2\" content=\"1 minuto\" \/>\n<script type=\"application\/ld+json\" class=\"yoast-schema-graph\">{\"@context\":\"https:\/\/schema.org\",\"@graph\":[{\"@type\":\"Article\",\"@id\":\"https:\/\/luchonoticias.com\/editor\/marchistas-de-pitalito-con-la-mente-puesta-en-su-primera-competencia\/#article\",\"isPartOf\":{\"@id\":\"https:\/\/luchonoticias.com\/editor\/marchistas-de-pitalito-con-la-mente-puesta-en-su-primera-competencia\/\"},\"author\":{\"name\":\"Editor General\",\"@id\":\"https:\/\/luchonoticias.com\/editor\/#\/schema\/person\/29217990ddf6f14e35912b2866d591fb\"},\"headline\":\"Marchistas de Pitalito con la mente puesta en su primera competencia\",\"datePublished\":\"2025-01-03T09:36:28+00:00\",\"dateModified\":\"2025-01-03T09:36:29+00:00\",\"mainEntityOfPage\":{\"@id\":\"https:\/\/luchonoticias.com\/editor\/marchistas-de-pitalito-con-la-mente-puesta-en-su-primera-competencia\/\"},\"wordCount\":104,\"publisher\":{\"@id\":\"https:\/\/luchonoticias.com\/editor\/#\/schema\/person\/7a7fd911f58561fd056dbac7b55af9cd\"},\"image\":{\"@id\":\"https:\/\/luchonoticias.com\/editor\/marchistas-de-pitalito-con-la-mente-puesta-en-su-primera-competencia\/#primaryimage\"},\"thumbnailUrl\":\"https:\/\/luchonoticias.com\/editor\/wp-content\/uploads\/2025\/01\/hermanos-soto-en-Pitalito.jpg\",\"articleSection\":[\"Deportes\"],\"inLanguage\":\"es\"},{\"@type\":\"WebPage\",\"@id\":\"https:\/\/luchonoticias.com\/editor\/marchistas-de-pitalito-con-la-mente-puesta-en-su-primera-competencia\/\",\"url\":\"https:\/\/luchonoticias.com\/editor\/marchistas-de-pitalito-con-la-mente-puesta-en-su-primera-competencia\/\",\"name\":\"Marchistas de Pitalito con la mente puesta en su primera competencia -\",\"isPartOf\":{\"@id\":\"https:\/\/luchonoticias.com\/editor\/#website\"},\"primaryImageOfPage\":{\"@id\":\"https:\/\/luchonoticias.com\/editor\/marchistas-de-pitalito-con-la-mente-puesta-en-su-primera-competencia\/#primaryimage\"},\"image\":{\"@id\":\"https:\/\/luchonoticias.com\/editor\/marchistas-de-pitalito-con-la-mente-puesta-en-su-primera-competencia\/#primaryimage\"},\"thumbnailUrl\":\"https:\/\/luchonoticias.com\/editor\/wp-content\/uploads\/2025\/01\/hermanos-soto-en-Pitalito.jpg\",\"datePublished\":\"2025-01-03T09:36:28+00:00\",\"dateModified\":\"2025-01-03T09:36:29+00:00\",\"breadcrumb\":{\"@id\":\"https:\/\/luchonoticias.com\/editor\/marchistas-de-pitalito-con-la-mente-puesta-en-su-primera-competencia\/#breadcrumb\"},\"inLanguage\":\"es\",\"potentialAction\":[{\"@type\":\"ReadAction\",\"target\":[\"https:\/\/luchonoticias.com\/editor\/marchistas-de-pitalito-con-la-mente-puesta-en-su-primera-competencia\/\"]}]},{\"@type\":\"ImageObject\",\"inLanguage\":\"es\",\"@id\":\"https:\/\/luchonoticias.com\/editor\/marchistas-de-pitalito-con-la-mente-puesta-en-su-primera-competencia\/#primaryimage\",\"url\":\"https:\/\/luchonoticias.com\/editor\/wp-content\/uploads\/2025\/01\/hermanos-soto-en-Pitalito.jpg\",\"contentUrl\":\"https:\/\/luchonoticias.com\/editor\/wp-content\/uploads\/2025\/01\/hermanos-soto-en-Pitalito.jpg\",\"width\":700,\"height\":400},{\"@type\":\"BreadcrumbList\",\"@id\":\"https:\/\/luchonoticias.com\/editor\/marchistas-de-pitalito-con-la-mente-puesta-en-su-primera-competencia\/#breadcrumb\",\"itemListElement\":[{\"@type\":\"ListItem\",\"position\":1,\"name\":\"Portada\",\"item\":\"https:\/\/luchonoticias.com\/editor\/\"},{\"@type\":\"ListItem\",\"position\":2,\"name\":\"Marchistas de Pitalito con la mente puesta en su primera competencia\"}]},{\"@type\":\"WebSite\",\"@id\":\"https:\/\/luchonoticias.com\/editor\/#website\",\"url\":\"https:\/\/luchonoticias.com\/editor\/\",\"name\":\"\",\"description\":\"\",\"publisher\":{\"@id\":\"https:\/\/luchonoticias.com\/editor\/#\/schema\/person\/7a7fd911f58561fd056dbac7b55af9cd\"},\"potentialAction\":[{\"@type\":\"SearchAction\",\"target\":{\"@type\":\"EntryPoint\",\"urlTemplate\":\"https:\/\/luchonoticias.com\/editor\/?s={search_term_string}\"},\"query-input\":{\"@type\":\"PropertyValueSpecification\",\"valueRequired\":true,\"valueName\":\"search_term_string\"}}],\"inLanguage\":\"es\"},{\"@type\":[\"Person\",\"Organization\"],\"@id\":\"https:\/\/luchonoticias.com\/editor\/#\/schema\/person\/7a7fd911f58561fd056dbac7b55af9cd\",\"name\":\"admin\",\"image\":{\"@type\":\"ImageObject\",\"inLanguage\":\"es\",\"@id\":\"https:\/\/luchonoticias.com\/editor\/#\/schema\/person\/image\/\",\"url\":\"https:\/\/luchonoticias.com\/editor\/wp-content\/uploads\/2024\/02\/cropped-cropped-logolu.webp\",\"contentUrl\":\"https:\/\/luchonoticias.com\/editor\/wp-content\/uploads\/2024\/02\/cropped-cropped-logolu.webp\",\"width\":382,\"height\":170,\"caption\":\"admin\"},\"logo\":{\"@id\":\"https:\/\/luchonoticias.com\/editor\/#\/schema\/person\/image\/\"},\"sameAs\":[\"https:\/\/www.facebook.com\/luchonoticiasneiva\"]},{\"@type\":\"Person\",\"@id\":\"https:\/\/luchonoticias.com\/editor\/#\/schema\/person\/29217990ddf6f14e35912b2866d591fb\",\"name\":\"Editor General\",\"image\":{\"@type\":\"ImageObject\",\"inLanguage\":\"es\",\"@id\":\"https:\/\/luchonoticias.com\/editor\/#\/schema\/person\/image\/\",\"url\":\"https:\/\/luchonoticias.com\/editor\/wp-content\/uploads\/2024\/02\/cropped-cropped-logolu-150x150.webp\",\"contentUrl\":\"https:\/\/luchonoticias.com\/editor\/wp-content\/uploads\/2024\/02\/cropped-cropped-logolu-150x150.webp\",\"caption\":\"Editor General\"},\"sameAs\":[\"https:\/\/luchonoticias.com\/\"],\"url\":\"https:\/\/luchonoticias.com\/editor\/author\/editor-general\/\"}]}<\/script>\n<!-- \/ Yoast SEO plugin. -->","yoast_head_json":{"title":"Marchistas de Pitalito con la mente puesta en su primera competencia -","robots":{"index":"index","follow":"follow","max-snippet":"max-snippet:-1","max-image-preview":"max-image-preview:large","max-video-preview":"max-video-preview:-1"},"canonical":"https:\/\/luchonoticias.com\/editor\/marchistas-de-pitalito-con-la-mente-puesta-en-su-primera-competencia\/","og_locale":"es_ES","og_type":"article","og_title":"Marchistas de Pitalito con la mente puesta en su primera competencia -","og_url":"https:\/\/luchonoticias.com\/editor\/marchistas-de-pitalito-con-la-mente-puesta-en-su-primera-competencia\/","article_publisher":"https:\/\/www.facebook.com\/luchonoticiasneiva","article_published_time":"2025-01-03T09:36:28+00:00","article_modified_time":"2025-01-03T09:36:29+00:00","og_image":[{"width":700,"height":400,"url":"https:\/\/luchonoticias.com\/editor\/wp-content\/uploads\/2025\/01\/hermanos-soto-en-Pitalito.jpg","type":"image\/jpeg"}],"author":"Editor General","twitter_card":"summary_large_image","twitter_misc":{"Escrito por":"Editor General","Tiempo de lectura":"1 minuto"},"schema":{"@context":"https:\/\/schema.org","@graph":[{"@type":"Article","@id":"https:\/\/luchonoticias.com\/editor\/marchistas-de-pitalito-con-la-mente-puesta-en-su-primera-competencia\/#article","isPartOf":{"@id":"https:\/\/luchonoticias.com\/editor\/marchistas-de-pitalito-con-la-mente-puesta-en-su-primera-competencia\/"},"author":{"name":"Editor General","@id":"https:\/\/luchonoticias.com\/editor\/#\/schema\/person\/29217990ddf6f14e35912b2866d591fb"},"headline":"Marchistas de Pitalito con la mente puesta en su primera competencia","datePublished":"2025-01-03T09:36:28+00:00","dateModified":"2025-01-03T09:36:29+00:00","mainEntityOfPage":{"@id":"https:\/\/luchonoticias.com\/editor\/marchistas-de-pitalito-con-la-mente-puesta-en-su-primera-competencia\/"},"wordCount":104,"publisher":{"@id":"https:\/\/luchonoticias.com\/editor\/#\/schema\/person\/7a7fd911f58561fd056dbac7b55af9cd"},"image":{"@id":"https:\/\/luchonoticias.com\/editor\/marchistas-de-pitalito-con-la-mente-puesta-en-su-primera-competencia\/#primaryimage"},"thumbnailUrl":"https:\/\/luchonoticias.com\/editor\/wp-content\/uploads\/2025\/01\/hermanos-soto-en-Pitalito.jpg","articleSection":["Deportes"],"inLanguage":"es"},{"@type":"WebPage","@id":"https:\/\/luchonoticias.com\/editor\/marchistas-de-pitalito-con-la-mente-puesta-en-su-primera-competencia\/","url":"https:\/\/luchonoticias.com\/editor\/marchistas-de-pitalito-con-la-mente-puesta-en-su-primera-competencia\/","name":"Marchistas de Pitalito con la mente puesta en su primera competencia -","isPartOf":{"@id":"https:\/\/luchonoticias.com\/editor\/#website"},"primaryImageOfPage":{"@id":"https:\/\/luchonoticias.com\/editor\/marchistas-de-pitalito-con-la-mente-puesta-en-su-primera-competencia\/#primaryimage"},"image":{"@id":"https:\/\/luchonoticias.com\/editor\/marchistas-de-pitalito-con-la-mente-puesta-en-su-primera-competencia\/#primaryimage"},"thumbnailUrl":"https:\/\/luchonoticias.com\/editor\/wp-content\/uploads\/2025\/01\/hermanos-soto-en-Pitalito.jpg","datePublished":"2025-01-03T09:36:28+00:00","dateModified":"2025-01-03T09:36:29+00:00","breadcrumb":{"@id":"https:\/\/luchonoticias.com\/editor\/marchistas-de-pitalito-con-la-mente-puesta-en-su-primera-competencia\/#breadcrumb"},"inLanguage":"es","potentialAction":[{"@type":"ReadAction","target":["https:\/\/luchonoticias.com\/editor\/marchistas-de-pitalito-con-la-mente-puesta-en-su-primera-competencia\/"]}]},{"@type":"ImageObject","inLanguage":"es","@id":"https:\/\/luchonoticias.com\/editor\/marchistas-de-pitalito-con-la-mente-puesta-en-su-primera-competencia\/#primaryimage","url":"https:\/\/luchonoticias.com\/editor\/wp-content\/uploads\/2025\/01\/hermanos-soto-en-Pitalito.jpg","contentUrl":"https:\/\/luchonoticias.com\/editor\/wp-content\/uploads\/2025\/01\/hermanos-soto-en-Pitalito.jpg","width":700,"height":400},{"@type":"BreadcrumbList","@id":"https:\/\/luchonoticias.com\/editor\/marchistas-de-pitalito-con-la-mente-puesta-en-su-primera-competencia\/#breadcrumb","itemListElement":[{"@type":"ListItem","position":1,"name":"Portada","item":"https:\/\/luchonoticias.com\/editor\/"},{"@type":"ListItem","position":2,"name":"Marchistas de Pitalito con la mente puesta en su primera competencia"}]},{"@type":"WebSite","@id":"https:\/\/luchonoticias.com\/editor\/#website","url":"https:\/\/luchonoticias.com\/editor\/","name":"","description":"","publisher":{"@id":"https:\/\/luchonoticias.com\/editor\/#\/schema\/person\/7a7fd911f58561fd056dbac7b55af9cd"},"potentialAction":[{"@type":"SearchAction","target":{"@type":"EntryPoint","urlTemplate":"https:\/\/luchonoticias.com\/editor\/?s={search_term_string}"},"query-input":{"@type":"PropertyValueSpecification","valueRequired":true,"valueName":"search_term_string"}}],"inLanguage":"es"},{"@type":["Person","Organization"],"@id":"https:\/\/luchonoticias.com\/editor\/#\/schema\/person\/7a7fd911f58561fd056dbac7b55af9cd","name":"admin","image":{"@type":"ImageObject","inLanguage":"es","@id":"https:\/\/luchonoticias.com\/editor\/#\/schema\/person\/image\/","url":"https:\/\/luchonoticias.com\/editor\/wp-content\/uploads\/2024\/02\/cropped-cropped-logolu.webp","contentUrl":"https:\/\/luchonoticias.com\/editor\/wp-content\/uploads\/2024\/02\/cropped-cropped-logolu.webp","width":382,"height":170,"caption":"admin"},"logo":{"@id":"https:\/\/luchonoticias.com\/editor\/#\/schema\/person\/image\/"},"sameAs":["https:\/\/www.facebook.com\/luchonoticiasneiva"]},{"@type":"Person","@id":"https:\/\/luchonoticias.com\/editor\/#\/schema\/person\/29217990ddf6f14e35912b2866d591fb","name":"Editor General","image":{"@type":"ImageObject","inLanguage":"es","@id":"https:\/\/luchonoticias.com\/editor\/#\/schema\/person\/image\/","url":"https:\/\/luchonoticias.com\/editor\/wp-content\/uploads\/2024\/02\/cropped-cropped-logolu-150x150.webp","contentUrl":"https:\/\/luchonoticias.com\/editor\/wp-content\/uploads\/2024\/02\/cropped-cropped-logolu-150x150.webp","caption":"Editor General"},"sameAs":["https:\/\/luchonoticias.com\/"],"url":"https:\/\/luchonoticias.com\/editor\/author\/editor-general\/"}]}},"_links":{"self":[{"href":"https:\/\/luchonoticias.com\/editor\/wp-json\/wp\/v2\/posts\/80360","targetHints":{"allow":["GET"]}}],"collection":[{"href":"https:\/\/luchonoticias.com\/editor\/wp-json\/wp\/v2\/posts"}],"about":[{"href":"https:\/\/luchonoticias.com\/editor\/wp-json\/wp\/v2\/types\/post"}],"author":[{"embeddable":true,"href":"https:\/\/luchonoticias.com\/editor\/wp-json\/wp\/v2\/users\/2"}],"replies":[{"embeddable":true,"href":"https:\/\/luchonoticias.com\/editor\/wp-json\/wp\/v2\/comments?post=80360"}],"version-history":[{"count":1,"href":"https:\/\/luchonoticias.com\/editor\/wp-json\/wp\/v2\/posts\/80360\/revisions"}],"predecessor-version":[{"id":80362,"href":"https:\/\/luchonoticias.com\/editor\/wp-json\/wp\/v2\/posts\/80360\/revisions\/80362"}],"wp:featuredmedia":[{"embeddable":true,"href":"https:\/\/luchonoticias.com\/editor\/wp-json\/wp\/v2\/media\/80361"}],"wp:attachment":[{"href":"https:\/\/luchonoticias.com\/editor\/wp-json\/wp\/v2\/media?parent=80360"}],"wp:term":[{"taxonomy":"category","embeddable":true,"href":"https:\/\/luchonoticias.com\/editor\/wp-json\/wp\/v2\/categories?post=80360"},{"taxonomy":"post_tag","embeddable":true,"href":"https:\/\/luchonoticias.com\/editor\/wp-json\/wp\/v2\/tags?post=80360"}],"curies":[{"name":"wp","href":"https:\/\/api.w.org\/{rel}","templated":true}]}}