{"id":80442,"date":"2025-01-07T04:34:39","date_gmt":"2025-01-07T09:34:39","guid":{"rendered":"https:\/\/luchonoticias.com\/?p=80442"},"modified":"2025-01-07T04:34:41","modified_gmt":"2025-01-07T09:34:41","slug":"tarifas-de-peajes-en-la-mira-gobierno-busca-corregir-aumentos","status":"publish","type":"post","link":"https:\/\/luchonoticias.com\/editor\/tarifas-de-peajes-en-la-mira-gobierno-busca-corregir-aumentos\/","title":{"rendered":"Tarifas de peajes en la mira: Gobierno busca corregir aumentos"},"content":{"rendered":"\n<figure class=\"wp-block-image size-full\"><img loading=\"lazy\" decoding=\"async\" width=\"700\" height=\"400\" src=\"https:\/\/luchonoticias.com\/wp-content\/uploads\/2025\/01\/peajes-colombia.jpg\" alt=\"\" class=\"wp-image-80443\" srcset=\"https:\/\/luchonoticias.com\/editor\/wp-content\/uploads\/2025\/01\/peajes-colombia.jpg 700w, https:\/\/luchonoticias.com\/editor\/wp-content\/uploads\/2025\/01\/peajes-colombia-300x171.jpg 300w\" sizes=\"auto, (max-width: 700px) 100vw, 700px\" \/><\/figure>\n\n\n\n<p>La ministra de Transporte, Mar\u00eda Constanza Garc\u00eda, confirm\u00f3 una reuni\u00f3n entre el Gobierno Nacional y seis concesionarios para analizar los incrementos en las tarifas de peajes, que superaron el 4,64% aprobado por resoluci\u00f3n.<\/p>\n\n\n\n<p>El anuncio se dio tras una reuni\u00f3n de m\u00e1s de cinco horas con el presidente Gustavo Petro, en la que se discutieron estos ajustes aplicados en ocho estaciones del pa\u00eds.<\/p>\n\n\n\n<p>Seg\u00fan la ministra Garc\u00eda, el encuentro busca evaluar las razones detr\u00e1s de los incrementos y tomar decisiones al respecto. En la reuni\u00f3n tambi\u00e9n participaron la Agencia Nacional de Infraestructura y el Ministerio de Hacienda, instituciones clave para entender la planificaci\u00f3n y ejecuci\u00f3n de dichas alzas.<\/p>\n\n\n\n<p>Durante la reuni\u00f3n, se revisaron adem\u00e1s los avances en los acuerdos con transportadores de carga tras el paro de finales de 2024, con el objetivo de evitar nuevas movilizaciones este a\u00f1o. La ministra destac\u00f3 que el Gobierno est\u00e1 comprometido en garantizar el cumplimiento de los pactos establecidos.<\/p>\n\n\n\n<p>Finalmente, el presidente Petro anunci\u00f3 que en abril se realizar\u00e1 un estudio concertado sobre la inflaci\u00f3n, que se espera sea del 3%, para evaluar mecanismos que permitan mitigar su impacto en la econom\u00eda y en las tarifas.<\/p>\n","protected":false},"excerpt":{"rendered":"<p>La ministra de Transporte, Mar\u00eda Constanza Garc\u00eda, confirm\u00f3 una reuni\u00f3n entre el Gobierno Nacional y seis concesionarios para analizar los incrementos en las tarifas de peajes, que superaron el 4,64% aprobado por resoluci\u00f3n. El anuncio se dio tras una reuni\u00f3n de m\u00e1s de cinco horas con el presidente Gustavo Petro, en la que se discutieron [&hellip;]<\/p>\n","protected":false},"author":2,"featured_media":80443,"comment_status":"closed","ping_status":"open","sticky":false,"template":"","format":"standard","meta":{"footnotes":""},"categories":[28,32],"tags":[],"class_list":["post-80442","post","type-post","status-publish","format-standard","has-post-thumbnail","hentry","category-actualidad","category-nacional"],"yoast_head":"<!-- This site is optimized with the Yoast SEO plugin v26.6 - https:\/\/yoast.com\/wordpress\/plugins\/seo\/ -->\n<title>Tarifas de peajes en la mira: Gobierno busca corregir aumentos -<\/title>\n<meta name=\"robots\" content=\"index, follow, max-snippet:-1, max-image-preview:large, max-video-preview:-1\" \/>\n<link rel=\"canonical\" href=\"https:\/\/luchonoticias.com\/editor\/tarifas-de-peajes-en-la-mira-gobierno-busca-corregir-aumentos\/\" \/>\n<meta property=\"og:locale\" content=\"es_ES\" \/>\n<meta property=\"og:type\" content=\"article\" \/>\n<meta property=\"og:title\" content=\"Tarifas de peajes en la mira: Gobierno busca corregir aumentos -\" \/>\n<meta property=\"og:url\" content=\"https:\/\/luchonoticias.com\/editor\/tarifas-de-peajes-en-la-mira-gobierno-busca-corregir-aumentos\/\" \/>\n<meta property=\"article:publisher\" content=\"https:\/\/www.facebook.com\/luchonoticiasneiva\" \/>\n<meta property=\"article:published_time\" content=\"2025-01-07T09:34:39+00:00\" \/>\n<meta property=\"article:modified_time\" content=\"2025-01-07T09:34:41+00:00\" \/>\n<meta property=\"og:image\" content=\"https:\/\/luchonoticias.com\/editor\/wp-content\/uploads\/2025\/01\/peajes-colombia.jpg\" \/>\n\t<meta property=\"og:image:width\" content=\"700\" \/>\n\t<meta property=\"og:image:height\" content=\"400\" \/>\n\t<meta property=\"og:image:type\" content=\"image\/jpeg\" \/>\n<meta name=\"author\" content=\"Editor General\" \/>\n<meta name=\"twitter:card\" content=\"summary_large_image\" \/>\n<meta name=\"twitter:label1\" content=\"Escrito por\" \/>\n\t<meta name=\"twitter:data1\" content=\"Editor General\" \/>\n\t<meta name=\"twitter:label2\" content=\"Tiempo de lectura\" \/>\n\t<meta name=\"twitter:data2\" content=\"2 minutos\" \/>\n<script type=\"application\/ld+json\" class=\"yoast-schema-graph\">{\"@context\":\"https:\/\/schema.org\",\"@graph\":[{\"@type\":\"Article\",\"@id\":\"https:\/\/luchonoticias.com\/editor\/tarifas-de-peajes-en-la-mira-gobierno-busca-corregir-aumentos\/#article\",\"isPartOf\":{\"@id\":\"https:\/\/luchonoticias.com\/editor\/tarifas-de-peajes-en-la-mira-gobierno-busca-corregir-aumentos\/\"},\"author\":{\"name\":\"Editor General\",\"@id\":\"https:\/\/luchonoticias.com\/editor\/#\/schema\/person\/29217990ddf6f14e35912b2866d591fb\"},\"headline\":\"Tarifas de peajes en la mira: Gobierno busca corregir aumentos\",\"datePublished\":\"2025-01-07T09:34:39+00:00\",\"dateModified\":\"2025-01-07T09:34:41+00:00\",\"mainEntityOfPage\":{\"@id\":\"https:\/\/luchonoticias.com\/editor\/tarifas-de-peajes-en-la-mira-gobierno-busca-corregir-aumentos\/\"},\"wordCount\":218,\"publisher\":{\"@id\":\"https:\/\/luchonoticias.com\/editor\/#\/schema\/person\/7a7fd911f58561fd056dbac7b55af9cd\"},\"image\":{\"@id\":\"https:\/\/luchonoticias.com\/editor\/tarifas-de-peajes-en-la-mira-gobierno-busca-corregir-aumentos\/#primaryimage\"},\"thumbnailUrl\":\"https:\/\/luchonoticias.com\/editor\/wp-content\/uploads\/2025\/01\/peajes-colombia.jpg\",\"articleSection\":[\"Actualidad\",\"Nacional\"],\"inLanguage\":\"es\"},{\"@type\":\"WebPage\",\"@id\":\"https:\/\/luchonoticias.com\/editor\/tarifas-de-peajes-en-la-mira-gobierno-busca-corregir-aumentos\/\",\"url\":\"https:\/\/luchonoticias.com\/editor\/tarifas-de-peajes-en-la-mira-gobierno-busca-corregir-aumentos\/\",\"name\":\"Tarifas de peajes en la mira: Gobierno busca corregir aumentos -\",\"isPartOf\":{\"@id\":\"https:\/\/luchonoticias.com\/editor\/#website\"},\"primaryImageOfPage\":{\"@id\":\"https:\/\/luchonoticias.com\/editor\/tarifas-de-peajes-en-la-mira-gobierno-busca-corregir-aumentos\/#primaryimage\"},\"image\":{\"@id\":\"https:\/\/luchonoticias.com\/editor\/tarifas-de-peajes-en-la-mira-gobierno-busca-corregir-aumentos\/#primaryimage\"},\"thumbnailUrl\":\"https:\/\/luchonoticias.com\/editor\/wp-content\/uploads\/2025\/01\/peajes-colombia.jpg\",\"datePublished\":\"2025-01-07T09:34:39+00:00\",\"dateModified\":\"2025-01-07T09:34:41+00:00\",\"breadcrumb\":{\"@id\":\"https:\/\/luchonoticias.com\/editor\/tarifas-de-peajes-en-la-mira-gobierno-busca-corregir-aumentos\/#breadcrumb\"},\"inLanguage\":\"es\",\"potentialAction\":[{\"@type\":\"ReadAction\",\"target\":[\"https:\/\/luchonoticias.com\/editor\/tarifas-de-peajes-en-la-mira-gobierno-busca-corregir-aumentos\/\"]}]},{\"@type\":\"ImageObject\",\"inLanguage\":\"es\",\"@id\":\"https:\/\/luchonoticias.com\/editor\/tarifas-de-peajes-en-la-mira-gobierno-busca-corregir-aumentos\/#primaryimage\",\"url\":\"https:\/\/luchonoticias.com\/editor\/wp-content\/uploads\/2025\/01\/peajes-colombia.jpg\",\"contentUrl\":\"https:\/\/luchonoticias.com\/editor\/wp-content\/uploads\/2025\/01\/peajes-colombia.jpg\",\"width\":700,\"height\":400},{\"@type\":\"BreadcrumbList\",\"@id\":\"https:\/\/luchonoticias.com\/editor\/tarifas-de-peajes-en-la-mira-gobierno-busca-corregir-aumentos\/#breadcrumb\",\"itemListElement\":[{\"@type\":\"ListItem\",\"position\":1,\"name\":\"Portada\",\"item\":\"https:\/\/luchonoticias.com\/editor\/\"},{\"@type\":\"ListItem\",\"position\":2,\"name\":\"Tarifas de peajes en la mira: Gobierno busca corregir aumentos\"}]},{\"@type\":\"WebSite\",\"@id\":\"https:\/\/luchonoticias.com\/editor\/#website\",\"url\":\"https:\/\/luchonoticias.com\/editor\/\",\"name\":\"\",\"description\":\"\",\"publisher\":{\"@id\":\"https:\/\/luchonoticias.com\/editor\/#\/schema\/person\/7a7fd911f58561fd056dbac7b55af9cd\"},\"potentialAction\":[{\"@type\":\"SearchAction\",\"target\":{\"@type\":\"EntryPoint\",\"urlTemplate\":\"https:\/\/luchonoticias.com\/editor\/?s={search_term_string}\"},\"query-input\":{\"@type\":\"PropertyValueSpecification\",\"valueRequired\":true,\"valueName\":\"search_term_string\"}}],\"inLanguage\":\"es\"},{\"@type\":[\"Person\",\"Organization\"],\"@id\":\"https:\/\/luchonoticias.com\/editor\/#\/schema\/person\/7a7fd911f58561fd056dbac7b55af9cd\",\"name\":\"admin\",\"image\":{\"@type\":\"ImageObject\",\"inLanguage\":\"es\",\"@id\":\"https:\/\/luchonoticias.com\/editor\/#\/schema\/person\/image\/\",\"url\":\"https:\/\/luchonoticias.com\/editor\/wp-content\/uploads\/2024\/02\/cropped-cropped-logolu.webp\",\"contentUrl\":\"https:\/\/luchonoticias.com\/editor\/wp-content\/uploads\/2024\/02\/cropped-cropped-logolu.webp\",\"width\":382,\"height\":170,\"caption\":\"admin\"},\"logo\":{\"@id\":\"https:\/\/luchonoticias.com\/editor\/#\/schema\/person\/image\/\"},\"sameAs\":[\"https:\/\/www.facebook.com\/luchonoticiasneiva\"]},{\"@type\":\"Person\",\"@id\":\"https:\/\/luchonoticias.com\/editor\/#\/schema\/person\/29217990ddf6f14e35912b2866d591fb\",\"name\":\"Editor General\",\"image\":{\"@type\":\"ImageObject\",\"inLanguage\":\"es\",\"@id\":\"https:\/\/luchonoticias.com\/editor\/#\/schema\/person\/image\/\",\"url\":\"https:\/\/luchonoticias.com\/editor\/wp-content\/uploads\/2024\/02\/cropped-cropped-logolu-150x150.webp\",\"contentUrl\":\"https:\/\/luchonoticias.com\/editor\/wp-content\/uploads\/2024\/02\/cropped-cropped-logolu-150x150.webp\",\"caption\":\"Editor General\"},\"sameAs\":[\"https:\/\/luchonoticias.com\/\"],\"url\":\"https:\/\/luchonoticias.com\/editor\/author\/editor-general\/\"}]}<\/script>\n<!-- \/ Yoast SEO plugin. -->","yoast_head_json":{"title":"Tarifas de peajes en la mira: Gobierno busca corregir aumentos -","robots":{"index":"index","follow":"follow","max-snippet":"max-snippet:-1","max-image-preview":"max-image-preview:large","max-video-preview":"max-video-preview:-1"},"canonical":"https:\/\/luchonoticias.com\/editor\/tarifas-de-peajes-en-la-mira-gobierno-busca-corregir-aumentos\/","og_locale":"es_ES","og_type":"article","og_title":"Tarifas de peajes en la mira: Gobierno busca corregir aumentos -","og_url":"https:\/\/luchonoticias.com\/editor\/tarifas-de-peajes-en-la-mira-gobierno-busca-corregir-aumentos\/","article_publisher":"https:\/\/www.facebook.com\/luchonoticiasneiva","article_published_time":"2025-01-07T09:34:39+00:00","article_modified_time":"2025-01-07T09:34:41+00:00","og_image":[{"width":700,"height":400,"url":"https:\/\/luchonoticias.com\/editor\/wp-content\/uploads\/2025\/01\/peajes-colombia.jpg","type":"image\/jpeg"}],"author":"Editor General","twitter_card":"summary_large_image","twitter_misc":{"Escrito por":"Editor General","Tiempo de lectura":"2 minutos"},"schema":{"@context":"https:\/\/schema.org","@graph":[{"@type":"Article","@id":"https:\/\/luchonoticias.com\/editor\/tarifas-de-peajes-en-la-mira-gobierno-busca-corregir-aumentos\/#article","isPartOf":{"@id":"https:\/\/luchonoticias.com\/editor\/tarifas-de-peajes-en-la-mira-gobierno-busca-corregir-aumentos\/"},"author":{"name":"Editor General","@id":"https:\/\/luchonoticias.com\/editor\/#\/schema\/person\/29217990ddf6f14e35912b2866d591fb"},"headline":"Tarifas de peajes en la mira: Gobierno busca corregir aumentos","datePublished":"2025-01-07T09:34:39+00:00","dateModified":"2025-01-07T09:34:41+00:00","mainEntityOfPage":{"@id":"https:\/\/luchonoticias.com\/editor\/tarifas-de-peajes-en-la-mira-gobierno-busca-corregir-aumentos\/"},"wordCount":218,"publisher":{"@id":"https:\/\/luchonoticias.com\/editor\/#\/schema\/person\/7a7fd911f58561fd056dbac7b55af9cd"},"image":{"@id":"https:\/\/luchonoticias.com\/editor\/tarifas-de-peajes-en-la-mira-gobierno-busca-corregir-aumentos\/#primaryimage"},"thumbnailUrl":"https:\/\/luchonoticias.com\/editor\/wp-content\/uploads\/2025\/01\/peajes-colombia.jpg","articleSection":["Actualidad","Nacional"],"inLanguage":"es"},{"@type":"WebPage","@id":"https:\/\/luchonoticias.com\/editor\/tarifas-de-peajes-en-la-mira-gobierno-busca-corregir-aumentos\/","url":"https:\/\/luchonoticias.com\/editor\/tarifas-de-peajes-en-la-mira-gobierno-busca-corregir-aumentos\/","name":"Tarifas de peajes en la mira: Gobierno busca corregir aumentos -","isPartOf":{"@id":"https:\/\/luchonoticias.com\/editor\/#website"},"primaryImageOfPage":{"@id":"https:\/\/luchonoticias.com\/editor\/tarifas-de-peajes-en-la-mira-gobierno-busca-corregir-aumentos\/#primaryimage"},"image":{"@id":"https:\/\/luchonoticias.com\/editor\/tarifas-de-peajes-en-la-mira-gobierno-busca-corregir-aumentos\/#primaryimage"},"thumbnailUrl":"https:\/\/luchonoticias.com\/editor\/wp-content\/uploads\/2025\/01\/peajes-colombia.jpg","datePublished":"2025-01-07T09:34:39+00:00","dateModified":"2025-01-07T09:34:41+00:00","breadcrumb":{"@id":"https:\/\/luchonoticias.com\/editor\/tarifas-de-peajes-en-la-mira-gobierno-busca-corregir-aumentos\/#breadcrumb"},"inLanguage":"es","potentialAction":[{"@type":"ReadAction","target":["https:\/\/luchonoticias.com\/editor\/tarifas-de-peajes-en-la-mira-gobierno-busca-corregir-aumentos\/"]}]},{"@type":"ImageObject","inLanguage":"es","@id":"https:\/\/luchonoticias.com\/editor\/tarifas-de-peajes-en-la-mira-gobierno-busca-corregir-aumentos\/#primaryimage","url":"https:\/\/luchonoticias.com\/editor\/wp-content\/uploads\/2025\/01\/peajes-colombia.jpg","contentUrl":"https:\/\/luchonoticias.com\/editor\/wp-content\/uploads\/2025\/01\/peajes-colombia.jpg","width":700,"height":400},{"@type":"BreadcrumbList","@id":"https:\/\/luchonoticias.com\/editor\/tarifas-de-peajes-en-la-mira-gobierno-busca-corregir-aumentos\/#breadcrumb","itemListElement":[{"@type":"ListItem","position":1,"name":"Portada","item":"https:\/\/luchonoticias.com\/editor\/"},{"@type":"ListItem","position":2,"name":"Tarifas de peajes en la mira: Gobierno busca corregir aumentos"}]},{"@type":"WebSite","@id":"https:\/\/luchonoticias.com\/editor\/#website","url":"https:\/\/luchonoticias.com\/editor\/","name":"","description":"","publisher":{"@id":"https:\/\/luchonoticias.com\/editor\/#\/schema\/person\/7a7fd911f58561fd056dbac7b55af9cd"},"potentialAction":[{"@type":"SearchAction","target":{"@type":"EntryPoint","urlTemplate":"https:\/\/luchonoticias.com\/editor\/?s={search_term_string}"},"query-input":{"@type":"PropertyValueSpecification","valueRequired":true,"valueName":"search_term_string"}}],"inLanguage":"es"},{"@type":["Person","Organization"],"@id":"https:\/\/luchonoticias.com\/editor\/#\/schema\/person\/7a7fd911f58561fd056dbac7b55af9cd","name":"admin","image":{"@type":"ImageObject","inLanguage":"es","@id":"https:\/\/luchonoticias.com\/editor\/#\/schema\/person\/image\/","url":"https:\/\/luchonoticias.com\/editor\/wp-content\/uploads\/2024\/02\/cropped-cropped-logolu.webp","contentUrl":"https:\/\/luchonoticias.com\/editor\/wp-content\/uploads\/2024\/02\/cropped-cropped-logolu.webp","width":382,"height":170,"caption":"admin"},"logo":{"@id":"https:\/\/luchonoticias.com\/editor\/#\/schema\/person\/image\/"},"sameAs":["https:\/\/www.facebook.com\/luchonoticiasneiva"]},{"@type":"Person","@id":"https:\/\/luchonoticias.com\/editor\/#\/schema\/person\/29217990ddf6f14e35912b2866d591fb","name":"Editor General","image":{"@type":"ImageObject","inLanguage":"es","@id":"https:\/\/luchonoticias.com\/editor\/#\/schema\/person\/image\/","url":"https:\/\/luchonoticias.com\/editor\/wp-content\/uploads\/2024\/02\/cropped-cropped-logolu-150x150.webp","contentUrl":"https:\/\/luchonoticias.com\/editor\/wp-content\/uploads\/2024\/02\/cropped-cropped-logolu-150x150.webp","caption":"Editor General"},"sameAs":["https:\/\/luchonoticias.com\/"],"url":"https:\/\/luchonoticias.com\/editor\/author\/editor-general\/"}]}},"_links":{"self":[{"href":"https:\/\/luchonoticias.com\/editor\/wp-json\/wp\/v2\/posts\/80442","targetHints":{"allow":["GET"]}}],"collection":[{"href":"https:\/\/luchonoticias.com\/editor\/wp-json\/wp\/v2\/posts"}],"about":[{"href":"https:\/\/luchonoticias.com\/editor\/wp-json\/wp\/v2\/types\/post"}],"author":[{"embeddable":true,"href":"https:\/\/luchonoticias.com\/editor\/wp-json\/wp\/v2\/users\/2"}],"replies":[{"embeddable":true,"href":"https:\/\/luchonoticias.com\/editor\/wp-json\/wp\/v2\/comments?post=80442"}],"version-history":[{"count":1,"href":"https:\/\/luchonoticias.com\/editor\/wp-json\/wp\/v2\/posts\/80442\/revisions"}],"predecessor-version":[{"id":80444,"href":"https:\/\/luchonoticias.com\/editor\/wp-json\/wp\/v2\/posts\/80442\/revisions\/80444"}],"wp:featuredmedia":[{"embeddable":true,"href":"https:\/\/luchonoticias.com\/editor\/wp-json\/wp\/v2\/media\/80443"}],"wp:attachment":[{"href":"https:\/\/luchonoticias.com\/editor\/wp-json\/wp\/v2\/media?parent=80442"}],"wp:term":[{"taxonomy":"category","embeddable":true,"href":"https:\/\/luchonoticias.com\/editor\/wp-json\/wp\/v2\/categories?post=80442"},{"taxonomy":"post_tag","embeddable":true,"href":"https:\/\/luchonoticias.com\/editor\/wp-json\/wp\/v2\/tags?post=80442"}],"curies":[{"name":"wp","href":"https:\/\/api.w.org\/{rel}","templated":true}]}}