{"id":80459,"date":"2025-01-07T15:07:30","date_gmt":"2025-01-07T20:07:30","guid":{"rendered":"https:\/\/luchonoticias.com\/?p=80459"},"modified":"2025-01-07T15:07:32","modified_gmt":"2025-01-07T20:07:32","slug":"suspenden-alzas-en-peajes-de-autopista-norte-antioquia-y-mas-regiones","status":"publish","type":"post","link":"https:\/\/luchonoticias.com\/editor\/suspenden-alzas-en-peajes-de-autopista-norte-antioquia-y-mas-regiones\/","title":{"rendered":"Suspenden alzas en peajes de Autopista Norte, Antioquia y m\u00e1s regiones"},"content":{"rendered":"\n<figure class=\"wp-block-image size-full\"><img loading=\"lazy\" decoding=\"async\" width=\"700\" height=\"400\" src=\"https:\/\/luchonoticias.com\/wp-content\/uploads\/2024\/11\/peaje.jpg\" alt=\"\" class=\"wp-image-78442\" srcset=\"https:\/\/luchonoticias.com\/editor\/wp-content\/uploads\/2024\/11\/peaje.jpg 700w, https:\/\/luchonoticias.com\/editor\/wp-content\/uploads\/2024\/11\/peaje-300x171.jpg 300w\" sizes=\"auto, (max-width: 700px) 100vw, 700px\" \/><\/figure>\n\n\n\n<p>La ministra de Transporte, Mar\u00eda Constanza Garc\u00eda, anunci\u00f3 un acuerdo con seis concesionarios para suspender por seis meses los incrementos contractuales en ocho peajes del pa\u00eds. Esta medida, que ser\u00e1 formalizada a trav\u00e9s de una resoluci\u00f3n del Ministerio, busca aliviar la carga econ\u00f3mica sobre los usuarios mientras la Agencia Nacional de Infraestructura (ANI) explora alternativas para cumplir con los compromisos establecidos en los contratos de concesi\u00f3n.<\/p>\n\n\n\n<p>\u201cEvaluamos las condiciones de estos peajes y logramos un consenso con los concesionarios para suspender los aumentos. Durante este periodo, trabajaremos en una f\u00f3rmula que permita un equilibrio entre las necesidades contractuales y el bienestar ciudadano\u201d, explic\u00f3 la ministra Garc\u00eda. La decisi\u00f3n afecta peajes como Fusca, Andes y Unisabana en la Autopista Norte de Bogot\u00e1; El Placer, en la v\u00eda Rumichaca-Pasto; Cisneros, en Antioquia; Carmen de Bol\u00edvar, en la concesi\u00f3n Puerta de Hierro; Autopista al Mar, en el noroccidente antioque\u00f1o; y Transversal del Siga \u2013 Machet\u00e1.<\/p>\n\n\n\n<p>Adicionalmente, la ministra inform\u00f3 que se est\u00e1n gestionando acuerdos similares para otros 14 peajes que ten\u00edan incrementos previstos superiores al 2,8% decretado de manera general. Estos nuevos pactos tambi\u00e9n deber\u00e1n garantizar un balance entre los ingresos de las concesiones y el impacto en los usuarios.<\/p>\n\n\n\n<p>Esta medida forma parte de los esfuerzos del Gobierno Nacional por atender las preocupaciones ciudadanas sobre las tarifas de los peajes, en un contexto donde los costos del transporte son una preocupaci\u00f3n recurrente para los colombianos.<\/p>\n\n\n\n<p><\/p>\n","protected":false},"excerpt":{"rendered":"<p>La ministra de Transporte, Mar\u00eda Constanza Garc\u00eda, anunci\u00f3 un acuerdo con seis concesionarios para suspender por seis meses los incrementos contractuales en ocho peajes del pa\u00eds. Esta medida, que ser\u00e1 formalizada a trav\u00e9s de una resoluci\u00f3n del Ministerio, busca aliviar la carga econ\u00f3mica sobre los usuarios mientras la Agencia Nacional de Infraestructura (ANI) explora alternativas [&hellip;]<\/p>\n","protected":false},"author":2,"featured_media":78442,"comment_status":"closed","ping_status":"open","sticky":false,"template":"","format":"standard","meta":{"footnotes":""},"categories":[28,32],"tags":[],"class_list":["post-80459","post","type-post","status-publish","format-standard","has-post-thumbnail","hentry","category-actualidad","category-nacional"],"yoast_head":"<!-- This site is optimized with the Yoast SEO plugin v26.6 - https:\/\/yoast.com\/wordpress\/plugins\/seo\/ -->\n<title>Suspenden alzas en peajes de Autopista Norte, Antioquia y m\u00e1s regiones -<\/title>\n<meta name=\"robots\" content=\"index, follow, max-snippet:-1, max-image-preview:large, max-video-preview:-1\" \/>\n<link rel=\"canonical\" href=\"https:\/\/luchonoticias.com\/editor\/suspenden-alzas-en-peajes-de-autopista-norte-antioquia-y-mas-regiones\/\" \/>\n<meta property=\"og:locale\" content=\"es_ES\" \/>\n<meta property=\"og:type\" content=\"article\" \/>\n<meta property=\"og:title\" content=\"Suspenden alzas en peajes de Autopista Norte, Antioquia y m\u00e1s regiones -\" \/>\n<meta property=\"og:url\" content=\"https:\/\/luchonoticias.com\/editor\/suspenden-alzas-en-peajes-de-autopista-norte-antioquia-y-mas-regiones\/\" \/>\n<meta property=\"article:publisher\" content=\"https:\/\/www.facebook.com\/luchonoticiasneiva\" \/>\n<meta property=\"article:published_time\" content=\"2025-01-07T20:07:30+00:00\" \/>\n<meta property=\"article:modified_time\" content=\"2025-01-07T20:07:32+00:00\" \/>\n<meta property=\"og:image\" content=\"https:\/\/luchonoticias.com\/editor\/wp-content\/uploads\/2024\/11\/peaje.jpg\" \/>\n\t<meta property=\"og:image:width\" content=\"700\" \/>\n\t<meta property=\"og:image:height\" content=\"400\" \/>\n\t<meta property=\"og:image:type\" content=\"image\/jpeg\" \/>\n<meta name=\"author\" content=\"Editor General\" \/>\n<meta name=\"twitter:card\" content=\"summary_large_image\" \/>\n<meta name=\"twitter:label1\" content=\"Escrito por\" \/>\n\t<meta name=\"twitter:data1\" content=\"Editor General\" \/>\n\t<meta name=\"twitter:label2\" content=\"Tiempo de lectura\" \/>\n\t<meta name=\"twitter:data2\" content=\"2 minutos\" \/>\n<script type=\"application\/ld+json\" class=\"yoast-schema-graph\">{\"@context\":\"https:\/\/schema.org\",\"@graph\":[{\"@type\":\"Article\",\"@id\":\"https:\/\/luchonoticias.com\/editor\/suspenden-alzas-en-peajes-de-autopista-norte-antioquia-y-mas-regiones\/#article\",\"isPartOf\":{\"@id\":\"https:\/\/luchonoticias.com\/editor\/suspenden-alzas-en-peajes-de-autopista-norte-antioquia-y-mas-regiones\/\"},\"author\":{\"name\":\"Editor General\",\"@id\":\"https:\/\/luchonoticias.com\/editor\/#\/schema\/person\/29217990ddf6f14e35912b2866d591fb\"},\"headline\":\"Suspenden alzas en peajes de Autopista Norte, Antioquia y m\u00e1s regiones\",\"datePublished\":\"2025-01-07T20:07:30+00:00\",\"dateModified\":\"2025-01-07T20:07:32+00:00\",\"mainEntityOfPage\":{\"@id\":\"https:\/\/luchonoticias.com\/editor\/suspenden-alzas-en-peajes-de-autopista-norte-antioquia-y-mas-regiones\/\"},\"wordCount\":261,\"publisher\":{\"@id\":\"https:\/\/luchonoticias.com\/editor\/#\/schema\/person\/7a7fd911f58561fd056dbac7b55af9cd\"},\"image\":{\"@id\":\"https:\/\/luchonoticias.com\/editor\/suspenden-alzas-en-peajes-de-autopista-norte-antioquia-y-mas-regiones\/#primaryimage\"},\"thumbnailUrl\":\"https:\/\/luchonoticias.com\/editor\/wp-content\/uploads\/2024\/11\/peaje.jpg\",\"articleSection\":[\"Actualidad\",\"Nacional\"],\"inLanguage\":\"es\"},{\"@type\":\"WebPage\",\"@id\":\"https:\/\/luchonoticias.com\/editor\/suspenden-alzas-en-peajes-de-autopista-norte-antioquia-y-mas-regiones\/\",\"url\":\"https:\/\/luchonoticias.com\/editor\/suspenden-alzas-en-peajes-de-autopista-norte-antioquia-y-mas-regiones\/\",\"name\":\"Suspenden alzas en peajes de Autopista Norte, Antioquia y m\u00e1s regiones -\",\"isPartOf\":{\"@id\":\"https:\/\/luchonoticias.com\/editor\/#website\"},\"primaryImageOfPage\":{\"@id\":\"https:\/\/luchonoticias.com\/editor\/suspenden-alzas-en-peajes-de-autopista-norte-antioquia-y-mas-regiones\/#primaryimage\"},\"image\":{\"@id\":\"https:\/\/luchonoticias.com\/editor\/suspenden-alzas-en-peajes-de-autopista-norte-antioquia-y-mas-regiones\/#primaryimage\"},\"thumbnailUrl\":\"https:\/\/luchonoticias.com\/editor\/wp-content\/uploads\/2024\/11\/peaje.jpg\",\"datePublished\":\"2025-01-07T20:07:30+00:00\",\"dateModified\":\"2025-01-07T20:07:32+00:00\",\"breadcrumb\":{\"@id\":\"https:\/\/luchonoticias.com\/editor\/suspenden-alzas-en-peajes-de-autopista-norte-antioquia-y-mas-regiones\/#breadcrumb\"},\"inLanguage\":\"es\",\"potentialAction\":[{\"@type\":\"ReadAction\",\"target\":[\"https:\/\/luchonoticias.com\/editor\/suspenden-alzas-en-peajes-de-autopista-norte-antioquia-y-mas-regiones\/\"]}]},{\"@type\":\"ImageObject\",\"inLanguage\":\"es\",\"@id\":\"https:\/\/luchonoticias.com\/editor\/suspenden-alzas-en-peajes-de-autopista-norte-antioquia-y-mas-regiones\/#primaryimage\",\"url\":\"https:\/\/luchonoticias.com\/editor\/wp-content\/uploads\/2024\/11\/peaje.jpg\",\"contentUrl\":\"https:\/\/luchonoticias.com\/editor\/wp-content\/uploads\/2024\/11\/peaje.jpg\",\"width\":700,\"height\":400},{\"@type\":\"BreadcrumbList\",\"@id\":\"https:\/\/luchonoticias.com\/editor\/suspenden-alzas-en-peajes-de-autopista-norte-antioquia-y-mas-regiones\/#breadcrumb\",\"itemListElement\":[{\"@type\":\"ListItem\",\"position\":1,\"name\":\"Portada\",\"item\":\"https:\/\/luchonoticias.com\/editor\/\"},{\"@type\":\"ListItem\",\"position\":2,\"name\":\"Suspenden alzas en peajes de Autopista Norte, Antioquia y m\u00e1s regiones\"}]},{\"@type\":\"WebSite\",\"@id\":\"https:\/\/luchonoticias.com\/editor\/#website\",\"url\":\"https:\/\/luchonoticias.com\/editor\/\",\"name\":\"\",\"description\":\"\",\"publisher\":{\"@id\":\"https:\/\/luchonoticias.com\/editor\/#\/schema\/person\/7a7fd911f58561fd056dbac7b55af9cd\"},\"potentialAction\":[{\"@type\":\"SearchAction\",\"target\":{\"@type\":\"EntryPoint\",\"urlTemplate\":\"https:\/\/luchonoticias.com\/editor\/?s={search_term_string}\"},\"query-input\":{\"@type\":\"PropertyValueSpecification\",\"valueRequired\":true,\"valueName\":\"search_term_string\"}}],\"inLanguage\":\"es\"},{\"@type\":[\"Person\",\"Organization\"],\"@id\":\"https:\/\/luchonoticias.com\/editor\/#\/schema\/person\/7a7fd911f58561fd056dbac7b55af9cd\",\"name\":\"admin\",\"image\":{\"@type\":\"ImageObject\",\"inLanguage\":\"es\",\"@id\":\"https:\/\/luchonoticias.com\/editor\/#\/schema\/person\/image\/\",\"url\":\"https:\/\/luchonoticias.com\/editor\/wp-content\/uploads\/2024\/02\/cropped-cropped-logolu.webp\",\"contentUrl\":\"https:\/\/luchonoticias.com\/editor\/wp-content\/uploads\/2024\/02\/cropped-cropped-logolu.webp\",\"width\":382,\"height\":170,\"caption\":\"admin\"},\"logo\":{\"@id\":\"https:\/\/luchonoticias.com\/editor\/#\/schema\/person\/image\/\"},\"sameAs\":[\"https:\/\/www.facebook.com\/luchonoticiasneiva\"]},{\"@type\":\"Person\",\"@id\":\"https:\/\/luchonoticias.com\/editor\/#\/schema\/person\/29217990ddf6f14e35912b2866d591fb\",\"name\":\"Editor General\",\"image\":{\"@type\":\"ImageObject\",\"inLanguage\":\"es\",\"@id\":\"https:\/\/luchonoticias.com\/editor\/#\/schema\/person\/image\/\",\"url\":\"https:\/\/luchonoticias.com\/editor\/wp-content\/uploads\/2024\/02\/cropped-cropped-logolu-150x150.webp\",\"contentUrl\":\"https:\/\/luchonoticias.com\/editor\/wp-content\/uploads\/2024\/02\/cropped-cropped-logolu-150x150.webp\",\"caption\":\"Editor General\"},\"sameAs\":[\"https:\/\/luchonoticias.com\/\"],\"url\":\"https:\/\/luchonoticias.com\/editor\/author\/editor-general\/\"}]}<\/script>\n<!-- \/ Yoast SEO plugin. -->","yoast_head_json":{"title":"Suspenden alzas en peajes de Autopista Norte, Antioquia y m\u00e1s regiones -","robots":{"index":"index","follow":"follow","max-snippet":"max-snippet:-1","max-image-preview":"max-image-preview:large","max-video-preview":"max-video-preview:-1"},"canonical":"https:\/\/luchonoticias.com\/editor\/suspenden-alzas-en-peajes-de-autopista-norte-antioquia-y-mas-regiones\/","og_locale":"es_ES","og_type":"article","og_title":"Suspenden alzas en peajes de Autopista Norte, Antioquia y m\u00e1s regiones -","og_url":"https:\/\/luchonoticias.com\/editor\/suspenden-alzas-en-peajes-de-autopista-norte-antioquia-y-mas-regiones\/","article_publisher":"https:\/\/www.facebook.com\/luchonoticiasneiva","article_published_time":"2025-01-07T20:07:30+00:00","article_modified_time":"2025-01-07T20:07:32+00:00","og_image":[{"width":700,"height":400,"url":"https:\/\/luchonoticias.com\/editor\/wp-content\/uploads\/2024\/11\/peaje.jpg","type":"image\/jpeg"}],"author":"Editor General","twitter_card":"summary_large_image","twitter_misc":{"Escrito por":"Editor General","Tiempo de lectura":"2 minutos"},"schema":{"@context":"https:\/\/schema.org","@graph":[{"@type":"Article","@id":"https:\/\/luchonoticias.com\/editor\/suspenden-alzas-en-peajes-de-autopista-norte-antioquia-y-mas-regiones\/#article","isPartOf":{"@id":"https:\/\/luchonoticias.com\/editor\/suspenden-alzas-en-peajes-de-autopista-norte-antioquia-y-mas-regiones\/"},"author":{"name":"Editor General","@id":"https:\/\/luchonoticias.com\/editor\/#\/schema\/person\/29217990ddf6f14e35912b2866d591fb"},"headline":"Suspenden alzas en peajes de Autopista Norte, Antioquia y m\u00e1s regiones","datePublished":"2025-01-07T20:07:30+00:00","dateModified":"2025-01-07T20:07:32+00:00","mainEntityOfPage":{"@id":"https:\/\/luchonoticias.com\/editor\/suspenden-alzas-en-peajes-de-autopista-norte-antioquia-y-mas-regiones\/"},"wordCount":261,"publisher":{"@id":"https:\/\/luchonoticias.com\/editor\/#\/schema\/person\/7a7fd911f58561fd056dbac7b55af9cd"},"image":{"@id":"https:\/\/luchonoticias.com\/editor\/suspenden-alzas-en-peajes-de-autopista-norte-antioquia-y-mas-regiones\/#primaryimage"},"thumbnailUrl":"https:\/\/luchonoticias.com\/editor\/wp-content\/uploads\/2024\/11\/peaje.jpg","articleSection":["Actualidad","Nacional"],"inLanguage":"es"},{"@type":"WebPage","@id":"https:\/\/luchonoticias.com\/editor\/suspenden-alzas-en-peajes-de-autopista-norte-antioquia-y-mas-regiones\/","url":"https:\/\/luchonoticias.com\/editor\/suspenden-alzas-en-peajes-de-autopista-norte-antioquia-y-mas-regiones\/","name":"Suspenden alzas en peajes de Autopista Norte, Antioquia y m\u00e1s regiones -","isPartOf":{"@id":"https:\/\/luchonoticias.com\/editor\/#website"},"primaryImageOfPage":{"@id":"https:\/\/luchonoticias.com\/editor\/suspenden-alzas-en-peajes-de-autopista-norte-antioquia-y-mas-regiones\/#primaryimage"},"image":{"@id":"https:\/\/luchonoticias.com\/editor\/suspenden-alzas-en-peajes-de-autopista-norte-antioquia-y-mas-regiones\/#primaryimage"},"thumbnailUrl":"https:\/\/luchonoticias.com\/editor\/wp-content\/uploads\/2024\/11\/peaje.jpg","datePublished":"2025-01-07T20:07:30+00:00","dateModified":"2025-01-07T20:07:32+00:00","breadcrumb":{"@id":"https:\/\/luchonoticias.com\/editor\/suspenden-alzas-en-peajes-de-autopista-norte-antioquia-y-mas-regiones\/#breadcrumb"},"inLanguage":"es","potentialAction":[{"@type":"ReadAction","target":["https:\/\/luchonoticias.com\/editor\/suspenden-alzas-en-peajes-de-autopista-norte-antioquia-y-mas-regiones\/"]}]},{"@type":"ImageObject","inLanguage":"es","@id":"https:\/\/luchonoticias.com\/editor\/suspenden-alzas-en-peajes-de-autopista-norte-antioquia-y-mas-regiones\/#primaryimage","url":"https:\/\/luchonoticias.com\/editor\/wp-content\/uploads\/2024\/11\/peaje.jpg","contentUrl":"https:\/\/luchonoticias.com\/editor\/wp-content\/uploads\/2024\/11\/peaje.jpg","width":700,"height":400},{"@type":"BreadcrumbList","@id":"https:\/\/luchonoticias.com\/editor\/suspenden-alzas-en-peajes-de-autopista-norte-antioquia-y-mas-regiones\/#breadcrumb","itemListElement":[{"@type":"ListItem","position":1,"name":"Portada","item":"https:\/\/luchonoticias.com\/editor\/"},{"@type":"ListItem","position":2,"name":"Suspenden alzas en peajes de Autopista Norte, Antioquia y m\u00e1s regiones"}]},{"@type":"WebSite","@id":"https:\/\/luchonoticias.com\/editor\/#website","url":"https:\/\/luchonoticias.com\/editor\/","name":"","description":"","publisher":{"@id":"https:\/\/luchonoticias.com\/editor\/#\/schema\/person\/7a7fd911f58561fd056dbac7b55af9cd"},"potentialAction":[{"@type":"SearchAction","target":{"@type":"EntryPoint","urlTemplate":"https:\/\/luchonoticias.com\/editor\/?s={search_term_string}"},"query-input":{"@type":"PropertyValueSpecification","valueRequired":true,"valueName":"search_term_string"}}],"inLanguage":"es"},{"@type":["Person","Organization"],"@id":"https:\/\/luchonoticias.com\/editor\/#\/schema\/person\/7a7fd911f58561fd056dbac7b55af9cd","name":"admin","image":{"@type":"ImageObject","inLanguage":"es","@id":"https:\/\/luchonoticias.com\/editor\/#\/schema\/person\/image\/","url":"https:\/\/luchonoticias.com\/editor\/wp-content\/uploads\/2024\/02\/cropped-cropped-logolu.webp","contentUrl":"https:\/\/luchonoticias.com\/editor\/wp-content\/uploads\/2024\/02\/cropped-cropped-logolu.webp","width":382,"height":170,"caption":"admin"},"logo":{"@id":"https:\/\/luchonoticias.com\/editor\/#\/schema\/person\/image\/"},"sameAs":["https:\/\/www.facebook.com\/luchonoticiasneiva"]},{"@type":"Person","@id":"https:\/\/luchonoticias.com\/editor\/#\/schema\/person\/29217990ddf6f14e35912b2866d591fb","name":"Editor General","image":{"@type":"ImageObject","inLanguage":"es","@id":"https:\/\/luchonoticias.com\/editor\/#\/schema\/person\/image\/","url":"https:\/\/luchonoticias.com\/editor\/wp-content\/uploads\/2024\/02\/cropped-cropped-logolu-150x150.webp","contentUrl":"https:\/\/luchonoticias.com\/editor\/wp-content\/uploads\/2024\/02\/cropped-cropped-logolu-150x150.webp","caption":"Editor General"},"sameAs":["https:\/\/luchonoticias.com\/"],"url":"https:\/\/luchonoticias.com\/editor\/author\/editor-general\/"}]}},"_links":{"self":[{"href":"https:\/\/luchonoticias.com\/editor\/wp-json\/wp\/v2\/posts\/80459","targetHints":{"allow":["GET"]}}],"collection":[{"href":"https:\/\/luchonoticias.com\/editor\/wp-json\/wp\/v2\/posts"}],"about":[{"href":"https:\/\/luchonoticias.com\/editor\/wp-json\/wp\/v2\/types\/post"}],"author":[{"embeddable":true,"href":"https:\/\/luchonoticias.com\/editor\/wp-json\/wp\/v2\/users\/2"}],"replies":[{"embeddable":true,"href":"https:\/\/luchonoticias.com\/editor\/wp-json\/wp\/v2\/comments?post=80459"}],"version-history":[{"count":1,"href":"https:\/\/luchonoticias.com\/editor\/wp-json\/wp\/v2\/posts\/80459\/revisions"}],"predecessor-version":[{"id":80460,"href":"https:\/\/luchonoticias.com\/editor\/wp-json\/wp\/v2\/posts\/80459\/revisions\/80460"}],"wp:featuredmedia":[{"embeddable":true,"href":"https:\/\/luchonoticias.com\/editor\/wp-json\/wp\/v2\/media\/78442"}],"wp:attachment":[{"href":"https:\/\/luchonoticias.com\/editor\/wp-json\/wp\/v2\/media?parent=80459"}],"wp:term":[{"taxonomy":"category","embeddable":true,"href":"https:\/\/luchonoticias.com\/editor\/wp-json\/wp\/v2\/categories?post=80459"},{"taxonomy":"post_tag","embeddable":true,"href":"https:\/\/luchonoticias.com\/editor\/wp-json\/wp\/v2\/tags?post=80459"}],"curies":[{"name":"wp","href":"https:\/\/api.w.org\/{rel}","templated":true}]}}