{"id":80469,"date":"2025-01-07T20:03:49","date_gmt":"2025-01-08T01:03:49","guid":{"rendered":"https:\/\/luchonoticias.com\/?p=80469"},"modified":"2025-01-07T20:03:51","modified_gmt":"2025-01-08T01:03:51","slug":"tension-politica-en-venezuela-por-posesion-de-nicolas-maduro","status":"publish","type":"post","link":"https:\/\/luchonoticias.com\/editor\/tension-politica-en-venezuela-por-posesion-de-nicolas-maduro\/","title":{"rendered":"Tensi\u00f3n pol\u00edtica en Venezuela por posesi\u00f3n de Nicol\u00e1s Maduro"},"content":{"rendered":"\n<figure class=\"wp-block-image size-full\"><img loading=\"lazy\" decoding=\"async\" width=\"700\" height=\"400\" src=\"https:\/\/luchonoticias.com\/wp-content\/uploads\/2025\/01\/nicolas-maduro.jpg\" alt=\"\" class=\"wp-image-80470\" srcset=\"https:\/\/luchonoticias.com\/editor\/wp-content\/uploads\/2025\/01\/nicolas-maduro.jpg 700w, https:\/\/luchonoticias.com\/editor\/wp-content\/uploads\/2025\/01\/nicolas-maduro-300x171.jpg 300w\" sizes=\"auto, (max-width: 700px) 100vw, 700px\" \/><\/figure>\n\n\n\n<p>Para este 10 de enero Nicol\u00e1s Maduro tiene previsto tomar posesi\u00f3n como presidente de Venezuela para un tercer mandato consecutivo, en una ceremonia marcada por la ausencia de l\u00edderes de la oposici\u00f3n y el rechazo de varios sectores internacionales que cuestionan la legitimidad del proceso electoral del 28 de julio de 2024.<\/p>\n\n\n\n<p>El acto se cumplir\u00e1 en el Palacio de Miraflores, bajo estrictas medidas de seguridad: un amplio despliegue de fuerzas policiales y militares para prevenir manifestaciones en contra del gobierno. Mientras tanto, el l\u00edder opositor Edmundo Gonz\u00e1lez, quien asegura haber ganado las elecciones, llam\u00f3 a sus seguidores a movilizarse pac\u00edficamente en defensa de lo que califica como \u00abla verdadera voluntad popular\u00bb.<\/p>\n\n\n\n<p>De hecho Gonz\u00e1lez tiene previsto tomar posesi\u00f3n ese mismo d\u00eda como mandatario, argumentando ser el leg\u00edtimo ganador de las elecciones. <\/p>\n\n\n\n<p>La controversia que rodea esta posesi\u00f3n tiene su origen en las denuncias de irregularidades durante las elecciones, incluidas acusaciones de fraude, censura y represi\u00f3n contra candidatos opositores. Adem\u00e1s, organismos internacionales como la Comisi\u00f3n Interamericana de Derechos Humanos (CIDH) han declarado que la reelecci\u00f3n de Maduro carece de legitimidad democr\u00e1tica, aumentando las cr\u00edticas hacia su gesti\u00f3n.<\/p>\n\n\n\n<p>La comunidad internacional permanece dividida frente a este nuevo mandato. Mientras pa\u00edses aliados como Rusia, China e Ir\u00e1n respaldaron la toma de posesi\u00f3n, otras naciones, incluidas Estados Unidos y varios pa\u00edses europeos, han reiterado su desconocimiento al gobierno de Maduro y han manifestado su apoyo a Edmundo Gonz\u00e1lez.<\/p>\n\n\n\n<p><\/p>\n\n\n\n<p><\/p>\n","protected":false},"excerpt":{"rendered":"<p>Para este 10 de enero Nicol\u00e1s Maduro tiene previsto tomar posesi\u00f3n como presidente de Venezuela para un tercer mandato consecutivo, en una ceremonia marcada por la ausencia de l\u00edderes de la oposici\u00f3n y el rechazo de varios sectores internacionales que cuestionan la legitimidad del proceso electoral del 28 de julio de 2024. El acto se [&hellip;]<\/p>\n","protected":false},"author":2,"featured_media":80470,"comment_status":"closed","ping_status":"open","sticky":false,"template":"","format":"standard","meta":{"footnotes":""},"categories":[28],"tags":[],"class_list":["post-80469","post","type-post","status-publish","format-standard","has-post-thumbnail","hentry","category-actualidad"],"yoast_head":"<!-- This site is optimized with the Yoast SEO plugin v26.6 - https:\/\/yoast.com\/wordpress\/plugins\/seo\/ -->\n<title>Tensi\u00f3n pol\u00edtica en Venezuela por posesi\u00f3n de Nicol\u00e1s Maduro -<\/title>\n<meta name=\"robots\" content=\"index, follow, max-snippet:-1, max-image-preview:large, max-video-preview:-1\" \/>\n<link rel=\"canonical\" href=\"https:\/\/luchonoticias.com\/editor\/tension-politica-en-venezuela-por-posesion-de-nicolas-maduro\/\" \/>\n<meta property=\"og:locale\" content=\"es_ES\" \/>\n<meta property=\"og:type\" content=\"article\" \/>\n<meta property=\"og:title\" content=\"Tensi\u00f3n pol\u00edtica en Venezuela por posesi\u00f3n de Nicol\u00e1s Maduro -\" \/>\n<meta property=\"og:url\" content=\"https:\/\/luchonoticias.com\/editor\/tension-politica-en-venezuela-por-posesion-de-nicolas-maduro\/\" \/>\n<meta property=\"article:publisher\" content=\"https:\/\/www.facebook.com\/luchonoticiasneiva\" \/>\n<meta property=\"article:published_time\" content=\"2025-01-08T01:03:49+00:00\" \/>\n<meta property=\"article:modified_time\" content=\"2025-01-08T01:03:51+00:00\" \/>\n<meta property=\"og:image\" content=\"https:\/\/luchonoticias.com\/editor\/wp-content\/uploads\/2025\/01\/nicolas-maduro.jpg\" \/>\n\t<meta property=\"og:image:width\" content=\"700\" \/>\n\t<meta property=\"og:image:height\" content=\"400\" \/>\n\t<meta property=\"og:image:type\" content=\"image\/jpeg\" \/>\n<meta name=\"author\" content=\"Editor General\" \/>\n<meta name=\"twitter:card\" content=\"summary_large_image\" \/>\n<meta name=\"twitter:label1\" content=\"Escrito por\" \/>\n\t<meta name=\"twitter:data1\" content=\"Editor General\" \/>\n\t<meta name=\"twitter:label2\" content=\"Tiempo de lectura\" \/>\n\t<meta name=\"twitter:data2\" content=\"2 minutos\" \/>\n<script type=\"application\/ld+json\" class=\"yoast-schema-graph\">{\"@context\":\"https:\/\/schema.org\",\"@graph\":[{\"@type\":\"Article\",\"@id\":\"https:\/\/luchonoticias.com\/editor\/tension-politica-en-venezuela-por-posesion-de-nicolas-maduro\/#article\",\"isPartOf\":{\"@id\":\"https:\/\/luchonoticias.com\/editor\/tension-politica-en-venezuela-por-posesion-de-nicolas-maduro\/\"},\"author\":{\"name\":\"Editor General\",\"@id\":\"https:\/\/luchonoticias.com\/editor\/#\/schema\/person\/29217990ddf6f14e35912b2866d591fb\"},\"headline\":\"Tensi\u00f3n pol\u00edtica en Venezuela por posesi\u00f3n de Nicol\u00e1s Maduro\",\"datePublished\":\"2025-01-08T01:03:49+00:00\",\"dateModified\":\"2025-01-08T01:03:51+00:00\",\"mainEntityOfPage\":{\"@id\":\"https:\/\/luchonoticias.com\/editor\/tension-politica-en-venezuela-por-posesion-de-nicolas-maduro\/\"},\"wordCount\":269,\"publisher\":{\"@id\":\"https:\/\/luchonoticias.com\/editor\/#\/schema\/person\/7a7fd911f58561fd056dbac7b55af9cd\"},\"image\":{\"@id\":\"https:\/\/luchonoticias.com\/editor\/tension-politica-en-venezuela-por-posesion-de-nicolas-maduro\/#primaryimage\"},\"thumbnailUrl\":\"https:\/\/luchonoticias.com\/editor\/wp-content\/uploads\/2025\/01\/nicolas-maduro.jpg\",\"articleSection\":[\"Actualidad\"],\"inLanguage\":\"es\"},{\"@type\":\"WebPage\",\"@id\":\"https:\/\/luchonoticias.com\/editor\/tension-politica-en-venezuela-por-posesion-de-nicolas-maduro\/\",\"url\":\"https:\/\/luchonoticias.com\/editor\/tension-politica-en-venezuela-por-posesion-de-nicolas-maduro\/\",\"name\":\"Tensi\u00f3n pol\u00edtica en Venezuela por posesi\u00f3n de Nicol\u00e1s Maduro -\",\"isPartOf\":{\"@id\":\"https:\/\/luchonoticias.com\/editor\/#website\"},\"primaryImageOfPage\":{\"@id\":\"https:\/\/luchonoticias.com\/editor\/tension-politica-en-venezuela-por-posesion-de-nicolas-maduro\/#primaryimage\"},\"image\":{\"@id\":\"https:\/\/luchonoticias.com\/editor\/tension-politica-en-venezuela-por-posesion-de-nicolas-maduro\/#primaryimage\"},\"thumbnailUrl\":\"https:\/\/luchonoticias.com\/editor\/wp-content\/uploads\/2025\/01\/nicolas-maduro.jpg\",\"datePublished\":\"2025-01-08T01:03:49+00:00\",\"dateModified\":\"2025-01-08T01:03:51+00:00\",\"breadcrumb\":{\"@id\":\"https:\/\/luchonoticias.com\/editor\/tension-politica-en-venezuela-por-posesion-de-nicolas-maduro\/#breadcrumb\"},\"inLanguage\":\"es\",\"potentialAction\":[{\"@type\":\"ReadAction\",\"target\":[\"https:\/\/luchonoticias.com\/editor\/tension-politica-en-venezuela-por-posesion-de-nicolas-maduro\/\"]}]},{\"@type\":\"ImageObject\",\"inLanguage\":\"es\",\"@id\":\"https:\/\/luchonoticias.com\/editor\/tension-politica-en-venezuela-por-posesion-de-nicolas-maduro\/#primaryimage\",\"url\":\"https:\/\/luchonoticias.com\/editor\/wp-content\/uploads\/2025\/01\/nicolas-maduro.jpg\",\"contentUrl\":\"https:\/\/luchonoticias.com\/editor\/wp-content\/uploads\/2025\/01\/nicolas-maduro.jpg\",\"width\":700,\"height\":400},{\"@type\":\"BreadcrumbList\",\"@id\":\"https:\/\/luchonoticias.com\/editor\/tension-politica-en-venezuela-por-posesion-de-nicolas-maduro\/#breadcrumb\",\"itemListElement\":[{\"@type\":\"ListItem\",\"position\":1,\"name\":\"Portada\",\"item\":\"https:\/\/luchonoticias.com\/editor\/\"},{\"@type\":\"ListItem\",\"position\":2,\"name\":\"Tensi\u00f3n pol\u00edtica en Venezuela por posesi\u00f3n de Nicol\u00e1s Maduro\"}]},{\"@type\":\"WebSite\",\"@id\":\"https:\/\/luchonoticias.com\/editor\/#website\",\"url\":\"https:\/\/luchonoticias.com\/editor\/\",\"name\":\"\",\"description\":\"\",\"publisher\":{\"@id\":\"https:\/\/luchonoticias.com\/editor\/#\/schema\/person\/7a7fd911f58561fd056dbac7b55af9cd\"},\"potentialAction\":[{\"@type\":\"SearchAction\",\"target\":{\"@type\":\"EntryPoint\",\"urlTemplate\":\"https:\/\/luchonoticias.com\/editor\/?s={search_term_string}\"},\"query-input\":{\"@type\":\"PropertyValueSpecification\",\"valueRequired\":true,\"valueName\":\"search_term_string\"}}],\"inLanguage\":\"es\"},{\"@type\":[\"Person\",\"Organization\"],\"@id\":\"https:\/\/luchonoticias.com\/editor\/#\/schema\/person\/7a7fd911f58561fd056dbac7b55af9cd\",\"name\":\"admin\",\"image\":{\"@type\":\"ImageObject\",\"inLanguage\":\"es\",\"@id\":\"https:\/\/luchonoticias.com\/editor\/#\/schema\/person\/image\/\",\"url\":\"https:\/\/luchonoticias.com\/editor\/wp-content\/uploads\/2024\/02\/cropped-cropped-logolu.webp\",\"contentUrl\":\"https:\/\/luchonoticias.com\/editor\/wp-content\/uploads\/2024\/02\/cropped-cropped-logolu.webp\",\"width\":382,\"height\":170,\"caption\":\"admin\"},\"logo\":{\"@id\":\"https:\/\/luchonoticias.com\/editor\/#\/schema\/person\/image\/\"},\"sameAs\":[\"https:\/\/www.facebook.com\/luchonoticiasneiva\"]},{\"@type\":\"Person\",\"@id\":\"https:\/\/luchonoticias.com\/editor\/#\/schema\/person\/29217990ddf6f14e35912b2866d591fb\",\"name\":\"Editor General\",\"image\":{\"@type\":\"ImageObject\",\"inLanguage\":\"es\",\"@id\":\"https:\/\/luchonoticias.com\/editor\/#\/schema\/person\/image\/\",\"url\":\"https:\/\/luchonoticias.com\/editor\/wp-content\/uploads\/2024\/02\/cropped-cropped-logolu-150x150.webp\",\"contentUrl\":\"https:\/\/luchonoticias.com\/editor\/wp-content\/uploads\/2024\/02\/cropped-cropped-logolu-150x150.webp\",\"caption\":\"Editor General\"},\"sameAs\":[\"https:\/\/luchonoticias.com\/\"],\"url\":\"https:\/\/luchonoticias.com\/editor\/author\/editor-general\/\"}]}<\/script>\n<!-- \/ Yoast SEO plugin. -->","yoast_head_json":{"title":"Tensi\u00f3n pol\u00edtica en Venezuela por posesi\u00f3n de Nicol\u00e1s Maduro -","robots":{"index":"index","follow":"follow","max-snippet":"max-snippet:-1","max-image-preview":"max-image-preview:large","max-video-preview":"max-video-preview:-1"},"canonical":"https:\/\/luchonoticias.com\/editor\/tension-politica-en-venezuela-por-posesion-de-nicolas-maduro\/","og_locale":"es_ES","og_type":"article","og_title":"Tensi\u00f3n pol\u00edtica en Venezuela por posesi\u00f3n de Nicol\u00e1s Maduro -","og_url":"https:\/\/luchonoticias.com\/editor\/tension-politica-en-venezuela-por-posesion-de-nicolas-maduro\/","article_publisher":"https:\/\/www.facebook.com\/luchonoticiasneiva","article_published_time":"2025-01-08T01:03:49+00:00","article_modified_time":"2025-01-08T01:03:51+00:00","og_image":[{"width":700,"height":400,"url":"https:\/\/luchonoticias.com\/editor\/wp-content\/uploads\/2025\/01\/nicolas-maduro.jpg","type":"image\/jpeg"}],"author":"Editor General","twitter_card":"summary_large_image","twitter_misc":{"Escrito por":"Editor General","Tiempo de lectura":"2 minutos"},"schema":{"@context":"https:\/\/schema.org","@graph":[{"@type":"Article","@id":"https:\/\/luchonoticias.com\/editor\/tension-politica-en-venezuela-por-posesion-de-nicolas-maduro\/#article","isPartOf":{"@id":"https:\/\/luchonoticias.com\/editor\/tension-politica-en-venezuela-por-posesion-de-nicolas-maduro\/"},"author":{"name":"Editor General","@id":"https:\/\/luchonoticias.com\/editor\/#\/schema\/person\/29217990ddf6f14e35912b2866d591fb"},"headline":"Tensi\u00f3n pol\u00edtica en Venezuela por posesi\u00f3n de Nicol\u00e1s Maduro","datePublished":"2025-01-08T01:03:49+00:00","dateModified":"2025-01-08T01:03:51+00:00","mainEntityOfPage":{"@id":"https:\/\/luchonoticias.com\/editor\/tension-politica-en-venezuela-por-posesion-de-nicolas-maduro\/"},"wordCount":269,"publisher":{"@id":"https:\/\/luchonoticias.com\/editor\/#\/schema\/person\/7a7fd911f58561fd056dbac7b55af9cd"},"image":{"@id":"https:\/\/luchonoticias.com\/editor\/tension-politica-en-venezuela-por-posesion-de-nicolas-maduro\/#primaryimage"},"thumbnailUrl":"https:\/\/luchonoticias.com\/editor\/wp-content\/uploads\/2025\/01\/nicolas-maduro.jpg","articleSection":["Actualidad"],"inLanguage":"es"},{"@type":"WebPage","@id":"https:\/\/luchonoticias.com\/editor\/tension-politica-en-venezuela-por-posesion-de-nicolas-maduro\/","url":"https:\/\/luchonoticias.com\/editor\/tension-politica-en-venezuela-por-posesion-de-nicolas-maduro\/","name":"Tensi\u00f3n pol\u00edtica en Venezuela por posesi\u00f3n de Nicol\u00e1s Maduro -","isPartOf":{"@id":"https:\/\/luchonoticias.com\/editor\/#website"},"primaryImageOfPage":{"@id":"https:\/\/luchonoticias.com\/editor\/tension-politica-en-venezuela-por-posesion-de-nicolas-maduro\/#primaryimage"},"image":{"@id":"https:\/\/luchonoticias.com\/editor\/tension-politica-en-venezuela-por-posesion-de-nicolas-maduro\/#primaryimage"},"thumbnailUrl":"https:\/\/luchonoticias.com\/editor\/wp-content\/uploads\/2025\/01\/nicolas-maduro.jpg","datePublished":"2025-01-08T01:03:49+00:00","dateModified":"2025-01-08T01:03:51+00:00","breadcrumb":{"@id":"https:\/\/luchonoticias.com\/editor\/tension-politica-en-venezuela-por-posesion-de-nicolas-maduro\/#breadcrumb"},"inLanguage":"es","potentialAction":[{"@type":"ReadAction","target":["https:\/\/luchonoticias.com\/editor\/tension-politica-en-venezuela-por-posesion-de-nicolas-maduro\/"]}]},{"@type":"ImageObject","inLanguage":"es","@id":"https:\/\/luchonoticias.com\/editor\/tension-politica-en-venezuela-por-posesion-de-nicolas-maduro\/#primaryimage","url":"https:\/\/luchonoticias.com\/editor\/wp-content\/uploads\/2025\/01\/nicolas-maduro.jpg","contentUrl":"https:\/\/luchonoticias.com\/editor\/wp-content\/uploads\/2025\/01\/nicolas-maduro.jpg","width":700,"height":400},{"@type":"BreadcrumbList","@id":"https:\/\/luchonoticias.com\/editor\/tension-politica-en-venezuela-por-posesion-de-nicolas-maduro\/#breadcrumb","itemListElement":[{"@type":"ListItem","position":1,"name":"Portada","item":"https:\/\/luchonoticias.com\/editor\/"},{"@type":"ListItem","position":2,"name":"Tensi\u00f3n pol\u00edtica en Venezuela por posesi\u00f3n de Nicol\u00e1s Maduro"}]},{"@type":"WebSite","@id":"https:\/\/luchonoticias.com\/editor\/#website","url":"https:\/\/luchonoticias.com\/editor\/","name":"","description":"","publisher":{"@id":"https:\/\/luchonoticias.com\/editor\/#\/schema\/person\/7a7fd911f58561fd056dbac7b55af9cd"},"potentialAction":[{"@type":"SearchAction","target":{"@type":"EntryPoint","urlTemplate":"https:\/\/luchonoticias.com\/editor\/?s={search_term_string}"},"query-input":{"@type":"PropertyValueSpecification","valueRequired":true,"valueName":"search_term_string"}}],"inLanguage":"es"},{"@type":["Person","Organization"],"@id":"https:\/\/luchonoticias.com\/editor\/#\/schema\/person\/7a7fd911f58561fd056dbac7b55af9cd","name":"admin","image":{"@type":"ImageObject","inLanguage":"es","@id":"https:\/\/luchonoticias.com\/editor\/#\/schema\/person\/image\/","url":"https:\/\/luchonoticias.com\/editor\/wp-content\/uploads\/2024\/02\/cropped-cropped-logolu.webp","contentUrl":"https:\/\/luchonoticias.com\/editor\/wp-content\/uploads\/2024\/02\/cropped-cropped-logolu.webp","width":382,"height":170,"caption":"admin"},"logo":{"@id":"https:\/\/luchonoticias.com\/editor\/#\/schema\/person\/image\/"},"sameAs":["https:\/\/www.facebook.com\/luchonoticiasneiva"]},{"@type":"Person","@id":"https:\/\/luchonoticias.com\/editor\/#\/schema\/person\/29217990ddf6f14e35912b2866d591fb","name":"Editor General","image":{"@type":"ImageObject","inLanguage":"es","@id":"https:\/\/luchonoticias.com\/editor\/#\/schema\/person\/image\/","url":"https:\/\/luchonoticias.com\/editor\/wp-content\/uploads\/2024\/02\/cropped-cropped-logolu-150x150.webp","contentUrl":"https:\/\/luchonoticias.com\/editor\/wp-content\/uploads\/2024\/02\/cropped-cropped-logolu-150x150.webp","caption":"Editor General"},"sameAs":["https:\/\/luchonoticias.com\/"],"url":"https:\/\/luchonoticias.com\/editor\/author\/editor-general\/"}]}},"_links":{"self":[{"href":"https:\/\/luchonoticias.com\/editor\/wp-json\/wp\/v2\/posts\/80469","targetHints":{"allow":["GET"]}}],"collection":[{"href":"https:\/\/luchonoticias.com\/editor\/wp-json\/wp\/v2\/posts"}],"about":[{"href":"https:\/\/luchonoticias.com\/editor\/wp-json\/wp\/v2\/types\/post"}],"author":[{"embeddable":true,"href":"https:\/\/luchonoticias.com\/editor\/wp-json\/wp\/v2\/users\/2"}],"replies":[{"embeddable":true,"href":"https:\/\/luchonoticias.com\/editor\/wp-json\/wp\/v2\/comments?post=80469"}],"version-history":[{"count":1,"href":"https:\/\/luchonoticias.com\/editor\/wp-json\/wp\/v2\/posts\/80469\/revisions"}],"predecessor-version":[{"id":80471,"href":"https:\/\/luchonoticias.com\/editor\/wp-json\/wp\/v2\/posts\/80469\/revisions\/80471"}],"wp:featuredmedia":[{"embeddable":true,"href":"https:\/\/luchonoticias.com\/editor\/wp-json\/wp\/v2\/media\/80470"}],"wp:attachment":[{"href":"https:\/\/luchonoticias.com\/editor\/wp-json\/wp\/v2\/media?parent=80469"}],"wp:term":[{"taxonomy":"category","embeddable":true,"href":"https:\/\/luchonoticias.com\/editor\/wp-json\/wp\/v2\/categories?post=80469"},{"taxonomy":"post_tag","embeddable":true,"href":"https:\/\/luchonoticias.com\/editor\/wp-json\/wp\/v2\/tags?post=80469"}],"curies":[{"name":"wp","href":"https:\/\/api.w.org\/{rel}","templated":true}]}}