{"id":80472,"date":"2025-01-07T20:15:06","date_gmt":"2025-01-08T01:15:06","guid":{"rendered":"https:\/\/luchonoticias.com\/?p=80472"},"modified":"2025-01-07T20:15:07","modified_gmt":"2025-01-08T01:15:07","slug":"figuras-colombianas-piden-al-gobierno-no-respaldar-a-nicolas-maduro","status":"publish","type":"post","link":"https:\/\/luchonoticias.com\/editor\/figuras-colombianas-piden-al-gobierno-no-respaldar-a-nicolas-maduro\/","title":{"rendered":"Figuras colombianas piden al Gobierno no respaldar a Nicol\u00e1s Maduro"},"content":{"rendered":"\n<figure class=\"wp-block-image size-full\"><img loading=\"lazy\" decoding=\"async\" width=\"700\" height=\"400\" src=\"https:\/\/luchonoticias.com\/wp-content\/uploads\/2025\/01\/maduro-3.jpg\" alt=\"\" class=\"wp-image-80473\" srcset=\"https:\/\/luchonoticias.com\/editor\/wp-content\/uploads\/2025\/01\/maduro-3.jpg 700w, https:\/\/luchonoticias.com\/editor\/wp-content\/uploads\/2025\/01\/maduro-3-300x171.jpg 300w\" sizes=\"auto, (max-width: 700px) 100vw, 700px\" \/><\/figure>\n\n\n\n<p>M\u00e1s de 500 figuras destacadas de Colombia, incluyendo excancilleres, exministros, economistas y acad\u00e9micos, firmaron una carta dirigida al presidente Gustavo Petro, al Congreso, a la Comisi\u00f3n Asesora de Relaciones Exteriores \u2014que integra a expresidentes de la Rep\u00fablica\u2014 y a toda la ciudadan\u00eda. En ella, expresan su rechazo \u00aben\u00e9rgico\u00bb a la asistencia oficial del Gobierno colombiano al acto de posesi\u00f3n de Nicol\u00e1s Maduro, programado para este viernes, 10 de enero, en Venezuela.<\/p>\n\n\n\n<p>\u201cNos dirigimos a ustedes como un amplio grupo de colombianos para manifestar nuestro rechazo a la decisi\u00f3n del Gobierno colombiano de asistir al cambio de mando en Venezuela\u201d, se\u00f1ala el documento. Los firmantes destacan que esta decisi\u00f3n contradice el sentir mayoritario del pa\u00eds, pues \u201cel 90 % de los colombianos est\u00e1 en desacuerdo con que el Gobierno de Colombia reconozca a Nicol\u00e1s Maduro como presidente\u201d.<\/p>\n\n\n\n<p>La misiva tambi\u00e9n pone en evidencia la crisis humanitaria venezolana, subrayando que m\u00e1s de siete millones de ciudadanos han tenido que emigrar debido a las pol\u00edticas del r\u00e9gimen de Maduro. Ante esta situaci\u00f3n, los firmantes instaron al Ejecutivo a reconsiderar su postura y a priorizar la defensa de los valores democr\u00e1ticos.<\/p>\n\n\n\n<p>\u201cNo podemos ser espectadores pasivos ante un acto que legitima la opresi\u00f3n. Hacemos un llamado a todos los colombianos a manifestar su rechazo, sin importar su ideolog\u00eda. La historia nos ha demostrado que la complicidad con reg\u00edmenes autoritarios nos deja sin voz y sin poder\u201d, a\u00f1ade el comunicado.<\/p>\n\n\n\n<p>Finalmente, los firmantes pidieron al Congreso y a la Comisi\u00f3n Asesora de Relaciones Exteriores que act\u00faen en consonancia con el sentir de la ciudadan\u00eda. \u201cIgnorar esta realidad es cerrar los ojos ante el sufrimiento de un pueblo hermano y renunciar a la defensa de los derechos humanos. Defender la democracia no es solo una opci\u00f3n, sino una obligaci\u00f3n\u201d, concluyen.<\/p>\n","protected":false},"excerpt":{"rendered":"<p>M\u00e1s de 500 figuras destacadas de Colombia, incluyendo excancilleres, exministros, economistas y acad\u00e9micos, firmaron una carta dirigida al presidente Gustavo Petro, al Congreso, a la Comisi\u00f3n Asesora de Relaciones Exteriores \u2014que integra a expresidentes de la Rep\u00fablica\u2014 y a toda la ciudadan\u00eda. En ella, expresan su rechazo \u00aben\u00e9rgico\u00bb a la asistencia oficial del Gobierno colombiano [&hellip;]<\/p>\n","protected":false},"author":2,"featured_media":80473,"comment_status":"closed","ping_status":"open","sticky":false,"template":"","format":"standard","meta":{"footnotes":""},"categories":[28,32],"tags":[],"class_list":["post-80472","post","type-post","status-publish","format-standard","has-post-thumbnail","hentry","category-actualidad","category-nacional"],"yoast_head":"<!-- This site is optimized with the Yoast SEO plugin v26.6 - https:\/\/yoast.com\/wordpress\/plugins\/seo\/ -->\n<title>Figuras colombianas piden al Gobierno no respaldar a Nicol\u00e1s Maduro -<\/title>\n<meta name=\"robots\" content=\"index, follow, max-snippet:-1, max-image-preview:large, max-video-preview:-1\" \/>\n<link rel=\"canonical\" href=\"https:\/\/luchonoticias.com\/editor\/figuras-colombianas-piden-al-gobierno-no-respaldar-a-nicolas-maduro\/\" \/>\n<meta property=\"og:locale\" content=\"es_ES\" \/>\n<meta property=\"og:type\" content=\"article\" \/>\n<meta property=\"og:title\" content=\"Figuras colombianas piden al Gobierno no respaldar a Nicol\u00e1s Maduro -\" \/>\n<meta property=\"og:url\" content=\"https:\/\/luchonoticias.com\/editor\/figuras-colombianas-piden-al-gobierno-no-respaldar-a-nicolas-maduro\/\" \/>\n<meta property=\"article:publisher\" content=\"https:\/\/www.facebook.com\/luchonoticiasneiva\" \/>\n<meta property=\"article:published_time\" content=\"2025-01-08T01:15:06+00:00\" \/>\n<meta property=\"article:modified_time\" content=\"2025-01-08T01:15:07+00:00\" \/>\n<meta property=\"og:image\" content=\"https:\/\/luchonoticias.com\/editor\/wp-content\/uploads\/2025\/01\/maduro-3.jpg\" \/>\n\t<meta property=\"og:image:width\" content=\"700\" \/>\n\t<meta property=\"og:image:height\" content=\"400\" \/>\n\t<meta property=\"og:image:type\" content=\"image\/jpeg\" \/>\n<meta name=\"author\" content=\"Editor General\" \/>\n<meta name=\"twitter:card\" content=\"summary_large_image\" \/>\n<meta name=\"twitter:label1\" content=\"Escrito por\" \/>\n\t<meta name=\"twitter:data1\" content=\"Editor General\" \/>\n\t<meta name=\"twitter:label2\" content=\"Tiempo de lectura\" \/>\n\t<meta name=\"twitter:data2\" content=\"2 minutos\" \/>\n<script type=\"application\/ld+json\" class=\"yoast-schema-graph\">{\"@context\":\"https:\/\/schema.org\",\"@graph\":[{\"@type\":\"Article\",\"@id\":\"https:\/\/luchonoticias.com\/editor\/figuras-colombianas-piden-al-gobierno-no-respaldar-a-nicolas-maduro\/#article\",\"isPartOf\":{\"@id\":\"https:\/\/luchonoticias.com\/editor\/figuras-colombianas-piden-al-gobierno-no-respaldar-a-nicolas-maduro\/\"},\"author\":{\"name\":\"Editor General\",\"@id\":\"https:\/\/luchonoticias.com\/editor\/#\/schema\/person\/29217990ddf6f14e35912b2866d591fb\"},\"headline\":\"Figuras colombianas piden al Gobierno no respaldar a Nicol\u00e1s Maduro\",\"datePublished\":\"2025-01-08T01:15:06+00:00\",\"dateModified\":\"2025-01-08T01:15:07+00:00\",\"mainEntityOfPage\":{\"@id\":\"https:\/\/luchonoticias.com\/editor\/figuras-colombianas-piden-al-gobierno-no-respaldar-a-nicolas-maduro\/\"},\"wordCount\":329,\"publisher\":{\"@id\":\"https:\/\/luchonoticias.com\/editor\/#\/schema\/person\/7a7fd911f58561fd056dbac7b55af9cd\"},\"image\":{\"@id\":\"https:\/\/luchonoticias.com\/editor\/figuras-colombianas-piden-al-gobierno-no-respaldar-a-nicolas-maduro\/#primaryimage\"},\"thumbnailUrl\":\"https:\/\/luchonoticias.com\/editor\/wp-content\/uploads\/2025\/01\/maduro-3.jpg\",\"articleSection\":[\"Actualidad\",\"Nacional\"],\"inLanguage\":\"es\"},{\"@type\":\"WebPage\",\"@id\":\"https:\/\/luchonoticias.com\/editor\/figuras-colombianas-piden-al-gobierno-no-respaldar-a-nicolas-maduro\/\",\"url\":\"https:\/\/luchonoticias.com\/editor\/figuras-colombianas-piden-al-gobierno-no-respaldar-a-nicolas-maduro\/\",\"name\":\"Figuras colombianas piden al Gobierno no respaldar a Nicol\u00e1s Maduro -\",\"isPartOf\":{\"@id\":\"https:\/\/luchonoticias.com\/editor\/#website\"},\"primaryImageOfPage\":{\"@id\":\"https:\/\/luchonoticias.com\/editor\/figuras-colombianas-piden-al-gobierno-no-respaldar-a-nicolas-maduro\/#primaryimage\"},\"image\":{\"@id\":\"https:\/\/luchonoticias.com\/editor\/figuras-colombianas-piden-al-gobierno-no-respaldar-a-nicolas-maduro\/#primaryimage\"},\"thumbnailUrl\":\"https:\/\/luchonoticias.com\/editor\/wp-content\/uploads\/2025\/01\/maduro-3.jpg\",\"datePublished\":\"2025-01-08T01:15:06+00:00\",\"dateModified\":\"2025-01-08T01:15:07+00:00\",\"breadcrumb\":{\"@id\":\"https:\/\/luchonoticias.com\/editor\/figuras-colombianas-piden-al-gobierno-no-respaldar-a-nicolas-maduro\/#breadcrumb\"},\"inLanguage\":\"es\",\"potentialAction\":[{\"@type\":\"ReadAction\",\"target\":[\"https:\/\/luchonoticias.com\/editor\/figuras-colombianas-piden-al-gobierno-no-respaldar-a-nicolas-maduro\/\"]}]},{\"@type\":\"ImageObject\",\"inLanguage\":\"es\",\"@id\":\"https:\/\/luchonoticias.com\/editor\/figuras-colombianas-piden-al-gobierno-no-respaldar-a-nicolas-maduro\/#primaryimage\",\"url\":\"https:\/\/luchonoticias.com\/editor\/wp-content\/uploads\/2025\/01\/maduro-3.jpg\",\"contentUrl\":\"https:\/\/luchonoticias.com\/editor\/wp-content\/uploads\/2025\/01\/maduro-3.jpg\",\"width\":700,\"height\":400},{\"@type\":\"BreadcrumbList\",\"@id\":\"https:\/\/luchonoticias.com\/editor\/figuras-colombianas-piden-al-gobierno-no-respaldar-a-nicolas-maduro\/#breadcrumb\",\"itemListElement\":[{\"@type\":\"ListItem\",\"position\":1,\"name\":\"Portada\",\"item\":\"https:\/\/luchonoticias.com\/editor\/\"},{\"@type\":\"ListItem\",\"position\":2,\"name\":\"Figuras colombianas piden al Gobierno no respaldar a Nicol\u00e1s Maduro\"}]},{\"@type\":\"WebSite\",\"@id\":\"https:\/\/luchonoticias.com\/editor\/#website\",\"url\":\"https:\/\/luchonoticias.com\/editor\/\",\"name\":\"\",\"description\":\"\",\"publisher\":{\"@id\":\"https:\/\/luchonoticias.com\/editor\/#\/schema\/person\/7a7fd911f58561fd056dbac7b55af9cd\"},\"potentialAction\":[{\"@type\":\"SearchAction\",\"target\":{\"@type\":\"EntryPoint\",\"urlTemplate\":\"https:\/\/luchonoticias.com\/editor\/?s={search_term_string}\"},\"query-input\":{\"@type\":\"PropertyValueSpecification\",\"valueRequired\":true,\"valueName\":\"search_term_string\"}}],\"inLanguage\":\"es\"},{\"@type\":[\"Person\",\"Organization\"],\"@id\":\"https:\/\/luchonoticias.com\/editor\/#\/schema\/person\/7a7fd911f58561fd056dbac7b55af9cd\",\"name\":\"admin\",\"image\":{\"@type\":\"ImageObject\",\"inLanguage\":\"es\",\"@id\":\"https:\/\/luchonoticias.com\/editor\/#\/schema\/person\/image\/\",\"url\":\"https:\/\/luchonoticias.com\/editor\/wp-content\/uploads\/2024\/02\/cropped-cropped-logolu.webp\",\"contentUrl\":\"https:\/\/luchonoticias.com\/editor\/wp-content\/uploads\/2024\/02\/cropped-cropped-logolu.webp\",\"width\":382,\"height\":170,\"caption\":\"admin\"},\"logo\":{\"@id\":\"https:\/\/luchonoticias.com\/editor\/#\/schema\/person\/image\/\"},\"sameAs\":[\"https:\/\/www.facebook.com\/luchonoticiasneiva\"]},{\"@type\":\"Person\",\"@id\":\"https:\/\/luchonoticias.com\/editor\/#\/schema\/person\/29217990ddf6f14e35912b2866d591fb\",\"name\":\"Editor General\",\"image\":{\"@type\":\"ImageObject\",\"inLanguage\":\"es\",\"@id\":\"https:\/\/luchonoticias.com\/editor\/#\/schema\/person\/image\/\",\"url\":\"https:\/\/luchonoticias.com\/editor\/wp-content\/uploads\/2024\/02\/cropped-cropped-logolu-150x150.webp\",\"contentUrl\":\"https:\/\/luchonoticias.com\/editor\/wp-content\/uploads\/2024\/02\/cropped-cropped-logolu-150x150.webp\",\"caption\":\"Editor General\"},\"sameAs\":[\"https:\/\/luchonoticias.com\/\"],\"url\":\"https:\/\/luchonoticias.com\/editor\/author\/editor-general\/\"}]}<\/script>\n<!-- \/ Yoast SEO plugin. -->","yoast_head_json":{"title":"Figuras colombianas piden al Gobierno no respaldar a Nicol\u00e1s Maduro -","robots":{"index":"index","follow":"follow","max-snippet":"max-snippet:-1","max-image-preview":"max-image-preview:large","max-video-preview":"max-video-preview:-1"},"canonical":"https:\/\/luchonoticias.com\/editor\/figuras-colombianas-piden-al-gobierno-no-respaldar-a-nicolas-maduro\/","og_locale":"es_ES","og_type":"article","og_title":"Figuras colombianas piden al Gobierno no respaldar a Nicol\u00e1s Maduro -","og_url":"https:\/\/luchonoticias.com\/editor\/figuras-colombianas-piden-al-gobierno-no-respaldar-a-nicolas-maduro\/","article_publisher":"https:\/\/www.facebook.com\/luchonoticiasneiva","article_published_time":"2025-01-08T01:15:06+00:00","article_modified_time":"2025-01-08T01:15:07+00:00","og_image":[{"width":700,"height":400,"url":"https:\/\/luchonoticias.com\/editor\/wp-content\/uploads\/2025\/01\/maduro-3.jpg","type":"image\/jpeg"}],"author":"Editor General","twitter_card":"summary_large_image","twitter_misc":{"Escrito por":"Editor General","Tiempo de lectura":"2 minutos"},"schema":{"@context":"https:\/\/schema.org","@graph":[{"@type":"Article","@id":"https:\/\/luchonoticias.com\/editor\/figuras-colombianas-piden-al-gobierno-no-respaldar-a-nicolas-maduro\/#article","isPartOf":{"@id":"https:\/\/luchonoticias.com\/editor\/figuras-colombianas-piden-al-gobierno-no-respaldar-a-nicolas-maduro\/"},"author":{"name":"Editor General","@id":"https:\/\/luchonoticias.com\/editor\/#\/schema\/person\/29217990ddf6f14e35912b2866d591fb"},"headline":"Figuras colombianas piden al Gobierno no respaldar a Nicol\u00e1s Maduro","datePublished":"2025-01-08T01:15:06+00:00","dateModified":"2025-01-08T01:15:07+00:00","mainEntityOfPage":{"@id":"https:\/\/luchonoticias.com\/editor\/figuras-colombianas-piden-al-gobierno-no-respaldar-a-nicolas-maduro\/"},"wordCount":329,"publisher":{"@id":"https:\/\/luchonoticias.com\/editor\/#\/schema\/person\/7a7fd911f58561fd056dbac7b55af9cd"},"image":{"@id":"https:\/\/luchonoticias.com\/editor\/figuras-colombianas-piden-al-gobierno-no-respaldar-a-nicolas-maduro\/#primaryimage"},"thumbnailUrl":"https:\/\/luchonoticias.com\/editor\/wp-content\/uploads\/2025\/01\/maduro-3.jpg","articleSection":["Actualidad","Nacional"],"inLanguage":"es"},{"@type":"WebPage","@id":"https:\/\/luchonoticias.com\/editor\/figuras-colombianas-piden-al-gobierno-no-respaldar-a-nicolas-maduro\/","url":"https:\/\/luchonoticias.com\/editor\/figuras-colombianas-piden-al-gobierno-no-respaldar-a-nicolas-maduro\/","name":"Figuras colombianas piden al Gobierno no respaldar a Nicol\u00e1s Maduro -","isPartOf":{"@id":"https:\/\/luchonoticias.com\/editor\/#website"},"primaryImageOfPage":{"@id":"https:\/\/luchonoticias.com\/editor\/figuras-colombianas-piden-al-gobierno-no-respaldar-a-nicolas-maduro\/#primaryimage"},"image":{"@id":"https:\/\/luchonoticias.com\/editor\/figuras-colombianas-piden-al-gobierno-no-respaldar-a-nicolas-maduro\/#primaryimage"},"thumbnailUrl":"https:\/\/luchonoticias.com\/editor\/wp-content\/uploads\/2025\/01\/maduro-3.jpg","datePublished":"2025-01-08T01:15:06+00:00","dateModified":"2025-01-08T01:15:07+00:00","breadcrumb":{"@id":"https:\/\/luchonoticias.com\/editor\/figuras-colombianas-piden-al-gobierno-no-respaldar-a-nicolas-maduro\/#breadcrumb"},"inLanguage":"es","potentialAction":[{"@type":"ReadAction","target":["https:\/\/luchonoticias.com\/editor\/figuras-colombianas-piden-al-gobierno-no-respaldar-a-nicolas-maduro\/"]}]},{"@type":"ImageObject","inLanguage":"es","@id":"https:\/\/luchonoticias.com\/editor\/figuras-colombianas-piden-al-gobierno-no-respaldar-a-nicolas-maduro\/#primaryimage","url":"https:\/\/luchonoticias.com\/editor\/wp-content\/uploads\/2025\/01\/maduro-3.jpg","contentUrl":"https:\/\/luchonoticias.com\/editor\/wp-content\/uploads\/2025\/01\/maduro-3.jpg","width":700,"height":400},{"@type":"BreadcrumbList","@id":"https:\/\/luchonoticias.com\/editor\/figuras-colombianas-piden-al-gobierno-no-respaldar-a-nicolas-maduro\/#breadcrumb","itemListElement":[{"@type":"ListItem","position":1,"name":"Portada","item":"https:\/\/luchonoticias.com\/editor\/"},{"@type":"ListItem","position":2,"name":"Figuras colombianas piden al Gobierno no respaldar a Nicol\u00e1s Maduro"}]},{"@type":"WebSite","@id":"https:\/\/luchonoticias.com\/editor\/#website","url":"https:\/\/luchonoticias.com\/editor\/","name":"","description":"","publisher":{"@id":"https:\/\/luchonoticias.com\/editor\/#\/schema\/person\/7a7fd911f58561fd056dbac7b55af9cd"},"potentialAction":[{"@type":"SearchAction","target":{"@type":"EntryPoint","urlTemplate":"https:\/\/luchonoticias.com\/editor\/?s={search_term_string}"},"query-input":{"@type":"PropertyValueSpecification","valueRequired":true,"valueName":"search_term_string"}}],"inLanguage":"es"},{"@type":["Person","Organization"],"@id":"https:\/\/luchonoticias.com\/editor\/#\/schema\/person\/7a7fd911f58561fd056dbac7b55af9cd","name":"admin","image":{"@type":"ImageObject","inLanguage":"es","@id":"https:\/\/luchonoticias.com\/editor\/#\/schema\/person\/image\/","url":"https:\/\/luchonoticias.com\/editor\/wp-content\/uploads\/2024\/02\/cropped-cropped-logolu.webp","contentUrl":"https:\/\/luchonoticias.com\/editor\/wp-content\/uploads\/2024\/02\/cropped-cropped-logolu.webp","width":382,"height":170,"caption":"admin"},"logo":{"@id":"https:\/\/luchonoticias.com\/editor\/#\/schema\/person\/image\/"},"sameAs":["https:\/\/www.facebook.com\/luchonoticiasneiva"]},{"@type":"Person","@id":"https:\/\/luchonoticias.com\/editor\/#\/schema\/person\/29217990ddf6f14e35912b2866d591fb","name":"Editor General","image":{"@type":"ImageObject","inLanguage":"es","@id":"https:\/\/luchonoticias.com\/editor\/#\/schema\/person\/image\/","url":"https:\/\/luchonoticias.com\/editor\/wp-content\/uploads\/2024\/02\/cropped-cropped-logolu-150x150.webp","contentUrl":"https:\/\/luchonoticias.com\/editor\/wp-content\/uploads\/2024\/02\/cropped-cropped-logolu-150x150.webp","caption":"Editor General"},"sameAs":["https:\/\/luchonoticias.com\/"],"url":"https:\/\/luchonoticias.com\/editor\/author\/editor-general\/"}]}},"_links":{"self":[{"href":"https:\/\/luchonoticias.com\/editor\/wp-json\/wp\/v2\/posts\/80472","targetHints":{"allow":["GET"]}}],"collection":[{"href":"https:\/\/luchonoticias.com\/editor\/wp-json\/wp\/v2\/posts"}],"about":[{"href":"https:\/\/luchonoticias.com\/editor\/wp-json\/wp\/v2\/types\/post"}],"author":[{"embeddable":true,"href":"https:\/\/luchonoticias.com\/editor\/wp-json\/wp\/v2\/users\/2"}],"replies":[{"embeddable":true,"href":"https:\/\/luchonoticias.com\/editor\/wp-json\/wp\/v2\/comments?post=80472"}],"version-history":[{"count":1,"href":"https:\/\/luchonoticias.com\/editor\/wp-json\/wp\/v2\/posts\/80472\/revisions"}],"predecessor-version":[{"id":80474,"href":"https:\/\/luchonoticias.com\/editor\/wp-json\/wp\/v2\/posts\/80472\/revisions\/80474"}],"wp:featuredmedia":[{"embeddable":true,"href":"https:\/\/luchonoticias.com\/editor\/wp-json\/wp\/v2\/media\/80473"}],"wp:attachment":[{"href":"https:\/\/luchonoticias.com\/editor\/wp-json\/wp\/v2\/media?parent=80472"}],"wp:term":[{"taxonomy":"category","embeddable":true,"href":"https:\/\/luchonoticias.com\/editor\/wp-json\/wp\/v2\/categories?post=80472"},{"taxonomy":"post_tag","embeddable":true,"href":"https:\/\/luchonoticias.com\/editor\/wp-json\/wp\/v2\/tags?post=80472"}],"curies":[{"name":"wp","href":"https:\/\/api.w.org\/{rel}","templated":true}]}}