{"id":80475,"date":"2025-01-08T03:56:02","date_gmt":"2025-01-08T08:56:02","guid":{"rendered":"https:\/\/luchonoticias.com\/?p=80475"},"modified":"2025-01-08T03:56:03","modified_gmt":"2025-01-08T08:56:03","slug":"balance-del-plan-retorno-a-nivel-nacional","status":"publish","type":"post","link":"https:\/\/luchonoticias.com\/editor\/balance-del-plan-retorno-a-nivel-nacional\/","title":{"rendered":"Balance del Plan Retorno a nivel nacional"},"content":{"rendered":"\n<figure class=\"wp-block-image size-full\"><img loading=\"lazy\" decoding=\"async\" width=\"700\" height=\"400\" src=\"https:\/\/luchonoticias.com\/wp-content\/uploads\/2025\/01\/movilidad-colombia-2.jpg\" alt=\"\" class=\"wp-image-80476\" srcset=\"https:\/\/luchonoticias.com\/editor\/wp-content\/uploads\/2025\/01\/movilidad-colombia-2.jpg 700w, https:\/\/luchonoticias.com\/editor\/wp-content\/uploads\/2025\/01\/movilidad-colombia-2-300x171.jpg 300w\" sizes=\"auto, (max-width: 700px) 100vw, 700px\" \/><\/figure>\n\n\n\n<p>En el plan retorno del primer puente festivo de 2025, que marc\u00f3 el cierre de la temporada navide\u00f1a, se registr\u00f3 una notable reducci\u00f3n en la siniestralidad vial. Seg\u00fan el informe de la Direcci\u00f3n de Tr\u00e1nsito y Transporte de la Polic\u00eda Nacional (DITRA), los accidentes disminuyeron en un 77 % frente al mismo periodo de 2024, mientras que las v\u00edctimas fatales se redujeron en un 49 %. Este balance positivo se dio entre el 3 y el 6 de enero de 2025.<\/p>\n\n\n\n<p>El Ministerio de Transporte atribuy\u00f3 estos resultados al fortalecimiento de los operativos de control en las carreteras. Durante el puente festivo, la Polic\u00eda Nacional impuso 6.926 comparendos, un 66 % m\u00e1s que en 2024, y realiz\u00f3 7.678 pruebas de embriaguez, de las cuales 50 resultaron positivas. Las principales infracciones sancionadas incluyeron la falta de revisi\u00f3n t\u00e9cnico-mec\u00e1nica, conducir sin seguro obligatorio, y el exceso de velocidad.<\/p>\n\n\n\n<p>En t\u00e9rminos de movilidad, las autoridades reportaron el paso de 5,16 millones de veh\u00edculos por las v\u00edas nacionales. De estos, 1,11 millones atravesaron los peajes administrados por Inv\u00edas, destacando puntos de alto flujo como R\u00edo Bogot\u00e1, El Corzo y Cocorn\u00e1. Por su parte, los 119 peajes bajo gesti\u00f3n de la ANI registraron el tr\u00e1nsito de 4,13 millones de veh\u00edculos.<\/p>\n\n\n\n<p>Las concesiones viales con mayor tr\u00e1fico incluyeron proyectos clave como la Autopista Conexi\u00f3n Pac\u00edfico 2, Pamplona-C\u00facuta, y Brice\u00f1o-Tunja-Sogamoso. En estos corredores, el aumento del tr\u00e1nsito fue cercano al 15 % respecto al a\u00f1o anterior. Estas cifras reflejan el impacto de las estrategias implementadas para garantizar la seguridad y la fluidez en las v\u00edas.<\/p>\n\n\n\n<p>La general Claudia Susana Blanco Romero, directora de Tr\u00e1nsito y Transporte de la Polic\u00eda Nacional, calific\u00f3 como satisfactorio el balance del plan retorno. Aunque reconoci\u00f3 algunos desaf\u00edos en movilidad, destac\u00f3 que las acciones conjuntas entre las autoridades permitieron optimizar la experiencia de los viajeros en este inicio de a\u00f1o.<\/p>\n\n\n\n<p><\/p>\n","protected":false},"excerpt":{"rendered":"<p>En el plan retorno del primer puente festivo de 2025, que marc\u00f3 el cierre de la temporada navide\u00f1a, se registr\u00f3 una notable reducci\u00f3n en la siniestralidad vial. Seg\u00fan el informe de la Direcci\u00f3n de Tr\u00e1nsito y Transporte de la Polic\u00eda Nacional (DITRA), los accidentes disminuyeron en un 77 % frente al mismo periodo de 2024, [&hellip;]<\/p>\n","protected":false},"author":2,"featured_media":80476,"comment_status":"closed","ping_status":"open","sticky":false,"template":"","format":"standard","meta":{"footnotes":""},"categories":[28,32],"tags":[],"class_list":["post-80475","post","type-post","status-publish","format-standard","has-post-thumbnail","hentry","category-actualidad","category-nacional"],"yoast_head":"<!-- This site is optimized with the Yoast SEO plugin v26.6 - https:\/\/yoast.com\/wordpress\/plugins\/seo\/ -->\n<title>Balance del Plan Retorno a nivel nacional -<\/title>\n<meta name=\"robots\" content=\"index, follow, max-snippet:-1, max-image-preview:large, max-video-preview:-1\" \/>\n<link rel=\"canonical\" href=\"https:\/\/luchonoticias.com\/editor\/balance-del-plan-retorno-a-nivel-nacional\/\" \/>\n<meta property=\"og:locale\" content=\"es_ES\" \/>\n<meta property=\"og:type\" content=\"article\" \/>\n<meta property=\"og:title\" content=\"Balance del Plan Retorno a nivel nacional -\" \/>\n<meta property=\"og:url\" content=\"https:\/\/luchonoticias.com\/editor\/balance-del-plan-retorno-a-nivel-nacional\/\" \/>\n<meta property=\"article:publisher\" content=\"https:\/\/www.facebook.com\/luchonoticiasneiva\" \/>\n<meta property=\"article:published_time\" content=\"2025-01-08T08:56:02+00:00\" \/>\n<meta property=\"article:modified_time\" content=\"2025-01-08T08:56:03+00:00\" \/>\n<meta property=\"og:image\" content=\"https:\/\/luchonoticias.com\/editor\/wp-content\/uploads\/2025\/01\/movilidad-colombia-2.jpg\" \/>\n\t<meta property=\"og:image:width\" content=\"700\" \/>\n\t<meta property=\"og:image:height\" content=\"400\" \/>\n\t<meta property=\"og:image:type\" content=\"image\/jpeg\" \/>\n<meta name=\"author\" content=\"Editor General\" \/>\n<meta name=\"twitter:card\" content=\"summary_large_image\" \/>\n<meta name=\"twitter:label1\" content=\"Escrito por\" \/>\n\t<meta name=\"twitter:data1\" content=\"Editor General\" \/>\n\t<meta name=\"twitter:label2\" content=\"Tiempo de lectura\" \/>\n\t<meta name=\"twitter:data2\" content=\"2 minutos\" \/>\n<script type=\"application\/ld+json\" class=\"yoast-schema-graph\">{\"@context\":\"https:\/\/schema.org\",\"@graph\":[{\"@type\":\"Article\",\"@id\":\"https:\/\/luchonoticias.com\/editor\/balance-del-plan-retorno-a-nivel-nacional\/#article\",\"isPartOf\":{\"@id\":\"https:\/\/luchonoticias.com\/editor\/balance-del-plan-retorno-a-nivel-nacional\/\"},\"author\":{\"name\":\"Editor General\",\"@id\":\"https:\/\/luchonoticias.com\/editor\/#\/schema\/person\/29217990ddf6f14e35912b2866d591fb\"},\"headline\":\"Balance del Plan Retorno a nivel nacional\",\"datePublished\":\"2025-01-08T08:56:02+00:00\",\"dateModified\":\"2025-01-08T08:56:03+00:00\",\"mainEntityOfPage\":{\"@id\":\"https:\/\/luchonoticias.com\/editor\/balance-del-plan-retorno-a-nivel-nacional\/\"},\"wordCount\":324,\"publisher\":{\"@id\":\"https:\/\/luchonoticias.com\/editor\/#\/schema\/person\/7a7fd911f58561fd056dbac7b55af9cd\"},\"image\":{\"@id\":\"https:\/\/luchonoticias.com\/editor\/balance-del-plan-retorno-a-nivel-nacional\/#primaryimage\"},\"thumbnailUrl\":\"https:\/\/luchonoticias.com\/editor\/wp-content\/uploads\/2025\/01\/movilidad-colombia-2.jpg\",\"articleSection\":[\"Actualidad\",\"Nacional\"],\"inLanguage\":\"es\"},{\"@type\":\"WebPage\",\"@id\":\"https:\/\/luchonoticias.com\/editor\/balance-del-plan-retorno-a-nivel-nacional\/\",\"url\":\"https:\/\/luchonoticias.com\/editor\/balance-del-plan-retorno-a-nivel-nacional\/\",\"name\":\"Balance del Plan Retorno a nivel nacional -\",\"isPartOf\":{\"@id\":\"https:\/\/luchonoticias.com\/editor\/#website\"},\"primaryImageOfPage\":{\"@id\":\"https:\/\/luchonoticias.com\/editor\/balance-del-plan-retorno-a-nivel-nacional\/#primaryimage\"},\"image\":{\"@id\":\"https:\/\/luchonoticias.com\/editor\/balance-del-plan-retorno-a-nivel-nacional\/#primaryimage\"},\"thumbnailUrl\":\"https:\/\/luchonoticias.com\/editor\/wp-content\/uploads\/2025\/01\/movilidad-colombia-2.jpg\",\"datePublished\":\"2025-01-08T08:56:02+00:00\",\"dateModified\":\"2025-01-08T08:56:03+00:00\",\"breadcrumb\":{\"@id\":\"https:\/\/luchonoticias.com\/editor\/balance-del-plan-retorno-a-nivel-nacional\/#breadcrumb\"},\"inLanguage\":\"es\",\"potentialAction\":[{\"@type\":\"ReadAction\",\"target\":[\"https:\/\/luchonoticias.com\/editor\/balance-del-plan-retorno-a-nivel-nacional\/\"]}]},{\"@type\":\"ImageObject\",\"inLanguage\":\"es\",\"@id\":\"https:\/\/luchonoticias.com\/editor\/balance-del-plan-retorno-a-nivel-nacional\/#primaryimage\",\"url\":\"https:\/\/luchonoticias.com\/editor\/wp-content\/uploads\/2025\/01\/movilidad-colombia-2.jpg\",\"contentUrl\":\"https:\/\/luchonoticias.com\/editor\/wp-content\/uploads\/2025\/01\/movilidad-colombia-2.jpg\",\"width\":700,\"height\":400},{\"@type\":\"BreadcrumbList\",\"@id\":\"https:\/\/luchonoticias.com\/editor\/balance-del-plan-retorno-a-nivel-nacional\/#breadcrumb\",\"itemListElement\":[{\"@type\":\"ListItem\",\"position\":1,\"name\":\"Portada\",\"item\":\"https:\/\/luchonoticias.com\/editor\/\"},{\"@type\":\"ListItem\",\"position\":2,\"name\":\"Balance del Plan Retorno a nivel nacional\"}]},{\"@type\":\"WebSite\",\"@id\":\"https:\/\/luchonoticias.com\/editor\/#website\",\"url\":\"https:\/\/luchonoticias.com\/editor\/\",\"name\":\"\",\"description\":\"\",\"publisher\":{\"@id\":\"https:\/\/luchonoticias.com\/editor\/#\/schema\/person\/7a7fd911f58561fd056dbac7b55af9cd\"},\"potentialAction\":[{\"@type\":\"SearchAction\",\"target\":{\"@type\":\"EntryPoint\",\"urlTemplate\":\"https:\/\/luchonoticias.com\/editor\/?s={search_term_string}\"},\"query-input\":{\"@type\":\"PropertyValueSpecification\",\"valueRequired\":true,\"valueName\":\"search_term_string\"}}],\"inLanguage\":\"es\"},{\"@type\":[\"Person\",\"Organization\"],\"@id\":\"https:\/\/luchonoticias.com\/editor\/#\/schema\/person\/7a7fd911f58561fd056dbac7b55af9cd\",\"name\":\"admin\",\"image\":{\"@type\":\"ImageObject\",\"inLanguage\":\"es\",\"@id\":\"https:\/\/luchonoticias.com\/editor\/#\/schema\/person\/image\/\",\"url\":\"https:\/\/luchonoticias.com\/editor\/wp-content\/uploads\/2024\/02\/cropped-cropped-logolu.webp\",\"contentUrl\":\"https:\/\/luchonoticias.com\/editor\/wp-content\/uploads\/2024\/02\/cropped-cropped-logolu.webp\",\"width\":382,\"height\":170,\"caption\":\"admin\"},\"logo\":{\"@id\":\"https:\/\/luchonoticias.com\/editor\/#\/schema\/person\/image\/\"},\"sameAs\":[\"https:\/\/www.facebook.com\/luchonoticiasneiva\"]},{\"@type\":\"Person\",\"@id\":\"https:\/\/luchonoticias.com\/editor\/#\/schema\/person\/29217990ddf6f14e35912b2866d591fb\",\"name\":\"Editor General\",\"image\":{\"@type\":\"ImageObject\",\"inLanguage\":\"es\",\"@id\":\"https:\/\/luchonoticias.com\/editor\/#\/schema\/person\/image\/\",\"url\":\"https:\/\/luchonoticias.com\/editor\/wp-content\/uploads\/2024\/02\/cropped-cropped-logolu-150x150.webp\",\"contentUrl\":\"https:\/\/luchonoticias.com\/editor\/wp-content\/uploads\/2024\/02\/cropped-cropped-logolu-150x150.webp\",\"caption\":\"Editor General\"},\"sameAs\":[\"https:\/\/luchonoticias.com\/\"],\"url\":\"https:\/\/luchonoticias.com\/editor\/author\/editor-general\/\"}]}<\/script>\n<!-- \/ Yoast SEO plugin. -->","yoast_head_json":{"title":"Balance del Plan Retorno a nivel nacional -","robots":{"index":"index","follow":"follow","max-snippet":"max-snippet:-1","max-image-preview":"max-image-preview:large","max-video-preview":"max-video-preview:-1"},"canonical":"https:\/\/luchonoticias.com\/editor\/balance-del-plan-retorno-a-nivel-nacional\/","og_locale":"es_ES","og_type":"article","og_title":"Balance del Plan Retorno a nivel nacional -","og_url":"https:\/\/luchonoticias.com\/editor\/balance-del-plan-retorno-a-nivel-nacional\/","article_publisher":"https:\/\/www.facebook.com\/luchonoticiasneiva","article_published_time":"2025-01-08T08:56:02+00:00","article_modified_time":"2025-01-08T08:56:03+00:00","og_image":[{"width":700,"height":400,"url":"https:\/\/luchonoticias.com\/editor\/wp-content\/uploads\/2025\/01\/movilidad-colombia-2.jpg","type":"image\/jpeg"}],"author":"Editor General","twitter_card":"summary_large_image","twitter_misc":{"Escrito por":"Editor General","Tiempo de lectura":"2 minutos"},"schema":{"@context":"https:\/\/schema.org","@graph":[{"@type":"Article","@id":"https:\/\/luchonoticias.com\/editor\/balance-del-plan-retorno-a-nivel-nacional\/#article","isPartOf":{"@id":"https:\/\/luchonoticias.com\/editor\/balance-del-plan-retorno-a-nivel-nacional\/"},"author":{"name":"Editor General","@id":"https:\/\/luchonoticias.com\/editor\/#\/schema\/person\/29217990ddf6f14e35912b2866d591fb"},"headline":"Balance del Plan Retorno a nivel nacional","datePublished":"2025-01-08T08:56:02+00:00","dateModified":"2025-01-08T08:56:03+00:00","mainEntityOfPage":{"@id":"https:\/\/luchonoticias.com\/editor\/balance-del-plan-retorno-a-nivel-nacional\/"},"wordCount":324,"publisher":{"@id":"https:\/\/luchonoticias.com\/editor\/#\/schema\/person\/7a7fd911f58561fd056dbac7b55af9cd"},"image":{"@id":"https:\/\/luchonoticias.com\/editor\/balance-del-plan-retorno-a-nivel-nacional\/#primaryimage"},"thumbnailUrl":"https:\/\/luchonoticias.com\/editor\/wp-content\/uploads\/2025\/01\/movilidad-colombia-2.jpg","articleSection":["Actualidad","Nacional"],"inLanguage":"es"},{"@type":"WebPage","@id":"https:\/\/luchonoticias.com\/editor\/balance-del-plan-retorno-a-nivel-nacional\/","url":"https:\/\/luchonoticias.com\/editor\/balance-del-plan-retorno-a-nivel-nacional\/","name":"Balance del Plan Retorno a nivel nacional -","isPartOf":{"@id":"https:\/\/luchonoticias.com\/editor\/#website"},"primaryImageOfPage":{"@id":"https:\/\/luchonoticias.com\/editor\/balance-del-plan-retorno-a-nivel-nacional\/#primaryimage"},"image":{"@id":"https:\/\/luchonoticias.com\/editor\/balance-del-plan-retorno-a-nivel-nacional\/#primaryimage"},"thumbnailUrl":"https:\/\/luchonoticias.com\/editor\/wp-content\/uploads\/2025\/01\/movilidad-colombia-2.jpg","datePublished":"2025-01-08T08:56:02+00:00","dateModified":"2025-01-08T08:56:03+00:00","breadcrumb":{"@id":"https:\/\/luchonoticias.com\/editor\/balance-del-plan-retorno-a-nivel-nacional\/#breadcrumb"},"inLanguage":"es","potentialAction":[{"@type":"ReadAction","target":["https:\/\/luchonoticias.com\/editor\/balance-del-plan-retorno-a-nivel-nacional\/"]}]},{"@type":"ImageObject","inLanguage":"es","@id":"https:\/\/luchonoticias.com\/editor\/balance-del-plan-retorno-a-nivel-nacional\/#primaryimage","url":"https:\/\/luchonoticias.com\/editor\/wp-content\/uploads\/2025\/01\/movilidad-colombia-2.jpg","contentUrl":"https:\/\/luchonoticias.com\/editor\/wp-content\/uploads\/2025\/01\/movilidad-colombia-2.jpg","width":700,"height":400},{"@type":"BreadcrumbList","@id":"https:\/\/luchonoticias.com\/editor\/balance-del-plan-retorno-a-nivel-nacional\/#breadcrumb","itemListElement":[{"@type":"ListItem","position":1,"name":"Portada","item":"https:\/\/luchonoticias.com\/editor\/"},{"@type":"ListItem","position":2,"name":"Balance del Plan Retorno a nivel nacional"}]},{"@type":"WebSite","@id":"https:\/\/luchonoticias.com\/editor\/#website","url":"https:\/\/luchonoticias.com\/editor\/","name":"","description":"","publisher":{"@id":"https:\/\/luchonoticias.com\/editor\/#\/schema\/person\/7a7fd911f58561fd056dbac7b55af9cd"},"potentialAction":[{"@type":"SearchAction","target":{"@type":"EntryPoint","urlTemplate":"https:\/\/luchonoticias.com\/editor\/?s={search_term_string}"},"query-input":{"@type":"PropertyValueSpecification","valueRequired":true,"valueName":"search_term_string"}}],"inLanguage":"es"},{"@type":["Person","Organization"],"@id":"https:\/\/luchonoticias.com\/editor\/#\/schema\/person\/7a7fd911f58561fd056dbac7b55af9cd","name":"admin","image":{"@type":"ImageObject","inLanguage":"es","@id":"https:\/\/luchonoticias.com\/editor\/#\/schema\/person\/image\/","url":"https:\/\/luchonoticias.com\/editor\/wp-content\/uploads\/2024\/02\/cropped-cropped-logolu.webp","contentUrl":"https:\/\/luchonoticias.com\/editor\/wp-content\/uploads\/2024\/02\/cropped-cropped-logolu.webp","width":382,"height":170,"caption":"admin"},"logo":{"@id":"https:\/\/luchonoticias.com\/editor\/#\/schema\/person\/image\/"},"sameAs":["https:\/\/www.facebook.com\/luchonoticiasneiva"]},{"@type":"Person","@id":"https:\/\/luchonoticias.com\/editor\/#\/schema\/person\/29217990ddf6f14e35912b2866d591fb","name":"Editor General","image":{"@type":"ImageObject","inLanguage":"es","@id":"https:\/\/luchonoticias.com\/editor\/#\/schema\/person\/image\/","url":"https:\/\/luchonoticias.com\/editor\/wp-content\/uploads\/2024\/02\/cropped-cropped-logolu-150x150.webp","contentUrl":"https:\/\/luchonoticias.com\/editor\/wp-content\/uploads\/2024\/02\/cropped-cropped-logolu-150x150.webp","caption":"Editor General"},"sameAs":["https:\/\/luchonoticias.com\/"],"url":"https:\/\/luchonoticias.com\/editor\/author\/editor-general\/"}]}},"_links":{"self":[{"href":"https:\/\/luchonoticias.com\/editor\/wp-json\/wp\/v2\/posts\/80475","targetHints":{"allow":["GET"]}}],"collection":[{"href":"https:\/\/luchonoticias.com\/editor\/wp-json\/wp\/v2\/posts"}],"about":[{"href":"https:\/\/luchonoticias.com\/editor\/wp-json\/wp\/v2\/types\/post"}],"author":[{"embeddable":true,"href":"https:\/\/luchonoticias.com\/editor\/wp-json\/wp\/v2\/users\/2"}],"replies":[{"embeddable":true,"href":"https:\/\/luchonoticias.com\/editor\/wp-json\/wp\/v2\/comments?post=80475"}],"version-history":[{"count":1,"href":"https:\/\/luchonoticias.com\/editor\/wp-json\/wp\/v2\/posts\/80475\/revisions"}],"predecessor-version":[{"id":80477,"href":"https:\/\/luchonoticias.com\/editor\/wp-json\/wp\/v2\/posts\/80475\/revisions\/80477"}],"wp:featuredmedia":[{"embeddable":true,"href":"https:\/\/luchonoticias.com\/editor\/wp-json\/wp\/v2\/media\/80476"}],"wp:attachment":[{"href":"https:\/\/luchonoticias.com\/editor\/wp-json\/wp\/v2\/media?parent=80475"}],"wp:term":[{"taxonomy":"category","embeddable":true,"href":"https:\/\/luchonoticias.com\/editor\/wp-json\/wp\/v2\/categories?post=80475"},{"taxonomy":"post_tag","embeddable":true,"href":"https:\/\/luchonoticias.com\/editor\/wp-json\/wp\/v2\/tags?post=80475"}],"curies":[{"name":"wp","href":"https:\/\/api.w.org\/{rel}","templated":true}]}}