{"id":80478,"date":"2025-01-08T04:09:58","date_gmt":"2025-01-08T09:09:58","guid":{"rendered":"https:\/\/luchonoticias.com\/?p=80478"},"modified":"2025-01-08T04:09:59","modified_gmt":"2025-01-08T09:09:59","slug":"aumento-historico-en-el-precio-del-cafe","status":"publish","type":"post","link":"https:\/\/luchonoticias.com\/editor\/aumento-historico-en-el-precio-del-cafe\/","title":{"rendered":"Aumento hist\u00f3rico en el precio del caf\u00e9"},"content":{"rendered":"\n<figure class=\"wp-block-image size-full\"><img loading=\"lazy\" decoding=\"async\" width=\"700\" height=\"400\" src=\"https:\/\/luchonoticias.com\/wp-content\/uploads\/2025\/01\/cafe.jpg\" alt=\"\" class=\"wp-image-80479\" srcset=\"https:\/\/luchonoticias.com\/editor\/wp-content\/uploads\/2025\/01\/cafe.jpg 700w, https:\/\/luchonoticias.com\/editor\/wp-content\/uploads\/2025\/01\/cafe-300x171.jpg 300w\" sizes=\"auto, (max-width: 700px) 100vw, 700px\" \/><\/figure>\n\n\n\n<p>El precio interno del caf\u00e9 en Colombia ha experimentado un incremento significativo debido a diversas condiciones externas en el mercado. Mientras que a inicios de 2024 el valor por carga de pergamino seco era de $1.400.000, para el 6 de enero de 2025 alcanz\u00f3 los $2.674.000.<\/p>\n\n\n\n<p>En paralelo, el contrato C en Nueva York cerr\u00f3 en 318.60 USCent\/Lb, reflejando la tendencia al alza en los precios internacionales.<\/p>\n\n\n\n<p>Aunque este aumento representa un beneficio para las familias caficultoras, tambi\u00e9n ha generado desaf\u00edos en las din\u00e1micas del mercado, particularmente en las ventas a futuro del caf\u00e9 pergamino seco.<\/p>\n\n\n\n<p>El programa de ventas a futuro, gestionado desde 2017 por la Federaci\u00f3n Nacional de Cafeteros a trav\u00e9s del Fondo Nacional del Caf\u00e9 (FoNC), ha enfrentado retrasos en las entregas pactadas, lo que pone en riesgo el patrimonio de las cooperativas cafeteras, el FoNC y los servicios que garantizan la compra del grano.<\/p>\n\n\n\n<p>Ante esta situaci\u00f3n, el Gobierno Nacional, a trav\u00e9s de sus representantes en el Comit\u00e9 Nacional de Cafeteros, est\u00e1 monitoreando de cerca el impacto de estos incumplimientos. Adem\u00e1s, ha exigido a la Federaci\u00f3n Nacional de Cafeteros adoptar medidas urgentes para garantizar el cumplimiento de los contratos a futuro, fortalecer el sistema cooperativo y proteger el patrimonio del FoNC frente a posibles impactos financieros.<\/p>\n\n\n\n<p>En el m\u00e1s reciente Comit\u00e9 Nacional de Cafeteros, se solicit\u00f3 convocar una sesi\u00f3n extraordinaria para analizar los costos financieros, la afectaci\u00f3n patrimonial y los resultados actuales del Fondo Nacional del Caf\u00e9. Durante la reuni\u00f3n, se plante\u00f3 la necesidad de un plan de choque que salvaguarde la estabilidad del sistema cooperativo cafetero, la garant\u00eda de compra y la salud financiera del FoNC, tal como se discuti\u00f3 en el \u00faltimo Congreso Cafetero.<\/p>\n\n\n\n<p>Estas acciones buscan no solo mitigar los riesgos asociados al incumplimiento de contratos, sino tambi\u00e9n asegurar que las familias caficultoras contin\u00faen benefici\u00e1ndose del incremento en los precios del caf\u00e9.<\/p>\n\n\n\n<p><\/p>\n","protected":false},"excerpt":{"rendered":"<p>El precio interno del caf\u00e9 en Colombia ha experimentado un incremento significativo debido a diversas condiciones externas en el mercado. Mientras que a inicios de 2024 el valor por carga de pergamino seco era de $1.400.000, para el 6 de enero de 2025 alcanz\u00f3 los $2.674.000. En paralelo, el contrato C en Nueva York cerr\u00f3 [&hellip;]<\/p>\n","protected":false},"author":2,"featured_media":80479,"comment_status":"closed","ping_status":"open","sticky":false,"template":"","format":"standard","meta":{"footnotes":""},"categories":[28,32],"tags":[],"class_list":["post-80478","post","type-post","status-publish","format-standard","has-post-thumbnail","hentry","category-actualidad","category-nacional"],"yoast_head":"<!-- This site is optimized with the Yoast SEO plugin v26.6 - https:\/\/yoast.com\/wordpress\/plugins\/seo\/ -->\n<title>Aumento hist\u00f3rico en el precio del caf\u00e9 -<\/title>\n<meta name=\"robots\" content=\"index, follow, max-snippet:-1, max-image-preview:large, max-video-preview:-1\" \/>\n<link rel=\"canonical\" href=\"https:\/\/luchonoticias.com\/editor\/aumento-historico-en-el-precio-del-cafe\/\" \/>\n<meta property=\"og:locale\" content=\"es_ES\" \/>\n<meta property=\"og:type\" content=\"article\" \/>\n<meta property=\"og:title\" content=\"Aumento hist\u00f3rico en el precio del caf\u00e9 -\" \/>\n<meta property=\"og:url\" content=\"https:\/\/luchonoticias.com\/editor\/aumento-historico-en-el-precio-del-cafe\/\" \/>\n<meta property=\"article:publisher\" content=\"https:\/\/www.facebook.com\/luchonoticiasneiva\" \/>\n<meta property=\"article:published_time\" content=\"2025-01-08T09:09:58+00:00\" \/>\n<meta property=\"article:modified_time\" content=\"2025-01-08T09:09:59+00:00\" \/>\n<meta property=\"og:image\" content=\"https:\/\/luchonoticias.com\/editor\/wp-content\/uploads\/2025\/01\/cafe.jpg\" \/>\n\t<meta property=\"og:image:width\" content=\"700\" \/>\n\t<meta property=\"og:image:height\" content=\"400\" \/>\n\t<meta property=\"og:image:type\" content=\"image\/jpeg\" \/>\n<meta name=\"author\" content=\"Editor General\" \/>\n<meta name=\"twitter:card\" content=\"summary_large_image\" \/>\n<meta name=\"twitter:label1\" content=\"Escrito por\" \/>\n\t<meta name=\"twitter:data1\" content=\"Editor General\" \/>\n\t<meta name=\"twitter:label2\" content=\"Tiempo de lectura\" \/>\n\t<meta name=\"twitter:data2\" content=\"2 minutos\" \/>\n<script type=\"application\/ld+json\" class=\"yoast-schema-graph\">{\"@context\":\"https:\/\/schema.org\",\"@graph\":[{\"@type\":\"Article\",\"@id\":\"https:\/\/luchonoticias.com\/editor\/aumento-historico-en-el-precio-del-cafe\/#article\",\"isPartOf\":{\"@id\":\"https:\/\/luchonoticias.com\/editor\/aumento-historico-en-el-precio-del-cafe\/\"},\"author\":{\"name\":\"Editor General\",\"@id\":\"https:\/\/luchonoticias.com\/editor\/#\/schema\/person\/29217990ddf6f14e35912b2866d591fb\"},\"headline\":\"Aumento hist\u00f3rico en el precio del caf\u00e9\",\"datePublished\":\"2025-01-08T09:09:58+00:00\",\"dateModified\":\"2025-01-08T09:09:59+00:00\",\"mainEntityOfPage\":{\"@id\":\"https:\/\/luchonoticias.com\/editor\/aumento-historico-en-el-precio-del-cafe\/\"},\"wordCount\":328,\"publisher\":{\"@id\":\"https:\/\/luchonoticias.com\/editor\/#\/schema\/person\/7a7fd911f58561fd056dbac7b55af9cd\"},\"image\":{\"@id\":\"https:\/\/luchonoticias.com\/editor\/aumento-historico-en-el-precio-del-cafe\/#primaryimage\"},\"thumbnailUrl\":\"https:\/\/luchonoticias.com\/editor\/wp-content\/uploads\/2025\/01\/cafe.jpg\",\"articleSection\":[\"Actualidad\",\"Nacional\"],\"inLanguage\":\"es\"},{\"@type\":\"WebPage\",\"@id\":\"https:\/\/luchonoticias.com\/editor\/aumento-historico-en-el-precio-del-cafe\/\",\"url\":\"https:\/\/luchonoticias.com\/editor\/aumento-historico-en-el-precio-del-cafe\/\",\"name\":\"Aumento hist\u00f3rico en el precio del caf\u00e9 -\",\"isPartOf\":{\"@id\":\"https:\/\/luchonoticias.com\/editor\/#website\"},\"primaryImageOfPage\":{\"@id\":\"https:\/\/luchonoticias.com\/editor\/aumento-historico-en-el-precio-del-cafe\/#primaryimage\"},\"image\":{\"@id\":\"https:\/\/luchonoticias.com\/editor\/aumento-historico-en-el-precio-del-cafe\/#primaryimage\"},\"thumbnailUrl\":\"https:\/\/luchonoticias.com\/editor\/wp-content\/uploads\/2025\/01\/cafe.jpg\",\"datePublished\":\"2025-01-08T09:09:58+00:00\",\"dateModified\":\"2025-01-08T09:09:59+00:00\",\"breadcrumb\":{\"@id\":\"https:\/\/luchonoticias.com\/editor\/aumento-historico-en-el-precio-del-cafe\/#breadcrumb\"},\"inLanguage\":\"es\",\"potentialAction\":[{\"@type\":\"ReadAction\",\"target\":[\"https:\/\/luchonoticias.com\/editor\/aumento-historico-en-el-precio-del-cafe\/\"]}]},{\"@type\":\"ImageObject\",\"inLanguage\":\"es\",\"@id\":\"https:\/\/luchonoticias.com\/editor\/aumento-historico-en-el-precio-del-cafe\/#primaryimage\",\"url\":\"https:\/\/luchonoticias.com\/editor\/wp-content\/uploads\/2025\/01\/cafe.jpg\",\"contentUrl\":\"https:\/\/luchonoticias.com\/editor\/wp-content\/uploads\/2025\/01\/cafe.jpg\",\"width\":700,\"height\":400},{\"@type\":\"BreadcrumbList\",\"@id\":\"https:\/\/luchonoticias.com\/editor\/aumento-historico-en-el-precio-del-cafe\/#breadcrumb\",\"itemListElement\":[{\"@type\":\"ListItem\",\"position\":1,\"name\":\"Portada\",\"item\":\"https:\/\/luchonoticias.com\/editor\/\"},{\"@type\":\"ListItem\",\"position\":2,\"name\":\"Aumento hist\u00f3rico en el precio del caf\u00e9\"}]},{\"@type\":\"WebSite\",\"@id\":\"https:\/\/luchonoticias.com\/editor\/#website\",\"url\":\"https:\/\/luchonoticias.com\/editor\/\",\"name\":\"\",\"description\":\"\",\"publisher\":{\"@id\":\"https:\/\/luchonoticias.com\/editor\/#\/schema\/person\/7a7fd911f58561fd056dbac7b55af9cd\"},\"potentialAction\":[{\"@type\":\"SearchAction\",\"target\":{\"@type\":\"EntryPoint\",\"urlTemplate\":\"https:\/\/luchonoticias.com\/editor\/?s={search_term_string}\"},\"query-input\":{\"@type\":\"PropertyValueSpecification\",\"valueRequired\":true,\"valueName\":\"search_term_string\"}}],\"inLanguage\":\"es\"},{\"@type\":[\"Person\",\"Organization\"],\"@id\":\"https:\/\/luchonoticias.com\/editor\/#\/schema\/person\/7a7fd911f58561fd056dbac7b55af9cd\",\"name\":\"admin\",\"image\":{\"@type\":\"ImageObject\",\"inLanguage\":\"es\",\"@id\":\"https:\/\/luchonoticias.com\/editor\/#\/schema\/person\/image\/\",\"url\":\"https:\/\/luchonoticias.com\/editor\/wp-content\/uploads\/2024\/02\/cropped-cropped-logolu.webp\",\"contentUrl\":\"https:\/\/luchonoticias.com\/editor\/wp-content\/uploads\/2024\/02\/cropped-cropped-logolu.webp\",\"width\":382,\"height\":170,\"caption\":\"admin\"},\"logo\":{\"@id\":\"https:\/\/luchonoticias.com\/editor\/#\/schema\/person\/image\/\"},\"sameAs\":[\"https:\/\/www.facebook.com\/luchonoticiasneiva\"]},{\"@type\":\"Person\",\"@id\":\"https:\/\/luchonoticias.com\/editor\/#\/schema\/person\/29217990ddf6f14e35912b2866d591fb\",\"name\":\"Editor General\",\"image\":{\"@type\":\"ImageObject\",\"inLanguage\":\"es\",\"@id\":\"https:\/\/luchonoticias.com\/editor\/#\/schema\/person\/image\/\",\"url\":\"https:\/\/luchonoticias.com\/editor\/wp-content\/uploads\/2024\/02\/cropped-cropped-logolu-150x150.webp\",\"contentUrl\":\"https:\/\/luchonoticias.com\/editor\/wp-content\/uploads\/2024\/02\/cropped-cropped-logolu-150x150.webp\",\"caption\":\"Editor General\"},\"sameAs\":[\"https:\/\/luchonoticias.com\/\"],\"url\":\"https:\/\/luchonoticias.com\/editor\/author\/editor-general\/\"}]}<\/script>\n<!-- \/ Yoast SEO plugin. -->","yoast_head_json":{"title":"Aumento hist\u00f3rico en el precio del caf\u00e9 -","robots":{"index":"index","follow":"follow","max-snippet":"max-snippet:-1","max-image-preview":"max-image-preview:large","max-video-preview":"max-video-preview:-1"},"canonical":"https:\/\/luchonoticias.com\/editor\/aumento-historico-en-el-precio-del-cafe\/","og_locale":"es_ES","og_type":"article","og_title":"Aumento hist\u00f3rico en el precio del caf\u00e9 -","og_url":"https:\/\/luchonoticias.com\/editor\/aumento-historico-en-el-precio-del-cafe\/","article_publisher":"https:\/\/www.facebook.com\/luchonoticiasneiva","article_published_time":"2025-01-08T09:09:58+00:00","article_modified_time":"2025-01-08T09:09:59+00:00","og_image":[{"width":700,"height":400,"url":"https:\/\/luchonoticias.com\/editor\/wp-content\/uploads\/2025\/01\/cafe.jpg","type":"image\/jpeg"}],"author":"Editor General","twitter_card":"summary_large_image","twitter_misc":{"Escrito por":"Editor General","Tiempo de lectura":"2 minutos"},"schema":{"@context":"https:\/\/schema.org","@graph":[{"@type":"Article","@id":"https:\/\/luchonoticias.com\/editor\/aumento-historico-en-el-precio-del-cafe\/#article","isPartOf":{"@id":"https:\/\/luchonoticias.com\/editor\/aumento-historico-en-el-precio-del-cafe\/"},"author":{"name":"Editor General","@id":"https:\/\/luchonoticias.com\/editor\/#\/schema\/person\/29217990ddf6f14e35912b2866d591fb"},"headline":"Aumento hist\u00f3rico en el precio del caf\u00e9","datePublished":"2025-01-08T09:09:58+00:00","dateModified":"2025-01-08T09:09:59+00:00","mainEntityOfPage":{"@id":"https:\/\/luchonoticias.com\/editor\/aumento-historico-en-el-precio-del-cafe\/"},"wordCount":328,"publisher":{"@id":"https:\/\/luchonoticias.com\/editor\/#\/schema\/person\/7a7fd911f58561fd056dbac7b55af9cd"},"image":{"@id":"https:\/\/luchonoticias.com\/editor\/aumento-historico-en-el-precio-del-cafe\/#primaryimage"},"thumbnailUrl":"https:\/\/luchonoticias.com\/editor\/wp-content\/uploads\/2025\/01\/cafe.jpg","articleSection":["Actualidad","Nacional"],"inLanguage":"es"},{"@type":"WebPage","@id":"https:\/\/luchonoticias.com\/editor\/aumento-historico-en-el-precio-del-cafe\/","url":"https:\/\/luchonoticias.com\/editor\/aumento-historico-en-el-precio-del-cafe\/","name":"Aumento hist\u00f3rico en el precio del caf\u00e9 -","isPartOf":{"@id":"https:\/\/luchonoticias.com\/editor\/#website"},"primaryImageOfPage":{"@id":"https:\/\/luchonoticias.com\/editor\/aumento-historico-en-el-precio-del-cafe\/#primaryimage"},"image":{"@id":"https:\/\/luchonoticias.com\/editor\/aumento-historico-en-el-precio-del-cafe\/#primaryimage"},"thumbnailUrl":"https:\/\/luchonoticias.com\/editor\/wp-content\/uploads\/2025\/01\/cafe.jpg","datePublished":"2025-01-08T09:09:58+00:00","dateModified":"2025-01-08T09:09:59+00:00","breadcrumb":{"@id":"https:\/\/luchonoticias.com\/editor\/aumento-historico-en-el-precio-del-cafe\/#breadcrumb"},"inLanguage":"es","potentialAction":[{"@type":"ReadAction","target":["https:\/\/luchonoticias.com\/editor\/aumento-historico-en-el-precio-del-cafe\/"]}]},{"@type":"ImageObject","inLanguage":"es","@id":"https:\/\/luchonoticias.com\/editor\/aumento-historico-en-el-precio-del-cafe\/#primaryimage","url":"https:\/\/luchonoticias.com\/editor\/wp-content\/uploads\/2025\/01\/cafe.jpg","contentUrl":"https:\/\/luchonoticias.com\/editor\/wp-content\/uploads\/2025\/01\/cafe.jpg","width":700,"height":400},{"@type":"BreadcrumbList","@id":"https:\/\/luchonoticias.com\/editor\/aumento-historico-en-el-precio-del-cafe\/#breadcrumb","itemListElement":[{"@type":"ListItem","position":1,"name":"Portada","item":"https:\/\/luchonoticias.com\/editor\/"},{"@type":"ListItem","position":2,"name":"Aumento hist\u00f3rico en el precio del caf\u00e9"}]},{"@type":"WebSite","@id":"https:\/\/luchonoticias.com\/editor\/#website","url":"https:\/\/luchonoticias.com\/editor\/","name":"","description":"","publisher":{"@id":"https:\/\/luchonoticias.com\/editor\/#\/schema\/person\/7a7fd911f58561fd056dbac7b55af9cd"},"potentialAction":[{"@type":"SearchAction","target":{"@type":"EntryPoint","urlTemplate":"https:\/\/luchonoticias.com\/editor\/?s={search_term_string}"},"query-input":{"@type":"PropertyValueSpecification","valueRequired":true,"valueName":"search_term_string"}}],"inLanguage":"es"},{"@type":["Person","Organization"],"@id":"https:\/\/luchonoticias.com\/editor\/#\/schema\/person\/7a7fd911f58561fd056dbac7b55af9cd","name":"admin","image":{"@type":"ImageObject","inLanguage":"es","@id":"https:\/\/luchonoticias.com\/editor\/#\/schema\/person\/image\/","url":"https:\/\/luchonoticias.com\/editor\/wp-content\/uploads\/2024\/02\/cropped-cropped-logolu.webp","contentUrl":"https:\/\/luchonoticias.com\/editor\/wp-content\/uploads\/2024\/02\/cropped-cropped-logolu.webp","width":382,"height":170,"caption":"admin"},"logo":{"@id":"https:\/\/luchonoticias.com\/editor\/#\/schema\/person\/image\/"},"sameAs":["https:\/\/www.facebook.com\/luchonoticiasneiva"]},{"@type":"Person","@id":"https:\/\/luchonoticias.com\/editor\/#\/schema\/person\/29217990ddf6f14e35912b2866d591fb","name":"Editor General","image":{"@type":"ImageObject","inLanguage":"es","@id":"https:\/\/luchonoticias.com\/editor\/#\/schema\/person\/image\/","url":"https:\/\/luchonoticias.com\/editor\/wp-content\/uploads\/2024\/02\/cropped-cropped-logolu-150x150.webp","contentUrl":"https:\/\/luchonoticias.com\/editor\/wp-content\/uploads\/2024\/02\/cropped-cropped-logolu-150x150.webp","caption":"Editor General"},"sameAs":["https:\/\/luchonoticias.com\/"],"url":"https:\/\/luchonoticias.com\/editor\/author\/editor-general\/"}]}},"_links":{"self":[{"href":"https:\/\/luchonoticias.com\/editor\/wp-json\/wp\/v2\/posts\/80478","targetHints":{"allow":["GET"]}}],"collection":[{"href":"https:\/\/luchonoticias.com\/editor\/wp-json\/wp\/v2\/posts"}],"about":[{"href":"https:\/\/luchonoticias.com\/editor\/wp-json\/wp\/v2\/types\/post"}],"author":[{"embeddable":true,"href":"https:\/\/luchonoticias.com\/editor\/wp-json\/wp\/v2\/users\/2"}],"replies":[{"embeddable":true,"href":"https:\/\/luchonoticias.com\/editor\/wp-json\/wp\/v2\/comments?post=80478"}],"version-history":[{"count":1,"href":"https:\/\/luchonoticias.com\/editor\/wp-json\/wp\/v2\/posts\/80478\/revisions"}],"predecessor-version":[{"id":80480,"href":"https:\/\/luchonoticias.com\/editor\/wp-json\/wp\/v2\/posts\/80478\/revisions\/80480"}],"wp:featuredmedia":[{"embeddable":true,"href":"https:\/\/luchonoticias.com\/editor\/wp-json\/wp\/v2\/media\/80479"}],"wp:attachment":[{"href":"https:\/\/luchonoticias.com\/editor\/wp-json\/wp\/v2\/media?parent=80478"}],"wp:term":[{"taxonomy":"category","embeddable":true,"href":"https:\/\/luchonoticias.com\/editor\/wp-json\/wp\/v2\/categories?post=80478"},{"taxonomy":"post_tag","embeddable":true,"href":"https:\/\/luchonoticias.com\/editor\/wp-json\/wp\/v2\/tags?post=80478"}],"curies":[{"name":"wp","href":"https:\/\/api.w.org\/{rel}","templated":true}]}}