{"id":80481,"date":"2025-01-08T04:18:29","date_gmt":"2025-01-08T09:18:29","guid":{"rendered":"https:\/\/luchonoticias.com\/?p=80481"},"modified":"2025-01-08T04:18:30","modified_gmt":"2025-01-08T09:18:30","slug":"dian-elimina-fecha-de-vencimiento-en-el-rut","status":"publish","type":"post","link":"https:\/\/luchonoticias.com\/editor\/dian-elimina-fecha-de-vencimiento-en-el-rut\/","title":{"rendered":"DIAN elimina fecha de vencimiento en el RUT"},"content":{"rendered":"\n<figure class=\"wp-block-image size-full\"><img loading=\"lazy\" decoding=\"async\" width=\"700\" height=\"400\" src=\"https:\/\/luchonoticias.com\/wp-content\/uploads\/2025\/01\/DIAN-RUT.jpg\" alt=\"\" class=\"wp-image-80482\" srcset=\"https:\/\/luchonoticias.com\/editor\/wp-content\/uploads\/2025\/01\/DIAN-RUT.jpg 700w, https:\/\/luchonoticias.com\/editor\/wp-content\/uploads\/2025\/01\/DIAN-RUT-300x171.jpg 300w\" sizes=\"auto, (max-width: 700px) 100vw, 700px\" \/><\/figure>\n\n\n\n<p>El Registro \u00danico Tributario (RUT) ya no tendr\u00e1 fecha de vencimiento, seg\u00fan anunci\u00f3 la Direcci\u00f3n de Impuestos y Aduanas Nacionales (DIAN). Este documento, fundamental para tr\u00e1mites fiscales y administrativos, especialmente en procesos de contrataci\u00f3n p\u00fablica, ahora tendr\u00e1 vigencia indefinida mientras no haya cambios en los datos registrados por los contribuyentes.<\/p>\n\n\n\n<p>Con el objetivo de garantizar la protecci\u00f3n de datos personales, la DIAN implementar\u00e1 ajustes en el RUT. Desde ahora, el documento solo incluir\u00e1 la fecha de generaci\u00f3n en el pie de p\u00e1gina, eliminando la fecha de actualizaci\u00f3n que anteriormente causaba confusi\u00f3n. Adem\u00e1s, las empresas y entidades p\u00fablicas deber\u00e1n verificar la autenticidad del RUT mediante la marca de agua que indica: \u201ccopia certificado documento sin costo\u201d o \u201ccertificado documento sin costo.\u201d<\/p>\n\n\n\n<p>Otro cambio significativo es la eliminaci\u00f3n de la fecha de expedici\u00f3n del documento de identidad en la casilla 27 del RUT, dejando este espacio en blanco. Seg\u00fan el director general de la DIAN, Jairo Orlando Villabona Robayo, esta medida busca reducir riesgos de suplantaci\u00f3n de identidad y evitar tr\u00e1mites innecesarios, reafirmando que el RUT no requiere actualizaciones peri\u00f3dicas salvo en casos espec\u00edficos.<\/p>\n\n\n\n<p>La DIAN record\u00f3 que el RUT debe actualizarse \u00fanicamente cuando haya cambios en informaci\u00f3n clave como residencia, n\u00famero telef\u00f3nico, correo electr\u00f3nico, actividad econ\u00f3mica o responsabilidades fiscales. Este procedimiento est\u00e1 respaldado por los art\u00edculos 555-1 y 658-3 numeral 3 del Estatuto Tributario y el art\u00edculo 1.6.1.2.7 del Decreto 1625 de 2016.<\/p>\n\n\n\n<p>Finalmente, la entidad reiter\u00f3 que todos los tr\u00e1mites relacionados con el RUT son gratuitos y pueden realizarse a trav\u00e9s de los canales de atenci\u00f3n o directamente en la p\u00e1gina oficial de la DIAN: <a href=\"http:\/\/www.dian.gov.co\/impuestos\/RUT\">www.dian.gov.co\/impuestos\/RUT<\/a>. Con estas modificaciones, se busca simplificar los procesos administrativos y garantizar una mayor seguridad para los contribuyentes.<\/p>\n\n\n\n<p><\/p>\n","protected":false},"excerpt":{"rendered":"<p>El Registro \u00danico Tributario (RUT) ya no tendr\u00e1 fecha de vencimiento, seg\u00fan anunci\u00f3 la Direcci\u00f3n de Impuestos y Aduanas Nacionales (DIAN). Este documento, fundamental para tr\u00e1mites fiscales y administrativos, especialmente en procesos de contrataci\u00f3n p\u00fablica, ahora tendr\u00e1 vigencia indefinida mientras no haya cambios en los datos registrados por los contribuyentes. Con el objetivo de garantizar [&hellip;]<\/p>\n","protected":false},"author":2,"featured_media":80482,"comment_status":"closed","ping_status":"open","sticky":false,"template":"","format":"standard","meta":{"footnotes":""},"categories":[28,32],"tags":[],"class_list":["post-80481","post","type-post","status-publish","format-standard","has-post-thumbnail","hentry","category-actualidad","category-nacional"],"yoast_head":"<!-- This site is optimized with the Yoast SEO plugin v26.6 - https:\/\/yoast.com\/wordpress\/plugins\/seo\/ -->\n<title>DIAN elimina fecha de vencimiento en el RUT -<\/title>\n<meta name=\"robots\" content=\"index, follow, max-snippet:-1, max-image-preview:large, max-video-preview:-1\" \/>\n<link rel=\"canonical\" href=\"https:\/\/luchonoticias.com\/editor\/dian-elimina-fecha-de-vencimiento-en-el-rut\/\" \/>\n<meta property=\"og:locale\" content=\"es_ES\" \/>\n<meta property=\"og:type\" content=\"article\" \/>\n<meta property=\"og:title\" content=\"DIAN elimina fecha de vencimiento en el RUT -\" \/>\n<meta property=\"og:url\" content=\"https:\/\/luchonoticias.com\/editor\/dian-elimina-fecha-de-vencimiento-en-el-rut\/\" \/>\n<meta property=\"article:publisher\" content=\"https:\/\/www.facebook.com\/luchonoticiasneiva\" \/>\n<meta property=\"article:published_time\" content=\"2025-01-08T09:18:29+00:00\" \/>\n<meta property=\"article:modified_time\" content=\"2025-01-08T09:18:30+00:00\" \/>\n<meta property=\"og:image\" content=\"https:\/\/luchonoticias.com\/editor\/wp-content\/uploads\/2025\/01\/DIAN-RUT.jpg\" \/>\n\t<meta property=\"og:image:width\" content=\"700\" \/>\n\t<meta property=\"og:image:height\" content=\"400\" \/>\n\t<meta property=\"og:image:type\" content=\"image\/jpeg\" \/>\n<meta name=\"author\" content=\"Editor General\" \/>\n<meta name=\"twitter:card\" content=\"summary_large_image\" \/>\n<meta name=\"twitter:label1\" content=\"Escrito por\" \/>\n\t<meta name=\"twitter:data1\" content=\"Editor General\" \/>\n\t<meta name=\"twitter:label2\" content=\"Tiempo de lectura\" \/>\n\t<meta name=\"twitter:data2\" content=\"2 minutos\" \/>\n<script type=\"application\/ld+json\" class=\"yoast-schema-graph\">{\"@context\":\"https:\/\/schema.org\",\"@graph\":[{\"@type\":\"Article\",\"@id\":\"https:\/\/luchonoticias.com\/editor\/dian-elimina-fecha-de-vencimiento-en-el-rut\/#article\",\"isPartOf\":{\"@id\":\"https:\/\/luchonoticias.com\/editor\/dian-elimina-fecha-de-vencimiento-en-el-rut\/\"},\"author\":{\"name\":\"Editor General\",\"@id\":\"https:\/\/luchonoticias.com\/editor\/#\/schema\/person\/29217990ddf6f14e35912b2866d591fb\"},\"headline\":\"DIAN elimina fecha de vencimiento en el RUT\",\"datePublished\":\"2025-01-08T09:18:29+00:00\",\"dateModified\":\"2025-01-08T09:18:30+00:00\",\"mainEntityOfPage\":{\"@id\":\"https:\/\/luchonoticias.com\/editor\/dian-elimina-fecha-de-vencimiento-en-el-rut\/\"},\"wordCount\":322,\"publisher\":{\"@id\":\"https:\/\/luchonoticias.com\/editor\/#\/schema\/person\/7a7fd911f58561fd056dbac7b55af9cd\"},\"image\":{\"@id\":\"https:\/\/luchonoticias.com\/editor\/dian-elimina-fecha-de-vencimiento-en-el-rut\/#primaryimage\"},\"thumbnailUrl\":\"https:\/\/luchonoticias.com\/editor\/wp-content\/uploads\/2025\/01\/DIAN-RUT.jpg\",\"articleSection\":[\"Actualidad\",\"Nacional\"],\"inLanguage\":\"es\"},{\"@type\":\"WebPage\",\"@id\":\"https:\/\/luchonoticias.com\/editor\/dian-elimina-fecha-de-vencimiento-en-el-rut\/\",\"url\":\"https:\/\/luchonoticias.com\/editor\/dian-elimina-fecha-de-vencimiento-en-el-rut\/\",\"name\":\"DIAN elimina fecha de vencimiento en el RUT -\",\"isPartOf\":{\"@id\":\"https:\/\/luchonoticias.com\/editor\/#website\"},\"primaryImageOfPage\":{\"@id\":\"https:\/\/luchonoticias.com\/editor\/dian-elimina-fecha-de-vencimiento-en-el-rut\/#primaryimage\"},\"image\":{\"@id\":\"https:\/\/luchonoticias.com\/editor\/dian-elimina-fecha-de-vencimiento-en-el-rut\/#primaryimage\"},\"thumbnailUrl\":\"https:\/\/luchonoticias.com\/editor\/wp-content\/uploads\/2025\/01\/DIAN-RUT.jpg\",\"datePublished\":\"2025-01-08T09:18:29+00:00\",\"dateModified\":\"2025-01-08T09:18:30+00:00\",\"breadcrumb\":{\"@id\":\"https:\/\/luchonoticias.com\/editor\/dian-elimina-fecha-de-vencimiento-en-el-rut\/#breadcrumb\"},\"inLanguage\":\"es\",\"potentialAction\":[{\"@type\":\"ReadAction\",\"target\":[\"https:\/\/luchonoticias.com\/editor\/dian-elimina-fecha-de-vencimiento-en-el-rut\/\"]}]},{\"@type\":\"ImageObject\",\"inLanguage\":\"es\",\"@id\":\"https:\/\/luchonoticias.com\/editor\/dian-elimina-fecha-de-vencimiento-en-el-rut\/#primaryimage\",\"url\":\"https:\/\/luchonoticias.com\/editor\/wp-content\/uploads\/2025\/01\/DIAN-RUT.jpg\",\"contentUrl\":\"https:\/\/luchonoticias.com\/editor\/wp-content\/uploads\/2025\/01\/DIAN-RUT.jpg\",\"width\":700,\"height\":400},{\"@type\":\"BreadcrumbList\",\"@id\":\"https:\/\/luchonoticias.com\/editor\/dian-elimina-fecha-de-vencimiento-en-el-rut\/#breadcrumb\",\"itemListElement\":[{\"@type\":\"ListItem\",\"position\":1,\"name\":\"Portada\",\"item\":\"https:\/\/luchonoticias.com\/editor\/\"},{\"@type\":\"ListItem\",\"position\":2,\"name\":\"DIAN elimina fecha de vencimiento en el RUT\"}]},{\"@type\":\"WebSite\",\"@id\":\"https:\/\/luchonoticias.com\/editor\/#website\",\"url\":\"https:\/\/luchonoticias.com\/editor\/\",\"name\":\"\",\"description\":\"\",\"publisher\":{\"@id\":\"https:\/\/luchonoticias.com\/editor\/#\/schema\/person\/7a7fd911f58561fd056dbac7b55af9cd\"},\"potentialAction\":[{\"@type\":\"SearchAction\",\"target\":{\"@type\":\"EntryPoint\",\"urlTemplate\":\"https:\/\/luchonoticias.com\/editor\/?s={search_term_string}\"},\"query-input\":{\"@type\":\"PropertyValueSpecification\",\"valueRequired\":true,\"valueName\":\"search_term_string\"}}],\"inLanguage\":\"es\"},{\"@type\":[\"Person\",\"Organization\"],\"@id\":\"https:\/\/luchonoticias.com\/editor\/#\/schema\/person\/7a7fd911f58561fd056dbac7b55af9cd\",\"name\":\"admin\",\"image\":{\"@type\":\"ImageObject\",\"inLanguage\":\"es\",\"@id\":\"https:\/\/luchonoticias.com\/editor\/#\/schema\/person\/image\/\",\"url\":\"https:\/\/luchonoticias.com\/editor\/wp-content\/uploads\/2024\/02\/cropped-cropped-logolu.webp\",\"contentUrl\":\"https:\/\/luchonoticias.com\/editor\/wp-content\/uploads\/2024\/02\/cropped-cropped-logolu.webp\",\"width\":382,\"height\":170,\"caption\":\"admin\"},\"logo\":{\"@id\":\"https:\/\/luchonoticias.com\/editor\/#\/schema\/person\/image\/\"},\"sameAs\":[\"https:\/\/www.facebook.com\/luchonoticiasneiva\"]},{\"@type\":\"Person\",\"@id\":\"https:\/\/luchonoticias.com\/editor\/#\/schema\/person\/29217990ddf6f14e35912b2866d591fb\",\"name\":\"Editor General\",\"image\":{\"@type\":\"ImageObject\",\"inLanguage\":\"es\",\"@id\":\"https:\/\/luchonoticias.com\/editor\/#\/schema\/person\/image\/\",\"url\":\"https:\/\/luchonoticias.com\/editor\/wp-content\/uploads\/2024\/02\/cropped-cropped-logolu-150x150.webp\",\"contentUrl\":\"https:\/\/luchonoticias.com\/editor\/wp-content\/uploads\/2024\/02\/cropped-cropped-logolu-150x150.webp\",\"caption\":\"Editor General\"},\"sameAs\":[\"https:\/\/luchonoticias.com\/\"],\"url\":\"https:\/\/luchonoticias.com\/editor\/author\/editor-general\/\"}]}<\/script>\n<!-- \/ Yoast SEO plugin. -->","yoast_head_json":{"title":"DIAN elimina fecha de vencimiento en el RUT -","robots":{"index":"index","follow":"follow","max-snippet":"max-snippet:-1","max-image-preview":"max-image-preview:large","max-video-preview":"max-video-preview:-1"},"canonical":"https:\/\/luchonoticias.com\/editor\/dian-elimina-fecha-de-vencimiento-en-el-rut\/","og_locale":"es_ES","og_type":"article","og_title":"DIAN elimina fecha de vencimiento en el RUT -","og_url":"https:\/\/luchonoticias.com\/editor\/dian-elimina-fecha-de-vencimiento-en-el-rut\/","article_publisher":"https:\/\/www.facebook.com\/luchonoticiasneiva","article_published_time":"2025-01-08T09:18:29+00:00","article_modified_time":"2025-01-08T09:18:30+00:00","og_image":[{"width":700,"height":400,"url":"https:\/\/luchonoticias.com\/editor\/wp-content\/uploads\/2025\/01\/DIAN-RUT.jpg","type":"image\/jpeg"}],"author":"Editor General","twitter_card":"summary_large_image","twitter_misc":{"Escrito por":"Editor General","Tiempo de lectura":"2 minutos"},"schema":{"@context":"https:\/\/schema.org","@graph":[{"@type":"Article","@id":"https:\/\/luchonoticias.com\/editor\/dian-elimina-fecha-de-vencimiento-en-el-rut\/#article","isPartOf":{"@id":"https:\/\/luchonoticias.com\/editor\/dian-elimina-fecha-de-vencimiento-en-el-rut\/"},"author":{"name":"Editor General","@id":"https:\/\/luchonoticias.com\/editor\/#\/schema\/person\/29217990ddf6f14e35912b2866d591fb"},"headline":"DIAN elimina fecha de vencimiento en el RUT","datePublished":"2025-01-08T09:18:29+00:00","dateModified":"2025-01-08T09:18:30+00:00","mainEntityOfPage":{"@id":"https:\/\/luchonoticias.com\/editor\/dian-elimina-fecha-de-vencimiento-en-el-rut\/"},"wordCount":322,"publisher":{"@id":"https:\/\/luchonoticias.com\/editor\/#\/schema\/person\/7a7fd911f58561fd056dbac7b55af9cd"},"image":{"@id":"https:\/\/luchonoticias.com\/editor\/dian-elimina-fecha-de-vencimiento-en-el-rut\/#primaryimage"},"thumbnailUrl":"https:\/\/luchonoticias.com\/editor\/wp-content\/uploads\/2025\/01\/DIAN-RUT.jpg","articleSection":["Actualidad","Nacional"],"inLanguage":"es"},{"@type":"WebPage","@id":"https:\/\/luchonoticias.com\/editor\/dian-elimina-fecha-de-vencimiento-en-el-rut\/","url":"https:\/\/luchonoticias.com\/editor\/dian-elimina-fecha-de-vencimiento-en-el-rut\/","name":"DIAN elimina fecha de vencimiento en el RUT -","isPartOf":{"@id":"https:\/\/luchonoticias.com\/editor\/#website"},"primaryImageOfPage":{"@id":"https:\/\/luchonoticias.com\/editor\/dian-elimina-fecha-de-vencimiento-en-el-rut\/#primaryimage"},"image":{"@id":"https:\/\/luchonoticias.com\/editor\/dian-elimina-fecha-de-vencimiento-en-el-rut\/#primaryimage"},"thumbnailUrl":"https:\/\/luchonoticias.com\/editor\/wp-content\/uploads\/2025\/01\/DIAN-RUT.jpg","datePublished":"2025-01-08T09:18:29+00:00","dateModified":"2025-01-08T09:18:30+00:00","breadcrumb":{"@id":"https:\/\/luchonoticias.com\/editor\/dian-elimina-fecha-de-vencimiento-en-el-rut\/#breadcrumb"},"inLanguage":"es","potentialAction":[{"@type":"ReadAction","target":["https:\/\/luchonoticias.com\/editor\/dian-elimina-fecha-de-vencimiento-en-el-rut\/"]}]},{"@type":"ImageObject","inLanguage":"es","@id":"https:\/\/luchonoticias.com\/editor\/dian-elimina-fecha-de-vencimiento-en-el-rut\/#primaryimage","url":"https:\/\/luchonoticias.com\/editor\/wp-content\/uploads\/2025\/01\/DIAN-RUT.jpg","contentUrl":"https:\/\/luchonoticias.com\/editor\/wp-content\/uploads\/2025\/01\/DIAN-RUT.jpg","width":700,"height":400},{"@type":"BreadcrumbList","@id":"https:\/\/luchonoticias.com\/editor\/dian-elimina-fecha-de-vencimiento-en-el-rut\/#breadcrumb","itemListElement":[{"@type":"ListItem","position":1,"name":"Portada","item":"https:\/\/luchonoticias.com\/editor\/"},{"@type":"ListItem","position":2,"name":"DIAN elimina fecha de vencimiento en el RUT"}]},{"@type":"WebSite","@id":"https:\/\/luchonoticias.com\/editor\/#website","url":"https:\/\/luchonoticias.com\/editor\/","name":"","description":"","publisher":{"@id":"https:\/\/luchonoticias.com\/editor\/#\/schema\/person\/7a7fd911f58561fd056dbac7b55af9cd"},"potentialAction":[{"@type":"SearchAction","target":{"@type":"EntryPoint","urlTemplate":"https:\/\/luchonoticias.com\/editor\/?s={search_term_string}"},"query-input":{"@type":"PropertyValueSpecification","valueRequired":true,"valueName":"search_term_string"}}],"inLanguage":"es"},{"@type":["Person","Organization"],"@id":"https:\/\/luchonoticias.com\/editor\/#\/schema\/person\/7a7fd911f58561fd056dbac7b55af9cd","name":"admin","image":{"@type":"ImageObject","inLanguage":"es","@id":"https:\/\/luchonoticias.com\/editor\/#\/schema\/person\/image\/","url":"https:\/\/luchonoticias.com\/editor\/wp-content\/uploads\/2024\/02\/cropped-cropped-logolu.webp","contentUrl":"https:\/\/luchonoticias.com\/editor\/wp-content\/uploads\/2024\/02\/cropped-cropped-logolu.webp","width":382,"height":170,"caption":"admin"},"logo":{"@id":"https:\/\/luchonoticias.com\/editor\/#\/schema\/person\/image\/"},"sameAs":["https:\/\/www.facebook.com\/luchonoticiasneiva"]},{"@type":"Person","@id":"https:\/\/luchonoticias.com\/editor\/#\/schema\/person\/29217990ddf6f14e35912b2866d591fb","name":"Editor General","image":{"@type":"ImageObject","inLanguage":"es","@id":"https:\/\/luchonoticias.com\/editor\/#\/schema\/person\/image\/","url":"https:\/\/luchonoticias.com\/editor\/wp-content\/uploads\/2024\/02\/cropped-cropped-logolu-150x150.webp","contentUrl":"https:\/\/luchonoticias.com\/editor\/wp-content\/uploads\/2024\/02\/cropped-cropped-logolu-150x150.webp","caption":"Editor General"},"sameAs":["https:\/\/luchonoticias.com\/"],"url":"https:\/\/luchonoticias.com\/editor\/author\/editor-general\/"}]}},"_links":{"self":[{"href":"https:\/\/luchonoticias.com\/editor\/wp-json\/wp\/v2\/posts\/80481","targetHints":{"allow":["GET"]}}],"collection":[{"href":"https:\/\/luchonoticias.com\/editor\/wp-json\/wp\/v2\/posts"}],"about":[{"href":"https:\/\/luchonoticias.com\/editor\/wp-json\/wp\/v2\/types\/post"}],"author":[{"embeddable":true,"href":"https:\/\/luchonoticias.com\/editor\/wp-json\/wp\/v2\/users\/2"}],"replies":[{"embeddable":true,"href":"https:\/\/luchonoticias.com\/editor\/wp-json\/wp\/v2\/comments?post=80481"}],"version-history":[{"count":1,"href":"https:\/\/luchonoticias.com\/editor\/wp-json\/wp\/v2\/posts\/80481\/revisions"}],"predecessor-version":[{"id":80483,"href":"https:\/\/luchonoticias.com\/editor\/wp-json\/wp\/v2\/posts\/80481\/revisions\/80483"}],"wp:featuredmedia":[{"embeddable":true,"href":"https:\/\/luchonoticias.com\/editor\/wp-json\/wp\/v2\/media\/80482"}],"wp:attachment":[{"href":"https:\/\/luchonoticias.com\/editor\/wp-json\/wp\/v2\/media?parent=80481"}],"wp:term":[{"taxonomy":"category","embeddable":true,"href":"https:\/\/luchonoticias.com\/editor\/wp-json\/wp\/v2\/categories?post=80481"},{"taxonomy":"post_tag","embeddable":true,"href":"https:\/\/luchonoticias.com\/editor\/wp-json\/wp\/v2\/tags?post=80481"}],"curies":[{"name":"wp","href":"https:\/\/api.w.org\/{rel}","templated":true}]}}