{"id":80484,"date":"2025-01-08T04:48:14","date_gmt":"2025-01-08T09:48:14","guid":{"rendered":"https:\/\/luchonoticias.com\/?p=80484"},"modified":"2025-01-08T04:48:15","modified_gmt":"2025-01-08T09:48:15","slug":"lo-que-se-le-viene-al-congreso-en-este-ano","status":"publish","type":"post","link":"https:\/\/luchonoticias.com\/editor\/lo-que-se-le-viene-al-congreso-en-este-ano\/","title":{"rendered":"Lo que se le viene al Congreso en este a\u00f1o"},"content":{"rendered":"\n<figure class=\"wp-block-image size-full\"><img loading=\"lazy\" decoding=\"async\" width=\"700\" height=\"400\" src=\"https:\/\/luchonoticias.com\/wp-content\/uploads\/2024\/12\/senado-2.jpg\" alt=\"\" class=\"wp-image-79680\" srcset=\"https:\/\/luchonoticias.com\/editor\/wp-content\/uploads\/2024\/12\/senado-2.jpg 700w, https:\/\/luchonoticias.com\/editor\/wp-content\/uploads\/2024\/12\/senado-2-300x171.jpg 300w\" sizes=\"auto, (max-width: 700px) 100vw, 700px\" \/><\/figure>\n\n\n\n<p>A m\u00e1s de un mes de la reanudaci\u00f3n de la legislatura en el Congreso, el ministro del Interior, Juan Fernando Cristo, confirm\u00f3 que las prioridades del Gobierno ser\u00e1n las reformas a la Salud, la Laboral y la ley de jurisdicci\u00f3n agraria. Estas iniciativas ser\u00e1n el foco del periodo legislativo que inicia el pr\u00f3ximo 16 de febrero.<\/p>\n\n\n\n<p>El ministro detall\u00f3 que la reforma a la Salud continuar\u00e1 su discusi\u00f3n en la plenaria de la C\u00e1mara, mientras que la laboral avanzar\u00e1 al tercer debate en la Comisi\u00f3n S\u00e9ptima del Senado. Por su parte, la jurisdicci\u00f3n agraria deber\u00e1 iniciar su tr\u00e1mite en las plenarias de Senado y C\u00e1mara. La meta del Gobierno es que estos proyectos se conviertan en leyes antes del 20 de junio.<\/p>\n\n\n\n<p>Cristo destac\u00f3 que la clave ser\u00e1 la b\u00fasqueda de consensos mediante el di\u00e1logo, estrategia que permiti\u00f3 avances significativos en el semestre anterior. \u201cLa idea es que en este primer semestre salgan aprobadas las reformas esenciales para el pa\u00eds,\u201d asegur\u00f3 el funcionario.<\/p>\n\n\n\n<p>El ministro reconoci\u00f3 la importancia de este periodo legislativo para consolidar las propuestas del Gobierno, subrayando que el tiempo ser\u00e1 limitado. En ese sentido, manifest\u00f3 que el Ejecutivo planea trabajar intensamente para agilizar el proceso.<\/p>\n\n\n\n<p>Finalmente, Cristo revel\u00f3 que se est\u00e1 evaluando la posibilidad de citar a sesiones extraordinarias antes del 16 de febrero. \u201cEn los pr\u00f3ximos d\u00edas tomaremos una decisi\u00f3n con el presidente para determinar si convocamos al Congreso unas semanas antes, dependiendo de las necesidades de alg\u00fan proyecto puntual,\u201d concluy\u00f3.<\/p>\n\n\n\n<p><\/p>\n","protected":false},"excerpt":{"rendered":"<p>A m\u00e1s de un mes de la reanudaci\u00f3n de la legislatura en el Congreso, el ministro del Interior, Juan Fernando Cristo, confirm\u00f3 que las prioridades del Gobierno ser\u00e1n las reformas a la Salud, la Laboral y la ley de jurisdicci\u00f3n agraria. Estas iniciativas ser\u00e1n el foco del periodo legislativo que inicia el pr\u00f3ximo 16 de [&hellip;]<\/p>\n","protected":false},"author":2,"featured_media":79680,"comment_status":"closed","ping_status":"open","sticky":false,"template":"","format":"standard","meta":{"footnotes":""},"categories":[28,32],"tags":[],"class_list":["post-80484","post","type-post","status-publish","format-standard","has-post-thumbnail","hentry","category-actualidad","category-nacional"],"yoast_head":"<!-- This site is optimized with the Yoast SEO plugin v26.6 - https:\/\/yoast.com\/wordpress\/plugins\/seo\/ -->\n<title>Lo que se le viene al Congreso en este a\u00f1o -<\/title>\n<meta name=\"robots\" content=\"index, follow, max-snippet:-1, max-image-preview:large, max-video-preview:-1\" \/>\n<link rel=\"canonical\" href=\"https:\/\/luchonoticias.com\/editor\/lo-que-se-le-viene-al-congreso-en-este-ano\/\" \/>\n<meta property=\"og:locale\" content=\"es_ES\" \/>\n<meta property=\"og:type\" content=\"article\" \/>\n<meta property=\"og:title\" content=\"Lo que se le viene al Congreso en este a\u00f1o -\" \/>\n<meta property=\"og:url\" content=\"https:\/\/luchonoticias.com\/editor\/lo-que-se-le-viene-al-congreso-en-este-ano\/\" \/>\n<meta property=\"article:publisher\" content=\"https:\/\/www.facebook.com\/luchonoticiasneiva\" \/>\n<meta property=\"article:published_time\" content=\"2025-01-08T09:48:14+00:00\" \/>\n<meta property=\"article:modified_time\" content=\"2025-01-08T09:48:15+00:00\" \/>\n<meta property=\"og:image\" content=\"https:\/\/luchonoticias.com\/editor\/wp-content\/uploads\/2024\/12\/senado-2.jpg\" \/>\n\t<meta property=\"og:image:width\" content=\"700\" \/>\n\t<meta property=\"og:image:height\" content=\"400\" \/>\n\t<meta property=\"og:image:type\" content=\"image\/jpeg\" \/>\n<meta name=\"author\" content=\"Editor General\" \/>\n<meta name=\"twitter:card\" content=\"summary_large_image\" \/>\n<meta name=\"twitter:label1\" content=\"Escrito por\" \/>\n\t<meta name=\"twitter:data1\" content=\"Editor General\" \/>\n\t<meta name=\"twitter:label2\" content=\"Tiempo de lectura\" \/>\n\t<meta name=\"twitter:data2\" content=\"2 minutos\" \/>\n<script type=\"application\/ld+json\" class=\"yoast-schema-graph\">{\"@context\":\"https:\/\/schema.org\",\"@graph\":[{\"@type\":\"Article\",\"@id\":\"https:\/\/luchonoticias.com\/editor\/lo-que-se-le-viene-al-congreso-en-este-ano\/#article\",\"isPartOf\":{\"@id\":\"https:\/\/luchonoticias.com\/editor\/lo-que-se-le-viene-al-congreso-en-este-ano\/\"},\"author\":{\"name\":\"Editor General\",\"@id\":\"https:\/\/luchonoticias.com\/editor\/#\/schema\/person\/29217990ddf6f14e35912b2866d591fb\"},\"headline\":\"Lo que se le viene al Congreso en este a\u00f1o\",\"datePublished\":\"2025-01-08T09:48:14+00:00\",\"dateModified\":\"2025-01-08T09:48:15+00:00\",\"mainEntityOfPage\":{\"@id\":\"https:\/\/luchonoticias.com\/editor\/lo-que-se-le-viene-al-congreso-en-este-ano\/\"},\"wordCount\":273,\"publisher\":{\"@id\":\"https:\/\/luchonoticias.com\/editor\/#\/schema\/person\/7a7fd911f58561fd056dbac7b55af9cd\"},\"image\":{\"@id\":\"https:\/\/luchonoticias.com\/editor\/lo-que-se-le-viene-al-congreso-en-este-ano\/#primaryimage\"},\"thumbnailUrl\":\"https:\/\/luchonoticias.com\/editor\/wp-content\/uploads\/2024\/12\/senado-2.jpg\",\"articleSection\":[\"Actualidad\",\"Nacional\"],\"inLanguage\":\"es\"},{\"@type\":\"WebPage\",\"@id\":\"https:\/\/luchonoticias.com\/editor\/lo-que-se-le-viene-al-congreso-en-este-ano\/\",\"url\":\"https:\/\/luchonoticias.com\/editor\/lo-que-se-le-viene-al-congreso-en-este-ano\/\",\"name\":\"Lo que se le viene al Congreso en este a\u00f1o -\",\"isPartOf\":{\"@id\":\"https:\/\/luchonoticias.com\/editor\/#website\"},\"primaryImageOfPage\":{\"@id\":\"https:\/\/luchonoticias.com\/editor\/lo-que-se-le-viene-al-congreso-en-este-ano\/#primaryimage\"},\"image\":{\"@id\":\"https:\/\/luchonoticias.com\/editor\/lo-que-se-le-viene-al-congreso-en-este-ano\/#primaryimage\"},\"thumbnailUrl\":\"https:\/\/luchonoticias.com\/editor\/wp-content\/uploads\/2024\/12\/senado-2.jpg\",\"datePublished\":\"2025-01-08T09:48:14+00:00\",\"dateModified\":\"2025-01-08T09:48:15+00:00\",\"breadcrumb\":{\"@id\":\"https:\/\/luchonoticias.com\/editor\/lo-que-se-le-viene-al-congreso-en-este-ano\/#breadcrumb\"},\"inLanguage\":\"es\",\"potentialAction\":[{\"@type\":\"ReadAction\",\"target\":[\"https:\/\/luchonoticias.com\/editor\/lo-que-se-le-viene-al-congreso-en-este-ano\/\"]}]},{\"@type\":\"ImageObject\",\"inLanguage\":\"es\",\"@id\":\"https:\/\/luchonoticias.com\/editor\/lo-que-se-le-viene-al-congreso-en-este-ano\/#primaryimage\",\"url\":\"https:\/\/luchonoticias.com\/editor\/wp-content\/uploads\/2024\/12\/senado-2.jpg\",\"contentUrl\":\"https:\/\/luchonoticias.com\/editor\/wp-content\/uploads\/2024\/12\/senado-2.jpg\",\"width\":700,\"height\":400},{\"@type\":\"BreadcrumbList\",\"@id\":\"https:\/\/luchonoticias.com\/editor\/lo-que-se-le-viene-al-congreso-en-este-ano\/#breadcrumb\",\"itemListElement\":[{\"@type\":\"ListItem\",\"position\":1,\"name\":\"Portada\",\"item\":\"https:\/\/luchonoticias.com\/editor\/\"},{\"@type\":\"ListItem\",\"position\":2,\"name\":\"Lo que se le viene al Congreso en este a\u00f1o\"}]},{\"@type\":\"WebSite\",\"@id\":\"https:\/\/luchonoticias.com\/editor\/#website\",\"url\":\"https:\/\/luchonoticias.com\/editor\/\",\"name\":\"\",\"description\":\"\",\"publisher\":{\"@id\":\"https:\/\/luchonoticias.com\/editor\/#\/schema\/person\/7a7fd911f58561fd056dbac7b55af9cd\"},\"potentialAction\":[{\"@type\":\"SearchAction\",\"target\":{\"@type\":\"EntryPoint\",\"urlTemplate\":\"https:\/\/luchonoticias.com\/editor\/?s={search_term_string}\"},\"query-input\":{\"@type\":\"PropertyValueSpecification\",\"valueRequired\":true,\"valueName\":\"search_term_string\"}}],\"inLanguage\":\"es\"},{\"@type\":[\"Person\",\"Organization\"],\"@id\":\"https:\/\/luchonoticias.com\/editor\/#\/schema\/person\/7a7fd911f58561fd056dbac7b55af9cd\",\"name\":\"admin\",\"image\":{\"@type\":\"ImageObject\",\"inLanguage\":\"es\",\"@id\":\"https:\/\/luchonoticias.com\/editor\/#\/schema\/person\/image\/\",\"url\":\"https:\/\/luchonoticias.com\/editor\/wp-content\/uploads\/2024\/02\/cropped-cropped-logolu.webp\",\"contentUrl\":\"https:\/\/luchonoticias.com\/editor\/wp-content\/uploads\/2024\/02\/cropped-cropped-logolu.webp\",\"width\":382,\"height\":170,\"caption\":\"admin\"},\"logo\":{\"@id\":\"https:\/\/luchonoticias.com\/editor\/#\/schema\/person\/image\/\"},\"sameAs\":[\"https:\/\/www.facebook.com\/luchonoticiasneiva\"]},{\"@type\":\"Person\",\"@id\":\"https:\/\/luchonoticias.com\/editor\/#\/schema\/person\/29217990ddf6f14e35912b2866d591fb\",\"name\":\"Editor General\",\"image\":{\"@type\":\"ImageObject\",\"inLanguage\":\"es\",\"@id\":\"https:\/\/luchonoticias.com\/editor\/#\/schema\/person\/image\/\",\"url\":\"https:\/\/luchonoticias.com\/editor\/wp-content\/uploads\/2024\/02\/cropped-cropped-logolu-150x150.webp\",\"contentUrl\":\"https:\/\/luchonoticias.com\/editor\/wp-content\/uploads\/2024\/02\/cropped-cropped-logolu-150x150.webp\",\"caption\":\"Editor General\"},\"sameAs\":[\"https:\/\/luchonoticias.com\/\"],\"url\":\"https:\/\/luchonoticias.com\/editor\/author\/editor-general\/\"}]}<\/script>\n<!-- \/ Yoast SEO plugin. -->","yoast_head_json":{"title":"Lo que se le viene al Congreso en este a\u00f1o -","robots":{"index":"index","follow":"follow","max-snippet":"max-snippet:-1","max-image-preview":"max-image-preview:large","max-video-preview":"max-video-preview:-1"},"canonical":"https:\/\/luchonoticias.com\/editor\/lo-que-se-le-viene-al-congreso-en-este-ano\/","og_locale":"es_ES","og_type":"article","og_title":"Lo que se le viene al Congreso en este a\u00f1o -","og_url":"https:\/\/luchonoticias.com\/editor\/lo-que-se-le-viene-al-congreso-en-este-ano\/","article_publisher":"https:\/\/www.facebook.com\/luchonoticiasneiva","article_published_time":"2025-01-08T09:48:14+00:00","article_modified_time":"2025-01-08T09:48:15+00:00","og_image":[{"width":700,"height":400,"url":"https:\/\/luchonoticias.com\/editor\/wp-content\/uploads\/2024\/12\/senado-2.jpg","type":"image\/jpeg"}],"author":"Editor General","twitter_card":"summary_large_image","twitter_misc":{"Escrito por":"Editor General","Tiempo de lectura":"2 minutos"},"schema":{"@context":"https:\/\/schema.org","@graph":[{"@type":"Article","@id":"https:\/\/luchonoticias.com\/editor\/lo-que-se-le-viene-al-congreso-en-este-ano\/#article","isPartOf":{"@id":"https:\/\/luchonoticias.com\/editor\/lo-que-se-le-viene-al-congreso-en-este-ano\/"},"author":{"name":"Editor General","@id":"https:\/\/luchonoticias.com\/editor\/#\/schema\/person\/29217990ddf6f14e35912b2866d591fb"},"headline":"Lo que se le viene al Congreso en este a\u00f1o","datePublished":"2025-01-08T09:48:14+00:00","dateModified":"2025-01-08T09:48:15+00:00","mainEntityOfPage":{"@id":"https:\/\/luchonoticias.com\/editor\/lo-que-se-le-viene-al-congreso-en-este-ano\/"},"wordCount":273,"publisher":{"@id":"https:\/\/luchonoticias.com\/editor\/#\/schema\/person\/7a7fd911f58561fd056dbac7b55af9cd"},"image":{"@id":"https:\/\/luchonoticias.com\/editor\/lo-que-se-le-viene-al-congreso-en-este-ano\/#primaryimage"},"thumbnailUrl":"https:\/\/luchonoticias.com\/editor\/wp-content\/uploads\/2024\/12\/senado-2.jpg","articleSection":["Actualidad","Nacional"],"inLanguage":"es"},{"@type":"WebPage","@id":"https:\/\/luchonoticias.com\/editor\/lo-que-se-le-viene-al-congreso-en-este-ano\/","url":"https:\/\/luchonoticias.com\/editor\/lo-que-se-le-viene-al-congreso-en-este-ano\/","name":"Lo que se le viene al Congreso en este a\u00f1o -","isPartOf":{"@id":"https:\/\/luchonoticias.com\/editor\/#website"},"primaryImageOfPage":{"@id":"https:\/\/luchonoticias.com\/editor\/lo-que-se-le-viene-al-congreso-en-este-ano\/#primaryimage"},"image":{"@id":"https:\/\/luchonoticias.com\/editor\/lo-que-se-le-viene-al-congreso-en-este-ano\/#primaryimage"},"thumbnailUrl":"https:\/\/luchonoticias.com\/editor\/wp-content\/uploads\/2024\/12\/senado-2.jpg","datePublished":"2025-01-08T09:48:14+00:00","dateModified":"2025-01-08T09:48:15+00:00","breadcrumb":{"@id":"https:\/\/luchonoticias.com\/editor\/lo-que-se-le-viene-al-congreso-en-este-ano\/#breadcrumb"},"inLanguage":"es","potentialAction":[{"@type":"ReadAction","target":["https:\/\/luchonoticias.com\/editor\/lo-que-se-le-viene-al-congreso-en-este-ano\/"]}]},{"@type":"ImageObject","inLanguage":"es","@id":"https:\/\/luchonoticias.com\/editor\/lo-que-se-le-viene-al-congreso-en-este-ano\/#primaryimage","url":"https:\/\/luchonoticias.com\/editor\/wp-content\/uploads\/2024\/12\/senado-2.jpg","contentUrl":"https:\/\/luchonoticias.com\/editor\/wp-content\/uploads\/2024\/12\/senado-2.jpg","width":700,"height":400},{"@type":"BreadcrumbList","@id":"https:\/\/luchonoticias.com\/editor\/lo-que-se-le-viene-al-congreso-en-este-ano\/#breadcrumb","itemListElement":[{"@type":"ListItem","position":1,"name":"Portada","item":"https:\/\/luchonoticias.com\/editor\/"},{"@type":"ListItem","position":2,"name":"Lo que se le viene al Congreso en este a\u00f1o"}]},{"@type":"WebSite","@id":"https:\/\/luchonoticias.com\/editor\/#website","url":"https:\/\/luchonoticias.com\/editor\/","name":"","description":"","publisher":{"@id":"https:\/\/luchonoticias.com\/editor\/#\/schema\/person\/7a7fd911f58561fd056dbac7b55af9cd"},"potentialAction":[{"@type":"SearchAction","target":{"@type":"EntryPoint","urlTemplate":"https:\/\/luchonoticias.com\/editor\/?s={search_term_string}"},"query-input":{"@type":"PropertyValueSpecification","valueRequired":true,"valueName":"search_term_string"}}],"inLanguage":"es"},{"@type":["Person","Organization"],"@id":"https:\/\/luchonoticias.com\/editor\/#\/schema\/person\/7a7fd911f58561fd056dbac7b55af9cd","name":"admin","image":{"@type":"ImageObject","inLanguage":"es","@id":"https:\/\/luchonoticias.com\/editor\/#\/schema\/person\/image\/","url":"https:\/\/luchonoticias.com\/editor\/wp-content\/uploads\/2024\/02\/cropped-cropped-logolu.webp","contentUrl":"https:\/\/luchonoticias.com\/editor\/wp-content\/uploads\/2024\/02\/cropped-cropped-logolu.webp","width":382,"height":170,"caption":"admin"},"logo":{"@id":"https:\/\/luchonoticias.com\/editor\/#\/schema\/person\/image\/"},"sameAs":["https:\/\/www.facebook.com\/luchonoticiasneiva"]},{"@type":"Person","@id":"https:\/\/luchonoticias.com\/editor\/#\/schema\/person\/29217990ddf6f14e35912b2866d591fb","name":"Editor General","image":{"@type":"ImageObject","inLanguage":"es","@id":"https:\/\/luchonoticias.com\/editor\/#\/schema\/person\/image\/","url":"https:\/\/luchonoticias.com\/editor\/wp-content\/uploads\/2024\/02\/cropped-cropped-logolu-150x150.webp","contentUrl":"https:\/\/luchonoticias.com\/editor\/wp-content\/uploads\/2024\/02\/cropped-cropped-logolu-150x150.webp","caption":"Editor General"},"sameAs":["https:\/\/luchonoticias.com\/"],"url":"https:\/\/luchonoticias.com\/editor\/author\/editor-general\/"}]}},"_links":{"self":[{"href":"https:\/\/luchonoticias.com\/editor\/wp-json\/wp\/v2\/posts\/80484","targetHints":{"allow":["GET"]}}],"collection":[{"href":"https:\/\/luchonoticias.com\/editor\/wp-json\/wp\/v2\/posts"}],"about":[{"href":"https:\/\/luchonoticias.com\/editor\/wp-json\/wp\/v2\/types\/post"}],"author":[{"embeddable":true,"href":"https:\/\/luchonoticias.com\/editor\/wp-json\/wp\/v2\/users\/2"}],"replies":[{"embeddable":true,"href":"https:\/\/luchonoticias.com\/editor\/wp-json\/wp\/v2\/comments?post=80484"}],"version-history":[{"count":1,"href":"https:\/\/luchonoticias.com\/editor\/wp-json\/wp\/v2\/posts\/80484\/revisions"}],"predecessor-version":[{"id":80485,"href":"https:\/\/luchonoticias.com\/editor\/wp-json\/wp\/v2\/posts\/80484\/revisions\/80485"}],"wp:featuredmedia":[{"embeddable":true,"href":"https:\/\/luchonoticias.com\/editor\/wp-json\/wp\/v2\/media\/79680"}],"wp:attachment":[{"href":"https:\/\/luchonoticias.com\/editor\/wp-json\/wp\/v2\/media?parent=80484"}],"wp:term":[{"taxonomy":"category","embeddable":true,"href":"https:\/\/luchonoticias.com\/editor\/wp-json\/wp\/v2\/categories?post=80484"},{"taxonomy":"post_tag","embeddable":true,"href":"https:\/\/luchonoticias.com\/editor\/wp-json\/wp\/v2\/tags?post=80484"}],"curies":[{"name":"wp","href":"https:\/\/api.w.org\/{rel}","templated":true}]}}