{"id":80486,"date":"2025-01-08T10:23:36","date_gmt":"2025-01-08T15:23:36","guid":{"rendered":"https:\/\/luchonoticias.com\/?p=80486"},"modified":"2025-01-08T10:23:37","modified_gmt":"2025-01-08T15:23:37","slug":"habra-o-no-suramericano-sub-20-en-venezuela","status":"publish","type":"post","link":"https:\/\/luchonoticias.com\/editor\/habra-o-no-suramericano-sub-20-en-venezuela\/","title":{"rendered":"\u00bfHabr\u00e1 o no Suramericano sub &#8211; 20 en Venezuela?"},"content":{"rendered":"\n<figure class=\"wp-block-image size-full\"><img loading=\"lazy\" decoding=\"async\" width=\"700\" height=\"400\" src=\"https:\/\/luchonoticias.com\/wp-content\/uploads\/2025\/01\/colombia-futbol-sub-20.jpg\" alt=\"\" class=\"wp-image-80487\" srcset=\"https:\/\/luchonoticias.com\/editor\/wp-content\/uploads\/2025\/01\/colombia-futbol-sub-20.jpg 700w, https:\/\/luchonoticias.com\/editor\/wp-content\/uploads\/2025\/01\/colombia-futbol-sub-20-300x171.jpg 300w\" sizes=\"auto, (max-width: 700px) 100vw, 700px\" \/><\/figure>\n\n\n\n<p>El Campeonato Sudamericano Sub-20 en su versi\u00f3n 31 est\u00e1 programado para arrancar en Venezuela del 23 de enero al 16 de febrero, con Caracas, Cabudare, Valencia y Puerto La Cruz como sedes principales.<\/p>\n\n\n\n<p>El torneo juvenil definir\u00e1 al campe\u00f3n y otorgar\u00e1 cuatro cupos para la Copa Mundial de la categor\u00eda, que se disputar\u00e1 en Chile entre el 27 de septiembre y el 19 de octubre de este a\u00f1o. Sin embargo, la creciente tensi\u00f3n pol\u00edtica en Venezuela amenaza con empa\u00f1ar la realizaci\u00f3n del certamen.<\/p>\n\n\n\n<p>A pocos d\u00edas del inicio del torneo, la situaci\u00f3n pol\u00edtica en Venezuela ha generado preocupaci\u00f3n en varios pa\u00edses de la regi\u00f3n. Tanto el presidente Nicol\u00e1s Maduro como el opositor Edmundo Gonz\u00e1lez Urrutia insisten en que asumir\u00e1n como jefe de Estado para el per\u00edodo 2025-2031, en un contexto cargado de denuncias de conspiraciones y planes \u00abterroristas\u00bb. Este panorama ha despertado dudas sobre la seguridad del evento, en un pa\u00eds marcado por la incertidumbre.<\/p>\n\n\n\n<p>Argentina, liderada por su presidente Javier Milei, eval\u00faa solicitar a la Conmebol un cambio de sede. Seg\u00fan el diario La Naci\u00f3n, el gobierno argentino considera inadmisible que el torneo se celebre en un pa\u00eds donde, seg\u00fan denuncias, \u00abhay cientos de secuestrados\u00bb. La detenci\u00f3n del gendarme argentino Nahuel Gallo, acusado por el gobierno venezolano de participar en un complot para asesinar a la vicepresidenta Delcy Rodr\u00edguez, ha tensado a\u00fan m\u00e1s las relaciones entre ambos pa\u00edses.<\/p>\n\n\n\n<p><\/p>\n","protected":false},"excerpt":{"rendered":"<p>El Campeonato Sudamericano Sub-20 en su versi\u00f3n 31 est\u00e1 programado para arrancar en Venezuela del 23 de enero al 16 de febrero, con Caracas, Cabudare, Valencia y Puerto La Cruz como sedes principales. El torneo juvenil definir\u00e1 al campe\u00f3n y otorgar\u00e1 cuatro cupos para la Copa Mundial de la categor\u00eda, que se disputar\u00e1 en Chile [&hellip;]<\/p>\n","protected":false},"author":2,"featured_media":80487,"comment_status":"closed","ping_status":"open","sticky":false,"template":"","format":"standard","meta":{"footnotes":""},"categories":[34],"tags":[],"class_list":["post-80486","post","type-post","status-publish","format-standard","has-post-thumbnail","hentry","category-deportes"],"yoast_head":"<!-- This site is optimized with the Yoast SEO plugin v26.6 - https:\/\/yoast.com\/wordpress\/plugins\/seo\/ -->\n<title>\u00bfHabr\u00e1 o no Suramericano sub - 20 en Venezuela? -<\/title>\n<meta name=\"robots\" content=\"index, follow, max-snippet:-1, max-image-preview:large, max-video-preview:-1\" \/>\n<link rel=\"canonical\" href=\"https:\/\/luchonoticias.com\/editor\/habra-o-no-suramericano-sub-20-en-venezuela\/\" \/>\n<meta property=\"og:locale\" content=\"es_ES\" \/>\n<meta property=\"og:type\" content=\"article\" \/>\n<meta property=\"og:title\" content=\"\u00bfHabr\u00e1 o no Suramericano sub - 20 en Venezuela? -\" \/>\n<meta property=\"og:url\" content=\"https:\/\/luchonoticias.com\/editor\/habra-o-no-suramericano-sub-20-en-venezuela\/\" \/>\n<meta property=\"article:publisher\" content=\"https:\/\/www.facebook.com\/luchonoticiasneiva\" \/>\n<meta property=\"article:published_time\" content=\"2025-01-08T15:23:36+00:00\" \/>\n<meta property=\"article:modified_time\" content=\"2025-01-08T15:23:37+00:00\" \/>\n<meta property=\"og:image\" content=\"https:\/\/luchonoticias.com\/editor\/wp-content\/uploads\/2025\/01\/colombia-futbol-sub-20.jpg\" \/>\n\t<meta property=\"og:image:width\" content=\"700\" \/>\n\t<meta property=\"og:image:height\" content=\"400\" \/>\n\t<meta property=\"og:image:type\" content=\"image\/jpeg\" \/>\n<meta name=\"author\" content=\"Editor General\" \/>\n<meta name=\"twitter:card\" content=\"summary_large_image\" \/>\n<meta name=\"twitter:label1\" content=\"Escrito por\" \/>\n\t<meta name=\"twitter:data1\" content=\"Editor General\" \/>\n\t<meta name=\"twitter:label2\" content=\"Tiempo de lectura\" \/>\n\t<meta name=\"twitter:data2\" content=\"2 minutos\" \/>\n<script type=\"application\/ld+json\" class=\"yoast-schema-graph\">{\"@context\":\"https:\/\/schema.org\",\"@graph\":[{\"@type\":\"Article\",\"@id\":\"https:\/\/luchonoticias.com\/editor\/habra-o-no-suramericano-sub-20-en-venezuela\/#article\",\"isPartOf\":{\"@id\":\"https:\/\/luchonoticias.com\/editor\/habra-o-no-suramericano-sub-20-en-venezuela\/\"},\"author\":{\"name\":\"Editor General\",\"@id\":\"https:\/\/luchonoticias.com\/editor\/#\/schema\/person\/29217990ddf6f14e35912b2866d591fb\"},\"headline\":\"\u00bfHabr\u00e1 o no Suramericano sub &#8211; 20 en Venezuela?\",\"datePublished\":\"2025-01-08T15:23:36+00:00\",\"dateModified\":\"2025-01-08T15:23:37+00:00\",\"mainEntityOfPage\":{\"@id\":\"https:\/\/luchonoticias.com\/editor\/habra-o-no-suramericano-sub-20-en-venezuela\/\"},\"wordCount\":261,\"publisher\":{\"@id\":\"https:\/\/luchonoticias.com\/editor\/#\/schema\/person\/7a7fd911f58561fd056dbac7b55af9cd\"},\"image\":{\"@id\":\"https:\/\/luchonoticias.com\/editor\/habra-o-no-suramericano-sub-20-en-venezuela\/#primaryimage\"},\"thumbnailUrl\":\"https:\/\/luchonoticias.com\/editor\/wp-content\/uploads\/2025\/01\/colombia-futbol-sub-20.jpg\",\"articleSection\":[\"Deportes\"],\"inLanguage\":\"es\"},{\"@type\":\"WebPage\",\"@id\":\"https:\/\/luchonoticias.com\/editor\/habra-o-no-suramericano-sub-20-en-venezuela\/\",\"url\":\"https:\/\/luchonoticias.com\/editor\/habra-o-no-suramericano-sub-20-en-venezuela\/\",\"name\":\"\u00bfHabr\u00e1 o no Suramericano sub - 20 en Venezuela? -\",\"isPartOf\":{\"@id\":\"https:\/\/luchonoticias.com\/editor\/#website\"},\"primaryImageOfPage\":{\"@id\":\"https:\/\/luchonoticias.com\/editor\/habra-o-no-suramericano-sub-20-en-venezuela\/#primaryimage\"},\"image\":{\"@id\":\"https:\/\/luchonoticias.com\/editor\/habra-o-no-suramericano-sub-20-en-venezuela\/#primaryimage\"},\"thumbnailUrl\":\"https:\/\/luchonoticias.com\/editor\/wp-content\/uploads\/2025\/01\/colombia-futbol-sub-20.jpg\",\"datePublished\":\"2025-01-08T15:23:36+00:00\",\"dateModified\":\"2025-01-08T15:23:37+00:00\",\"breadcrumb\":{\"@id\":\"https:\/\/luchonoticias.com\/editor\/habra-o-no-suramericano-sub-20-en-venezuela\/#breadcrumb\"},\"inLanguage\":\"es\",\"potentialAction\":[{\"@type\":\"ReadAction\",\"target\":[\"https:\/\/luchonoticias.com\/editor\/habra-o-no-suramericano-sub-20-en-venezuela\/\"]}]},{\"@type\":\"ImageObject\",\"inLanguage\":\"es\",\"@id\":\"https:\/\/luchonoticias.com\/editor\/habra-o-no-suramericano-sub-20-en-venezuela\/#primaryimage\",\"url\":\"https:\/\/luchonoticias.com\/editor\/wp-content\/uploads\/2025\/01\/colombia-futbol-sub-20.jpg\",\"contentUrl\":\"https:\/\/luchonoticias.com\/editor\/wp-content\/uploads\/2025\/01\/colombia-futbol-sub-20.jpg\",\"width\":700,\"height\":400},{\"@type\":\"BreadcrumbList\",\"@id\":\"https:\/\/luchonoticias.com\/editor\/habra-o-no-suramericano-sub-20-en-venezuela\/#breadcrumb\",\"itemListElement\":[{\"@type\":\"ListItem\",\"position\":1,\"name\":\"Portada\",\"item\":\"https:\/\/luchonoticias.com\/editor\/\"},{\"@type\":\"ListItem\",\"position\":2,\"name\":\"\u00bfHabr\u00e1 o no Suramericano sub &#8211; 20 en Venezuela?\"}]},{\"@type\":\"WebSite\",\"@id\":\"https:\/\/luchonoticias.com\/editor\/#website\",\"url\":\"https:\/\/luchonoticias.com\/editor\/\",\"name\":\"\",\"description\":\"\",\"publisher\":{\"@id\":\"https:\/\/luchonoticias.com\/editor\/#\/schema\/person\/7a7fd911f58561fd056dbac7b55af9cd\"},\"potentialAction\":[{\"@type\":\"SearchAction\",\"target\":{\"@type\":\"EntryPoint\",\"urlTemplate\":\"https:\/\/luchonoticias.com\/editor\/?s={search_term_string}\"},\"query-input\":{\"@type\":\"PropertyValueSpecification\",\"valueRequired\":true,\"valueName\":\"search_term_string\"}}],\"inLanguage\":\"es\"},{\"@type\":[\"Person\",\"Organization\"],\"@id\":\"https:\/\/luchonoticias.com\/editor\/#\/schema\/person\/7a7fd911f58561fd056dbac7b55af9cd\",\"name\":\"admin\",\"image\":{\"@type\":\"ImageObject\",\"inLanguage\":\"es\",\"@id\":\"https:\/\/luchonoticias.com\/editor\/#\/schema\/person\/image\/\",\"url\":\"https:\/\/luchonoticias.com\/editor\/wp-content\/uploads\/2024\/02\/cropped-cropped-logolu.webp\",\"contentUrl\":\"https:\/\/luchonoticias.com\/editor\/wp-content\/uploads\/2024\/02\/cropped-cropped-logolu.webp\",\"width\":382,\"height\":170,\"caption\":\"admin\"},\"logo\":{\"@id\":\"https:\/\/luchonoticias.com\/editor\/#\/schema\/person\/image\/\"},\"sameAs\":[\"https:\/\/www.facebook.com\/luchonoticiasneiva\"]},{\"@type\":\"Person\",\"@id\":\"https:\/\/luchonoticias.com\/editor\/#\/schema\/person\/29217990ddf6f14e35912b2866d591fb\",\"name\":\"Editor General\",\"image\":{\"@type\":\"ImageObject\",\"inLanguage\":\"es\",\"@id\":\"https:\/\/luchonoticias.com\/editor\/#\/schema\/person\/image\/\",\"url\":\"https:\/\/luchonoticias.com\/editor\/wp-content\/uploads\/2024\/02\/cropped-cropped-logolu-150x150.webp\",\"contentUrl\":\"https:\/\/luchonoticias.com\/editor\/wp-content\/uploads\/2024\/02\/cropped-cropped-logolu-150x150.webp\",\"caption\":\"Editor General\"},\"sameAs\":[\"https:\/\/luchonoticias.com\/\"],\"url\":\"https:\/\/luchonoticias.com\/editor\/author\/editor-general\/\"}]}<\/script>\n<!-- \/ Yoast SEO plugin. -->","yoast_head_json":{"title":"\u00bfHabr\u00e1 o no Suramericano sub - 20 en Venezuela? -","robots":{"index":"index","follow":"follow","max-snippet":"max-snippet:-1","max-image-preview":"max-image-preview:large","max-video-preview":"max-video-preview:-1"},"canonical":"https:\/\/luchonoticias.com\/editor\/habra-o-no-suramericano-sub-20-en-venezuela\/","og_locale":"es_ES","og_type":"article","og_title":"\u00bfHabr\u00e1 o no Suramericano sub - 20 en Venezuela? -","og_url":"https:\/\/luchonoticias.com\/editor\/habra-o-no-suramericano-sub-20-en-venezuela\/","article_publisher":"https:\/\/www.facebook.com\/luchonoticiasneiva","article_published_time":"2025-01-08T15:23:36+00:00","article_modified_time":"2025-01-08T15:23:37+00:00","og_image":[{"width":700,"height":400,"url":"https:\/\/luchonoticias.com\/editor\/wp-content\/uploads\/2025\/01\/colombia-futbol-sub-20.jpg","type":"image\/jpeg"}],"author":"Editor General","twitter_card":"summary_large_image","twitter_misc":{"Escrito por":"Editor General","Tiempo de lectura":"2 minutos"},"schema":{"@context":"https:\/\/schema.org","@graph":[{"@type":"Article","@id":"https:\/\/luchonoticias.com\/editor\/habra-o-no-suramericano-sub-20-en-venezuela\/#article","isPartOf":{"@id":"https:\/\/luchonoticias.com\/editor\/habra-o-no-suramericano-sub-20-en-venezuela\/"},"author":{"name":"Editor General","@id":"https:\/\/luchonoticias.com\/editor\/#\/schema\/person\/29217990ddf6f14e35912b2866d591fb"},"headline":"\u00bfHabr\u00e1 o no Suramericano sub &#8211; 20 en Venezuela?","datePublished":"2025-01-08T15:23:36+00:00","dateModified":"2025-01-08T15:23:37+00:00","mainEntityOfPage":{"@id":"https:\/\/luchonoticias.com\/editor\/habra-o-no-suramericano-sub-20-en-venezuela\/"},"wordCount":261,"publisher":{"@id":"https:\/\/luchonoticias.com\/editor\/#\/schema\/person\/7a7fd911f58561fd056dbac7b55af9cd"},"image":{"@id":"https:\/\/luchonoticias.com\/editor\/habra-o-no-suramericano-sub-20-en-venezuela\/#primaryimage"},"thumbnailUrl":"https:\/\/luchonoticias.com\/editor\/wp-content\/uploads\/2025\/01\/colombia-futbol-sub-20.jpg","articleSection":["Deportes"],"inLanguage":"es"},{"@type":"WebPage","@id":"https:\/\/luchonoticias.com\/editor\/habra-o-no-suramericano-sub-20-en-venezuela\/","url":"https:\/\/luchonoticias.com\/editor\/habra-o-no-suramericano-sub-20-en-venezuela\/","name":"\u00bfHabr\u00e1 o no Suramericano sub - 20 en Venezuela? -","isPartOf":{"@id":"https:\/\/luchonoticias.com\/editor\/#website"},"primaryImageOfPage":{"@id":"https:\/\/luchonoticias.com\/editor\/habra-o-no-suramericano-sub-20-en-venezuela\/#primaryimage"},"image":{"@id":"https:\/\/luchonoticias.com\/editor\/habra-o-no-suramericano-sub-20-en-venezuela\/#primaryimage"},"thumbnailUrl":"https:\/\/luchonoticias.com\/editor\/wp-content\/uploads\/2025\/01\/colombia-futbol-sub-20.jpg","datePublished":"2025-01-08T15:23:36+00:00","dateModified":"2025-01-08T15:23:37+00:00","breadcrumb":{"@id":"https:\/\/luchonoticias.com\/editor\/habra-o-no-suramericano-sub-20-en-venezuela\/#breadcrumb"},"inLanguage":"es","potentialAction":[{"@type":"ReadAction","target":["https:\/\/luchonoticias.com\/editor\/habra-o-no-suramericano-sub-20-en-venezuela\/"]}]},{"@type":"ImageObject","inLanguage":"es","@id":"https:\/\/luchonoticias.com\/editor\/habra-o-no-suramericano-sub-20-en-venezuela\/#primaryimage","url":"https:\/\/luchonoticias.com\/editor\/wp-content\/uploads\/2025\/01\/colombia-futbol-sub-20.jpg","contentUrl":"https:\/\/luchonoticias.com\/editor\/wp-content\/uploads\/2025\/01\/colombia-futbol-sub-20.jpg","width":700,"height":400},{"@type":"BreadcrumbList","@id":"https:\/\/luchonoticias.com\/editor\/habra-o-no-suramericano-sub-20-en-venezuela\/#breadcrumb","itemListElement":[{"@type":"ListItem","position":1,"name":"Portada","item":"https:\/\/luchonoticias.com\/editor\/"},{"@type":"ListItem","position":2,"name":"\u00bfHabr\u00e1 o no Suramericano sub &#8211; 20 en Venezuela?"}]},{"@type":"WebSite","@id":"https:\/\/luchonoticias.com\/editor\/#website","url":"https:\/\/luchonoticias.com\/editor\/","name":"","description":"","publisher":{"@id":"https:\/\/luchonoticias.com\/editor\/#\/schema\/person\/7a7fd911f58561fd056dbac7b55af9cd"},"potentialAction":[{"@type":"SearchAction","target":{"@type":"EntryPoint","urlTemplate":"https:\/\/luchonoticias.com\/editor\/?s={search_term_string}"},"query-input":{"@type":"PropertyValueSpecification","valueRequired":true,"valueName":"search_term_string"}}],"inLanguage":"es"},{"@type":["Person","Organization"],"@id":"https:\/\/luchonoticias.com\/editor\/#\/schema\/person\/7a7fd911f58561fd056dbac7b55af9cd","name":"admin","image":{"@type":"ImageObject","inLanguage":"es","@id":"https:\/\/luchonoticias.com\/editor\/#\/schema\/person\/image\/","url":"https:\/\/luchonoticias.com\/editor\/wp-content\/uploads\/2024\/02\/cropped-cropped-logolu.webp","contentUrl":"https:\/\/luchonoticias.com\/editor\/wp-content\/uploads\/2024\/02\/cropped-cropped-logolu.webp","width":382,"height":170,"caption":"admin"},"logo":{"@id":"https:\/\/luchonoticias.com\/editor\/#\/schema\/person\/image\/"},"sameAs":["https:\/\/www.facebook.com\/luchonoticiasneiva"]},{"@type":"Person","@id":"https:\/\/luchonoticias.com\/editor\/#\/schema\/person\/29217990ddf6f14e35912b2866d591fb","name":"Editor General","image":{"@type":"ImageObject","inLanguage":"es","@id":"https:\/\/luchonoticias.com\/editor\/#\/schema\/person\/image\/","url":"https:\/\/luchonoticias.com\/editor\/wp-content\/uploads\/2024\/02\/cropped-cropped-logolu-150x150.webp","contentUrl":"https:\/\/luchonoticias.com\/editor\/wp-content\/uploads\/2024\/02\/cropped-cropped-logolu-150x150.webp","caption":"Editor General"},"sameAs":["https:\/\/luchonoticias.com\/"],"url":"https:\/\/luchonoticias.com\/editor\/author\/editor-general\/"}]}},"_links":{"self":[{"href":"https:\/\/luchonoticias.com\/editor\/wp-json\/wp\/v2\/posts\/80486","targetHints":{"allow":["GET"]}}],"collection":[{"href":"https:\/\/luchonoticias.com\/editor\/wp-json\/wp\/v2\/posts"}],"about":[{"href":"https:\/\/luchonoticias.com\/editor\/wp-json\/wp\/v2\/types\/post"}],"author":[{"embeddable":true,"href":"https:\/\/luchonoticias.com\/editor\/wp-json\/wp\/v2\/users\/2"}],"replies":[{"embeddable":true,"href":"https:\/\/luchonoticias.com\/editor\/wp-json\/wp\/v2\/comments?post=80486"}],"version-history":[{"count":1,"href":"https:\/\/luchonoticias.com\/editor\/wp-json\/wp\/v2\/posts\/80486\/revisions"}],"predecessor-version":[{"id":80488,"href":"https:\/\/luchonoticias.com\/editor\/wp-json\/wp\/v2\/posts\/80486\/revisions\/80488"}],"wp:featuredmedia":[{"embeddable":true,"href":"https:\/\/luchonoticias.com\/editor\/wp-json\/wp\/v2\/media\/80487"}],"wp:attachment":[{"href":"https:\/\/luchonoticias.com\/editor\/wp-json\/wp\/v2\/media?parent=80486"}],"wp:term":[{"taxonomy":"category","embeddable":true,"href":"https:\/\/luchonoticias.com\/editor\/wp-json\/wp\/v2\/categories?post=80486"},{"taxonomy":"post_tag","embeddable":true,"href":"https:\/\/luchonoticias.com\/editor\/wp-json\/wp\/v2\/tags?post=80486"}],"curies":[{"name":"wp","href":"https:\/\/api.w.org\/{rel}","templated":true}]}}