{"id":80629,"date":"2025-01-13T09:09:46","date_gmt":"2025-01-13T14:09:46","guid":{"rendered":"https:\/\/luchonoticias.com\/?p=80629"},"modified":"2025-01-13T09:09:47","modified_gmt":"2025-01-13T14:09:47","slug":"procuraduria-pide-a-minsalud-aclarar-procedimiento-de-la-upc","status":"publish","type":"post","link":"https:\/\/luchonoticias.com\/editor\/procuraduria-pide-a-minsalud-aclarar-procedimiento-de-la-upc\/","title":{"rendered":"Procuradur\u00eda pide a Minsalud aclarar procedimiento de la UPC"},"content":{"rendered":"\n<figure class=\"wp-block-image size-full\"><img loading=\"lazy\" decoding=\"async\" width=\"700\" height=\"400\" src=\"https:\/\/luchonoticias.com\/wp-content\/uploads\/2025\/01\/SALUD.jpg\" alt=\"\" class=\"wp-image-80630\" srcset=\"https:\/\/luchonoticias.com\/editor\/wp-content\/uploads\/2025\/01\/SALUD.jpg 700w, https:\/\/luchonoticias.com\/editor\/wp-content\/uploads\/2025\/01\/SALUD-300x171.jpg 300w\" sizes=\"auto, (max-width: 700px) 100vw, 700px\" \/><\/figure>\n\n\n\n<p>La Procuradur\u00eda General de la Naci\u00f3n solicit\u00f3 nuevamente al ministro de Salud, Guillermo Alfonso Jaramillo, informaci\u00f3n detallada sobre el procedimiento t\u00e9cnico para calcular la Unidad de Pago por Capitaci\u00f3n (UPC) para 2025. La entidad enfatiz\u00f3 que esta decisi\u00f3n debe ser el resultado de un proceso t\u00e9cnico, participativo y basado en factores como los cambios demogr\u00e1ficos, epidemiol\u00f3gicos, inflaci\u00f3n y frecuencia de uso, as\u00ed como datos representativos de las EPS.<\/p>\n\n\n\n<p>Adem\u00e1s, pidi\u00f3 los an\u00e1lisis y conceptos elaborados por el Grupo de Apoyo T\u00e9cnico y la Comisi\u00f3n Asesora de Beneficios, Costos y Tarifas para asegurar que se cumplan los principios de sostenibilidad y suficiencia establecidos en la Ley Estatutaria de Salud. Tambi\u00e9n requiri\u00f3 actas de reuniones t\u00e9cnicas, bases de datos analizadas, y evidencia de mecanismos de retroalimentaci\u00f3n implementados para garantizar informaci\u00f3n de calidad.<\/p>\n\n\n\n<p>Esta solicitud responde a alertas planteadas por asociaciones de usuarios, pacientes, hospitales, cl\u00ednicas y expertos, quienes han se\u00f1alado una insuficiencia acumulada en la UPC. Estudios t\u00e9cnicos respaldan estos llamados, destacando la necesidad de ajustes para garantizar la sostenibilidad del sistema de salud.<\/p>\n\n\n\n<p>Finalmente, la Procuradur\u00eda Delegada para Asuntos del Trabajo y Seguridad Social pidi\u00f3 aclarar si se han considerado cambios en la metodolog\u00eda para definir la UPC de 2025 y si se incluir\u00e1n ajustes espec\u00edficos por condiciones de salud. El objetivo es garantizar que el sistema de salud sea sostenible y responda a las necesidades reales de la poblaci\u00f3n.<\/p>\n\n\n\n<p><\/p>\n","protected":false},"excerpt":{"rendered":"<p>La Procuradur\u00eda General de la Naci\u00f3n solicit\u00f3 nuevamente al ministro de Salud, Guillermo Alfonso Jaramillo, informaci\u00f3n detallada sobre el procedimiento t\u00e9cnico para calcular la Unidad de Pago por Capitaci\u00f3n (UPC) para 2025. La entidad enfatiz\u00f3 que esta decisi\u00f3n debe ser el resultado de un proceso t\u00e9cnico, participativo y basado en factores como los cambios demogr\u00e1ficos, [&hellip;]<\/p>\n","protected":false},"author":2,"featured_media":80630,"comment_status":"closed","ping_status":"open","sticky":false,"template":"","format":"standard","meta":{"footnotes":""},"categories":[28,32],"tags":[],"class_list":["post-80629","post","type-post","status-publish","format-standard","has-post-thumbnail","hentry","category-actualidad","category-nacional"],"yoast_head":"<!-- This site is optimized with the Yoast SEO plugin v26.6 - https:\/\/yoast.com\/wordpress\/plugins\/seo\/ -->\n<title>Procuradur\u00eda pide a Minsalud aclarar procedimiento de la UPC -<\/title>\n<meta name=\"robots\" content=\"index, follow, max-snippet:-1, max-image-preview:large, max-video-preview:-1\" \/>\n<link rel=\"canonical\" href=\"https:\/\/luchonoticias.com\/editor\/procuraduria-pide-a-minsalud-aclarar-procedimiento-de-la-upc\/\" \/>\n<meta property=\"og:locale\" content=\"es_ES\" \/>\n<meta property=\"og:type\" content=\"article\" \/>\n<meta property=\"og:title\" content=\"Procuradur\u00eda pide a Minsalud aclarar procedimiento de la UPC -\" \/>\n<meta property=\"og:url\" content=\"https:\/\/luchonoticias.com\/editor\/procuraduria-pide-a-minsalud-aclarar-procedimiento-de-la-upc\/\" \/>\n<meta property=\"article:publisher\" content=\"https:\/\/www.facebook.com\/luchonoticiasneiva\" \/>\n<meta property=\"article:published_time\" content=\"2025-01-13T14:09:46+00:00\" \/>\n<meta property=\"article:modified_time\" content=\"2025-01-13T14:09:47+00:00\" \/>\n<meta property=\"og:image\" content=\"https:\/\/luchonoticias.com\/editor\/wp-content\/uploads\/2025\/01\/SALUD.jpg\" \/>\n\t<meta property=\"og:image:width\" content=\"700\" \/>\n\t<meta property=\"og:image:height\" content=\"400\" \/>\n\t<meta property=\"og:image:type\" content=\"image\/jpeg\" \/>\n<meta name=\"author\" content=\"Editor General\" \/>\n<meta name=\"twitter:card\" content=\"summary_large_image\" \/>\n<meta name=\"twitter:label1\" content=\"Escrito por\" \/>\n\t<meta name=\"twitter:data1\" content=\"Editor General\" \/>\n\t<meta name=\"twitter:label2\" content=\"Tiempo de lectura\" \/>\n\t<meta name=\"twitter:data2\" content=\"2 minutos\" \/>\n<script type=\"application\/ld+json\" class=\"yoast-schema-graph\">{\"@context\":\"https:\/\/schema.org\",\"@graph\":[{\"@type\":\"Article\",\"@id\":\"https:\/\/luchonoticias.com\/editor\/procuraduria-pide-a-minsalud-aclarar-procedimiento-de-la-upc\/#article\",\"isPartOf\":{\"@id\":\"https:\/\/luchonoticias.com\/editor\/procuraduria-pide-a-minsalud-aclarar-procedimiento-de-la-upc\/\"},\"author\":{\"name\":\"Editor General\",\"@id\":\"https:\/\/luchonoticias.com\/editor\/#\/schema\/person\/29217990ddf6f14e35912b2866d591fb\"},\"headline\":\"Procuradur\u00eda pide a Minsalud aclarar procedimiento de la UPC\",\"datePublished\":\"2025-01-13T14:09:46+00:00\",\"dateModified\":\"2025-01-13T14:09:47+00:00\",\"mainEntityOfPage\":{\"@id\":\"https:\/\/luchonoticias.com\/editor\/procuraduria-pide-a-minsalud-aclarar-procedimiento-de-la-upc\/\"},\"wordCount\":263,\"publisher\":{\"@id\":\"https:\/\/luchonoticias.com\/editor\/#\/schema\/person\/7a7fd911f58561fd056dbac7b55af9cd\"},\"image\":{\"@id\":\"https:\/\/luchonoticias.com\/editor\/procuraduria-pide-a-minsalud-aclarar-procedimiento-de-la-upc\/#primaryimage\"},\"thumbnailUrl\":\"https:\/\/luchonoticias.com\/editor\/wp-content\/uploads\/2025\/01\/SALUD.jpg\",\"articleSection\":[\"Actualidad\",\"Nacional\"],\"inLanguage\":\"es\"},{\"@type\":\"WebPage\",\"@id\":\"https:\/\/luchonoticias.com\/editor\/procuraduria-pide-a-minsalud-aclarar-procedimiento-de-la-upc\/\",\"url\":\"https:\/\/luchonoticias.com\/editor\/procuraduria-pide-a-minsalud-aclarar-procedimiento-de-la-upc\/\",\"name\":\"Procuradur\u00eda pide a Minsalud aclarar procedimiento de la UPC -\",\"isPartOf\":{\"@id\":\"https:\/\/luchonoticias.com\/editor\/#website\"},\"primaryImageOfPage\":{\"@id\":\"https:\/\/luchonoticias.com\/editor\/procuraduria-pide-a-minsalud-aclarar-procedimiento-de-la-upc\/#primaryimage\"},\"image\":{\"@id\":\"https:\/\/luchonoticias.com\/editor\/procuraduria-pide-a-minsalud-aclarar-procedimiento-de-la-upc\/#primaryimage\"},\"thumbnailUrl\":\"https:\/\/luchonoticias.com\/editor\/wp-content\/uploads\/2025\/01\/SALUD.jpg\",\"datePublished\":\"2025-01-13T14:09:46+00:00\",\"dateModified\":\"2025-01-13T14:09:47+00:00\",\"breadcrumb\":{\"@id\":\"https:\/\/luchonoticias.com\/editor\/procuraduria-pide-a-minsalud-aclarar-procedimiento-de-la-upc\/#breadcrumb\"},\"inLanguage\":\"es\",\"potentialAction\":[{\"@type\":\"ReadAction\",\"target\":[\"https:\/\/luchonoticias.com\/editor\/procuraduria-pide-a-minsalud-aclarar-procedimiento-de-la-upc\/\"]}]},{\"@type\":\"ImageObject\",\"inLanguage\":\"es\",\"@id\":\"https:\/\/luchonoticias.com\/editor\/procuraduria-pide-a-minsalud-aclarar-procedimiento-de-la-upc\/#primaryimage\",\"url\":\"https:\/\/luchonoticias.com\/editor\/wp-content\/uploads\/2025\/01\/SALUD.jpg\",\"contentUrl\":\"https:\/\/luchonoticias.com\/editor\/wp-content\/uploads\/2025\/01\/SALUD.jpg\",\"width\":700,\"height\":400},{\"@type\":\"BreadcrumbList\",\"@id\":\"https:\/\/luchonoticias.com\/editor\/procuraduria-pide-a-minsalud-aclarar-procedimiento-de-la-upc\/#breadcrumb\",\"itemListElement\":[{\"@type\":\"ListItem\",\"position\":1,\"name\":\"Portada\",\"item\":\"https:\/\/luchonoticias.com\/editor\/\"},{\"@type\":\"ListItem\",\"position\":2,\"name\":\"Procuradur\u00eda pide a Minsalud aclarar procedimiento de la UPC\"}]},{\"@type\":\"WebSite\",\"@id\":\"https:\/\/luchonoticias.com\/editor\/#website\",\"url\":\"https:\/\/luchonoticias.com\/editor\/\",\"name\":\"\",\"description\":\"\",\"publisher\":{\"@id\":\"https:\/\/luchonoticias.com\/editor\/#\/schema\/person\/7a7fd911f58561fd056dbac7b55af9cd\"},\"potentialAction\":[{\"@type\":\"SearchAction\",\"target\":{\"@type\":\"EntryPoint\",\"urlTemplate\":\"https:\/\/luchonoticias.com\/editor\/?s={search_term_string}\"},\"query-input\":{\"@type\":\"PropertyValueSpecification\",\"valueRequired\":true,\"valueName\":\"search_term_string\"}}],\"inLanguage\":\"es\"},{\"@type\":[\"Person\",\"Organization\"],\"@id\":\"https:\/\/luchonoticias.com\/editor\/#\/schema\/person\/7a7fd911f58561fd056dbac7b55af9cd\",\"name\":\"admin\",\"image\":{\"@type\":\"ImageObject\",\"inLanguage\":\"es\",\"@id\":\"https:\/\/luchonoticias.com\/editor\/#\/schema\/person\/image\/\",\"url\":\"https:\/\/luchonoticias.com\/editor\/wp-content\/uploads\/2024\/02\/cropped-cropped-logolu.webp\",\"contentUrl\":\"https:\/\/luchonoticias.com\/editor\/wp-content\/uploads\/2024\/02\/cropped-cropped-logolu.webp\",\"width\":382,\"height\":170,\"caption\":\"admin\"},\"logo\":{\"@id\":\"https:\/\/luchonoticias.com\/editor\/#\/schema\/person\/image\/\"},\"sameAs\":[\"https:\/\/www.facebook.com\/luchonoticiasneiva\"]},{\"@type\":\"Person\",\"@id\":\"https:\/\/luchonoticias.com\/editor\/#\/schema\/person\/29217990ddf6f14e35912b2866d591fb\",\"name\":\"Editor General\",\"image\":{\"@type\":\"ImageObject\",\"inLanguage\":\"es\",\"@id\":\"https:\/\/luchonoticias.com\/editor\/#\/schema\/person\/image\/\",\"url\":\"https:\/\/luchonoticias.com\/editor\/wp-content\/uploads\/2024\/02\/cropped-cropped-logolu-150x150.webp\",\"contentUrl\":\"https:\/\/luchonoticias.com\/editor\/wp-content\/uploads\/2024\/02\/cropped-cropped-logolu-150x150.webp\",\"caption\":\"Editor General\"},\"sameAs\":[\"https:\/\/luchonoticias.com\/\"],\"url\":\"https:\/\/luchonoticias.com\/editor\/author\/editor-general\/\"}]}<\/script>\n<!-- \/ Yoast SEO plugin. -->","yoast_head_json":{"title":"Procuradur\u00eda pide a Minsalud aclarar procedimiento de la UPC -","robots":{"index":"index","follow":"follow","max-snippet":"max-snippet:-1","max-image-preview":"max-image-preview:large","max-video-preview":"max-video-preview:-1"},"canonical":"https:\/\/luchonoticias.com\/editor\/procuraduria-pide-a-minsalud-aclarar-procedimiento-de-la-upc\/","og_locale":"es_ES","og_type":"article","og_title":"Procuradur\u00eda pide a Minsalud aclarar procedimiento de la UPC -","og_url":"https:\/\/luchonoticias.com\/editor\/procuraduria-pide-a-minsalud-aclarar-procedimiento-de-la-upc\/","article_publisher":"https:\/\/www.facebook.com\/luchonoticiasneiva","article_published_time":"2025-01-13T14:09:46+00:00","article_modified_time":"2025-01-13T14:09:47+00:00","og_image":[{"width":700,"height":400,"url":"https:\/\/luchonoticias.com\/editor\/wp-content\/uploads\/2025\/01\/SALUD.jpg","type":"image\/jpeg"}],"author":"Editor General","twitter_card":"summary_large_image","twitter_misc":{"Escrito por":"Editor General","Tiempo de lectura":"2 minutos"},"schema":{"@context":"https:\/\/schema.org","@graph":[{"@type":"Article","@id":"https:\/\/luchonoticias.com\/editor\/procuraduria-pide-a-minsalud-aclarar-procedimiento-de-la-upc\/#article","isPartOf":{"@id":"https:\/\/luchonoticias.com\/editor\/procuraduria-pide-a-minsalud-aclarar-procedimiento-de-la-upc\/"},"author":{"name":"Editor General","@id":"https:\/\/luchonoticias.com\/editor\/#\/schema\/person\/29217990ddf6f14e35912b2866d591fb"},"headline":"Procuradur\u00eda pide a Minsalud aclarar procedimiento de la UPC","datePublished":"2025-01-13T14:09:46+00:00","dateModified":"2025-01-13T14:09:47+00:00","mainEntityOfPage":{"@id":"https:\/\/luchonoticias.com\/editor\/procuraduria-pide-a-minsalud-aclarar-procedimiento-de-la-upc\/"},"wordCount":263,"publisher":{"@id":"https:\/\/luchonoticias.com\/editor\/#\/schema\/person\/7a7fd911f58561fd056dbac7b55af9cd"},"image":{"@id":"https:\/\/luchonoticias.com\/editor\/procuraduria-pide-a-minsalud-aclarar-procedimiento-de-la-upc\/#primaryimage"},"thumbnailUrl":"https:\/\/luchonoticias.com\/editor\/wp-content\/uploads\/2025\/01\/SALUD.jpg","articleSection":["Actualidad","Nacional"],"inLanguage":"es"},{"@type":"WebPage","@id":"https:\/\/luchonoticias.com\/editor\/procuraduria-pide-a-minsalud-aclarar-procedimiento-de-la-upc\/","url":"https:\/\/luchonoticias.com\/editor\/procuraduria-pide-a-minsalud-aclarar-procedimiento-de-la-upc\/","name":"Procuradur\u00eda pide a Minsalud aclarar procedimiento de la UPC -","isPartOf":{"@id":"https:\/\/luchonoticias.com\/editor\/#website"},"primaryImageOfPage":{"@id":"https:\/\/luchonoticias.com\/editor\/procuraduria-pide-a-minsalud-aclarar-procedimiento-de-la-upc\/#primaryimage"},"image":{"@id":"https:\/\/luchonoticias.com\/editor\/procuraduria-pide-a-minsalud-aclarar-procedimiento-de-la-upc\/#primaryimage"},"thumbnailUrl":"https:\/\/luchonoticias.com\/editor\/wp-content\/uploads\/2025\/01\/SALUD.jpg","datePublished":"2025-01-13T14:09:46+00:00","dateModified":"2025-01-13T14:09:47+00:00","breadcrumb":{"@id":"https:\/\/luchonoticias.com\/editor\/procuraduria-pide-a-minsalud-aclarar-procedimiento-de-la-upc\/#breadcrumb"},"inLanguage":"es","potentialAction":[{"@type":"ReadAction","target":["https:\/\/luchonoticias.com\/editor\/procuraduria-pide-a-minsalud-aclarar-procedimiento-de-la-upc\/"]}]},{"@type":"ImageObject","inLanguage":"es","@id":"https:\/\/luchonoticias.com\/editor\/procuraduria-pide-a-minsalud-aclarar-procedimiento-de-la-upc\/#primaryimage","url":"https:\/\/luchonoticias.com\/editor\/wp-content\/uploads\/2025\/01\/SALUD.jpg","contentUrl":"https:\/\/luchonoticias.com\/editor\/wp-content\/uploads\/2025\/01\/SALUD.jpg","width":700,"height":400},{"@type":"BreadcrumbList","@id":"https:\/\/luchonoticias.com\/editor\/procuraduria-pide-a-minsalud-aclarar-procedimiento-de-la-upc\/#breadcrumb","itemListElement":[{"@type":"ListItem","position":1,"name":"Portada","item":"https:\/\/luchonoticias.com\/editor\/"},{"@type":"ListItem","position":2,"name":"Procuradur\u00eda pide a Minsalud aclarar procedimiento de la UPC"}]},{"@type":"WebSite","@id":"https:\/\/luchonoticias.com\/editor\/#website","url":"https:\/\/luchonoticias.com\/editor\/","name":"","description":"","publisher":{"@id":"https:\/\/luchonoticias.com\/editor\/#\/schema\/person\/7a7fd911f58561fd056dbac7b55af9cd"},"potentialAction":[{"@type":"SearchAction","target":{"@type":"EntryPoint","urlTemplate":"https:\/\/luchonoticias.com\/editor\/?s={search_term_string}"},"query-input":{"@type":"PropertyValueSpecification","valueRequired":true,"valueName":"search_term_string"}}],"inLanguage":"es"},{"@type":["Person","Organization"],"@id":"https:\/\/luchonoticias.com\/editor\/#\/schema\/person\/7a7fd911f58561fd056dbac7b55af9cd","name":"admin","image":{"@type":"ImageObject","inLanguage":"es","@id":"https:\/\/luchonoticias.com\/editor\/#\/schema\/person\/image\/","url":"https:\/\/luchonoticias.com\/editor\/wp-content\/uploads\/2024\/02\/cropped-cropped-logolu.webp","contentUrl":"https:\/\/luchonoticias.com\/editor\/wp-content\/uploads\/2024\/02\/cropped-cropped-logolu.webp","width":382,"height":170,"caption":"admin"},"logo":{"@id":"https:\/\/luchonoticias.com\/editor\/#\/schema\/person\/image\/"},"sameAs":["https:\/\/www.facebook.com\/luchonoticiasneiva"]},{"@type":"Person","@id":"https:\/\/luchonoticias.com\/editor\/#\/schema\/person\/29217990ddf6f14e35912b2866d591fb","name":"Editor General","image":{"@type":"ImageObject","inLanguage":"es","@id":"https:\/\/luchonoticias.com\/editor\/#\/schema\/person\/image\/","url":"https:\/\/luchonoticias.com\/editor\/wp-content\/uploads\/2024\/02\/cropped-cropped-logolu-150x150.webp","contentUrl":"https:\/\/luchonoticias.com\/editor\/wp-content\/uploads\/2024\/02\/cropped-cropped-logolu-150x150.webp","caption":"Editor General"},"sameAs":["https:\/\/luchonoticias.com\/"],"url":"https:\/\/luchonoticias.com\/editor\/author\/editor-general\/"}]}},"_links":{"self":[{"href":"https:\/\/luchonoticias.com\/editor\/wp-json\/wp\/v2\/posts\/80629","targetHints":{"allow":["GET"]}}],"collection":[{"href":"https:\/\/luchonoticias.com\/editor\/wp-json\/wp\/v2\/posts"}],"about":[{"href":"https:\/\/luchonoticias.com\/editor\/wp-json\/wp\/v2\/types\/post"}],"author":[{"embeddable":true,"href":"https:\/\/luchonoticias.com\/editor\/wp-json\/wp\/v2\/users\/2"}],"replies":[{"embeddable":true,"href":"https:\/\/luchonoticias.com\/editor\/wp-json\/wp\/v2\/comments?post=80629"}],"version-history":[{"count":1,"href":"https:\/\/luchonoticias.com\/editor\/wp-json\/wp\/v2\/posts\/80629\/revisions"}],"predecessor-version":[{"id":80631,"href":"https:\/\/luchonoticias.com\/editor\/wp-json\/wp\/v2\/posts\/80629\/revisions\/80631"}],"wp:featuredmedia":[{"embeddable":true,"href":"https:\/\/luchonoticias.com\/editor\/wp-json\/wp\/v2\/media\/80630"}],"wp:attachment":[{"href":"https:\/\/luchonoticias.com\/editor\/wp-json\/wp\/v2\/media?parent=80629"}],"wp:term":[{"taxonomy":"category","embeddable":true,"href":"https:\/\/luchonoticias.com\/editor\/wp-json\/wp\/v2\/categories?post=80629"},{"taxonomy":"post_tag","embeddable":true,"href":"https:\/\/luchonoticias.com\/editor\/wp-json\/wp\/v2\/tags?post=80629"}],"curies":[{"name":"wp","href":"https:\/\/api.w.org\/{rel}","templated":true}]}}