{"id":80717,"date":"2025-01-15T14:42:02","date_gmt":"2025-01-15T19:42:02","guid":{"rendered":"https:\/\/luchonoticias.com\/?p=80717"},"modified":"2025-01-15T14:42:03","modified_gmt":"2025-01-15T19:42:03","slug":"grupo-del-centro-del-huila-ahora-cuida-el-aguila-real-de-montana","status":"publish","type":"post","link":"https:\/\/luchonoticias.com\/editor\/grupo-del-centro-del-huila-ahora-cuida-el-aguila-real-de-montana\/","title":{"rendered":"Grupo del centro del Huila ahora cuida el \u00c1guila Real de Monta\u00f1a"},"content":{"rendered":"\n<figure class=\"wp-block-image size-full\"><img loading=\"lazy\" decoding=\"async\" width=\"700\" height=\"400\" src=\"https:\/\/luchonoticias.com\/wp-content\/uploads\/2025\/01\/aguila-real-gigtante.jpg\" alt=\"\" class=\"wp-image-80718\" srcset=\"https:\/\/luchonoticias.com\/editor\/wp-content\/uploads\/2025\/01\/aguila-real-gigtante.jpg 700w, https:\/\/luchonoticias.com\/editor\/wp-content\/uploads\/2025\/01\/aguila-real-gigtante-300x171.jpg 300w\" sizes=\"auto, (max-width: 700px) 100vw, 700px\" \/><\/figure>\n\n\n\n<p>En el municipio de Gigante (Huila) la comunidad de la vereda La Umbr\u00eda ha pasado de ser cazadora a protectora del \u00c1guila Real de Monta\u00f1a, una especie en peligro de extinci\u00f3n. Liderados por Jos\u00e9 Willington Y\u00e1\u00f1ez, en 2015 comenzaron un proceso de educaci\u00f3n ambiental para comprender la importancia de esta ave, considerada sombrilla por su papel en el ecosistema del Parque Natural Regional Cerro P\u00e1ramo de Miraflores.<\/p>\n\n\n\n<p>El esfuerzo dio origen al Grupo Ecol\u00f3gico \u00c1guila Real de Monta\u00f1a Yareit, que implement\u00f3 actividades como la creaci\u00f3n de un sendero tur\u00edstico y capacitaciones en conservaci\u00f3n. A trav\u00e9s del Proyecto Ciudadano de Educaci\u00f3n Ambiental (Proceda), adquirieron equipos para monitorear la biodiversidad, logrando identificar no solo al \u00c1guila Real, sino tambi\u00e9n a otras especies emblem\u00e1ticas como el oso de anteojos y el puma.<\/p>\n\n\n\n<p>Uno de los mayores logros ha sido el cambio de mentalidad en la comunidad, que ahora se dedica a la protecci\u00f3n ambiental. Los antiguos cazadores se han convertido en gu\u00edas locales, fomentando el turismo responsable y compartiendo el valor de la flora y fauna de la regi\u00f3n. Estas iniciativas han fortalecido la econom\u00eda local y la conexi\u00f3n con el territorio.<\/p>\n\n\n\n<p>La labor tambi\u00e9n ha inspirado a j\u00f3venes como Linda Yereit Y\u00e1\u00f1ez, quien promueve la conservaci\u00f3n a trav\u00e9s de la Red de Ni\u00f1os Observadores de Aves. Gracias a este esfuerzo colectivo, el p\u00e1ramo no solo conserva su biodiversidad, sino que se posiciona como un ejemplo de sostenibilidad y compromiso ambiental en Colombia.<\/p>\n\n\n\n<p><\/p>\n","protected":false},"excerpt":{"rendered":"<p>En el municipio de Gigante (Huila) la comunidad de la vereda La Umbr\u00eda ha pasado de ser cazadora a protectora del \u00c1guila Real de Monta\u00f1a, una especie en peligro de extinci\u00f3n. Liderados por Jos\u00e9 Willington Y\u00e1\u00f1ez, en 2015 comenzaron un proceso de educaci\u00f3n ambiental para comprender la importancia de esta ave, considerada sombrilla por su [&hellip;]<\/p>\n","protected":false},"author":2,"featured_media":80718,"comment_status":"closed","ping_status":"open","sticky":false,"template":"","format":"standard","meta":{"footnotes":""},"categories":[33],"tags":[],"class_list":["post-80717","post","type-post","status-publish","format-standard","has-post-thumbnail","hentry","category-huila"],"yoast_head":"<!-- This site is optimized with the Yoast SEO plugin v26.6 - https:\/\/yoast.com\/wordpress\/plugins\/seo\/ -->\n<title>Grupo del centro del Huila ahora cuida el \u00c1guila Real de Monta\u00f1a -<\/title>\n<meta name=\"robots\" content=\"index, follow, max-snippet:-1, max-image-preview:large, max-video-preview:-1\" \/>\n<link rel=\"canonical\" href=\"https:\/\/luchonoticias.com\/editor\/grupo-del-centro-del-huila-ahora-cuida-el-aguila-real-de-montana\/\" \/>\n<meta property=\"og:locale\" content=\"es_ES\" \/>\n<meta property=\"og:type\" content=\"article\" \/>\n<meta property=\"og:title\" content=\"Grupo del centro del Huila ahora cuida el \u00c1guila Real de Monta\u00f1a -\" \/>\n<meta property=\"og:url\" content=\"https:\/\/luchonoticias.com\/editor\/grupo-del-centro-del-huila-ahora-cuida-el-aguila-real-de-montana\/\" \/>\n<meta property=\"article:publisher\" content=\"https:\/\/www.facebook.com\/luchonoticiasneiva\" \/>\n<meta property=\"article:published_time\" content=\"2025-01-15T19:42:02+00:00\" \/>\n<meta property=\"article:modified_time\" content=\"2025-01-15T19:42:03+00:00\" \/>\n<meta property=\"og:image\" content=\"https:\/\/luchonoticias.com\/editor\/wp-content\/uploads\/2025\/01\/aguila-real-gigtante.jpg\" \/>\n\t<meta property=\"og:image:width\" content=\"700\" \/>\n\t<meta property=\"og:image:height\" content=\"400\" \/>\n\t<meta property=\"og:image:type\" content=\"image\/jpeg\" \/>\n<meta name=\"author\" content=\"Editor General\" \/>\n<meta name=\"twitter:card\" content=\"summary_large_image\" \/>\n<meta name=\"twitter:label1\" content=\"Escrito por\" \/>\n\t<meta name=\"twitter:data1\" content=\"Editor General\" \/>\n\t<meta name=\"twitter:label2\" content=\"Tiempo de lectura\" \/>\n\t<meta name=\"twitter:data2\" content=\"2 minutos\" \/>\n<script type=\"application\/ld+json\" class=\"yoast-schema-graph\">{\"@context\":\"https:\/\/schema.org\",\"@graph\":[{\"@type\":\"Article\",\"@id\":\"https:\/\/luchonoticias.com\/editor\/grupo-del-centro-del-huila-ahora-cuida-el-aguila-real-de-montana\/#article\",\"isPartOf\":{\"@id\":\"https:\/\/luchonoticias.com\/editor\/grupo-del-centro-del-huila-ahora-cuida-el-aguila-real-de-montana\/\"},\"author\":{\"name\":\"Editor General\",\"@id\":\"https:\/\/luchonoticias.com\/editor\/#\/schema\/person\/29217990ddf6f14e35912b2866d591fb\"},\"headline\":\"Grupo del centro del Huila ahora cuida el \u00c1guila Real de Monta\u00f1a\",\"datePublished\":\"2025-01-15T19:42:02+00:00\",\"dateModified\":\"2025-01-15T19:42:03+00:00\",\"mainEntityOfPage\":{\"@id\":\"https:\/\/luchonoticias.com\/editor\/grupo-del-centro-del-huila-ahora-cuida-el-aguila-real-de-montana\/\"},\"wordCount\":279,\"publisher\":{\"@id\":\"https:\/\/luchonoticias.com\/editor\/#\/schema\/person\/7a7fd911f58561fd056dbac7b55af9cd\"},\"image\":{\"@id\":\"https:\/\/luchonoticias.com\/editor\/grupo-del-centro-del-huila-ahora-cuida-el-aguila-real-de-montana\/#primaryimage\"},\"thumbnailUrl\":\"https:\/\/luchonoticias.com\/editor\/wp-content\/uploads\/2025\/01\/aguila-real-gigtante.jpg\",\"articleSection\":[\"Huila\"],\"inLanguage\":\"es\"},{\"@type\":\"WebPage\",\"@id\":\"https:\/\/luchonoticias.com\/editor\/grupo-del-centro-del-huila-ahora-cuida-el-aguila-real-de-montana\/\",\"url\":\"https:\/\/luchonoticias.com\/editor\/grupo-del-centro-del-huila-ahora-cuida-el-aguila-real-de-montana\/\",\"name\":\"Grupo del centro del Huila ahora cuida el \u00c1guila Real de Monta\u00f1a -\",\"isPartOf\":{\"@id\":\"https:\/\/luchonoticias.com\/editor\/#website\"},\"primaryImageOfPage\":{\"@id\":\"https:\/\/luchonoticias.com\/editor\/grupo-del-centro-del-huila-ahora-cuida-el-aguila-real-de-montana\/#primaryimage\"},\"image\":{\"@id\":\"https:\/\/luchonoticias.com\/editor\/grupo-del-centro-del-huila-ahora-cuida-el-aguila-real-de-montana\/#primaryimage\"},\"thumbnailUrl\":\"https:\/\/luchonoticias.com\/editor\/wp-content\/uploads\/2025\/01\/aguila-real-gigtante.jpg\",\"datePublished\":\"2025-01-15T19:42:02+00:00\",\"dateModified\":\"2025-01-15T19:42:03+00:00\",\"breadcrumb\":{\"@id\":\"https:\/\/luchonoticias.com\/editor\/grupo-del-centro-del-huila-ahora-cuida-el-aguila-real-de-montana\/#breadcrumb\"},\"inLanguage\":\"es\",\"potentialAction\":[{\"@type\":\"ReadAction\",\"target\":[\"https:\/\/luchonoticias.com\/editor\/grupo-del-centro-del-huila-ahora-cuida-el-aguila-real-de-montana\/\"]}]},{\"@type\":\"ImageObject\",\"inLanguage\":\"es\",\"@id\":\"https:\/\/luchonoticias.com\/editor\/grupo-del-centro-del-huila-ahora-cuida-el-aguila-real-de-montana\/#primaryimage\",\"url\":\"https:\/\/luchonoticias.com\/editor\/wp-content\/uploads\/2025\/01\/aguila-real-gigtante.jpg\",\"contentUrl\":\"https:\/\/luchonoticias.com\/editor\/wp-content\/uploads\/2025\/01\/aguila-real-gigtante.jpg\",\"width\":700,\"height\":400},{\"@type\":\"BreadcrumbList\",\"@id\":\"https:\/\/luchonoticias.com\/editor\/grupo-del-centro-del-huila-ahora-cuida-el-aguila-real-de-montana\/#breadcrumb\",\"itemListElement\":[{\"@type\":\"ListItem\",\"position\":1,\"name\":\"Portada\",\"item\":\"https:\/\/luchonoticias.com\/editor\/\"},{\"@type\":\"ListItem\",\"position\":2,\"name\":\"Grupo del centro del Huila ahora cuida el \u00c1guila Real de Monta\u00f1a\"}]},{\"@type\":\"WebSite\",\"@id\":\"https:\/\/luchonoticias.com\/editor\/#website\",\"url\":\"https:\/\/luchonoticias.com\/editor\/\",\"name\":\"\",\"description\":\"\",\"publisher\":{\"@id\":\"https:\/\/luchonoticias.com\/editor\/#\/schema\/person\/7a7fd911f58561fd056dbac7b55af9cd\"},\"potentialAction\":[{\"@type\":\"SearchAction\",\"target\":{\"@type\":\"EntryPoint\",\"urlTemplate\":\"https:\/\/luchonoticias.com\/editor\/?s={search_term_string}\"},\"query-input\":{\"@type\":\"PropertyValueSpecification\",\"valueRequired\":true,\"valueName\":\"search_term_string\"}}],\"inLanguage\":\"es\"},{\"@type\":[\"Person\",\"Organization\"],\"@id\":\"https:\/\/luchonoticias.com\/editor\/#\/schema\/person\/7a7fd911f58561fd056dbac7b55af9cd\",\"name\":\"admin\",\"image\":{\"@type\":\"ImageObject\",\"inLanguage\":\"es\",\"@id\":\"https:\/\/luchonoticias.com\/editor\/#\/schema\/person\/image\/\",\"url\":\"https:\/\/luchonoticias.com\/editor\/wp-content\/uploads\/2024\/02\/cropped-cropped-logolu.webp\",\"contentUrl\":\"https:\/\/luchonoticias.com\/editor\/wp-content\/uploads\/2024\/02\/cropped-cropped-logolu.webp\",\"width\":382,\"height\":170,\"caption\":\"admin\"},\"logo\":{\"@id\":\"https:\/\/luchonoticias.com\/editor\/#\/schema\/person\/image\/\"},\"sameAs\":[\"https:\/\/www.facebook.com\/luchonoticiasneiva\"]},{\"@type\":\"Person\",\"@id\":\"https:\/\/luchonoticias.com\/editor\/#\/schema\/person\/29217990ddf6f14e35912b2866d591fb\",\"name\":\"Editor General\",\"image\":{\"@type\":\"ImageObject\",\"inLanguage\":\"es\",\"@id\":\"https:\/\/luchonoticias.com\/editor\/#\/schema\/person\/image\/\",\"url\":\"https:\/\/luchonoticias.com\/editor\/wp-content\/uploads\/2024\/02\/cropped-cropped-logolu-150x150.webp\",\"contentUrl\":\"https:\/\/luchonoticias.com\/editor\/wp-content\/uploads\/2024\/02\/cropped-cropped-logolu-150x150.webp\",\"caption\":\"Editor General\"},\"sameAs\":[\"https:\/\/luchonoticias.com\/\"],\"url\":\"https:\/\/luchonoticias.com\/editor\/author\/editor-general\/\"}]}<\/script>\n<!-- \/ Yoast SEO plugin. -->","yoast_head_json":{"title":"Grupo del centro del Huila ahora cuida el \u00c1guila Real de Monta\u00f1a -","robots":{"index":"index","follow":"follow","max-snippet":"max-snippet:-1","max-image-preview":"max-image-preview:large","max-video-preview":"max-video-preview:-1"},"canonical":"https:\/\/luchonoticias.com\/editor\/grupo-del-centro-del-huila-ahora-cuida-el-aguila-real-de-montana\/","og_locale":"es_ES","og_type":"article","og_title":"Grupo del centro del Huila ahora cuida el \u00c1guila Real de Monta\u00f1a -","og_url":"https:\/\/luchonoticias.com\/editor\/grupo-del-centro-del-huila-ahora-cuida-el-aguila-real-de-montana\/","article_publisher":"https:\/\/www.facebook.com\/luchonoticiasneiva","article_published_time":"2025-01-15T19:42:02+00:00","article_modified_time":"2025-01-15T19:42:03+00:00","og_image":[{"width":700,"height":400,"url":"https:\/\/luchonoticias.com\/editor\/wp-content\/uploads\/2025\/01\/aguila-real-gigtante.jpg","type":"image\/jpeg"}],"author":"Editor General","twitter_card":"summary_large_image","twitter_misc":{"Escrito por":"Editor General","Tiempo de lectura":"2 minutos"},"schema":{"@context":"https:\/\/schema.org","@graph":[{"@type":"Article","@id":"https:\/\/luchonoticias.com\/editor\/grupo-del-centro-del-huila-ahora-cuida-el-aguila-real-de-montana\/#article","isPartOf":{"@id":"https:\/\/luchonoticias.com\/editor\/grupo-del-centro-del-huila-ahora-cuida-el-aguila-real-de-montana\/"},"author":{"name":"Editor General","@id":"https:\/\/luchonoticias.com\/editor\/#\/schema\/person\/29217990ddf6f14e35912b2866d591fb"},"headline":"Grupo del centro del Huila ahora cuida el \u00c1guila Real de Monta\u00f1a","datePublished":"2025-01-15T19:42:02+00:00","dateModified":"2025-01-15T19:42:03+00:00","mainEntityOfPage":{"@id":"https:\/\/luchonoticias.com\/editor\/grupo-del-centro-del-huila-ahora-cuida-el-aguila-real-de-montana\/"},"wordCount":279,"publisher":{"@id":"https:\/\/luchonoticias.com\/editor\/#\/schema\/person\/7a7fd911f58561fd056dbac7b55af9cd"},"image":{"@id":"https:\/\/luchonoticias.com\/editor\/grupo-del-centro-del-huila-ahora-cuida-el-aguila-real-de-montana\/#primaryimage"},"thumbnailUrl":"https:\/\/luchonoticias.com\/editor\/wp-content\/uploads\/2025\/01\/aguila-real-gigtante.jpg","articleSection":["Huila"],"inLanguage":"es"},{"@type":"WebPage","@id":"https:\/\/luchonoticias.com\/editor\/grupo-del-centro-del-huila-ahora-cuida-el-aguila-real-de-montana\/","url":"https:\/\/luchonoticias.com\/editor\/grupo-del-centro-del-huila-ahora-cuida-el-aguila-real-de-montana\/","name":"Grupo del centro del Huila ahora cuida el \u00c1guila Real de Monta\u00f1a -","isPartOf":{"@id":"https:\/\/luchonoticias.com\/editor\/#website"},"primaryImageOfPage":{"@id":"https:\/\/luchonoticias.com\/editor\/grupo-del-centro-del-huila-ahora-cuida-el-aguila-real-de-montana\/#primaryimage"},"image":{"@id":"https:\/\/luchonoticias.com\/editor\/grupo-del-centro-del-huila-ahora-cuida-el-aguila-real-de-montana\/#primaryimage"},"thumbnailUrl":"https:\/\/luchonoticias.com\/editor\/wp-content\/uploads\/2025\/01\/aguila-real-gigtante.jpg","datePublished":"2025-01-15T19:42:02+00:00","dateModified":"2025-01-15T19:42:03+00:00","breadcrumb":{"@id":"https:\/\/luchonoticias.com\/editor\/grupo-del-centro-del-huila-ahora-cuida-el-aguila-real-de-montana\/#breadcrumb"},"inLanguage":"es","potentialAction":[{"@type":"ReadAction","target":["https:\/\/luchonoticias.com\/editor\/grupo-del-centro-del-huila-ahora-cuida-el-aguila-real-de-montana\/"]}]},{"@type":"ImageObject","inLanguage":"es","@id":"https:\/\/luchonoticias.com\/editor\/grupo-del-centro-del-huila-ahora-cuida-el-aguila-real-de-montana\/#primaryimage","url":"https:\/\/luchonoticias.com\/editor\/wp-content\/uploads\/2025\/01\/aguila-real-gigtante.jpg","contentUrl":"https:\/\/luchonoticias.com\/editor\/wp-content\/uploads\/2025\/01\/aguila-real-gigtante.jpg","width":700,"height":400},{"@type":"BreadcrumbList","@id":"https:\/\/luchonoticias.com\/editor\/grupo-del-centro-del-huila-ahora-cuida-el-aguila-real-de-montana\/#breadcrumb","itemListElement":[{"@type":"ListItem","position":1,"name":"Portada","item":"https:\/\/luchonoticias.com\/editor\/"},{"@type":"ListItem","position":2,"name":"Grupo del centro del Huila ahora cuida el \u00c1guila Real de Monta\u00f1a"}]},{"@type":"WebSite","@id":"https:\/\/luchonoticias.com\/editor\/#website","url":"https:\/\/luchonoticias.com\/editor\/","name":"","description":"","publisher":{"@id":"https:\/\/luchonoticias.com\/editor\/#\/schema\/person\/7a7fd911f58561fd056dbac7b55af9cd"},"potentialAction":[{"@type":"SearchAction","target":{"@type":"EntryPoint","urlTemplate":"https:\/\/luchonoticias.com\/editor\/?s={search_term_string}"},"query-input":{"@type":"PropertyValueSpecification","valueRequired":true,"valueName":"search_term_string"}}],"inLanguage":"es"},{"@type":["Person","Organization"],"@id":"https:\/\/luchonoticias.com\/editor\/#\/schema\/person\/7a7fd911f58561fd056dbac7b55af9cd","name":"admin","image":{"@type":"ImageObject","inLanguage":"es","@id":"https:\/\/luchonoticias.com\/editor\/#\/schema\/person\/image\/","url":"https:\/\/luchonoticias.com\/editor\/wp-content\/uploads\/2024\/02\/cropped-cropped-logolu.webp","contentUrl":"https:\/\/luchonoticias.com\/editor\/wp-content\/uploads\/2024\/02\/cropped-cropped-logolu.webp","width":382,"height":170,"caption":"admin"},"logo":{"@id":"https:\/\/luchonoticias.com\/editor\/#\/schema\/person\/image\/"},"sameAs":["https:\/\/www.facebook.com\/luchonoticiasneiva"]},{"@type":"Person","@id":"https:\/\/luchonoticias.com\/editor\/#\/schema\/person\/29217990ddf6f14e35912b2866d591fb","name":"Editor General","image":{"@type":"ImageObject","inLanguage":"es","@id":"https:\/\/luchonoticias.com\/editor\/#\/schema\/person\/image\/","url":"https:\/\/luchonoticias.com\/editor\/wp-content\/uploads\/2024\/02\/cropped-cropped-logolu-150x150.webp","contentUrl":"https:\/\/luchonoticias.com\/editor\/wp-content\/uploads\/2024\/02\/cropped-cropped-logolu-150x150.webp","caption":"Editor General"},"sameAs":["https:\/\/luchonoticias.com\/"],"url":"https:\/\/luchonoticias.com\/editor\/author\/editor-general\/"}]}},"_links":{"self":[{"href":"https:\/\/luchonoticias.com\/editor\/wp-json\/wp\/v2\/posts\/80717","targetHints":{"allow":["GET"]}}],"collection":[{"href":"https:\/\/luchonoticias.com\/editor\/wp-json\/wp\/v2\/posts"}],"about":[{"href":"https:\/\/luchonoticias.com\/editor\/wp-json\/wp\/v2\/types\/post"}],"author":[{"embeddable":true,"href":"https:\/\/luchonoticias.com\/editor\/wp-json\/wp\/v2\/users\/2"}],"replies":[{"embeddable":true,"href":"https:\/\/luchonoticias.com\/editor\/wp-json\/wp\/v2\/comments?post=80717"}],"version-history":[{"count":1,"href":"https:\/\/luchonoticias.com\/editor\/wp-json\/wp\/v2\/posts\/80717\/revisions"}],"predecessor-version":[{"id":80719,"href":"https:\/\/luchonoticias.com\/editor\/wp-json\/wp\/v2\/posts\/80717\/revisions\/80719"}],"wp:featuredmedia":[{"embeddable":true,"href":"https:\/\/luchonoticias.com\/editor\/wp-json\/wp\/v2\/media\/80718"}],"wp:attachment":[{"href":"https:\/\/luchonoticias.com\/editor\/wp-json\/wp\/v2\/media?parent=80717"}],"wp:term":[{"taxonomy":"category","embeddable":true,"href":"https:\/\/luchonoticias.com\/editor\/wp-json\/wp\/v2\/categories?post=80717"},{"taxonomy":"post_tag","embeddable":true,"href":"https:\/\/luchonoticias.com\/editor\/wp-json\/wp\/v2\/tags?post=80717"}],"curies":[{"name":"wp","href":"https:\/\/api.w.org\/{rel}","templated":true}]}}