{"id":80720,"date":"2025-01-15T17:38:14","date_gmt":"2025-01-15T22:38:14","guid":{"rendered":"https:\/\/luchonoticias.com\/?p=80720"},"modified":"2025-01-15T17:39:06","modified_gmt":"2025-01-15T22:39:06","slug":"futbolista-del-atletico-huila-disputara-suramericano-sub-20-con-colombia","status":"publish","type":"post","link":"https:\/\/luchonoticias.com\/editor\/futbolista-del-atletico-huila-disputara-suramericano-sub-20-con-colombia\/","title":{"rendered":"Futbolista del Atl\u00e9tico Huila disputar\u00e1 Suramericano sub &#8211; 20 con Colombia"},"content":{"rendered":"\n<figure class=\"wp-block-image size-full\"><img loading=\"lazy\" decoding=\"async\" width=\"700\" height=\"400\" src=\"https:\/\/luchonoticias.com\/wp-content\/uploads\/2025\/01\/alejandro-ararat.jpg\" alt=\"\" class=\"wp-image-80721\" srcset=\"https:\/\/luchonoticias.com\/editor\/wp-content\/uploads\/2025\/01\/alejandro-ararat.jpg 700w, https:\/\/luchonoticias.com\/editor\/wp-content\/uploads\/2025\/01\/alejandro-ararat-300x171.jpg 300w\" sizes=\"auto, (max-width: 700px) 100vw, 700px\" \/><\/figure>\n\n\n\n<p>El cuerpo t\u00e9cnico de la Selecci\u00f3n Colombia Sub-20, dio a conocer la lista de los 23 jugadores que representar\u00e1n a Colombia en el Sudamericano de la categor\u00eda.<\/p>\n\n\n\n<p>Dentro del grupo figura un jugador del Atl\u00e9tico Huila: Alejandro Ararat, quien ha sido convocado en ateriores microciclos, adem\u00e1s de haber disputado juegos de la Supercopa Juvenil y minutos de la Primera B con el elenco regional.<\/p>\n\n\n\n<p>El combinado nacional viajar\u00e1 a Venezuela el pr\u00f3ximo lunes 20 de enero y jugar\u00e1 la&nbsp;Fase de Grupos en el estadio Misael Delgado en la ciudad de Valencia.<\/p>\n\n\n\n<p>La Selecci\u00f3n&nbsp;debutar\u00e1 ante Argentina el domingo 26 de enero a las 6:30 p.m. (HORA COL).&nbsp;Posteriormente enfrentar\u00e1, el 28 de enero, a Ecuador a las 6:30 p.m. (HORA COL). Por la tercera fecha se medir\u00e1 ante Bolivia (30 de enero) a las 4:00 p.m. (HORA COL). Finalmente, para cerrar su zona, jugar\u00e1 frente a Brasil (1 de febrero) a las 4:00 p.m. (HORA COL).<\/p>\n\n\n\n<p>A continuaci\u00f3n la lista final de 23 convocados:<\/p>\n\n\n\n<p>Royner Andr\u00e9s Ben\u00edtez \u2013 \u00c1guilas Doradas<br>Alexei Rojas \u2013 Arsenal FC (ING)<br>Sim\u00f3n Garc\u00eda \u2013 Atl\u00e9tico Nacional&nbsp;<br>Juan David Arizala \u2013 Independiente Medell\u00edn&nbsp;<br>Andr\u00e9s Felipe Tovar \u2013 Envigado FC&nbsp;<br>Jordan Javier Garc\u00eda \u2013 Fortaleza CEIF&nbsp;<br>Andy Duv\u00e1n Batioja \u2013 Houston Dynamo (USA)&nbsp;<br>\u00d3scar Perea \u2013 Racing Club de Strasbourg Alsace (FRA)<br>Neiser Villarreal \u2013 Millonarios FC<br>Kener Gonz\u00e1lez \u2013 Internacional F.C. de Palmira<br>Keimer Sandoval \u2013 Real Betis Balompi\u00e9 (ESP)&nbsp;<br>Yeimar Mosquera \u2013 Real Uni\u00f3n Club (ESP)<br>Juli\u00e1n Andr\u00e9s Baz\u00e1n \u2013 Deportivo Pereira F.C. S.A<br>Alejandro Ararat \u2013 Atl\u00e9tico Huila&nbsp;<br>Luis Land\u00e1zuri \u2013 Atl\u00e9tico Nacional<br>Jordan Barrera \u2013 Barranquilla FC<br>Jhon Edwin Monta\u00f1o \u2013 Independiente Medell\u00edn<br>Joel Canchimbo \u2013 Junior FC<br>Elkin Qui\u00f1ones \u2013 Orsomarso S.C&nbsp;<br>Alejandro Villarreal \u2013 Santos SP (BRA)&nbsp;<br>Carlos Eduardo Sarabia \u2013 Millonarios FC&nbsp;<br>Jefrei Stiven Rodr\u00edguez \u2013 Internacional F.C. de Palmira&nbsp;<br>Luis Eduardo Renter\u00eda \u2013 Independiente Santa Fe<\/p>\n","protected":false},"excerpt":{"rendered":"<p>El cuerpo t\u00e9cnico de la Selecci\u00f3n Colombia Sub-20, dio a conocer la lista de los 23 jugadores que representar\u00e1n a Colombia en el Sudamericano de la categor\u00eda. Dentro del grupo figura un jugador del Atl\u00e9tico Huila: Alejandro Ararat, quien ha sido convocado en ateriores microciclos, adem\u00e1s de haber disputado juegos de la Supercopa Juvenil y [&hellip;]<\/p>\n","protected":false},"author":2,"featured_media":80721,"comment_status":"closed","ping_status":"open","sticky":false,"template":"","format":"standard","meta":{"footnotes":""},"categories":[34],"tags":[],"class_list":["post-80720","post","type-post","status-publish","format-standard","has-post-thumbnail","hentry","category-deportes"],"yoast_head":"<!-- This site is optimized with the Yoast SEO plugin v26.6 - https:\/\/yoast.com\/wordpress\/plugins\/seo\/ -->\n<title>Futbolista del Atl\u00e9tico Huila disputar\u00e1 Suramericano sub - 20 con Colombia -<\/title>\n<meta name=\"robots\" content=\"index, follow, max-snippet:-1, max-image-preview:large, max-video-preview:-1\" \/>\n<link rel=\"canonical\" href=\"https:\/\/luchonoticias.com\/editor\/futbolista-del-atletico-huila-disputara-suramericano-sub-20-con-colombia\/\" \/>\n<meta property=\"og:locale\" content=\"es_ES\" \/>\n<meta property=\"og:type\" content=\"article\" \/>\n<meta property=\"og:title\" content=\"Futbolista del Atl\u00e9tico Huila disputar\u00e1 Suramericano sub - 20 con Colombia -\" \/>\n<meta property=\"og:url\" content=\"https:\/\/luchonoticias.com\/editor\/futbolista-del-atletico-huila-disputara-suramericano-sub-20-con-colombia\/\" \/>\n<meta property=\"article:publisher\" content=\"https:\/\/www.facebook.com\/luchonoticiasneiva\" \/>\n<meta property=\"article:published_time\" content=\"2025-01-15T22:38:14+00:00\" \/>\n<meta property=\"article:modified_time\" content=\"2025-01-15T22:39:06+00:00\" \/>\n<meta property=\"og:image\" content=\"https:\/\/luchonoticias.com\/editor\/wp-content\/uploads\/2025\/01\/alejandro-ararat.jpg\" \/>\n\t<meta property=\"og:image:width\" content=\"700\" \/>\n\t<meta property=\"og:image:height\" content=\"400\" \/>\n\t<meta property=\"og:image:type\" content=\"image\/jpeg\" \/>\n<meta name=\"author\" content=\"Editor General\" \/>\n<meta name=\"twitter:card\" content=\"summary_large_image\" \/>\n<meta name=\"twitter:label1\" content=\"Escrito por\" \/>\n\t<meta name=\"twitter:data1\" content=\"Editor General\" \/>\n\t<meta name=\"twitter:label2\" content=\"Tiempo de lectura\" \/>\n\t<meta name=\"twitter:data2\" content=\"2 minutos\" \/>\n<script type=\"application\/ld+json\" class=\"yoast-schema-graph\">{\"@context\":\"https:\/\/schema.org\",\"@graph\":[{\"@type\":\"Article\",\"@id\":\"https:\/\/luchonoticias.com\/editor\/futbolista-del-atletico-huila-disputara-suramericano-sub-20-con-colombia\/#article\",\"isPartOf\":{\"@id\":\"https:\/\/luchonoticias.com\/editor\/futbolista-del-atletico-huila-disputara-suramericano-sub-20-con-colombia\/\"},\"author\":{\"name\":\"Editor General\",\"@id\":\"https:\/\/luchonoticias.com\/editor\/#\/schema\/person\/29217990ddf6f14e35912b2866d591fb\"},\"headline\":\"Futbolista del Atl\u00e9tico Huila disputar\u00e1 Suramericano sub &#8211; 20 con Colombia\",\"datePublished\":\"2025-01-15T22:38:14+00:00\",\"dateModified\":\"2025-01-15T22:39:06+00:00\",\"mainEntityOfPage\":{\"@id\":\"https:\/\/luchonoticias.com\/editor\/futbolista-del-atletico-huila-disputara-suramericano-sub-20-con-colombia\/\"},\"wordCount\":331,\"publisher\":{\"@id\":\"https:\/\/luchonoticias.com\/editor\/#\/schema\/person\/7a7fd911f58561fd056dbac7b55af9cd\"},\"image\":{\"@id\":\"https:\/\/luchonoticias.com\/editor\/futbolista-del-atletico-huila-disputara-suramericano-sub-20-con-colombia\/#primaryimage\"},\"thumbnailUrl\":\"https:\/\/luchonoticias.com\/editor\/wp-content\/uploads\/2025\/01\/alejandro-ararat.jpg\",\"articleSection\":[\"Deportes\"],\"inLanguage\":\"es\"},{\"@type\":\"WebPage\",\"@id\":\"https:\/\/luchonoticias.com\/editor\/futbolista-del-atletico-huila-disputara-suramericano-sub-20-con-colombia\/\",\"url\":\"https:\/\/luchonoticias.com\/editor\/futbolista-del-atletico-huila-disputara-suramericano-sub-20-con-colombia\/\",\"name\":\"Futbolista del Atl\u00e9tico Huila disputar\u00e1 Suramericano sub - 20 con Colombia -\",\"isPartOf\":{\"@id\":\"https:\/\/luchonoticias.com\/editor\/#website\"},\"primaryImageOfPage\":{\"@id\":\"https:\/\/luchonoticias.com\/editor\/futbolista-del-atletico-huila-disputara-suramericano-sub-20-con-colombia\/#primaryimage\"},\"image\":{\"@id\":\"https:\/\/luchonoticias.com\/editor\/futbolista-del-atletico-huila-disputara-suramericano-sub-20-con-colombia\/#primaryimage\"},\"thumbnailUrl\":\"https:\/\/luchonoticias.com\/editor\/wp-content\/uploads\/2025\/01\/alejandro-ararat.jpg\",\"datePublished\":\"2025-01-15T22:38:14+00:00\",\"dateModified\":\"2025-01-15T22:39:06+00:00\",\"breadcrumb\":{\"@id\":\"https:\/\/luchonoticias.com\/editor\/futbolista-del-atletico-huila-disputara-suramericano-sub-20-con-colombia\/#breadcrumb\"},\"inLanguage\":\"es\",\"potentialAction\":[{\"@type\":\"ReadAction\",\"target\":[\"https:\/\/luchonoticias.com\/editor\/futbolista-del-atletico-huila-disputara-suramericano-sub-20-con-colombia\/\"]}]},{\"@type\":\"ImageObject\",\"inLanguage\":\"es\",\"@id\":\"https:\/\/luchonoticias.com\/editor\/futbolista-del-atletico-huila-disputara-suramericano-sub-20-con-colombia\/#primaryimage\",\"url\":\"https:\/\/luchonoticias.com\/editor\/wp-content\/uploads\/2025\/01\/alejandro-ararat.jpg\",\"contentUrl\":\"https:\/\/luchonoticias.com\/editor\/wp-content\/uploads\/2025\/01\/alejandro-ararat.jpg\",\"width\":700,\"height\":400},{\"@type\":\"BreadcrumbList\",\"@id\":\"https:\/\/luchonoticias.com\/editor\/futbolista-del-atletico-huila-disputara-suramericano-sub-20-con-colombia\/#breadcrumb\",\"itemListElement\":[{\"@type\":\"ListItem\",\"position\":1,\"name\":\"Portada\",\"item\":\"https:\/\/luchonoticias.com\/editor\/\"},{\"@type\":\"ListItem\",\"position\":2,\"name\":\"Futbolista del Atl\u00e9tico Huila disputar\u00e1 Suramericano sub &#8211; 20 con Colombia\"}]},{\"@type\":\"WebSite\",\"@id\":\"https:\/\/luchonoticias.com\/editor\/#website\",\"url\":\"https:\/\/luchonoticias.com\/editor\/\",\"name\":\"\",\"description\":\"\",\"publisher\":{\"@id\":\"https:\/\/luchonoticias.com\/editor\/#\/schema\/person\/7a7fd911f58561fd056dbac7b55af9cd\"},\"potentialAction\":[{\"@type\":\"SearchAction\",\"target\":{\"@type\":\"EntryPoint\",\"urlTemplate\":\"https:\/\/luchonoticias.com\/editor\/?s={search_term_string}\"},\"query-input\":{\"@type\":\"PropertyValueSpecification\",\"valueRequired\":true,\"valueName\":\"search_term_string\"}}],\"inLanguage\":\"es\"},{\"@type\":[\"Person\",\"Organization\"],\"@id\":\"https:\/\/luchonoticias.com\/editor\/#\/schema\/person\/7a7fd911f58561fd056dbac7b55af9cd\",\"name\":\"admin\",\"image\":{\"@type\":\"ImageObject\",\"inLanguage\":\"es\",\"@id\":\"https:\/\/luchonoticias.com\/editor\/#\/schema\/person\/image\/\",\"url\":\"https:\/\/luchonoticias.com\/editor\/wp-content\/uploads\/2024\/02\/cropped-cropped-logolu.webp\",\"contentUrl\":\"https:\/\/luchonoticias.com\/editor\/wp-content\/uploads\/2024\/02\/cropped-cropped-logolu.webp\",\"width\":382,\"height\":170,\"caption\":\"admin\"},\"logo\":{\"@id\":\"https:\/\/luchonoticias.com\/editor\/#\/schema\/person\/image\/\"},\"sameAs\":[\"https:\/\/www.facebook.com\/luchonoticiasneiva\"]},{\"@type\":\"Person\",\"@id\":\"https:\/\/luchonoticias.com\/editor\/#\/schema\/person\/29217990ddf6f14e35912b2866d591fb\",\"name\":\"Editor General\",\"image\":{\"@type\":\"ImageObject\",\"inLanguage\":\"es\",\"@id\":\"https:\/\/luchonoticias.com\/editor\/#\/schema\/person\/image\/\",\"url\":\"https:\/\/luchonoticias.com\/editor\/wp-content\/uploads\/2024\/02\/cropped-cropped-logolu-150x150.webp\",\"contentUrl\":\"https:\/\/luchonoticias.com\/editor\/wp-content\/uploads\/2024\/02\/cropped-cropped-logolu-150x150.webp\",\"caption\":\"Editor General\"},\"sameAs\":[\"https:\/\/luchonoticias.com\/\"],\"url\":\"https:\/\/luchonoticias.com\/editor\/author\/editor-general\/\"}]}<\/script>\n<!-- \/ Yoast SEO plugin. -->","yoast_head_json":{"title":"Futbolista del Atl\u00e9tico Huila disputar\u00e1 Suramericano sub - 20 con Colombia -","robots":{"index":"index","follow":"follow","max-snippet":"max-snippet:-1","max-image-preview":"max-image-preview:large","max-video-preview":"max-video-preview:-1"},"canonical":"https:\/\/luchonoticias.com\/editor\/futbolista-del-atletico-huila-disputara-suramericano-sub-20-con-colombia\/","og_locale":"es_ES","og_type":"article","og_title":"Futbolista del Atl\u00e9tico Huila disputar\u00e1 Suramericano sub - 20 con Colombia -","og_url":"https:\/\/luchonoticias.com\/editor\/futbolista-del-atletico-huila-disputara-suramericano-sub-20-con-colombia\/","article_publisher":"https:\/\/www.facebook.com\/luchonoticiasneiva","article_published_time":"2025-01-15T22:38:14+00:00","article_modified_time":"2025-01-15T22:39:06+00:00","og_image":[{"width":700,"height":400,"url":"https:\/\/luchonoticias.com\/editor\/wp-content\/uploads\/2025\/01\/alejandro-ararat.jpg","type":"image\/jpeg"}],"author":"Editor General","twitter_card":"summary_large_image","twitter_misc":{"Escrito por":"Editor General","Tiempo de lectura":"2 minutos"},"schema":{"@context":"https:\/\/schema.org","@graph":[{"@type":"Article","@id":"https:\/\/luchonoticias.com\/editor\/futbolista-del-atletico-huila-disputara-suramericano-sub-20-con-colombia\/#article","isPartOf":{"@id":"https:\/\/luchonoticias.com\/editor\/futbolista-del-atletico-huila-disputara-suramericano-sub-20-con-colombia\/"},"author":{"name":"Editor General","@id":"https:\/\/luchonoticias.com\/editor\/#\/schema\/person\/29217990ddf6f14e35912b2866d591fb"},"headline":"Futbolista del Atl\u00e9tico Huila disputar\u00e1 Suramericano sub &#8211; 20 con Colombia","datePublished":"2025-01-15T22:38:14+00:00","dateModified":"2025-01-15T22:39:06+00:00","mainEntityOfPage":{"@id":"https:\/\/luchonoticias.com\/editor\/futbolista-del-atletico-huila-disputara-suramericano-sub-20-con-colombia\/"},"wordCount":331,"publisher":{"@id":"https:\/\/luchonoticias.com\/editor\/#\/schema\/person\/7a7fd911f58561fd056dbac7b55af9cd"},"image":{"@id":"https:\/\/luchonoticias.com\/editor\/futbolista-del-atletico-huila-disputara-suramericano-sub-20-con-colombia\/#primaryimage"},"thumbnailUrl":"https:\/\/luchonoticias.com\/editor\/wp-content\/uploads\/2025\/01\/alejandro-ararat.jpg","articleSection":["Deportes"],"inLanguage":"es"},{"@type":"WebPage","@id":"https:\/\/luchonoticias.com\/editor\/futbolista-del-atletico-huila-disputara-suramericano-sub-20-con-colombia\/","url":"https:\/\/luchonoticias.com\/editor\/futbolista-del-atletico-huila-disputara-suramericano-sub-20-con-colombia\/","name":"Futbolista del Atl\u00e9tico Huila disputar\u00e1 Suramericano sub - 20 con Colombia -","isPartOf":{"@id":"https:\/\/luchonoticias.com\/editor\/#website"},"primaryImageOfPage":{"@id":"https:\/\/luchonoticias.com\/editor\/futbolista-del-atletico-huila-disputara-suramericano-sub-20-con-colombia\/#primaryimage"},"image":{"@id":"https:\/\/luchonoticias.com\/editor\/futbolista-del-atletico-huila-disputara-suramericano-sub-20-con-colombia\/#primaryimage"},"thumbnailUrl":"https:\/\/luchonoticias.com\/editor\/wp-content\/uploads\/2025\/01\/alejandro-ararat.jpg","datePublished":"2025-01-15T22:38:14+00:00","dateModified":"2025-01-15T22:39:06+00:00","breadcrumb":{"@id":"https:\/\/luchonoticias.com\/editor\/futbolista-del-atletico-huila-disputara-suramericano-sub-20-con-colombia\/#breadcrumb"},"inLanguage":"es","potentialAction":[{"@type":"ReadAction","target":["https:\/\/luchonoticias.com\/editor\/futbolista-del-atletico-huila-disputara-suramericano-sub-20-con-colombia\/"]}]},{"@type":"ImageObject","inLanguage":"es","@id":"https:\/\/luchonoticias.com\/editor\/futbolista-del-atletico-huila-disputara-suramericano-sub-20-con-colombia\/#primaryimage","url":"https:\/\/luchonoticias.com\/editor\/wp-content\/uploads\/2025\/01\/alejandro-ararat.jpg","contentUrl":"https:\/\/luchonoticias.com\/editor\/wp-content\/uploads\/2025\/01\/alejandro-ararat.jpg","width":700,"height":400},{"@type":"BreadcrumbList","@id":"https:\/\/luchonoticias.com\/editor\/futbolista-del-atletico-huila-disputara-suramericano-sub-20-con-colombia\/#breadcrumb","itemListElement":[{"@type":"ListItem","position":1,"name":"Portada","item":"https:\/\/luchonoticias.com\/editor\/"},{"@type":"ListItem","position":2,"name":"Futbolista del Atl\u00e9tico Huila disputar\u00e1 Suramericano sub &#8211; 20 con Colombia"}]},{"@type":"WebSite","@id":"https:\/\/luchonoticias.com\/editor\/#website","url":"https:\/\/luchonoticias.com\/editor\/","name":"","description":"","publisher":{"@id":"https:\/\/luchonoticias.com\/editor\/#\/schema\/person\/7a7fd911f58561fd056dbac7b55af9cd"},"potentialAction":[{"@type":"SearchAction","target":{"@type":"EntryPoint","urlTemplate":"https:\/\/luchonoticias.com\/editor\/?s={search_term_string}"},"query-input":{"@type":"PropertyValueSpecification","valueRequired":true,"valueName":"search_term_string"}}],"inLanguage":"es"},{"@type":["Person","Organization"],"@id":"https:\/\/luchonoticias.com\/editor\/#\/schema\/person\/7a7fd911f58561fd056dbac7b55af9cd","name":"admin","image":{"@type":"ImageObject","inLanguage":"es","@id":"https:\/\/luchonoticias.com\/editor\/#\/schema\/person\/image\/","url":"https:\/\/luchonoticias.com\/editor\/wp-content\/uploads\/2024\/02\/cropped-cropped-logolu.webp","contentUrl":"https:\/\/luchonoticias.com\/editor\/wp-content\/uploads\/2024\/02\/cropped-cropped-logolu.webp","width":382,"height":170,"caption":"admin"},"logo":{"@id":"https:\/\/luchonoticias.com\/editor\/#\/schema\/person\/image\/"},"sameAs":["https:\/\/www.facebook.com\/luchonoticiasneiva"]},{"@type":"Person","@id":"https:\/\/luchonoticias.com\/editor\/#\/schema\/person\/29217990ddf6f14e35912b2866d591fb","name":"Editor General","image":{"@type":"ImageObject","inLanguage":"es","@id":"https:\/\/luchonoticias.com\/editor\/#\/schema\/person\/image\/","url":"https:\/\/luchonoticias.com\/editor\/wp-content\/uploads\/2024\/02\/cropped-cropped-logolu-150x150.webp","contentUrl":"https:\/\/luchonoticias.com\/editor\/wp-content\/uploads\/2024\/02\/cropped-cropped-logolu-150x150.webp","caption":"Editor General"},"sameAs":["https:\/\/luchonoticias.com\/"],"url":"https:\/\/luchonoticias.com\/editor\/author\/editor-general\/"}]}},"_links":{"self":[{"href":"https:\/\/luchonoticias.com\/editor\/wp-json\/wp\/v2\/posts\/80720","targetHints":{"allow":["GET"]}}],"collection":[{"href":"https:\/\/luchonoticias.com\/editor\/wp-json\/wp\/v2\/posts"}],"about":[{"href":"https:\/\/luchonoticias.com\/editor\/wp-json\/wp\/v2\/types\/post"}],"author":[{"embeddable":true,"href":"https:\/\/luchonoticias.com\/editor\/wp-json\/wp\/v2\/users\/2"}],"replies":[{"embeddable":true,"href":"https:\/\/luchonoticias.com\/editor\/wp-json\/wp\/v2\/comments?post=80720"}],"version-history":[{"count":2,"href":"https:\/\/luchonoticias.com\/editor\/wp-json\/wp\/v2\/posts\/80720\/revisions"}],"predecessor-version":[{"id":80723,"href":"https:\/\/luchonoticias.com\/editor\/wp-json\/wp\/v2\/posts\/80720\/revisions\/80723"}],"wp:featuredmedia":[{"embeddable":true,"href":"https:\/\/luchonoticias.com\/editor\/wp-json\/wp\/v2\/media\/80721"}],"wp:attachment":[{"href":"https:\/\/luchonoticias.com\/editor\/wp-json\/wp\/v2\/media?parent=80720"}],"wp:term":[{"taxonomy":"category","embeddable":true,"href":"https:\/\/luchonoticias.com\/editor\/wp-json\/wp\/v2\/categories?post=80720"},{"taxonomy":"post_tag","embeddable":true,"href":"https:\/\/luchonoticias.com\/editor\/wp-json\/wp\/v2\/tags?post=80720"}],"curies":[{"name":"wp","href":"https:\/\/api.w.org\/{rel}","templated":true}]}}