{"id":80779,"date":"2025-01-16T19:23:06","date_gmt":"2025-01-17T00:23:06","guid":{"rendered":"https:\/\/luchonoticias.com\/?p=80779"},"modified":"2025-01-16T19:24:25","modified_gmt":"2025-01-17T00:24:25","slug":"fiscal-de-venezuela-la-emprendio-contra-petro","status":"publish","type":"post","link":"https:\/\/luchonoticias.com\/editor\/fiscal-de-venezuela-la-emprendio-contra-petro\/","title":{"rendered":"Fiscal de Venezuela &#8216;la emprendi\u00f3&#8217; contra Petro"},"content":{"rendered":"\n<figure class=\"wp-block-image size-full\"><img loading=\"lazy\" decoding=\"async\" width=\"700\" height=\"400\" src=\"https:\/\/luchonoticias.com\/wp-content\/uploads\/2025\/01\/fiscal-petro.jpg\" alt=\"\" class=\"wp-image-80782\" srcset=\"https:\/\/luchonoticias.com\/editor\/wp-content\/uploads\/2025\/01\/fiscal-petro.jpg 700w, https:\/\/luchonoticias.com\/editor\/wp-content\/uploads\/2025\/01\/fiscal-petro-300x171.jpg 300w\" sizes=\"auto, (max-width: 700px) 100vw, 700px\" \/><\/figure>\n\n\n\n<p>El fiscal general de Venezuela, Tarek William Saab, inst\u00f3 al presidente colombiano, Gustavo Petro, a enfocarse en los problemas de su pa\u00eds en lugar de opinar sobre asuntos internos de Venezuela. La declaraci\u00f3n se produjo luego de que Petro celebrara la liberaci\u00f3n de Carlos Correa, director de la ONG Espacio P\u00fablico.<\/p>\n\n\n\n<p>\u00abCon todo respeto le digo, usted debe ocuparse de Colombia, que tiene m\u00faltiples y graves problemas. Aqu\u00ed nosotros nos ocupamos de los nuestros\u00bb, afirm\u00f3 Saab en un comunicado publicado en Instagram.<\/p>\n\n\n\n<p>El fiscal critic\u00f3 que Petro destaque esta excarcelaci\u00f3n como un hecho excepcional y record\u00f3 que desde 2022 se han liberado m\u00e1s de 1,500 detenidos en Venezuela. Adem\u00e1s, cuestion\u00f3 la posici\u00f3n del mandatario colombiano, sugiriendo que sus comentarios se asemejan a los de quienes causaron graves violaciones en Colombia.<\/p>\n\n\n\n<p>Petro aprovech\u00f3 la liberaci\u00f3n de Correa para, mediante sus redes sociales, pedir la excarcelaci\u00f3n de todos los detenidos tras las elecciones venezolanas, incluidos doce colombianos. \u00abEs importante para la paz en las Am\u00e9ricas que Venezuela libere a todas las personas detenidas en el marco de las elecciones y las postelecciones\u00bb, expres\u00f3 Petro en X.<\/p>\n\n\n\n<p>Las declaraciones cruzadas reflejan las tensiones entre ambos pa\u00edses frente a temas sensibles como derechos humanos y pol\u00edtica internacional.<\/p>\n\n\n\n<p><\/p>\n","protected":false},"excerpt":{"rendered":"<p>El fiscal general de Venezuela, Tarek William Saab, inst\u00f3 al presidente colombiano, Gustavo Petro, a enfocarse en los problemas de su pa\u00eds en lugar de opinar sobre asuntos internos de Venezuela. La declaraci\u00f3n se produjo luego de que Petro celebrara la liberaci\u00f3n de Carlos Correa, director de la ONG Espacio P\u00fablico. \u00abCon todo respeto le [&hellip;]<\/p>\n","protected":false},"author":2,"featured_media":80782,"comment_status":"closed","ping_status":"open","sticky":false,"template":"","format":"standard","meta":{"footnotes":""},"categories":[28,32],"tags":[],"class_list":["post-80779","post","type-post","status-publish","format-standard","has-post-thumbnail","hentry","category-actualidad","category-nacional"],"yoast_head":"<!-- This site is optimized with the Yoast SEO plugin v26.6 - https:\/\/yoast.com\/wordpress\/plugins\/seo\/ -->\n<title>Fiscal de Venezuela &#039;la emprendi\u00f3&#039; contra Petro -<\/title>\n<meta name=\"robots\" content=\"index, follow, max-snippet:-1, max-image-preview:large, max-video-preview:-1\" \/>\n<link rel=\"canonical\" href=\"https:\/\/luchonoticias.com\/editor\/fiscal-de-venezuela-la-emprendio-contra-petro\/\" \/>\n<meta property=\"og:locale\" content=\"es_ES\" \/>\n<meta property=\"og:type\" content=\"article\" \/>\n<meta property=\"og:title\" content=\"Fiscal de Venezuela &#039;la emprendi\u00f3&#039; contra Petro -\" \/>\n<meta property=\"og:url\" content=\"https:\/\/luchonoticias.com\/editor\/fiscal-de-venezuela-la-emprendio-contra-petro\/\" \/>\n<meta property=\"article:publisher\" content=\"https:\/\/www.facebook.com\/luchonoticiasneiva\" \/>\n<meta property=\"article:published_time\" content=\"2025-01-17T00:23:06+00:00\" \/>\n<meta property=\"article:modified_time\" content=\"2025-01-17T00:24:25+00:00\" \/>\n<meta property=\"og:image\" content=\"https:\/\/luchonoticias.com\/editor\/wp-content\/uploads\/2025\/01\/fiscal-petro.jpg\" \/>\n\t<meta property=\"og:image:width\" content=\"700\" \/>\n\t<meta property=\"og:image:height\" content=\"400\" \/>\n\t<meta property=\"og:image:type\" content=\"image\/jpeg\" \/>\n<meta name=\"author\" content=\"Editor General\" \/>\n<meta name=\"twitter:card\" content=\"summary_large_image\" \/>\n<meta name=\"twitter:label1\" content=\"Escrito por\" \/>\n\t<meta name=\"twitter:data1\" content=\"Editor General\" \/>\n\t<meta name=\"twitter:label2\" content=\"Tiempo de lectura\" \/>\n\t<meta name=\"twitter:data2\" content=\"2 minutos\" \/>\n<script type=\"application\/ld+json\" class=\"yoast-schema-graph\">{\"@context\":\"https:\/\/schema.org\",\"@graph\":[{\"@type\":\"Article\",\"@id\":\"https:\/\/luchonoticias.com\/editor\/fiscal-de-venezuela-la-emprendio-contra-petro\/#article\",\"isPartOf\":{\"@id\":\"https:\/\/luchonoticias.com\/editor\/fiscal-de-venezuela-la-emprendio-contra-petro\/\"},\"author\":{\"name\":\"Editor General\",\"@id\":\"https:\/\/luchonoticias.com\/editor\/#\/schema\/person\/29217990ddf6f14e35912b2866d591fb\"},\"headline\":\"Fiscal de Venezuela &#8216;la emprendi\u00f3&#8217; contra Petro\",\"datePublished\":\"2025-01-17T00:23:06+00:00\",\"dateModified\":\"2025-01-17T00:24:25+00:00\",\"mainEntityOfPage\":{\"@id\":\"https:\/\/luchonoticias.com\/editor\/fiscal-de-venezuela-la-emprendio-contra-petro\/\"},\"wordCount\":222,\"publisher\":{\"@id\":\"https:\/\/luchonoticias.com\/editor\/#\/schema\/person\/7a7fd911f58561fd056dbac7b55af9cd\"},\"image\":{\"@id\":\"https:\/\/luchonoticias.com\/editor\/fiscal-de-venezuela-la-emprendio-contra-petro\/#primaryimage\"},\"thumbnailUrl\":\"https:\/\/luchonoticias.com\/editor\/wp-content\/uploads\/2025\/01\/fiscal-petro.jpg\",\"articleSection\":[\"Actualidad\",\"Nacional\"],\"inLanguage\":\"es\"},{\"@type\":\"WebPage\",\"@id\":\"https:\/\/luchonoticias.com\/editor\/fiscal-de-venezuela-la-emprendio-contra-petro\/\",\"url\":\"https:\/\/luchonoticias.com\/editor\/fiscal-de-venezuela-la-emprendio-contra-petro\/\",\"name\":\"Fiscal de Venezuela 'la emprendi\u00f3' contra Petro -\",\"isPartOf\":{\"@id\":\"https:\/\/luchonoticias.com\/editor\/#website\"},\"primaryImageOfPage\":{\"@id\":\"https:\/\/luchonoticias.com\/editor\/fiscal-de-venezuela-la-emprendio-contra-petro\/#primaryimage\"},\"image\":{\"@id\":\"https:\/\/luchonoticias.com\/editor\/fiscal-de-venezuela-la-emprendio-contra-petro\/#primaryimage\"},\"thumbnailUrl\":\"https:\/\/luchonoticias.com\/editor\/wp-content\/uploads\/2025\/01\/fiscal-petro.jpg\",\"datePublished\":\"2025-01-17T00:23:06+00:00\",\"dateModified\":\"2025-01-17T00:24:25+00:00\",\"breadcrumb\":{\"@id\":\"https:\/\/luchonoticias.com\/editor\/fiscal-de-venezuela-la-emprendio-contra-petro\/#breadcrumb\"},\"inLanguage\":\"es\",\"potentialAction\":[{\"@type\":\"ReadAction\",\"target\":[\"https:\/\/luchonoticias.com\/editor\/fiscal-de-venezuela-la-emprendio-contra-petro\/\"]}]},{\"@type\":\"ImageObject\",\"inLanguage\":\"es\",\"@id\":\"https:\/\/luchonoticias.com\/editor\/fiscal-de-venezuela-la-emprendio-contra-petro\/#primaryimage\",\"url\":\"https:\/\/luchonoticias.com\/editor\/wp-content\/uploads\/2025\/01\/fiscal-petro.jpg\",\"contentUrl\":\"https:\/\/luchonoticias.com\/editor\/wp-content\/uploads\/2025\/01\/fiscal-petro.jpg\",\"width\":700,\"height\":400},{\"@type\":\"BreadcrumbList\",\"@id\":\"https:\/\/luchonoticias.com\/editor\/fiscal-de-venezuela-la-emprendio-contra-petro\/#breadcrumb\",\"itemListElement\":[{\"@type\":\"ListItem\",\"position\":1,\"name\":\"Portada\",\"item\":\"https:\/\/luchonoticias.com\/editor\/\"},{\"@type\":\"ListItem\",\"position\":2,\"name\":\"Fiscal de Venezuela &#8216;la emprendi\u00f3&#8217; contra Petro\"}]},{\"@type\":\"WebSite\",\"@id\":\"https:\/\/luchonoticias.com\/editor\/#website\",\"url\":\"https:\/\/luchonoticias.com\/editor\/\",\"name\":\"\",\"description\":\"\",\"publisher\":{\"@id\":\"https:\/\/luchonoticias.com\/editor\/#\/schema\/person\/7a7fd911f58561fd056dbac7b55af9cd\"},\"potentialAction\":[{\"@type\":\"SearchAction\",\"target\":{\"@type\":\"EntryPoint\",\"urlTemplate\":\"https:\/\/luchonoticias.com\/editor\/?s={search_term_string}\"},\"query-input\":{\"@type\":\"PropertyValueSpecification\",\"valueRequired\":true,\"valueName\":\"search_term_string\"}}],\"inLanguage\":\"es\"},{\"@type\":[\"Person\",\"Organization\"],\"@id\":\"https:\/\/luchonoticias.com\/editor\/#\/schema\/person\/7a7fd911f58561fd056dbac7b55af9cd\",\"name\":\"admin\",\"image\":{\"@type\":\"ImageObject\",\"inLanguage\":\"es\",\"@id\":\"https:\/\/luchonoticias.com\/editor\/#\/schema\/person\/image\/\",\"url\":\"https:\/\/luchonoticias.com\/editor\/wp-content\/uploads\/2024\/02\/cropped-cropped-logolu.webp\",\"contentUrl\":\"https:\/\/luchonoticias.com\/editor\/wp-content\/uploads\/2024\/02\/cropped-cropped-logolu.webp\",\"width\":382,\"height\":170,\"caption\":\"admin\"},\"logo\":{\"@id\":\"https:\/\/luchonoticias.com\/editor\/#\/schema\/person\/image\/\"},\"sameAs\":[\"https:\/\/www.facebook.com\/luchonoticiasneiva\"]},{\"@type\":\"Person\",\"@id\":\"https:\/\/luchonoticias.com\/editor\/#\/schema\/person\/29217990ddf6f14e35912b2866d591fb\",\"name\":\"Editor General\",\"image\":{\"@type\":\"ImageObject\",\"inLanguage\":\"es\",\"@id\":\"https:\/\/luchonoticias.com\/editor\/#\/schema\/person\/image\/\",\"url\":\"https:\/\/luchonoticias.com\/editor\/wp-content\/uploads\/2024\/02\/cropped-cropped-logolu-150x150.webp\",\"contentUrl\":\"https:\/\/luchonoticias.com\/editor\/wp-content\/uploads\/2024\/02\/cropped-cropped-logolu-150x150.webp\",\"caption\":\"Editor General\"},\"sameAs\":[\"https:\/\/luchonoticias.com\/\"],\"url\":\"https:\/\/luchonoticias.com\/editor\/author\/editor-general\/\"}]}<\/script>\n<!-- \/ Yoast SEO plugin. -->","yoast_head_json":{"title":"Fiscal de Venezuela 'la emprendi\u00f3' contra Petro -","robots":{"index":"index","follow":"follow","max-snippet":"max-snippet:-1","max-image-preview":"max-image-preview:large","max-video-preview":"max-video-preview:-1"},"canonical":"https:\/\/luchonoticias.com\/editor\/fiscal-de-venezuela-la-emprendio-contra-petro\/","og_locale":"es_ES","og_type":"article","og_title":"Fiscal de Venezuela 'la emprendi\u00f3' contra Petro -","og_url":"https:\/\/luchonoticias.com\/editor\/fiscal-de-venezuela-la-emprendio-contra-petro\/","article_publisher":"https:\/\/www.facebook.com\/luchonoticiasneiva","article_published_time":"2025-01-17T00:23:06+00:00","article_modified_time":"2025-01-17T00:24:25+00:00","og_image":[{"width":700,"height":400,"url":"https:\/\/luchonoticias.com\/editor\/wp-content\/uploads\/2025\/01\/fiscal-petro.jpg","type":"image\/jpeg"}],"author":"Editor General","twitter_card":"summary_large_image","twitter_misc":{"Escrito por":"Editor General","Tiempo de lectura":"2 minutos"},"schema":{"@context":"https:\/\/schema.org","@graph":[{"@type":"Article","@id":"https:\/\/luchonoticias.com\/editor\/fiscal-de-venezuela-la-emprendio-contra-petro\/#article","isPartOf":{"@id":"https:\/\/luchonoticias.com\/editor\/fiscal-de-venezuela-la-emprendio-contra-petro\/"},"author":{"name":"Editor General","@id":"https:\/\/luchonoticias.com\/editor\/#\/schema\/person\/29217990ddf6f14e35912b2866d591fb"},"headline":"Fiscal de Venezuela &#8216;la emprendi\u00f3&#8217; contra Petro","datePublished":"2025-01-17T00:23:06+00:00","dateModified":"2025-01-17T00:24:25+00:00","mainEntityOfPage":{"@id":"https:\/\/luchonoticias.com\/editor\/fiscal-de-venezuela-la-emprendio-contra-petro\/"},"wordCount":222,"publisher":{"@id":"https:\/\/luchonoticias.com\/editor\/#\/schema\/person\/7a7fd911f58561fd056dbac7b55af9cd"},"image":{"@id":"https:\/\/luchonoticias.com\/editor\/fiscal-de-venezuela-la-emprendio-contra-petro\/#primaryimage"},"thumbnailUrl":"https:\/\/luchonoticias.com\/editor\/wp-content\/uploads\/2025\/01\/fiscal-petro.jpg","articleSection":["Actualidad","Nacional"],"inLanguage":"es"},{"@type":"WebPage","@id":"https:\/\/luchonoticias.com\/editor\/fiscal-de-venezuela-la-emprendio-contra-petro\/","url":"https:\/\/luchonoticias.com\/editor\/fiscal-de-venezuela-la-emprendio-contra-petro\/","name":"Fiscal de Venezuela 'la emprendi\u00f3' contra Petro -","isPartOf":{"@id":"https:\/\/luchonoticias.com\/editor\/#website"},"primaryImageOfPage":{"@id":"https:\/\/luchonoticias.com\/editor\/fiscal-de-venezuela-la-emprendio-contra-petro\/#primaryimage"},"image":{"@id":"https:\/\/luchonoticias.com\/editor\/fiscal-de-venezuela-la-emprendio-contra-petro\/#primaryimage"},"thumbnailUrl":"https:\/\/luchonoticias.com\/editor\/wp-content\/uploads\/2025\/01\/fiscal-petro.jpg","datePublished":"2025-01-17T00:23:06+00:00","dateModified":"2025-01-17T00:24:25+00:00","breadcrumb":{"@id":"https:\/\/luchonoticias.com\/editor\/fiscal-de-venezuela-la-emprendio-contra-petro\/#breadcrumb"},"inLanguage":"es","potentialAction":[{"@type":"ReadAction","target":["https:\/\/luchonoticias.com\/editor\/fiscal-de-venezuela-la-emprendio-contra-petro\/"]}]},{"@type":"ImageObject","inLanguage":"es","@id":"https:\/\/luchonoticias.com\/editor\/fiscal-de-venezuela-la-emprendio-contra-petro\/#primaryimage","url":"https:\/\/luchonoticias.com\/editor\/wp-content\/uploads\/2025\/01\/fiscal-petro.jpg","contentUrl":"https:\/\/luchonoticias.com\/editor\/wp-content\/uploads\/2025\/01\/fiscal-petro.jpg","width":700,"height":400},{"@type":"BreadcrumbList","@id":"https:\/\/luchonoticias.com\/editor\/fiscal-de-venezuela-la-emprendio-contra-petro\/#breadcrumb","itemListElement":[{"@type":"ListItem","position":1,"name":"Portada","item":"https:\/\/luchonoticias.com\/editor\/"},{"@type":"ListItem","position":2,"name":"Fiscal de Venezuela &#8216;la emprendi\u00f3&#8217; contra Petro"}]},{"@type":"WebSite","@id":"https:\/\/luchonoticias.com\/editor\/#website","url":"https:\/\/luchonoticias.com\/editor\/","name":"","description":"","publisher":{"@id":"https:\/\/luchonoticias.com\/editor\/#\/schema\/person\/7a7fd911f58561fd056dbac7b55af9cd"},"potentialAction":[{"@type":"SearchAction","target":{"@type":"EntryPoint","urlTemplate":"https:\/\/luchonoticias.com\/editor\/?s={search_term_string}"},"query-input":{"@type":"PropertyValueSpecification","valueRequired":true,"valueName":"search_term_string"}}],"inLanguage":"es"},{"@type":["Person","Organization"],"@id":"https:\/\/luchonoticias.com\/editor\/#\/schema\/person\/7a7fd911f58561fd056dbac7b55af9cd","name":"admin","image":{"@type":"ImageObject","inLanguage":"es","@id":"https:\/\/luchonoticias.com\/editor\/#\/schema\/person\/image\/","url":"https:\/\/luchonoticias.com\/editor\/wp-content\/uploads\/2024\/02\/cropped-cropped-logolu.webp","contentUrl":"https:\/\/luchonoticias.com\/editor\/wp-content\/uploads\/2024\/02\/cropped-cropped-logolu.webp","width":382,"height":170,"caption":"admin"},"logo":{"@id":"https:\/\/luchonoticias.com\/editor\/#\/schema\/person\/image\/"},"sameAs":["https:\/\/www.facebook.com\/luchonoticiasneiva"]},{"@type":"Person","@id":"https:\/\/luchonoticias.com\/editor\/#\/schema\/person\/29217990ddf6f14e35912b2866d591fb","name":"Editor General","image":{"@type":"ImageObject","inLanguage":"es","@id":"https:\/\/luchonoticias.com\/editor\/#\/schema\/person\/image\/","url":"https:\/\/luchonoticias.com\/editor\/wp-content\/uploads\/2024\/02\/cropped-cropped-logolu-150x150.webp","contentUrl":"https:\/\/luchonoticias.com\/editor\/wp-content\/uploads\/2024\/02\/cropped-cropped-logolu-150x150.webp","caption":"Editor General"},"sameAs":["https:\/\/luchonoticias.com\/"],"url":"https:\/\/luchonoticias.com\/editor\/author\/editor-general\/"}]}},"_links":{"self":[{"href":"https:\/\/luchonoticias.com\/editor\/wp-json\/wp\/v2\/posts\/80779","targetHints":{"allow":["GET"]}}],"collection":[{"href":"https:\/\/luchonoticias.com\/editor\/wp-json\/wp\/v2\/posts"}],"about":[{"href":"https:\/\/luchonoticias.com\/editor\/wp-json\/wp\/v2\/types\/post"}],"author":[{"embeddable":true,"href":"https:\/\/luchonoticias.com\/editor\/wp-json\/wp\/v2\/users\/2"}],"replies":[{"embeddable":true,"href":"https:\/\/luchonoticias.com\/editor\/wp-json\/wp\/v2\/comments?post=80779"}],"version-history":[{"count":2,"href":"https:\/\/luchonoticias.com\/editor\/wp-json\/wp\/v2\/posts\/80779\/revisions"}],"predecessor-version":[{"id":80783,"href":"https:\/\/luchonoticias.com\/editor\/wp-json\/wp\/v2\/posts\/80779\/revisions\/80783"}],"wp:featuredmedia":[{"embeddable":true,"href":"https:\/\/luchonoticias.com\/editor\/wp-json\/wp\/v2\/media\/80782"}],"wp:attachment":[{"href":"https:\/\/luchonoticias.com\/editor\/wp-json\/wp\/v2\/media?parent=80779"}],"wp:term":[{"taxonomy":"category","embeddable":true,"href":"https:\/\/luchonoticias.com\/editor\/wp-json\/wp\/v2\/categories?post=80779"},{"taxonomy":"post_tag","embeddable":true,"href":"https:\/\/luchonoticias.com\/editor\/wp-json\/wp\/v2\/tags?post=80779"}],"curies":[{"name":"wp","href":"https:\/\/api.w.org\/{rel}","templated":true}]}}