{"id":80784,"date":"2025-01-17T04:17:52","date_gmt":"2025-01-17T09:17:52","guid":{"rendered":"https:\/\/luchonoticias.com\/?p=80784"},"modified":"2025-01-17T04:17:53","modified_gmt":"2025-01-17T09:17:53","slug":"aprobado-cupo-record-de-obras-por-impuestos","status":"publish","type":"post","link":"https:\/\/luchonoticias.com\/editor\/aprobado-cupo-record-de-obras-por-impuestos\/","title":{"rendered":"Aprobado cupo r\u00e9cord de Obras por Impuestos"},"content":{"rendered":"\n<figure class=\"wp-block-image size-full\"><img loading=\"lazy\" decoding=\"async\" width=\"700\" height=\"400\" src=\"https:\/\/luchonoticias.com\/wp-content\/uploads\/2025\/01\/obras-oir-imouestos-2.jpg\" alt=\"\" class=\"wp-image-80785\" srcset=\"https:\/\/luchonoticias.com\/editor\/wp-content\/uploads\/2025\/01\/obras-oir-imouestos-2.jpg 700w, https:\/\/luchonoticias.com\/editor\/wp-content\/uploads\/2025\/01\/obras-oir-imouestos-2-300x171.jpg 300w\" sizes=\"auto, (max-width: 700px) 100vw, 700px\" \/><\/figure>\n\n\n\n<p>El Ministerio de Hacienda anunci\u00f3 que el Consejo Superior de Pol\u00edtica Fiscal (Confis) aprob\u00f3 un cupo r\u00e9cord de $1,1 billones para la ejecuci\u00f3n de proyectos mediante el mecanismo de Obras por Impuestos en 2025. Esta cifra, la m\u00e1s alta desde la creaci\u00f3n de esta iniciativa en 2018, permitir\u00e1 que empresas privadas, p\u00fablicas y mixtas destinen hasta el 50 % de su impuesto de renta a financiar proyectos sociales y de infraestructura en municipios priorizados, incluidos los PDET y Zomac.<\/p>\n\n\n\n<p>Desde su implementaci\u00f3n, este modelo ha invertido m\u00e1s de $3 billones en 410 proyectos, beneficiando a m\u00e1s de siete millones de personas en las regiones m\u00e1s vulnerables. Los sectores m\u00e1s favorecidos han sido la infraestructura vial, con 91 proyectos por m\u00e1s de $1 bill\u00f3n; la educaci\u00f3n, con 185 iniciativas por $862.359 millones; y el agua potable y saneamiento b\u00e1sico, con 38 proyectos por $244.796 millones. Tambi\u00e9n destaca la instalaci\u00f3n de paneles solares en comunidades ind\u00edgenas de La Guajira.<\/p>\n\n\n\n<p>Ra\u00fal Delgado, director de la Agencia para la Renovaci\u00f3n del Territorio (ART), destac\u00f3 el impacto transformador del mecanismo, se\u00f1alando que este cupo hist\u00f3rico refuerza el compromiso del Gobierno del presidente Gustavo Petro con el desarrollo sostenible y la reducci\u00f3n de desigualdades. Desde 2018, los cupos aprobados han aumentado progresivamente, pasando de $250 mil millones en 2018 a $1 bill\u00f3n en 2024.<\/p>\n\n\n\n<p><\/p>\n","protected":false},"excerpt":{"rendered":"<p>El Ministerio de Hacienda anunci\u00f3 que el Consejo Superior de Pol\u00edtica Fiscal (Confis) aprob\u00f3 un cupo r\u00e9cord de $1,1 billones para la ejecuci\u00f3n de proyectos mediante el mecanismo de Obras por Impuestos en 2025. Esta cifra, la m\u00e1s alta desde la creaci\u00f3n de esta iniciativa en 2018, permitir\u00e1 que empresas privadas, p\u00fablicas y mixtas destinen [&hellip;]<\/p>\n","protected":false},"author":2,"featured_media":80785,"comment_status":"closed","ping_status":"open","sticky":false,"template":"","format":"standard","meta":{"footnotes":""},"categories":[28,32],"tags":[],"class_list":["post-80784","post","type-post","status-publish","format-standard","has-post-thumbnail","hentry","category-actualidad","category-nacional"],"yoast_head":"<!-- This site is optimized with the Yoast SEO plugin v26.6 - https:\/\/yoast.com\/wordpress\/plugins\/seo\/ -->\n<title>Aprobado cupo r\u00e9cord de Obras por Impuestos -<\/title>\n<meta name=\"robots\" content=\"index, follow, max-snippet:-1, max-image-preview:large, max-video-preview:-1\" \/>\n<link rel=\"canonical\" href=\"https:\/\/luchonoticias.com\/editor\/aprobado-cupo-record-de-obras-por-impuestos\/\" \/>\n<meta property=\"og:locale\" content=\"es_ES\" \/>\n<meta property=\"og:type\" content=\"article\" \/>\n<meta property=\"og:title\" content=\"Aprobado cupo r\u00e9cord de Obras por Impuestos -\" \/>\n<meta property=\"og:url\" content=\"https:\/\/luchonoticias.com\/editor\/aprobado-cupo-record-de-obras-por-impuestos\/\" \/>\n<meta property=\"article:publisher\" content=\"https:\/\/www.facebook.com\/luchonoticiasneiva\" \/>\n<meta property=\"article:published_time\" content=\"2025-01-17T09:17:52+00:00\" \/>\n<meta property=\"article:modified_time\" content=\"2025-01-17T09:17:53+00:00\" \/>\n<meta property=\"og:image\" content=\"https:\/\/luchonoticias.com\/editor\/wp-content\/uploads\/2025\/01\/obras-oir-imouestos-2.jpg\" \/>\n\t<meta property=\"og:image:width\" content=\"700\" \/>\n\t<meta property=\"og:image:height\" content=\"400\" \/>\n\t<meta property=\"og:image:type\" content=\"image\/jpeg\" \/>\n<meta name=\"author\" content=\"Editor General\" \/>\n<meta name=\"twitter:card\" content=\"summary_large_image\" \/>\n<meta name=\"twitter:label1\" content=\"Escrito por\" \/>\n\t<meta name=\"twitter:data1\" content=\"Editor General\" \/>\n\t<meta name=\"twitter:label2\" content=\"Tiempo de lectura\" \/>\n\t<meta name=\"twitter:data2\" content=\"2 minutos\" \/>\n<script type=\"application\/ld+json\" class=\"yoast-schema-graph\">{\"@context\":\"https:\/\/schema.org\",\"@graph\":[{\"@type\":\"Article\",\"@id\":\"https:\/\/luchonoticias.com\/editor\/aprobado-cupo-record-de-obras-por-impuestos\/#article\",\"isPartOf\":{\"@id\":\"https:\/\/luchonoticias.com\/editor\/aprobado-cupo-record-de-obras-por-impuestos\/\"},\"author\":{\"name\":\"Editor General\",\"@id\":\"https:\/\/luchonoticias.com\/editor\/#\/schema\/person\/29217990ddf6f14e35912b2866d591fb\"},\"headline\":\"Aprobado cupo r\u00e9cord de Obras por Impuestos\",\"datePublished\":\"2025-01-17T09:17:52+00:00\",\"dateModified\":\"2025-01-17T09:17:53+00:00\",\"mainEntityOfPage\":{\"@id\":\"https:\/\/luchonoticias.com\/editor\/aprobado-cupo-record-de-obras-por-impuestos\/\"},\"wordCount\":232,\"publisher\":{\"@id\":\"https:\/\/luchonoticias.com\/editor\/#\/schema\/person\/7a7fd911f58561fd056dbac7b55af9cd\"},\"image\":{\"@id\":\"https:\/\/luchonoticias.com\/editor\/aprobado-cupo-record-de-obras-por-impuestos\/#primaryimage\"},\"thumbnailUrl\":\"https:\/\/luchonoticias.com\/editor\/wp-content\/uploads\/2025\/01\/obras-oir-imouestos-2.jpg\",\"articleSection\":[\"Actualidad\",\"Nacional\"],\"inLanguage\":\"es\"},{\"@type\":\"WebPage\",\"@id\":\"https:\/\/luchonoticias.com\/editor\/aprobado-cupo-record-de-obras-por-impuestos\/\",\"url\":\"https:\/\/luchonoticias.com\/editor\/aprobado-cupo-record-de-obras-por-impuestos\/\",\"name\":\"Aprobado cupo r\u00e9cord de Obras por Impuestos -\",\"isPartOf\":{\"@id\":\"https:\/\/luchonoticias.com\/editor\/#website\"},\"primaryImageOfPage\":{\"@id\":\"https:\/\/luchonoticias.com\/editor\/aprobado-cupo-record-de-obras-por-impuestos\/#primaryimage\"},\"image\":{\"@id\":\"https:\/\/luchonoticias.com\/editor\/aprobado-cupo-record-de-obras-por-impuestos\/#primaryimage\"},\"thumbnailUrl\":\"https:\/\/luchonoticias.com\/editor\/wp-content\/uploads\/2025\/01\/obras-oir-imouestos-2.jpg\",\"datePublished\":\"2025-01-17T09:17:52+00:00\",\"dateModified\":\"2025-01-17T09:17:53+00:00\",\"breadcrumb\":{\"@id\":\"https:\/\/luchonoticias.com\/editor\/aprobado-cupo-record-de-obras-por-impuestos\/#breadcrumb\"},\"inLanguage\":\"es\",\"potentialAction\":[{\"@type\":\"ReadAction\",\"target\":[\"https:\/\/luchonoticias.com\/editor\/aprobado-cupo-record-de-obras-por-impuestos\/\"]}]},{\"@type\":\"ImageObject\",\"inLanguage\":\"es\",\"@id\":\"https:\/\/luchonoticias.com\/editor\/aprobado-cupo-record-de-obras-por-impuestos\/#primaryimage\",\"url\":\"https:\/\/luchonoticias.com\/editor\/wp-content\/uploads\/2025\/01\/obras-oir-imouestos-2.jpg\",\"contentUrl\":\"https:\/\/luchonoticias.com\/editor\/wp-content\/uploads\/2025\/01\/obras-oir-imouestos-2.jpg\",\"width\":700,\"height\":400},{\"@type\":\"BreadcrumbList\",\"@id\":\"https:\/\/luchonoticias.com\/editor\/aprobado-cupo-record-de-obras-por-impuestos\/#breadcrumb\",\"itemListElement\":[{\"@type\":\"ListItem\",\"position\":1,\"name\":\"Portada\",\"item\":\"https:\/\/luchonoticias.com\/editor\/\"},{\"@type\":\"ListItem\",\"position\":2,\"name\":\"Aprobado cupo r\u00e9cord de Obras por Impuestos\"}]},{\"@type\":\"WebSite\",\"@id\":\"https:\/\/luchonoticias.com\/editor\/#website\",\"url\":\"https:\/\/luchonoticias.com\/editor\/\",\"name\":\"\",\"description\":\"\",\"publisher\":{\"@id\":\"https:\/\/luchonoticias.com\/editor\/#\/schema\/person\/7a7fd911f58561fd056dbac7b55af9cd\"},\"potentialAction\":[{\"@type\":\"SearchAction\",\"target\":{\"@type\":\"EntryPoint\",\"urlTemplate\":\"https:\/\/luchonoticias.com\/editor\/?s={search_term_string}\"},\"query-input\":{\"@type\":\"PropertyValueSpecification\",\"valueRequired\":true,\"valueName\":\"search_term_string\"}}],\"inLanguage\":\"es\"},{\"@type\":[\"Person\",\"Organization\"],\"@id\":\"https:\/\/luchonoticias.com\/editor\/#\/schema\/person\/7a7fd911f58561fd056dbac7b55af9cd\",\"name\":\"admin\",\"image\":{\"@type\":\"ImageObject\",\"inLanguage\":\"es\",\"@id\":\"https:\/\/luchonoticias.com\/editor\/#\/schema\/person\/image\/\",\"url\":\"https:\/\/luchonoticias.com\/editor\/wp-content\/uploads\/2024\/02\/cropped-cropped-logolu.webp\",\"contentUrl\":\"https:\/\/luchonoticias.com\/editor\/wp-content\/uploads\/2024\/02\/cropped-cropped-logolu.webp\",\"width\":382,\"height\":170,\"caption\":\"admin\"},\"logo\":{\"@id\":\"https:\/\/luchonoticias.com\/editor\/#\/schema\/person\/image\/\"},\"sameAs\":[\"https:\/\/www.facebook.com\/luchonoticiasneiva\"]},{\"@type\":\"Person\",\"@id\":\"https:\/\/luchonoticias.com\/editor\/#\/schema\/person\/29217990ddf6f14e35912b2866d591fb\",\"name\":\"Editor General\",\"image\":{\"@type\":\"ImageObject\",\"inLanguage\":\"es\",\"@id\":\"https:\/\/luchonoticias.com\/editor\/#\/schema\/person\/image\/\",\"url\":\"https:\/\/luchonoticias.com\/editor\/wp-content\/uploads\/2024\/02\/cropped-cropped-logolu-150x150.webp\",\"contentUrl\":\"https:\/\/luchonoticias.com\/editor\/wp-content\/uploads\/2024\/02\/cropped-cropped-logolu-150x150.webp\",\"caption\":\"Editor General\"},\"sameAs\":[\"https:\/\/luchonoticias.com\/\"],\"url\":\"https:\/\/luchonoticias.com\/editor\/author\/editor-general\/\"}]}<\/script>\n<!-- \/ Yoast SEO plugin. -->","yoast_head_json":{"title":"Aprobado cupo r\u00e9cord de Obras por Impuestos -","robots":{"index":"index","follow":"follow","max-snippet":"max-snippet:-1","max-image-preview":"max-image-preview:large","max-video-preview":"max-video-preview:-1"},"canonical":"https:\/\/luchonoticias.com\/editor\/aprobado-cupo-record-de-obras-por-impuestos\/","og_locale":"es_ES","og_type":"article","og_title":"Aprobado cupo r\u00e9cord de Obras por Impuestos -","og_url":"https:\/\/luchonoticias.com\/editor\/aprobado-cupo-record-de-obras-por-impuestos\/","article_publisher":"https:\/\/www.facebook.com\/luchonoticiasneiva","article_published_time":"2025-01-17T09:17:52+00:00","article_modified_time":"2025-01-17T09:17:53+00:00","og_image":[{"width":700,"height":400,"url":"https:\/\/luchonoticias.com\/editor\/wp-content\/uploads\/2025\/01\/obras-oir-imouestos-2.jpg","type":"image\/jpeg"}],"author":"Editor General","twitter_card":"summary_large_image","twitter_misc":{"Escrito por":"Editor General","Tiempo de lectura":"2 minutos"},"schema":{"@context":"https:\/\/schema.org","@graph":[{"@type":"Article","@id":"https:\/\/luchonoticias.com\/editor\/aprobado-cupo-record-de-obras-por-impuestos\/#article","isPartOf":{"@id":"https:\/\/luchonoticias.com\/editor\/aprobado-cupo-record-de-obras-por-impuestos\/"},"author":{"name":"Editor General","@id":"https:\/\/luchonoticias.com\/editor\/#\/schema\/person\/29217990ddf6f14e35912b2866d591fb"},"headline":"Aprobado cupo r\u00e9cord de Obras por Impuestos","datePublished":"2025-01-17T09:17:52+00:00","dateModified":"2025-01-17T09:17:53+00:00","mainEntityOfPage":{"@id":"https:\/\/luchonoticias.com\/editor\/aprobado-cupo-record-de-obras-por-impuestos\/"},"wordCount":232,"publisher":{"@id":"https:\/\/luchonoticias.com\/editor\/#\/schema\/person\/7a7fd911f58561fd056dbac7b55af9cd"},"image":{"@id":"https:\/\/luchonoticias.com\/editor\/aprobado-cupo-record-de-obras-por-impuestos\/#primaryimage"},"thumbnailUrl":"https:\/\/luchonoticias.com\/editor\/wp-content\/uploads\/2025\/01\/obras-oir-imouestos-2.jpg","articleSection":["Actualidad","Nacional"],"inLanguage":"es"},{"@type":"WebPage","@id":"https:\/\/luchonoticias.com\/editor\/aprobado-cupo-record-de-obras-por-impuestos\/","url":"https:\/\/luchonoticias.com\/editor\/aprobado-cupo-record-de-obras-por-impuestos\/","name":"Aprobado cupo r\u00e9cord de Obras por Impuestos -","isPartOf":{"@id":"https:\/\/luchonoticias.com\/editor\/#website"},"primaryImageOfPage":{"@id":"https:\/\/luchonoticias.com\/editor\/aprobado-cupo-record-de-obras-por-impuestos\/#primaryimage"},"image":{"@id":"https:\/\/luchonoticias.com\/editor\/aprobado-cupo-record-de-obras-por-impuestos\/#primaryimage"},"thumbnailUrl":"https:\/\/luchonoticias.com\/editor\/wp-content\/uploads\/2025\/01\/obras-oir-imouestos-2.jpg","datePublished":"2025-01-17T09:17:52+00:00","dateModified":"2025-01-17T09:17:53+00:00","breadcrumb":{"@id":"https:\/\/luchonoticias.com\/editor\/aprobado-cupo-record-de-obras-por-impuestos\/#breadcrumb"},"inLanguage":"es","potentialAction":[{"@type":"ReadAction","target":["https:\/\/luchonoticias.com\/editor\/aprobado-cupo-record-de-obras-por-impuestos\/"]}]},{"@type":"ImageObject","inLanguage":"es","@id":"https:\/\/luchonoticias.com\/editor\/aprobado-cupo-record-de-obras-por-impuestos\/#primaryimage","url":"https:\/\/luchonoticias.com\/editor\/wp-content\/uploads\/2025\/01\/obras-oir-imouestos-2.jpg","contentUrl":"https:\/\/luchonoticias.com\/editor\/wp-content\/uploads\/2025\/01\/obras-oir-imouestos-2.jpg","width":700,"height":400},{"@type":"BreadcrumbList","@id":"https:\/\/luchonoticias.com\/editor\/aprobado-cupo-record-de-obras-por-impuestos\/#breadcrumb","itemListElement":[{"@type":"ListItem","position":1,"name":"Portada","item":"https:\/\/luchonoticias.com\/editor\/"},{"@type":"ListItem","position":2,"name":"Aprobado cupo r\u00e9cord de Obras por Impuestos"}]},{"@type":"WebSite","@id":"https:\/\/luchonoticias.com\/editor\/#website","url":"https:\/\/luchonoticias.com\/editor\/","name":"","description":"","publisher":{"@id":"https:\/\/luchonoticias.com\/editor\/#\/schema\/person\/7a7fd911f58561fd056dbac7b55af9cd"},"potentialAction":[{"@type":"SearchAction","target":{"@type":"EntryPoint","urlTemplate":"https:\/\/luchonoticias.com\/editor\/?s={search_term_string}"},"query-input":{"@type":"PropertyValueSpecification","valueRequired":true,"valueName":"search_term_string"}}],"inLanguage":"es"},{"@type":["Person","Organization"],"@id":"https:\/\/luchonoticias.com\/editor\/#\/schema\/person\/7a7fd911f58561fd056dbac7b55af9cd","name":"admin","image":{"@type":"ImageObject","inLanguage":"es","@id":"https:\/\/luchonoticias.com\/editor\/#\/schema\/person\/image\/","url":"https:\/\/luchonoticias.com\/editor\/wp-content\/uploads\/2024\/02\/cropped-cropped-logolu.webp","contentUrl":"https:\/\/luchonoticias.com\/editor\/wp-content\/uploads\/2024\/02\/cropped-cropped-logolu.webp","width":382,"height":170,"caption":"admin"},"logo":{"@id":"https:\/\/luchonoticias.com\/editor\/#\/schema\/person\/image\/"},"sameAs":["https:\/\/www.facebook.com\/luchonoticiasneiva"]},{"@type":"Person","@id":"https:\/\/luchonoticias.com\/editor\/#\/schema\/person\/29217990ddf6f14e35912b2866d591fb","name":"Editor General","image":{"@type":"ImageObject","inLanguage":"es","@id":"https:\/\/luchonoticias.com\/editor\/#\/schema\/person\/image\/","url":"https:\/\/luchonoticias.com\/editor\/wp-content\/uploads\/2024\/02\/cropped-cropped-logolu-150x150.webp","contentUrl":"https:\/\/luchonoticias.com\/editor\/wp-content\/uploads\/2024\/02\/cropped-cropped-logolu-150x150.webp","caption":"Editor General"},"sameAs":["https:\/\/luchonoticias.com\/"],"url":"https:\/\/luchonoticias.com\/editor\/author\/editor-general\/"}]}},"_links":{"self":[{"href":"https:\/\/luchonoticias.com\/editor\/wp-json\/wp\/v2\/posts\/80784","targetHints":{"allow":["GET"]}}],"collection":[{"href":"https:\/\/luchonoticias.com\/editor\/wp-json\/wp\/v2\/posts"}],"about":[{"href":"https:\/\/luchonoticias.com\/editor\/wp-json\/wp\/v2\/types\/post"}],"author":[{"embeddable":true,"href":"https:\/\/luchonoticias.com\/editor\/wp-json\/wp\/v2\/users\/2"}],"replies":[{"embeddable":true,"href":"https:\/\/luchonoticias.com\/editor\/wp-json\/wp\/v2\/comments?post=80784"}],"version-history":[{"count":1,"href":"https:\/\/luchonoticias.com\/editor\/wp-json\/wp\/v2\/posts\/80784\/revisions"}],"predecessor-version":[{"id":80786,"href":"https:\/\/luchonoticias.com\/editor\/wp-json\/wp\/v2\/posts\/80784\/revisions\/80786"}],"wp:featuredmedia":[{"embeddable":true,"href":"https:\/\/luchonoticias.com\/editor\/wp-json\/wp\/v2\/media\/80785"}],"wp:attachment":[{"href":"https:\/\/luchonoticias.com\/editor\/wp-json\/wp\/v2\/media?parent=80784"}],"wp:term":[{"taxonomy":"category","embeddable":true,"href":"https:\/\/luchonoticias.com\/editor\/wp-json\/wp\/v2\/categories?post=80784"},{"taxonomy":"post_tag","embeddable":true,"href":"https:\/\/luchonoticias.com\/editor\/wp-json\/wp\/v2\/tags?post=80784"}],"curies":[{"name":"wp","href":"https:\/\/api.w.org\/{rel}","templated":true}]}}