{"id":80787,"date":"2025-01-17T04:27:53","date_gmt":"2025-01-17T09:27:53","guid":{"rendered":"https:\/\/luchonoticias.com\/?p=80787"},"modified":"2025-01-17T04:27:54","modified_gmt":"2025-01-17T09:27:54","slug":"nuevos-codirectores-del-banco-de-la-republica","status":"publish","type":"post","link":"https:\/\/luchonoticias.com\/editor\/nuevos-codirectores-del-banco-de-la-republica\/","title":{"rendered":"Nuevos codirectores del Banco de la Rep\u00fablica"},"content":{"rendered":"\n<figure class=\"wp-block-image size-full\"><img loading=\"lazy\" decoding=\"async\" width=\"700\" height=\"400\" src=\"https:\/\/luchonoticias.com\/wp-content\/uploads\/2025\/01\/banco-de-la-republica-junta.jpg\" alt=\"\" class=\"wp-image-80788\" srcset=\"https:\/\/luchonoticias.com\/editor\/wp-content\/uploads\/2025\/01\/banco-de-la-republica-junta.jpg 700w, https:\/\/luchonoticias.com\/editor\/wp-content\/uploads\/2025\/01\/banco-de-la-republica-junta-300x171.jpg 300w\" sizes=\"auto, (max-width: 700px) 100vw, 700px\" \/><\/figure>\n\n\n\n<p>El viernes 31 de enero ser\u00e1 una fecha crucial para la pol\u00edtica monetaria en Colombia, con la primera reuni\u00f3n de la Junta Directiva del Banco de la Rep\u00fablica en 2025. Este encuentro contar\u00e1 con la participaci\u00f3n de dos nuevos codirectores: Laura Carla Mois\u00e1 y C\u00e9sar Augusto Giraldo, designados por el presidente Gustavo Petro. Mois\u00e1, economista de la Universidad Nacional y acad\u00e9mica destacada, y Giraldo, economista de los Andes con experiencia en an\u00e1lisis financiero y pol\u00edticas p\u00fablicas, se unen a la Junta en un momento de gran expectativa.<\/p>\n\n\n\n<p>La Junta Directiva del Banco de la Rep\u00fablica, compuesta por seis codirectores elegidos por la Presidencia y el ministro de Hacienda, es clave para definir la pol\u00edtica monetaria del pa\u00eds. Actualmente, sus miembros incluyen a Leonardo Villar, Bibiana Taboada, Jaime Jaramillo-Vallejo, Mauricio Villamizar, Roberto Steiner, Olga Luc\u00eda Acosta y el ministro Diego Guevara. Por ley, el presidente puede remover discrecionalmente a dos codirectores, pero no al Gerente General, quien fue ratificado en 2024.<\/p>\n\n\n\n<p>Una de las principales expectativas para esta reuni\u00f3n es la decisi\u00f3n sobre las tasas de inter\u00e9s, un tema que ha generado debate entre el Banco y el Gobierno. Aunque el Emisor es aut\u00f3nomo, el Ejecutivo ha solicitado en repetidas ocasiones una reducci\u00f3n de las tasas para reactivar la econom\u00eda. Actualmente en 9,5 %, la meta del Gobierno es que cierren 2025 en alrededor del 6 %.<\/p>\n\n\n\n<p>La reuni\u00f3n del 31 de enero marcar\u00e1 el inicio de las decisiones clave para la pol\u00edtica monetaria en 2025, en un contexto donde el Banco de la Rep\u00fablica busca equilibrar el control de la inflaci\u00f3n y el impulso a la econom\u00eda, mientras incorpora la visi\u00f3n de sus nuevos codirectores.<\/p>\n","protected":false},"excerpt":{"rendered":"<p>El viernes 31 de enero ser\u00e1 una fecha crucial para la pol\u00edtica monetaria en Colombia, con la primera reuni\u00f3n de la Junta Directiva del Banco de la Rep\u00fablica en 2025. Este encuentro contar\u00e1 con la participaci\u00f3n de dos nuevos codirectores: Laura Carla Mois\u00e1 y C\u00e9sar Augusto Giraldo, designados por el presidente Gustavo Petro. Mois\u00e1, economista [&hellip;]<\/p>\n","protected":false},"author":2,"featured_media":80788,"comment_status":"closed","ping_status":"open","sticky":false,"template":"","format":"standard","meta":{"footnotes":""},"categories":[28,32],"tags":[],"class_list":["post-80787","post","type-post","status-publish","format-standard","has-post-thumbnail","hentry","category-actualidad","category-nacional"],"yoast_head":"<!-- This site is optimized with the Yoast SEO plugin v26.6 - https:\/\/yoast.com\/wordpress\/plugins\/seo\/ -->\n<title>Nuevos codirectores del Banco de la Rep\u00fablica -<\/title>\n<meta name=\"robots\" content=\"index, follow, max-snippet:-1, max-image-preview:large, max-video-preview:-1\" \/>\n<link rel=\"canonical\" href=\"https:\/\/luchonoticias.com\/editor\/nuevos-codirectores-del-banco-de-la-republica\/\" \/>\n<meta property=\"og:locale\" content=\"es_ES\" \/>\n<meta property=\"og:type\" content=\"article\" \/>\n<meta property=\"og:title\" content=\"Nuevos codirectores del Banco de la Rep\u00fablica -\" \/>\n<meta property=\"og:url\" content=\"https:\/\/luchonoticias.com\/editor\/nuevos-codirectores-del-banco-de-la-republica\/\" \/>\n<meta property=\"article:publisher\" content=\"https:\/\/www.facebook.com\/luchonoticiasneiva\" \/>\n<meta property=\"article:published_time\" content=\"2025-01-17T09:27:53+00:00\" \/>\n<meta property=\"article:modified_time\" content=\"2025-01-17T09:27:54+00:00\" \/>\n<meta property=\"og:image\" content=\"https:\/\/luchonoticias.com\/editor\/wp-content\/uploads\/2025\/01\/banco-de-la-republica-junta.jpg\" \/>\n\t<meta property=\"og:image:width\" content=\"700\" \/>\n\t<meta property=\"og:image:height\" content=\"400\" \/>\n\t<meta property=\"og:image:type\" content=\"image\/jpeg\" \/>\n<meta name=\"author\" content=\"Editor General\" \/>\n<meta name=\"twitter:card\" content=\"summary_large_image\" \/>\n<meta name=\"twitter:label1\" content=\"Escrito por\" \/>\n\t<meta name=\"twitter:data1\" content=\"Editor General\" \/>\n\t<meta name=\"twitter:label2\" content=\"Tiempo de lectura\" \/>\n\t<meta name=\"twitter:data2\" content=\"2 minutos\" \/>\n<script type=\"application\/ld+json\" class=\"yoast-schema-graph\">{\"@context\":\"https:\/\/schema.org\",\"@graph\":[{\"@type\":\"Article\",\"@id\":\"https:\/\/luchonoticias.com\/editor\/nuevos-codirectores-del-banco-de-la-republica\/#article\",\"isPartOf\":{\"@id\":\"https:\/\/luchonoticias.com\/editor\/nuevos-codirectores-del-banco-de-la-republica\/\"},\"author\":{\"name\":\"Editor General\",\"@id\":\"https:\/\/luchonoticias.com\/editor\/#\/schema\/person\/29217990ddf6f14e35912b2866d591fb\"},\"headline\":\"Nuevos codirectores del Banco de la Rep\u00fablica\",\"datePublished\":\"2025-01-17T09:27:53+00:00\",\"dateModified\":\"2025-01-17T09:27:54+00:00\",\"mainEntityOfPage\":{\"@id\":\"https:\/\/luchonoticias.com\/editor\/nuevos-codirectores-del-banco-de-la-republica\/\"},\"wordCount\":298,\"publisher\":{\"@id\":\"https:\/\/luchonoticias.com\/editor\/#\/schema\/person\/7a7fd911f58561fd056dbac7b55af9cd\"},\"image\":{\"@id\":\"https:\/\/luchonoticias.com\/editor\/nuevos-codirectores-del-banco-de-la-republica\/#primaryimage\"},\"thumbnailUrl\":\"https:\/\/luchonoticias.com\/editor\/wp-content\/uploads\/2025\/01\/banco-de-la-republica-junta.jpg\",\"articleSection\":[\"Actualidad\",\"Nacional\"],\"inLanguage\":\"es\"},{\"@type\":\"WebPage\",\"@id\":\"https:\/\/luchonoticias.com\/editor\/nuevos-codirectores-del-banco-de-la-republica\/\",\"url\":\"https:\/\/luchonoticias.com\/editor\/nuevos-codirectores-del-banco-de-la-republica\/\",\"name\":\"Nuevos codirectores del Banco de la Rep\u00fablica -\",\"isPartOf\":{\"@id\":\"https:\/\/luchonoticias.com\/editor\/#website\"},\"primaryImageOfPage\":{\"@id\":\"https:\/\/luchonoticias.com\/editor\/nuevos-codirectores-del-banco-de-la-republica\/#primaryimage\"},\"image\":{\"@id\":\"https:\/\/luchonoticias.com\/editor\/nuevos-codirectores-del-banco-de-la-republica\/#primaryimage\"},\"thumbnailUrl\":\"https:\/\/luchonoticias.com\/editor\/wp-content\/uploads\/2025\/01\/banco-de-la-republica-junta.jpg\",\"datePublished\":\"2025-01-17T09:27:53+00:00\",\"dateModified\":\"2025-01-17T09:27:54+00:00\",\"breadcrumb\":{\"@id\":\"https:\/\/luchonoticias.com\/editor\/nuevos-codirectores-del-banco-de-la-republica\/#breadcrumb\"},\"inLanguage\":\"es\",\"potentialAction\":[{\"@type\":\"ReadAction\",\"target\":[\"https:\/\/luchonoticias.com\/editor\/nuevos-codirectores-del-banco-de-la-republica\/\"]}]},{\"@type\":\"ImageObject\",\"inLanguage\":\"es\",\"@id\":\"https:\/\/luchonoticias.com\/editor\/nuevos-codirectores-del-banco-de-la-republica\/#primaryimage\",\"url\":\"https:\/\/luchonoticias.com\/editor\/wp-content\/uploads\/2025\/01\/banco-de-la-republica-junta.jpg\",\"contentUrl\":\"https:\/\/luchonoticias.com\/editor\/wp-content\/uploads\/2025\/01\/banco-de-la-republica-junta.jpg\",\"width\":700,\"height\":400},{\"@type\":\"BreadcrumbList\",\"@id\":\"https:\/\/luchonoticias.com\/editor\/nuevos-codirectores-del-banco-de-la-republica\/#breadcrumb\",\"itemListElement\":[{\"@type\":\"ListItem\",\"position\":1,\"name\":\"Portada\",\"item\":\"https:\/\/luchonoticias.com\/editor\/\"},{\"@type\":\"ListItem\",\"position\":2,\"name\":\"Nuevos codirectores del Banco de la Rep\u00fablica\"}]},{\"@type\":\"WebSite\",\"@id\":\"https:\/\/luchonoticias.com\/editor\/#website\",\"url\":\"https:\/\/luchonoticias.com\/editor\/\",\"name\":\"\",\"description\":\"\",\"publisher\":{\"@id\":\"https:\/\/luchonoticias.com\/editor\/#\/schema\/person\/7a7fd911f58561fd056dbac7b55af9cd\"},\"potentialAction\":[{\"@type\":\"SearchAction\",\"target\":{\"@type\":\"EntryPoint\",\"urlTemplate\":\"https:\/\/luchonoticias.com\/editor\/?s={search_term_string}\"},\"query-input\":{\"@type\":\"PropertyValueSpecification\",\"valueRequired\":true,\"valueName\":\"search_term_string\"}}],\"inLanguage\":\"es\"},{\"@type\":[\"Person\",\"Organization\"],\"@id\":\"https:\/\/luchonoticias.com\/editor\/#\/schema\/person\/7a7fd911f58561fd056dbac7b55af9cd\",\"name\":\"admin\",\"image\":{\"@type\":\"ImageObject\",\"inLanguage\":\"es\",\"@id\":\"https:\/\/luchonoticias.com\/editor\/#\/schema\/person\/image\/\",\"url\":\"https:\/\/luchonoticias.com\/editor\/wp-content\/uploads\/2024\/02\/cropped-cropped-logolu.webp\",\"contentUrl\":\"https:\/\/luchonoticias.com\/editor\/wp-content\/uploads\/2024\/02\/cropped-cropped-logolu.webp\",\"width\":382,\"height\":170,\"caption\":\"admin\"},\"logo\":{\"@id\":\"https:\/\/luchonoticias.com\/editor\/#\/schema\/person\/image\/\"},\"sameAs\":[\"https:\/\/www.facebook.com\/luchonoticiasneiva\"]},{\"@type\":\"Person\",\"@id\":\"https:\/\/luchonoticias.com\/editor\/#\/schema\/person\/29217990ddf6f14e35912b2866d591fb\",\"name\":\"Editor General\",\"image\":{\"@type\":\"ImageObject\",\"inLanguage\":\"es\",\"@id\":\"https:\/\/luchonoticias.com\/editor\/#\/schema\/person\/image\/\",\"url\":\"https:\/\/luchonoticias.com\/editor\/wp-content\/uploads\/2024\/02\/cropped-cropped-logolu-150x150.webp\",\"contentUrl\":\"https:\/\/luchonoticias.com\/editor\/wp-content\/uploads\/2024\/02\/cropped-cropped-logolu-150x150.webp\",\"caption\":\"Editor General\"},\"sameAs\":[\"https:\/\/luchonoticias.com\/\"],\"url\":\"https:\/\/luchonoticias.com\/editor\/author\/editor-general\/\"}]}<\/script>\n<!-- \/ Yoast SEO plugin. -->","yoast_head_json":{"title":"Nuevos codirectores del Banco de la Rep\u00fablica -","robots":{"index":"index","follow":"follow","max-snippet":"max-snippet:-1","max-image-preview":"max-image-preview:large","max-video-preview":"max-video-preview:-1"},"canonical":"https:\/\/luchonoticias.com\/editor\/nuevos-codirectores-del-banco-de-la-republica\/","og_locale":"es_ES","og_type":"article","og_title":"Nuevos codirectores del Banco de la Rep\u00fablica -","og_url":"https:\/\/luchonoticias.com\/editor\/nuevos-codirectores-del-banco-de-la-republica\/","article_publisher":"https:\/\/www.facebook.com\/luchonoticiasneiva","article_published_time":"2025-01-17T09:27:53+00:00","article_modified_time":"2025-01-17T09:27:54+00:00","og_image":[{"width":700,"height":400,"url":"https:\/\/luchonoticias.com\/editor\/wp-content\/uploads\/2025\/01\/banco-de-la-republica-junta.jpg","type":"image\/jpeg"}],"author":"Editor General","twitter_card":"summary_large_image","twitter_misc":{"Escrito por":"Editor General","Tiempo de lectura":"2 minutos"},"schema":{"@context":"https:\/\/schema.org","@graph":[{"@type":"Article","@id":"https:\/\/luchonoticias.com\/editor\/nuevos-codirectores-del-banco-de-la-republica\/#article","isPartOf":{"@id":"https:\/\/luchonoticias.com\/editor\/nuevos-codirectores-del-banco-de-la-republica\/"},"author":{"name":"Editor General","@id":"https:\/\/luchonoticias.com\/editor\/#\/schema\/person\/29217990ddf6f14e35912b2866d591fb"},"headline":"Nuevos codirectores del Banco de la Rep\u00fablica","datePublished":"2025-01-17T09:27:53+00:00","dateModified":"2025-01-17T09:27:54+00:00","mainEntityOfPage":{"@id":"https:\/\/luchonoticias.com\/editor\/nuevos-codirectores-del-banco-de-la-republica\/"},"wordCount":298,"publisher":{"@id":"https:\/\/luchonoticias.com\/editor\/#\/schema\/person\/7a7fd911f58561fd056dbac7b55af9cd"},"image":{"@id":"https:\/\/luchonoticias.com\/editor\/nuevos-codirectores-del-banco-de-la-republica\/#primaryimage"},"thumbnailUrl":"https:\/\/luchonoticias.com\/editor\/wp-content\/uploads\/2025\/01\/banco-de-la-republica-junta.jpg","articleSection":["Actualidad","Nacional"],"inLanguage":"es"},{"@type":"WebPage","@id":"https:\/\/luchonoticias.com\/editor\/nuevos-codirectores-del-banco-de-la-republica\/","url":"https:\/\/luchonoticias.com\/editor\/nuevos-codirectores-del-banco-de-la-republica\/","name":"Nuevos codirectores del Banco de la Rep\u00fablica -","isPartOf":{"@id":"https:\/\/luchonoticias.com\/editor\/#website"},"primaryImageOfPage":{"@id":"https:\/\/luchonoticias.com\/editor\/nuevos-codirectores-del-banco-de-la-republica\/#primaryimage"},"image":{"@id":"https:\/\/luchonoticias.com\/editor\/nuevos-codirectores-del-banco-de-la-republica\/#primaryimage"},"thumbnailUrl":"https:\/\/luchonoticias.com\/editor\/wp-content\/uploads\/2025\/01\/banco-de-la-republica-junta.jpg","datePublished":"2025-01-17T09:27:53+00:00","dateModified":"2025-01-17T09:27:54+00:00","breadcrumb":{"@id":"https:\/\/luchonoticias.com\/editor\/nuevos-codirectores-del-banco-de-la-republica\/#breadcrumb"},"inLanguage":"es","potentialAction":[{"@type":"ReadAction","target":["https:\/\/luchonoticias.com\/editor\/nuevos-codirectores-del-banco-de-la-republica\/"]}]},{"@type":"ImageObject","inLanguage":"es","@id":"https:\/\/luchonoticias.com\/editor\/nuevos-codirectores-del-banco-de-la-republica\/#primaryimage","url":"https:\/\/luchonoticias.com\/editor\/wp-content\/uploads\/2025\/01\/banco-de-la-republica-junta.jpg","contentUrl":"https:\/\/luchonoticias.com\/editor\/wp-content\/uploads\/2025\/01\/banco-de-la-republica-junta.jpg","width":700,"height":400},{"@type":"BreadcrumbList","@id":"https:\/\/luchonoticias.com\/editor\/nuevos-codirectores-del-banco-de-la-republica\/#breadcrumb","itemListElement":[{"@type":"ListItem","position":1,"name":"Portada","item":"https:\/\/luchonoticias.com\/editor\/"},{"@type":"ListItem","position":2,"name":"Nuevos codirectores del Banco de la Rep\u00fablica"}]},{"@type":"WebSite","@id":"https:\/\/luchonoticias.com\/editor\/#website","url":"https:\/\/luchonoticias.com\/editor\/","name":"","description":"","publisher":{"@id":"https:\/\/luchonoticias.com\/editor\/#\/schema\/person\/7a7fd911f58561fd056dbac7b55af9cd"},"potentialAction":[{"@type":"SearchAction","target":{"@type":"EntryPoint","urlTemplate":"https:\/\/luchonoticias.com\/editor\/?s={search_term_string}"},"query-input":{"@type":"PropertyValueSpecification","valueRequired":true,"valueName":"search_term_string"}}],"inLanguage":"es"},{"@type":["Person","Organization"],"@id":"https:\/\/luchonoticias.com\/editor\/#\/schema\/person\/7a7fd911f58561fd056dbac7b55af9cd","name":"admin","image":{"@type":"ImageObject","inLanguage":"es","@id":"https:\/\/luchonoticias.com\/editor\/#\/schema\/person\/image\/","url":"https:\/\/luchonoticias.com\/editor\/wp-content\/uploads\/2024\/02\/cropped-cropped-logolu.webp","contentUrl":"https:\/\/luchonoticias.com\/editor\/wp-content\/uploads\/2024\/02\/cropped-cropped-logolu.webp","width":382,"height":170,"caption":"admin"},"logo":{"@id":"https:\/\/luchonoticias.com\/editor\/#\/schema\/person\/image\/"},"sameAs":["https:\/\/www.facebook.com\/luchonoticiasneiva"]},{"@type":"Person","@id":"https:\/\/luchonoticias.com\/editor\/#\/schema\/person\/29217990ddf6f14e35912b2866d591fb","name":"Editor General","image":{"@type":"ImageObject","inLanguage":"es","@id":"https:\/\/luchonoticias.com\/editor\/#\/schema\/person\/image\/","url":"https:\/\/luchonoticias.com\/editor\/wp-content\/uploads\/2024\/02\/cropped-cropped-logolu-150x150.webp","contentUrl":"https:\/\/luchonoticias.com\/editor\/wp-content\/uploads\/2024\/02\/cropped-cropped-logolu-150x150.webp","caption":"Editor General"},"sameAs":["https:\/\/luchonoticias.com\/"],"url":"https:\/\/luchonoticias.com\/editor\/author\/editor-general\/"}]}},"_links":{"self":[{"href":"https:\/\/luchonoticias.com\/editor\/wp-json\/wp\/v2\/posts\/80787","targetHints":{"allow":["GET"]}}],"collection":[{"href":"https:\/\/luchonoticias.com\/editor\/wp-json\/wp\/v2\/posts"}],"about":[{"href":"https:\/\/luchonoticias.com\/editor\/wp-json\/wp\/v2\/types\/post"}],"author":[{"embeddable":true,"href":"https:\/\/luchonoticias.com\/editor\/wp-json\/wp\/v2\/users\/2"}],"replies":[{"embeddable":true,"href":"https:\/\/luchonoticias.com\/editor\/wp-json\/wp\/v2\/comments?post=80787"}],"version-history":[{"count":1,"href":"https:\/\/luchonoticias.com\/editor\/wp-json\/wp\/v2\/posts\/80787\/revisions"}],"predecessor-version":[{"id":80789,"href":"https:\/\/luchonoticias.com\/editor\/wp-json\/wp\/v2\/posts\/80787\/revisions\/80789"}],"wp:featuredmedia":[{"embeddable":true,"href":"https:\/\/luchonoticias.com\/editor\/wp-json\/wp\/v2\/media\/80788"}],"wp:attachment":[{"href":"https:\/\/luchonoticias.com\/editor\/wp-json\/wp\/v2\/media?parent=80787"}],"wp:term":[{"taxonomy":"category","embeddable":true,"href":"https:\/\/luchonoticias.com\/editor\/wp-json\/wp\/v2\/categories?post=80787"},{"taxonomy":"post_tag","embeddable":true,"href":"https:\/\/luchonoticias.com\/editor\/wp-json\/wp\/v2\/tags?post=80787"}],"curies":[{"name":"wp","href":"https:\/\/api.w.org\/{rel}","templated":true}]}}