{"id":80837,"date":"2025-01-19T04:13:49","date_gmt":"2025-01-19T09:13:49","guid":{"rendered":"https:\/\/luchonoticias.com\/?p=80837"},"modified":"2025-01-19T04:13:50","modified_gmt":"2025-01-19T09:13:50","slug":"supervision-de-colegio-en-santa-maria","status":"publish","type":"post","link":"https:\/\/luchonoticias.com\/editor\/supervision-de-colegio-en-santa-maria\/","title":{"rendered":"Supervisi\u00f3n de colegio en Santa Mar\u00eda"},"content":{"rendered":"\n<figure class=\"wp-block-image size-full\"><img loading=\"lazy\" decoding=\"async\" width=\"700\" height=\"400\" src=\"https:\/\/luchonoticias.com\/wp-content\/uploads\/2025\/01\/colegio-santa-maria-2.jpg\" alt=\"\" class=\"wp-image-80838\" srcset=\"https:\/\/luchonoticias.com\/editor\/wp-content\/uploads\/2025\/01\/colegio-santa-maria-2.jpg 700w, https:\/\/luchonoticias.com\/editor\/wp-content\/uploads\/2025\/01\/colegio-santa-maria-2-300x171.jpg 300w\" sizes=\"auto, (max-width: 700px) 100vw, 700px\" \/><\/figure>\n\n\n\n<p>El secretario de Gobierno, Seguridad y Asuntos Comunitarios del Huila, Juan Carlos Casallas, visit\u00f3 la vereda Las Juntas en Santa Mar\u00eda para inspeccionar el avance de la construcci\u00f3n de una infraestructura educativa. La visita, en cumplimiento de las directrices del gobernador Rodrigo Villalba Mosquera, cont\u00f3 con la participaci\u00f3n de la alcaldesa Viancy Carolina Garc\u00eda, representantes del contratista, interventor\u00eda, concejales y miembros de la comunidad.<\/p>\n\n\n\n<p>Durante el recorrido, se establecieron compromisos como la solicitud de un cronograma actualizado al contratista para definir la fecha de finalizaci\u00f3n del proyecto. Adem\u00e1s, se realizar\u00e1n evaluaciones t\u00e9cnicas, jur\u00eddicas y presupuestales para garantizar su culminaci\u00f3n. \u201cReiteramos el compromiso del se\u00f1or gobernador con este proyecto clave para el desarrollo educativo de Santa Mar\u00eda\u201d, expres\u00f3 Casallas.<\/p>\n\n\n\n<p>La gobernaci\u00f3n tambi\u00e9n anunci\u00f3 medidas de seguridad, como la instalaci\u00f3n de c\u00e1maras de vigilancia comunitaria que ser\u00e1n inauguradas pr\u00f3ximamente. Estas acciones buscan fortalecer la seguridad y recuperar espacios en coordinaci\u00f3n con el gobierno municipal, promoviendo un entorno seguro para las comunidades.<\/p>\n\n\n\n<p>La alcaldesa Garc\u00eda destac\u00f3 la importancia de esta obra prioritaria, que beneficiar\u00e1 a m\u00e1s de 300 ni\u00f1os con educaci\u00f3n de calidad. \u201cCon la disposici\u00f3n de ustedes, se har\u00e1 el an\u00e1lisis para que esta obra sea terminada\u201d, se\u00f1al\u00f3, subrayando el impacto positivo que tendr\u00e1 en el desarrollo educativo de Santa Mar\u00eda.<\/p>\n\n\n\n<p><\/p>\n","protected":false},"excerpt":{"rendered":"<p>El secretario de Gobierno, Seguridad y Asuntos Comunitarios del Huila, Juan Carlos Casallas, visit\u00f3 la vereda Las Juntas en Santa Mar\u00eda para inspeccionar el avance de la construcci\u00f3n de una infraestructura educativa. La visita, en cumplimiento de las directrices del gobernador Rodrigo Villalba Mosquera, cont\u00f3 con la participaci\u00f3n de la alcaldesa Viancy Carolina Garc\u00eda, representantes [&hellip;]<\/p>\n","protected":false},"author":2,"featured_media":80838,"comment_status":"closed","ping_status":"open","sticky":false,"template":"","format":"standard","meta":{"footnotes":""},"categories":[33],"tags":[],"class_list":["post-80837","post","type-post","status-publish","format-standard","has-post-thumbnail","hentry","category-huila"],"yoast_head":"<!-- This site is optimized with the Yoast SEO plugin v26.6 - https:\/\/yoast.com\/wordpress\/plugins\/seo\/ -->\n<title>Supervisi\u00f3n de colegio en Santa Mar\u00eda -<\/title>\n<meta name=\"robots\" content=\"index, follow, max-snippet:-1, max-image-preview:large, max-video-preview:-1\" \/>\n<link rel=\"canonical\" href=\"https:\/\/luchonoticias.com\/editor\/supervision-de-colegio-en-santa-maria\/\" \/>\n<meta property=\"og:locale\" content=\"es_ES\" \/>\n<meta property=\"og:type\" content=\"article\" \/>\n<meta property=\"og:title\" content=\"Supervisi\u00f3n de colegio en Santa Mar\u00eda -\" \/>\n<meta property=\"og:url\" content=\"https:\/\/luchonoticias.com\/editor\/supervision-de-colegio-en-santa-maria\/\" \/>\n<meta property=\"article:publisher\" content=\"https:\/\/www.facebook.com\/luchonoticiasneiva\" \/>\n<meta property=\"article:published_time\" content=\"2025-01-19T09:13:49+00:00\" \/>\n<meta property=\"article:modified_time\" content=\"2025-01-19T09:13:50+00:00\" \/>\n<meta property=\"og:image\" content=\"https:\/\/luchonoticias.com\/editor\/wp-content\/uploads\/2025\/01\/colegio-santa-maria-2.jpg\" \/>\n\t<meta property=\"og:image:width\" content=\"700\" \/>\n\t<meta property=\"og:image:height\" content=\"400\" \/>\n\t<meta property=\"og:image:type\" content=\"image\/jpeg\" \/>\n<meta name=\"author\" content=\"Editor General\" \/>\n<meta name=\"twitter:card\" content=\"summary_large_image\" \/>\n<meta name=\"twitter:label1\" content=\"Escrito por\" \/>\n\t<meta name=\"twitter:data1\" content=\"Editor General\" \/>\n\t<meta name=\"twitter:label2\" content=\"Tiempo de lectura\" \/>\n\t<meta name=\"twitter:data2\" content=\"2 minutos\" \/>\n<script type=\"application\/ld+json\" class=\"yoast-schema-graph\">{\"@context\":\"https:\/\/schema.org\",\"@graph\":[{\"@type\":\"Article\",\"@id\":\"https:\/\/luchonoticias.com\/editor\/supervision-de-colegio-en-santa-maria\/#article\",\"isPartOf\":{\"@id\":\"https:\/\/luchonoticias.com\/editor\/supervision-de-colegio-en-santa-maria\/\"},\"author\":{\"name\":\"Editor General\",\"@id\":\"https:\/\/luchonoticias.com\/editor\/#\/schema\/person\/29217990ddf6f14e35912b2866d591fb\"},\"headline\":\"Supervisi\u00f3n de colegio en Santa Mar\u00eda\",\"datePublished\":\"2025-01-19T09:13:49+00:00\",\"dateModified\":\"2025-01-19T09:13:50+00:00\",\"mainEntityOfPage\":{\"@id\":\"https:\/\/luchonoticias.com\/editor\/supervision-de-colegio-en-santa-maria\/\"},\"wordCount\":244,\"publisher\":{\"@id\":\"https:\/\/luchonoticias.com\/editor\/#\/schema\/person\/7a7fd911f58561fd056dbac7b55af9cd\"},\"image\":{\"@id\":\"https:\/\/luchonoticias.com\/editor\/supervision-de-colegio-en-santa-maria\/#primaryimage\"},\"thumbnailUrl\":\"https:\/\/luchonoticias.com\/editor\/wp-content\/uploads\/2025\/01\/colegio-santa-maria-2.jpg\",\"articleSection\":[\"Huila\"],\"inLanguage\":\"es\"},{\"@type\":\"WebPage\",\"@id\":\"https:\/\/luchonoticias.com\/editor\/supervision-de-colegio-en-santa-maria\/\",\"url\":\"https:\/\/luchonoticias.com\/editor\/supervision-de-colegio-en-santa-maria\/\",\"name\":\"Supervisi\u00f3n de colegio en Santa Mar\u00eda -\",\"isPartOf\":{\"@id\":\"https:\/\/luchonoticias.com\/editor\/#website\"},\"primaryImageOfPage\":{\"@id\":\"https:\/\/luchonoticias.com\/editor\/supervision-de-colegio-en-santa-maria\/#primaryimage\"},\"image\":{\"@id\":\"https:\/\/luchonoticias.com\/editor\/supervision-de-colegio-en-santa-maria\/#primaryimage\"},\"thumbnailUrl\":\"https:\/\/luchonoticias.com\/editor\/wp-content\/uploads\/2025\/01\/colegio-santa-maria-2.jpg\",\"datePublished\":\"2025-01-19T09:13:49+00:00\",\"dateModified\":\"2025-01-19T09:13:50+00:00\",\"breadcrumb\":{\"@id\":\"https:\/\/luchonoticias.com\/editor\/supervision-de-colegio-en-santa-maria\/#breadcrumb\"},\"inLanguage\":\"es\",\"potentialAction\":[{\"@type\":\"ReadAction\",\"target\":[\"https:\/\/luchonoticias.com\/editor\/supervision-de-colegio-en-santa-maria\/\"]}]},{\"@type\":\"ImageObject\",\"inLanguage\":\"es\",\"@id\":\"https:\/\/luchonoticias.com\/editor\/supervision-de-colegio-en-santa-maria\/#primaryimage\",\"url\":\"https:\/\/luchonoticias.com\/editor\/wp-content\/uploads\/2025\/01\/colegio-santa-maria-2.jpg\",\"contentUrl\":\"https:\/\/luchonoticias.com\/editor\/wp-content\/uploads\/2025\/01\/colegio-santa-maria-2.jpg\",\"width\":700,\"height\":400},{\"@type\":\"BreadcrumbList\",\"@id\":\"https:\/\/luchonoticias.com\/editor\/supervision-de-colegio-en-santa-maria\/#breadcrumb\",\"itemListElement\":[{\"@type\":\"ListItem\",\"position\":1,\"name\":\"Portada\",\"item\":\"https:\/\/luchonoticias.com\/editor\/\"},{\"@type\":\"ListItem\",\"position\":2,\"name\":\"Supervisi\u00f3n de colegio en Santa Mar\u00eda\"}]},{\"@type\":\"WebSite\",\"@id\":\"https:\/\/luchonoticias.com\/editor\/#website\",\"url\":\"https:\/\/luchonoticias.com\/editor\/\",\"name\":\"\",\"description\":\"\",\"publisher\":{\"@id\":\"https:\/\/luchonoticias.com\/editor\/#\/schema\/person\/7a7fd911f58561fd056dbac7b55af9cd\"},\"potentialAction\":[{\"@type\":\"SearchAction\",\"target\":{\"@type\":\"EntryPoint\",\"urlTemplate\":\"https:\/\/luchonoticias.com\/editor\/?s={search_term_string}\"},\"query-input\":{\"@type\":\"PropertyValueSpecification\",\"valueRequired\":true,\"valueName\":\"search_term_string\"}}],\"inLanguage\":\"es\"},{\"@type\":[\"Person\",\"Organization\"],\"@id\":\"https:\/\/luchonoticias.com\/editor\/#\/schema\/person\/7a7fd911f58561fd056dbac7b55af9cd\",\"name\":\"admin\",\"image\":{\"@type\":\"ImageObject\",\"inLanguage\":\"es\",\"@id\":\"https:\/\/luchonoticias.com\/editor\/#\/schema\/person\/image\/\",\"url\":\"https:\/\/luchonoticias.com\/editor\/wp-content\/uploads\/2024\/02\/cropped-cropped-logolu.webp\",\"contentUrl\":\"https:\/\/luchonoticias.com\/editor\/wp-content\/uploads\/2024\/02\/cropped-cropped-logolu.webp\",\"width\":382,\"height\":170,\"caption\":\"admin\"},\"logo\":{\"@id\":\"https:\/\/luchonoticias.com\/editor\/#\/schema\/person\/image\/\"},\"sameAs\":[\"https:\/\/www.facebook.com\/luchonoticiasneiva\"]},{\"@type\":\"Person\",\"@id\":\"https:\/\/luchonoticias.com\/editor\/#\/schema\/person\/29217990ddf6f14e35912b2866d591fb\",\"name\":\"Editor General\",\"image\":{\"@type\":\"ImageObject\",\"inLanguage\":\"es\",\"@id\":\"https:\/\/luchonoticias.com\/editor\/#\/schema\/person\/image\/\",\"url\":\"https:\/\/luchonoticias.com\/editor\/wp-content\/uploads\/2024\/02\/cropped-cropped-logolu-150x150.webp\",\"contentUrl\":\"https:\/\/luchonoticias.com\/editor\/wp-content\/uploads\/2024\/02\/cropped-cropped-logolu-150x150.webp\",\"caption\":\"Editor General\"},\"sameAs\":[\"https:\/\/luchonoticias.com\/\"],\"url\":\"https:\/\/luchonoticias.com\/editor\/author\/editor-general\/\"}]}<\/script>\n<!-- \/ Yoast SEO plugin. -->","yoast_head_json":{"title":"Supervisi\u00f3n de colegio en Santa Mar\u00eda -","robots":{"index":"index","follow":"follow","max-snippet":"max-snippet:-1","max-image-preview":"max-image-preview:large","max-video-preview":"max-video-preview:-1"},"canonical":"https:\/\/luchonoticias.com\/editor\/supervision-de-colegio-en-santa-maria\/","og_locale":"es_ES","og_type":"article","og_title":"Supervisi\u00f3n de colegio en Santa Mar\u00eda -","og_url":"https:\/\/luchonoticias.com\/editor\/supervision-de-colegio-en-santa-maria\/","article_publisher":"https:\/\/www.facebook.com\/luchonoticiasneiva","article_published_time":"2025-01-19T09:13:49+00:00","article_modified_time":"2025-01-19T09:13:50+00:00","og_image":[{"width":700,"height":400,"url":"https:\/\/luchonoticias.com\/editor\/wp-content\/uploads\/2025\/01\/colegio-santa-maria-2.jpg","type":"image\/jpeg"}],"author":"Editor General","twitter_card":"summary_large_image","twitter_misc":{"Escrito por":"Editor General","Tiempo de lectura":"2 minutos"},"schema":{"@context":"https:\/\/schema.org","@graph":[{"@type":"Article","@id":"https:\/\/luchonoticias.com\/editor\/supervision-de-colegio-en-santa-maria\/#article","isPartOf":{"@id":"https:\/\/luchonoticias.com\/editor\/supervision-de-colegio-en-santa-maria\/"},"author":{"name":"Editor General","@id":"https:\/\/luchonoticias.com\/editor\/#\/schema\/person\/29217990ddf6f14e35912b2866d591fb"},"headline":"Supervisi\u00f3n de colegio en Santa Mar\u00eda","datePublished":"2025-01-19T09:13:49+00:00","dateModified":"2025-01-19T09:13:50+00:00","mainEntityOfPage":{"@id":"https:\/\/luchonoticias.com\/editor\/supervision-de-colegio-en-santa-maria\/"},"wordCount":244,"publisher":{"@id":"https:\/\/luchonoticias.com\/editor\/#\/schema\/person\/7a7fd911f58561fd056dbac7b55af9cd"},"image":{"@id":"https:\/\/luchonoticias.com\/editor\/supervision-de-colegio-en-santa-maria\/#primaryimage"},"thumbnailUrl":"https:\/\/luchonoticias.com\/editor\/wp-content\/uploads\/2025\/01\/colegio-santa-maria-2.jpg","articleSection":["Huila"],"inLanguage":"es"},{"@type":"WebPage","@id":"https:\/\/luchonoticias.com\/editor\/supervision-de-colegio-en-santa-maria\/","url":"https:\/\/luchonoticias.com\/editor\/supervision-de-colegio-en-santa-maria\/","name":"Supervisi\u00f3n de colegio en Santa Mar\u00eda -","isPartOf":{"@id":"https:\/\/luchonoticias.com\/editor\/#website"},"primaryImageOfPage":{"@id":"https:\/\/luchonoticias.com\/editor\/supervision-de-colegio-en-santa-maria\/#primaryimage"},"image":{"@id":"https:\/\/luchonoticias.com\/editor\/supervision-de-colegio-en-santa-maria\/#primaryimage"},"thumbnailUrl":"https:\/\/luchonoticias.com\/editor\/wp-content\/uploads\/2025\/01\/colegio-santa-maria-2.jpg","datePublished":"2025-01-19T09:13:49+00:00","dateModified":"2025-01-19T09:13:50+00:00","breadcrumb":{"@id":"https:\/\/luchonoticias.com\/editor\/supervision-de-colegio-en-santa-maria\/#breadcrumb"},"inLanguage":"es","potentialAction":[{"@type":"ReadAction","target":["https:\/\/luchonoticias.com\/editor\/supervision-de-colegio-en-santa-maria\/"]}]},{"@type":"ImageObject","inLanguage":"es","@id":"https:\/\/luchonoticias.com\/editor\/supervision-de-colegio-en-santa-maria\/#primaryimage","url":"https:\/\/luchonoticias.com\/editor\/wp-content\/uploads\/2025\/01\/colegio-santa-maria-2.jpg","contentUrl":"https:\/\/luchonoticias.com\/editor\/wp-content\/uploads\/2025\/01\/colegio-santa-maria-2.jpg","width":700,"height":400},{"@type":"BreadcrumbList","@id":"https:\/\/luchonoticias.com\/editor\/supervision-de-colegio-en-santa-maria\/#breadcrumb","itemListElement":[{"@type":"ListItem","position":1,"name":"Portada","item":"https:\/\/luchonoticias.com\/editor\/"},{"@type":"ListItem","position":2,"name":"Supervisi\u00f3n de colegio en Santa Mar\u00eda"}]},{"@type":"WebSite","@id":"https:\/\/luchonoticias.com\/editor\/#website","url":"https:\/\/luchonoticias.com\/editor\/","name":"","description":"","publisher":{"@id":"https:\/\/luchonoticias.com\/editor\/#\/schema\/person\/7a7fd911f58561fd056dbac7b55af9cd"},"potentialAction":[{"@type":"SearchAction","target":{"@type":"EntryPoint","urlTemplate":"https:\/\/luchonoticias.com\/editor\/?s={search_term_string}"},"query-input":{"@type":"PropertyValueSpecification","valueRequired":true,"valueName":"search_term_string"}}],"inLanguage":"es"},{"@type":["Person","Organization"],"@id":"https:\/\/luchonoticias.com\/editor\/#\/schema\/person\/7a7fd911f58561fd056dbac7b55af9cd","name":"admin","image":{"@type":"ImageObject","inLanguage":"es","@id":"https:\/\/luchonoticias.com\/editor\/#\/schema\/person\/image\/","url":"https:\/\/luchonoticias.com\/editor\/wp-content\/uploads\/2024\/02\/cropped-cropped-logolu.webp","contentUrl":"https:\/\/luchonoticias.com\/editor\/wp-content\/uploads\/2024\/02\/cropped-cropped-logolu.webp","width":382,"height":170,"caption":"admin"},"logo":{"@id":"https:\/\/luchonoticias.com\/editor\/#\/schema\/person\/image\/"},"sameAs":["https:\/\/www.facebook.com\/luchonoticiasneiva"]},{"@type":"Person","@id":"https:\/\/luchonoticias.com\/editor\/#\/schema\/person\/29217990ddf6f14e35912b2866d591fb","name":"Editor General","image":{"@type":"ImageObject","inLanguage":"es","@id":"https:\/\/luchonoticias.com\/editor\/#\/schema\/person\/image\/","url":"https:\/\/luchonoticias.com\/editor\/wp-content\/uploads\/2024\/02\/cropped-cropped-logolu-150x150.webp","contentUrl":"https:\/\/luchonoticias.com\/editor\/wp-content\/uploads\/2024\/02\/cropped-cropped-logolu-150x150.webp","caption":"Editor General"},"sameAs":["https:\/\/luchonoticias.com\/"],"url":"https:\/\/luchonoticias.com\/editor\/author\/editor-general\/"}]}},"_links":{"self":[{"href":"https:\/\/luchonoticias.com\/editor\/wp-json\/wp\/v2\/posts\/80837","targetHints":{"allow":["GET"]}}],"collection":[{"href":"https:\/\/luchonoticias.com\/editor\/wp-json\/wp\/v2\/posts"}],"about":[{"href":"https:\/\/luchonoticias.com\/editor\/wp-json\/wp\/v2\/types\/post"}],"author":[{"embeddable":true,"href":"https:\/\/luchonoticias.com\/editor\/wp-json\/wp\/v2\/users\/2"}],"replies":[{"embeddable":true,"href":"https:\/\/luchonoticias.com\/editor\/wp-json\/wp\/v2\/comments?post=80837"}],"version-history":[{"count":1,"href":"https:\/\/luchonoticias.com\/editor\/wp-json\/wp\/v2\/posts\/80837\/revisions"}],"predecessor-version":[{"id":80839,"href":"https:\/\/luchonoticias.com\/editor\/wp-json\/wp\/v2\/posts\/80837\/revisions\/80839"}],"wp:featuredmedia":[{"embeddable":true,"href":"https:\/\/luchonoticias.com\/editor\/wp-json\/wp\/v2\/media\/80838"}],"wp:attachment":[{"href":"https:\/\/luchonoticias.com\/editor\/wp-json\/wp\/v2\/media?parent=80837"}],"wp:term":[{"taxonomy":"category","embeddable":true,"href":"https:\/\/luchonoticias.com\/editor\/wp-json\/wp\/v2\/categories?post=80837"},{"taxonomy":"post_tag","embeddable":true,"href":"https:\/\/luchonoticias.com\/editor\/wp-json\/wp\/v2\/tags?post=80837"}],"curies":[{"name":"wp","href":"https:\/\/api.w.org\/{rel}","templated":true}]}}