{"id":80840,"date":"2025-01-19T04:21:14","date_gmt":"2025-01-19T09:21:14","guid":{"rendered":"https:\/\/luchonoticias.com\/?p=80840"},"modified":"2025-01-19T04:21:15","modified_gmt":"2025-01-19T09:21:15","slug":"apoyo-turco-para-ayuda-humanitaria-en-la-guajira","status":"publish","type":"post","link":"https:\/\/luchonoticias.com\/editor\/apoyo-turco-para-ayuda-humanitaria-en-la-guajira\/","title":{"rendered":"Apoyo turco para ayuda humanitaria en La Guajira"},"content":{"rendered":"\n<figure class=\"wp-block-image size-full\"><img loading=\"lazy\" decoding=\"async\" width=\"700\" height=\"400\" src=\"https:\/\/luchonoticias.com\/wp-content\/uploads\/2025\/01\/ayuda-humanitaria.jpg\" alt=\"\" class=\"wp-image-80841\" srcset=\"https:\/\/luchonoticias.com\/editor\/wp-content\/uploads\/2025\/01\/ayuda-humanitaria.jpg 700w, https:\/\/luchonoticias.com\/editor\/wp-content\/uploads\/2025\/01\/ayuda-humanitaria-300x171.jpg 300w\" sizes=\"auto, (max-width: 700px) 100vw, 700px\" \/><\/figure>\n\n\n\n<p>M\u00e1s de 2.500 personas de comunidades ind\u00edgenas en la zona rural de Riohacha, La Guajira, est\u00e1n recibiendo asistencia humanitaria tras las intensas lluvias que afectaron la regi\u00f3n a finales de 2024. La entrega, coordinada por la Unidad Nacional para la Gesti\u00f3n del Riesgo (UNGRD), se realiza en el marco de la Declaratoria de Desastre Nacional por variabilidad clim\u00e1tica, con apoyo de la Canciller\u00eda y la Agencia Turca de Cooperaci\u00f3n y Coordinaci\u00f3n (T\u0130KA).<\/p>\n\n\n\n<p>La ayuda incluye 537 kits de alimentos no perecederos y 537 kits de productos de aseo, destinados a familias de 11 corregimientos, entre ellos Jarijinama, Chivin y Kamuchisain. Las entregas se realizan en jornadas organizadas con participaci\u00f3n de representantes del Gobierno nacional, la Embajada Turca y l\u00edderes comunitarios.<\/p>\n\n\n\n<p>Esta acci\u00f3n responde a las afectaciones en actividades econ\u00f3micas y la subsistencia de las comunidades ind\u00edgenas de la regi\u00f3n. Seg\u00fan la UNGRD, los kits fueron dise\u00f1ados para cubrir necesidades b\u00e1sicas inmediatas y fortalecer las capacidades locales frente a futuros eventos clim\u00e1ticos adversos.<\/p>\n","protected":false},"excerpt":{"rendered":"<p>M\u00e1s de 2.500 personas de comunidades ind\u00edgenas en la zona rural de Riohacha, La Guajira, est\u00e1n recibiendo asistencia humanitaria tras las intensas lluvias que afectaron la regi\u00f3n a finales de 2024. La entrega, coordinada por la Unidad Nacional para la Gesti\u00f3n del Riesgo (UNGRD), se realiza en el marco de la Declaratoria de Desastre Nacional [&hellip;]<\/p>\n","protected":false},"author":2,"featured_media":80841,"comment_status":"closed","ping_status":"open","sticky":false,"template":"","format":"standard","meta":{"footnotes":""},"categories":[1],"tags":[],"class_list":["post-80840","post","type-post","status-publish","format-standard","has-post-thumbnail","hentry","category-columnistas"],"yoast_head":"<!-- This site is optimized with the Yoast SEO plugin v26.6 - https:\/\/yoast.com\/wordpress\/plugins\/seo\/ -->\n<title>Apoyo turco para ayuda humanitaria en La Guajira -<\/title>\n<meta name=\"robots\" content=\"index, follow, max-snippet:-1, max-image-preview:large, max-video-preview:-1\" \/>\n<link rel=\"canonical\" href=\"https:\/\/luchonoticias.com\/editor\/apoyo-turco-para-ayuda-humanitaria-en-la-guajira\/\" \/>\n<meta property=\"og:locale\" content=\"es_ES\" \/>\n<meta property=\"og:type\" content=\"article\" \/>\n<meta property=\"og:title\" content=\"Apoyo turco para ayuda humanitaria en La Guajira -\" \/>\n<meta property=\"og:url\" content=\"https:\/\/luchonoticias.com\/editor\/apoyo-turco-para-ayuda-humanitaria-en-la-guajira\/\" \/>\n<meta property=\"article:publisher\" content=\"https:\/\/www.facebook.com\/luchonoticiasneiva\" \/>\n<meta property=\"article:published_time\" content=\"2025-01-19T09:21:14+00:00\" \/>\n<meta property=\"article:modified_time\" content=\"2025-01-19T09:21:15+00:00\" \/>\n<meta property=\"og:image\" content=\"https:\/\/luchonoticias.com\/editor\/wp-content\/uploads\/2025\/01\/ayuda-humanitaria.jpg\" \/>\n\t<meta property=\"og:image:width\" content=\"700\" \/>\n\t<meta property=\"og:image:height\" content=\"400\" \/>\n\t<meta property=\"og:image:type\" content=\"image\/jpeg\" \/>\n<meta name=\"author\" content=\"Editor General\" \/>\n<meta name=\"twitter:card\" content=\"summary_large_image\" \/>\n<meta name=\"twitter:label1\" content=\"Escrito por\" \/>\n\t<meta name=\"twitter:data1\" content=\"Editor General\" \/>\n\t<meta name=\"twitter:label2\" content=\"Tiempo de lectura\" \/>\n\t<meta name=\"twitter:data2\" content=\"2 minutos\" \/>\n<script type=\"application\/ld+json\" class=\"yoast-schema-graph\">{\"@context\":\"https:\/\/schema.org\",\"@graph\":[{\"@type\":\"Article\",\"@id\":\"https:\/\/luchonoticias.com\/editor\/apoyo-turco-para-ayuda-humanitaria-en-la-guajira\/#article\",\"isPartOf\":{\"@id\":\"https:\/\/luchonoticias.com\/editor\/apoyo-turco-para-ayuda-humanitaria-en-la-guajira\/\"},\"author\":{\"name\":\"Editor General\",\"@id\":\"https:\/\/luchonoticias.com\/editor\/#\/schema\/person\/29217990ddf6f14e35912b2866d591fb\"},\"headline\":\"Apoyo turco para ayuda humanitaria en La Guajira\",\"datePublished\":\"2025-01-19T09:21:14+00:00\",\"dateModified\":\"2025-01-19T09:21:15+00:00\",\"mainEntityOfPage\":{\"@id\":\"https:\/\/luchonoticias.com\/editor\/apoyo-turco-para-ayuda-humanitaria-en-la-guajira\/\"},\"wordCount\":185,\"publisher\":{\"@id\":\"https:\/\/luchonoticias.com\/editor\/#\/schema\/person\/7a7fd911f58561fd056dbac7b55af9cd\"},\"image\":{\"@id\":\"https:\/\/luchonoticias.com\/editor\/apoyo-turco-para-ayuda-humanitaria-en-la-guajira\/#primaryimage\"},\"thumbnailUrl\":\"https:\/\/luchonoticias.com\/editor\/wp-content\/uploads\/2025\/01\/ayuda-humanitaria.jpg\",\"articleSection\":[\"Columnistas\"],\"inLanguage\":\"es\"},{\"@type\":\"WebPage\",\"@id\":\"https:\/\/luchonoticias.com\/editor\/apoyo-turco-para-ayuda-humanitaria-en-la-guajira\/\",\"url\":\"https:\/\/luchonoticias.com\/editor\/apoyo-turco-para-ayuda-humanitaria-en-la-guajira\/\",\"name\":\"Apoyo turco para ayuda humanitaria en La Guajira -\",\"isPartOf\":{\"@id\":\"https:\/\/luchonoticias.com\/editor\/#website\"},\"primaryImageOfPage\":{\"@id\":\"https:\/\/luchonoticias.com\/editor\/apoyo-turco-para-ayuda-humanitaria-en-la-guajira\/#primaryimage\"},\"image\":{\"@id\":\"https:\/\/luchonoticias.com\/editor\/apoyo-turco-para-ayuda-humanitaria-en-la-guajira\/#primaryimage\"},\"thumbnailUrl\":\"https:\/\/luchonoticias.com\/editor\/wp-content\/uploads\/2025\/01\/ayuda-humanitaria.jpg\",\"datePublished\":\"2025-01-19T09:21:14+00:00\",\"dateModified\":\"2025-01-19T09:21:15+00:00\",\"breadcrumb\":{\"@id\":\"https:\/\/luchonoticias.com\/editor\/apoyo-turco-para-ayuda-humanitaria-en-la-guajira\/#breadcrumb\"},\"inLanguage\":\"es\",\"potentialAction\":[{\"@type\":\"ReadAction\",\"target\":[\"https:\/\/luchonoticias.com\/editor\/apoyo-turco-para-ayuda-humanitaria-en-la-guajira\/\"]}]},{\"@type\":\"ImageObject\",\"inLanguage\":\"es\",\"@id\":\"https:\/\/luchonoticias.com\/editor\/apoyo-turco-para-ayuda-humanitaria-en-la-guajira\/#primaryimage\",\"url\":\"https:\/\/luchonoticias.com\/editor\/wp-content\/uploads\/2025\/01\/ayuda-humanitaria.jpg\",\"contentUrl\":\"https:\/\/luchonoticias.com\/editor\/wp-content\/uploads\/2025\/01\/ayuda-humanitaria.jpg\",\"width\":700,\"height\":400},{\"@type\":\"BreadcrumbList\",\"@id\":\"https:\/\/luchonoticias.com\/editor\/apoyo-turco-para-ayuda-humanitaria-en-la-guajira\/#breadcrumb\",\"itemListElement\":[{\"@type\":\"ListItem\",\"position\":1,\"name\":\"Portada\",\"item\":\"https:\/\/luchonoticias.com\/editor\/\"},{\"@type\":\"ListItem\",\"position\":2,\"name\":\"Apoyo turco para ayuda humanitaria en La Guajira\"}]},{\"@type\":\"WebSite\",\"@id\":\"https:\/\/luchonoticias.com\/editor\/#website\",\"url\":\"https:\/\/luchonoticias.com\/editor\/\",\"name\":\"\",\"description\":\"\",\"publisher\":{\"@id\":\"https:\/\/luchonoticias.com\/editor\/#\/schema\/person\/7a7fd911f58561fd056dbac7b55af9cd\"},\"potentialAction\":[{\"@type\":\"SearchAction\",\"target\":{\"@type\":\"EntryPoint\",\"urlTemplate\":\"https:\/\/luchonoticias.com\/editor\/?s={search_term_string}\"},\"query-input\":{\"@type\":\"PropertyValueSpecification\",\"valueRequired\":true,\"valueName\":\"search_term_string\"}}],\"inLanguage\":\"es\"},{\"@type\":[\"Person\",\"Organization\"],\"@id\":\"https:\/\/luchonoticias.com\/editor\/#\/schema\/person\/7a7fd911f58561fd056dbac7b55af9cd\",\"name\":\"admin\",\"image\":{\"@type\":\"ImageObject\",\"inLanguage\":\"es\",\"@id\":\"https:\/\/luchonoticias.com\/editor\/#\/schema\/person\/image\/\",\"url\":\"https:\/\/luchonoticias.com\/editor\/wp-content\/uploads\/2024\/02\/cropped-cropped-logolu.webp\",\"contentUrl\":\"https:\/\/luchonoticias.com\/editor\/wp-content\/uploads\/2024\/02\/cropped-cropped-logolu.webp\",\"width\":382,\"height\":170,\"caption\":\"admin\"},\"logo\":{\"@id\":\"https:\/\/luchonoticias.com\/editor\/#\/schema\/person\/image\/\"},\"sameAs\":[\"https:\/\/www.facebook.com\/luchonoticiasneiva\"]},{\"@type\":\"Person\",\"@id\":\"https:\/\/luchonoticias.com\/editor\/#\/schema\/person\/29217990ddf6f14e35912b2866d591fb\",\"name\":\"Editor General\",\"image\":{\"@type\":\"ImageObject\",\"inLanguage\":\"es\",\"@id\":\"https:\/\/luchonoticias.com\/editor\/#\/schema\/person\/image\/\",\"url\":\"https:\/\/luchonoticias.com\/editor\/wp-content\/uploads\/2024\/02\/cropped-cropped-logolu-150x150.webp\",\"contentUrl\":\"https:\/\/luchonoticias.com\/editor\/wp-content\/uploads\/2024\/02\/cropped-cropped-logolu-150x150.webp\",\"caption\":\"Editor General\"},\"sameAs\":[\"https:\/\/luchonoticias.com\/\"],\"url\":\"https:\/\/luchonoticias.com\/editor\/author\/editor-general\/\"}]}<\/script>\n<!-- \/ Yoast SEO plugin. -->","yoast_head_json":{"title":"Apoyo turco para ayuda humanitaria en La Guajira -","robots":{"index":"index","follow":"follow","max-snippet":"max-snippet:-1","max-image-preview":"max-image-preview:large","max-video-preview":"max-video-preview:-1"},"canonical":"https:\/\/luchonoticias.com\/editor\/apoyo-turco-para-ayuda-humanitaria-en-la-guajira\/","og_locale":"es_ES","og_type":"article","og_title":"Apoyo turco para ayuda humanitaria en La Guajira -","og_url":"https:\/\/luchonoticias.com\/editor\/apoyo-turco-para-ayuda-humanitaria-en-la-guajira\/","article_publisher":"https:\/\/www.facebook.com\/luchonoticiasneiva","article_published_time":"2025-01-19T09:21:14+00:00","article_modified_time":"2025-01-19T09:21:15+00:00","og_image":[{"width":700,"height":400,"url":"https:\/\/luchonoticias.com\/editor\/wp-content\/uploads\/2025\/01\/ayuda-humanitaria.jpg","type":"image\/jpeg"}],"author":"Editor General","twitter_card":"summary_large_image","twitter_misc":{"Escrito por":"Editor General","Tiempo de lectura":"2 minutos"},"schema":{"@context":"https:\/\/schema.org","@graph":[{"@type":"Article","@id":"https:\/\/luchonoticias.com\/editor\/apoyo-turco-para-ayuda-humanitaria-en-la-guajira\/#article","isPartOf":{"@id":"https:\/\/luchonoticias.com\/editor\/apoyo-turco-para-ayuda-humanitaria-en-la-guajira\/"},"author":{"name":"Editor General","@id":"https:\/\/luchonoticias.com\/editor\/#\/schema\/person\/29217990ddf6f14e35912b2866d591fb"},"headline":"Apoyo turco para ayuda humanitaria en La Guajira","datePublished":"2025-01-19T09:21:14+00:00","dateModified":"2025-01-19T09:21:15+00:00","mainEntityOfPage":{"@id":"https:\/\/luchonoticias.com\/editor\/apoyo-turco-para-ayuda-humanitaria-en-la-guajira\/"},"wordCount":185,"publisher":{"@id":"https:\/\/luchonoticias.com\/editor\/#\/schema\/person\/7a7fd911f58561fd056dbac7b55af9cd"},"image":{"@id":"https:\/\/luchonoticias.com\/editor\/apoyo-turco-para-ayuda-humanitaria-en-la-guajira\/#primaryimage"},"thumbnailUrl":"https:\/\/luchonoticias.com\/editor\/wp-content\/uploads\/2025\/01\/ayuda-humanitaria.jpg","articleSection":["Columnistas"],"inLanguage":"es"},{"@type":"WebPage","@id":"https:\/\/luchonoticias.com\/editor\/apoyo-turco-para-ayuda-humanitaria-en-la-guajira\/","url":"https:\/\/luchonoticias.com\/editor\/apoyo-turco-para-ayuda-humanitaria-en-la-guajira\/","name":"Apoyo turco para ayuda humanitaria en La Guajira -","isPartOf":{"@id":"https:\/\/luchonoticias.com\/editor\/#website"},"primaryImageOfPage":{"@id":"https:\/\/luchonoticias.com\/editor\/apoyo-turco-para-ayuda-humanitaria-en-la-guajira\/#primaryimage"},"image":{"@id":"https:\/\/luchonoticias.com\/editor\/apoyo-turco-para-ayuda-humanitaria-en-la-guajira\/#primaryimage"},"thumbnailUrl":"https:\/\/luchonoticias.com\/editor\/wp-content\/uploads\/2025\/01\/ayuda-humanitaria.jpg","datePublished":"2025-01-19T09:21:14+00:00","dateModified":"2025-01-19T09:21:15+00:00","breadcrumb":{"@id":"https:\/\/luchonoticias.com\/editor\/apoyo-turco-para-ayuda-humanitaria-en-la-guajira\/#breadcrumb"},"inLanguage":"es","potentialAction":[{"@type":"ReadAction","target":["https:\/\/luchonoticias.com\/editor\/apoyo-turco-para-ayuda-humanitaria-en-la-guajira\/"]}]},{"@type":"ImageObject","inLanguage":"es","@id":"https:\/\/luchonoticias.com\/editor\/apoyo-turco-para-ayuda-humanitaria-en-la-guajira\/#primaryimage","url":"https:\/\/luchonoticias.com\/editor\/wp-content\/uploads\/2025\/01\/ayuda-humanitaria.jpg","contentUrl":"https:\/\/luchonoticias.com\/editor\/wp-content\/uploads\/2025\/01\/ayuda-humanitaria.jpg","width":700,"height":400},{"@type":"BreadcrumbList","@id":"https:\/\/luchonoticias.com\/editor\/apoyo-turco-para-ayuda-humanitaria-en-la-guajira\/#breadcrumb","itemListElement":[{"@type":"ListItem","position":1,"name":"Portada","item":"https:\/\/luchonoticias.com\/editor\/"},{"@type":"ListItem","position":2,"name":"Apoyo turco para ayuda humanitaria en La Guajira"}]},{"@type":"WebSite","@id":"https:\/\/luchonoticias.com\/editor\/#website","url":"https:\/\/luchonoticias.com\/editor\/","name":"","description":"","publisher":{"@id":"https:\/\/luchonoticias.com\/editor\/#\/schema\/person\/7a7fd911f58561fd056dbac7b55af9cd"},"potentialAction":[{"@type":"SearchAction","target":{"@type":"EntryPoint","urlTemplate":"https:\/\/luchonoticias.com\/editor\/?s={search_term_string}"},"query-input":{"@type":"PropertyValueSpecification","valueRequired":true,"valueName":"search_term_string"}}],"inLanguage":"es"},{"@type":["Person","Organization"],"@id":"https:\/\/luchonoticias.com\/editor\/#\/schema\/person\/7a7fd911f58561fd056dbac7b55af9cd","name":"admin","image":{"@type":"ImageObject","inLanguage":"es","@id":"https:\/\/luchonoticias.com\/editor\/#\/schema\/person\/image\/","url":"https:\/\/luchonoticias.com\/editor\/wp-content\/uploads\/2024\/02\/cropped-cropped-logolu.webp","contentUrl":"https:\/\/luchonoticias.com\/editor\/wp-content\/uploads\/2024\/02\/cropped-cropped-logolu.webp","width":382,"height":170,"caption":"admin"},"logo":{"@id":"https:\/\/luchonoticias.com\/editor\/#\/schema\/person\/image\/"},"sameAs":["https:\/\/www.facebook.com\/luchonoticiasneiva"]},{"@type":"Person","@id":"https:\/\/luchonoticias.com\/editor\/#\/schema\/person\/29217990ddf6f14e35912b2866d591fb","name":"Editor General","image":{"@type":"ImageObject","inLanguage":"es","@id":"https:\/\/luchonoticias.com\/editor\/#\/schema\/person\/image\/","url":"https:\/\/luchonoticias.com\/editor\/wp-content\/uploads\/2024\/02\/cropped-cropped-logolu-150x150.webp","contentUrl":"https:\/\/luchonoticias.com\/editor\/wp-content\/uploads\/2024\/02\/cropped-cropped-logolu-150x150.webp","caption":"Editor General"},"sameAs":["https:\/\/luchonoticias.com\/"],"url":"https:\/\/luchonoticias.com\/editor\/author\/editor-general\/"}]}},"_links":{"self":[{"href":"https:\/\/luchonoticias.com\/editor\/wp-json\/wp\/v2\/posts\/80840","targetHints":{"allow":["GET"]}}],"collection":[{"href":"https:\/\/luchonoticias.com\/editor\/wp-json\/wp\/v2\/posts"}],"about":[{"href":"https:\/\/luchonoticias.com\/editor\/wp-json\/wp\/v2\/types\/post"}],"author":[{"embeddable":true,"href":"https:\/\/luchonoticias.com\/editor\/wp-json\/wp\/v2\/users\/2"}],"replies":[{"embeddable":true,"href":"https:\/\/luchonoticias.com\/editor\/wp-json\/wp\/v2\/comments?post=80840"}],"version-history":[{"count":1,"href":"https:\/\/luchonoticias.com\/editor\/wp-json\/wp\/v2\/posts\/80840\/revisions"}],"predecessor-version":[{"id":80842,"href":"https:\/\/luchonoticias.com\/editor\/wp-json\/wp\/v2\/posts\/80840\/revisions\/80842"}],"wp:featuredmedia":[{"embeddable":true,"href":"https:\/\/luchonoticias.com\/editor\/wp-json\/wp\/v2\/media\/80841"}],"wp:attachment":[{"href":"https:\/\/luchonoticias.com\/editor\/wp-json\/wp\/v2\/media?parent=80840"}],"wp:term":[{"taxonomy":"category","embeddable":true,"href":"https:\/\/luchonoticias.com\/editor\/wp-json\/wp\/v2\/categories?post=80840"},{"taxonomy":"post_tag","embeddable":true,"href":"https:\/\/luchonoticias.com\/editor\/wp-json\/wp\/v2\/tags?post=80840"}],"curies":[{"name":"wp","href":"https:\/\/api.w.org\/{rel}","templated":true}]}}