{"id":80843,"date":"2025-01-19T04:30:57","date_gmt":"2025-01-19T09:30:57","guid":{"rendered":"https:\/\/luchonoticias.com\/?p=80843"},"modified":"2025-01-19T04:30:58","modified_gmt":"2025-01-19T09:30:58","slug":"cobertura-casi-total-en-colombia-contra-la-fiebre-aftosa","status":"publish","type":"post","link":"https:\/\/luchonoticias.com\/editor\/cobertura-casi-total-en-colombia-contra-la-fiebre-aftosa\/","title":{"rendered":"Cobertura casi total en Colombia contra la fiebre aftosa"},"content":{"rendered":"\n<figure class=\"wp-block-image size-full\"><img loading=\"lazy\" decoding=\"async\" width=\"700\" height=\"400\" src=\"https:\/\/luchonoticias.com\/wp-content\/uploads\/2024\/12\/aftosa.jpg\" alt=\"\" class=\"wp-image-80086\" srcset=\"https:\/\/luchonoticias.com\/editor\/wp-content\/uploads\/2024\/12\/aftosa.jpg 700w, https:\/\/luchonoticias.com\/editor\/wp-content\/uploads\/2024\/12\/aftosa-300x171.jpg 300w\" sizes=\"auto, (max-width: 700px) 100vw, 700px\" \/><\/figure>\n\n\n\n<p>El segundo ciclo de vacunaci\u00f3n contra fiebre aftosa y brucelosis bovina de 2024 logr\u00f3 inmunizar al 99% del hato bovino y bufalino en Colombia, alcanzando un r\u00e9cord hist\u00f3rico con 29,7 millones de animales protegidos. La campa\u00f1a, desarrollada entre octubre y diciembre, tambi\u00e9n alcanz\u00f3 una cobertura del 98,4% en predios, consolidando la posici\u00f3n sanitaria del pa\u00eds a nivel internacional.<\/p>\n\n\n\n<p>La gerente del ICA, Paula Andrea Cepeda, destac\u00f3 la vacunaci\u00f3n como estrategia clave para prevenir focos de fiebre aftosa, mientras que Jos\u00e9 F\u00e9lix Lafaurie, presidente de FEDEG\u00c1N, resalt\u00f3 el impacto positivo de mantener el estatus sanitario otorgado por la OMSA, crucial para el acceso a mercados internacionales.<\/p>\n\n\n\n<p>Con la participaci\u00f3n de m\u00e1s de 4.200 vacunadores y supervisi\u00f3n en 10.268 predios, el ciclo se realiz\u00f3 a pesar de condiciones clim\u00e1ticas desafiantes. Los departamentos de Arauca, Casanare y Quind\u00edo lideraron la cobertura, alcanzando el 99,9%. Este logro refuerza la bioseguridad y fortalece la confianza de los consumidores en productos c\u00e1rnicos de calidad.<\/p>\n\n\n\n<p>Adem\u00e1s, la campa\u00f1a incluy\u00f3 la inmunizaci\u00f3n contra la brucelosis bovina, protegiendo al 98,64% de las terneras entre tres y nueve meses de edad. Este esfuerzo garantiza la sostenibilidad del sector ganadero, impactando positivamente la seguridad alimentaria y las exportaciones del pa\u00eds.<\/p>\n\n\n\n<p>En 30 a\u00f1os de alianza entre FEDEG\u00c1N y el ICA, se han realizado ciclos continuos de vacunaci\u00f3n, alcanzando coberturas hist\u00f3ricas que posicionan a Colombia como l\u00edder regional en sanidad animal. Este compromiso con la salud animal asegura un futuro competitivo y pr\u00f3spero para la ganader\u00eda colombiana.<\/p>\n\n\n\n<p><\/p>\n","protected":false},"excerpt":{"rendered":"<p>El segundo ciclo de vacunaci\u00f3n contra fiebre aftosa y brucelosis bovina de 2024 logr\u00f3 inmunizar al 99% del hato bovino y bufalino en Colombia, alcanzando un r\u00e9cord hist\u00f3rico con 29,7 millones de animales protegidos. La campa\u00f1a, desarrollada entre octubre y diciembre, tambi\u00e9n alcanz\u00f3 una cobertura del 98,4% en predios, consolidando la posici\u00f3n sanitaria del pa\u00eds [&hellip;]<\/p>\n","protected":false},"author":2,"featured_media":80086,"comment_status":"closed","ping_status":"open","sticky":false,"template":"","format":"standard","meta":{"footnotes":""},"categories":[28,32],"tags":[],"class_list":["post-80843","post","type-post","status-publish","format-standard","has-post-thumbnail","hentry","category-actualidad","category-nacional"],"yoast_head":"<!-- This site is optimized with the Yoast SEO plugin v26.6 - https:\/\/yoast.com\/wordpress\/plugins\/seo\/ -->\n<title>Cobertura casi total en Colombia contra la fiebre aftosa -<\/title>\n<meta name=\"robots\" content=\"index, follow, max-snippet:-1, max-image-preview:large, max-video-preview:-1\" \/>\n<link rel=\"canonical\" href=\"https:\/\/luchonoticias.com\/editor\/cobertura-casi-total-en-colombia-contra-la-fiebre-aftosa\/\" \/>\n<meta property=\"og:locale\" content=\"es_ES\" \/>\n<meta property=\"og:type\" content=\"article\" \/>\n<meta property=\"og:title\" content=\"Cobertura casi total en Colombia contra la fiebre aftosa -\" \/>\n<meta property=\"og:url\" content=\"https:\/\/luchonoticias.com\/editor\/cobertura-casi-total-en-colombia-contra-la-fiebre-aftosa\/\" \/>\n<meta property=\"article:publisher\" content=\"https:\/\/www.facebook.com\/luchonoticiasneiva\" \/>\n<meta property=\"article:published_time\" content=\"2025-01-19T09:30:57+00:00\" \/>\n<meta property=\"article:modified_time\" content=\"2025-01-19T09:30:58+00:00\" \/>\n<meta property=\"og:image\" content=\"https:\/\/luchonoticias.com\/editor\/wp-content\/uploads\/2024\/12\/aftosa.jpg\" \/>\n\t<meta property=\"og:image:width\" content=\"700\" \/>\n\t<meta property=\"og:image:height\" content=\"400\" \/>\n\t<meta property=\"og:image:type\" content=\"image\/jpeg\" \/>\n<meta name=\"author\" content=\"Editor General\" \/>\n<meta name=\"twitter:card\" content=\"summary_large_image\" \/>\n<meta name=\"twitter:label1\" content=\"Escrito por\" \/>\n\t<meta name=\"twitter:data1\" content=\"Editor General\" \/>\n\t<meta name=\"twitter:label2\" content=\"Tiempo de lectura\" \/>\n\t<meta name=\"twitter:data2\" content=\"2 minutos\" \/>\n<script type=\"application\/ld+json\" class=\"yoast-schema-graph\">{\"@context\":\"https:\/\/schema.org\",\"@graph\":[{\"@type\":\"Article\",\"@id\":\"https:\/\/luchonoticias.com\/editor\/cobertura-casi-total-en-colombia-contra-la-fiebre-aftosa\/#article\",\"isPartOf\":{\"@id\":\"https:\/\/luchonoticias.com\/editor\/cobertura-casi-total-en-colombia-contra-la-fiebre-aftosa\/\"},\"author\":{\"name\":\"Editor General\",\"@id\":\"https:\/\/luchonoticias.com\/editor\/#\/schema\/person\/29217990ddf6f14e35912b2866d591fb\"},\"headline\":\"Cobertura casi total en Colombia contra la fiebre aftosa\",\"datePublished\":\"2025-01-19T09:30:57+00:00\",\"dateModified\":\"2025-01-19T09:30:58+00:00\",\"mainEntityOfPage\":{\"@id\":\"https:\/\/luchonoticias.com\/editor\/cobertura-casi-total-en-colombia-contra-la-fiebre-aftosa\/\"},\"wordCount\":272,\"publisher\":{\"@id\":\"https:\/\/luchonoticias.com\/editor\/#\/schema\/person\/7a7fd911f58561fd056dbac7b55af9cd\"},\"image\":{\"@id\":\"https:\/\/luchonoticias.com\/editor\/cobertura-casi-total-en-colombia-contra-la-fiebre-aftosa\/#primaryimage\"},\"thumbnailUrl\":\"https:\/\/luchonoticias.com\/editor\/wp-content\/uploads\/2024\/12\/aftosa.jpg\",\"articleSection\":[\"Actualidad\",\"Nacional\"],\"inLanguage\":\"es\"},{\"@type\":\"WebPage\",\"@id\":\"https:\/\/luchonoticias.com\/editor\/cobertura-casi-total-en-colombia-contra-la-fiebre-aftosa\/\",\"url\":\"https:\/\/luchonoticias.com\/editor\/cobertura-casi-total-en-colombia-contra-la-fiebre-aftosa\/\",\"name\":\"Cobertura casi total en Colombia contra la fiebre aftosa -\",\"isPartOf\":{\"@id\":\"https:\/\/luchonoticias.com\/editor\/#website\"},\"primaryImageOfPage\":{\"@id\":\"https:\/\/luchonoticias.com\/editor\/cobertura-casi-total-en-colombia-contra-la-fiebre-aftosa\/#primaryimage\"},\"image\":{\"@id\":\"https:\/\/luchonoticias.com\/editor\/cobertura-casi-total-en-colombia-contra-la-fiebre-aftosa\/#primaryimage\"},\"thumbnailUrl\":\"https:\/\/luchonoticias.com\/editor\/wp-content\/uploads\/2024\/12\/aftosa.jpg\",\"datePublished\":\"2025-01-19T09:30:57+00:00\",\"dateModified\":\"2025-01-19T09:30:58+00:00\",\"breadcrumb\":{\"@id\":\"https:\/\/luchonoticias.com\/editor\/cobertura-casi-total-en-colombia-contra-la-fiebre-aftosa\/#breadcrumb\"},\"inLanguage\":\"es\",\"potentialAction\":[{\"@type\":\"ReadAction\",\"target\":[\"https:\/\/luchonoticias.com\/editor\/cobertura-casi-total-en-colombia-contra-la-fiebre-aftosa\/\"]}]},{\"@type\":\"ImageObject\",\"inLanguage\":\"es\",\"@id\":\"https:\/\/luchonoticias.com\/editor\/cobertura-casi-total-en-colombia-contra-la-fiebre-aftosa\/#primaryimage\",\"url\":\"https:\/\/luchonoticias.com\/editor\/wp-content\/uploads\/2024\/12\/aftosa.jpg\",\"contentUrl\":\"https:\/\/luchonoticias.com\/editor\/wp-content\/uploads\/2024\/12\/aftosa.jpg\",\"width\":700,\"height\":400},{\"@type\":\"BreadcrumbList\",\"@id\":\"https:\/\/luchonoticias.com\/editor\/cobertura-casi-total-en-colombia-contra-la-fiebre-aftosa\/#breadcrumb\",\"itemListElement\":[{\"@type\":\"ListItem\",\"position\":1,\"name\":\"Portada\",\"item\":\"https:\/\/luchonoticias.com\/editor\/\"},{\"@type\":\"ListItem\",\"position\":2,\"name\":\"Cobertura casi total en Colombia contra la fiebre aftosa\"}]},{\"@type\":\"WebSite\",\"@id\":\"https:\/\/luchonoticias.com\/editor\/#website\",\"url\":\"https:\/\/luchonoticias.com\/editor\/\",\"name\":\"\",\"description\":\"\",\"publisher\":{\"@id\":\"https:\/\/luchonoticias.com\/editor\/#\/schema\/person\/7a7fd911f58561fd056dbac7b55af9cd\"},\"potentialAction\":[{\"@type\":\"SearchAction\",\"target\":{\"@type\":\"EntryPoint\",\"urlTemplate\":\"https:\/\/luchonoticias.com\/editor\/?s={search_term_string}\"},\"query-input\":{\"@type\":\"PropertyValueSpecification\",\"valueRequired\":true,\"valueName\":\"search_term_string\"}}],\"inLanguage\":\"es\"},{\"@type\":[\"Person\",\"Organization\"],\"@id\":\"https:\/\/luchonoticias.com\/editor\/#\/schema\/person\/7a7fd911f58561fd056dbac7b55af9cd\",\"name\":\"admin\",\"image\":{\"@type\":\"ImageObject\",\"inLanguage\":\"es\",\"@id\":\"https:\/\/luchonoticias.com\/editor\/#\/schema\/person\/image\/\",\"url\":\"https:\/\/luchonoticias.com\/editor\/wp-content\/uploads\/2024\/02\/cropped-cropped-logolu.webp\",\"contentUrl\":\"https:\/\/luchonoticias.com\/editor\/wp-content\/uploads\/2024\/02\/cropped-cropped-logolu.webp\",\"width\":382,\"height\":170,\"caption\":\"admin\"},\"logo\":{\"@id\":\"https:\/\/luchonoticias.com\/editor\/#\/schema\/person\/image\/\"},\"sameAs\":[\"https:\/\/www.facebook.com\/luchonoticiasneiva\"]},{\"@type\":\"Person\",\"@id\":\"https:\/\/luchonoticias.com\/editor\/#\/schema\/person\/29217990ddf6f14e35912b2866d591fb\",\"name\":\"Editor General\",\"image\":{\"@type\":\"ImageObject\",\"inLanguage\":\"es\",\"@id\":\"https:\/\/luchonoticias.com\/editor\/#\/schema\/person\/image\/\",\"url\":\"https:\/\/luchonoticias.com\/editor\/wp-content\/uploads\/2024\/02\/cropped-cropped-logolu-150x150.webp\",\"contentUrl\":\"https:\/\/luchonoticias.com\/editor\/wp-content\/uploads\/2024\/02\/cropped-cropped-logolu-150x150.webp\",\"caption\":\"Editor General\"},\"sameAs\":[\"https:\/\/luchonoticias.com\/\"],\"url\":\"https:\/\/luchonoticias.com\/editor\/author\/editor-general\/\"}]}<\/script>\n<!-- \/ Yoast SEO plugin. -->","yoast_head_json":{"title":"Cobertura casi total en Colombia contra la fiebre aftosa -","robots":{"index":"index","follow":"follow","max-snippet":"max-snippet:-1","max-image-preview":"max-image-preview:large","max-video-preview":"max-video-preview:-1"},"canonical":"https:\/\/luchonoticias.com\/editor\/cobertura-casi-total-en-colombia-contra-la-fiebre-aftosa\/","og_locale":"es_ES","og_type":"article","og_title":"Cobertura casi total en Colombia contra la fiebre aftosa -","og_url":"https:\/\/luchonoticias.com\/editor\/cobertura-casi-total-en-colombia-contra-la-fiebre-aftosa\/","article_publisher":"https:\/\/www.facebook.com\/luchonoticiasneiva","article_published_time":"2025-01-19T09:30:57+00:00","article_modified_time":"2025-01-19T09:30:58+00:00","og_image":[{"width":700,"height":400,"url":"https:\/\/luchonoticias.com\/editor\/wp-content\/uploads\/2024\/12\/aftosa.jpg","type":"image\/jpeg"}],"author":"Editor General","twitter_card":"summary_large_image","twitter_misc":{"Escrito por":"Editor General","Tiempo de lectura":"2 minutos"},"schema":{"@context":"https:\/\/schema.org","@graph":[{"@type":"Article","@id":"https:\/\/luchonoticias.com\/editor\/cobertura-casi-total-en-colombia-contra-la-fiebre-aftosa\/#article","isPartOf":{"@id":"https:\/\/luchonoticias.com\/editor\/cobertura-casi-total-en-colombia-contra-la-fiebre-aftosa\/"},"author":{"name":"Editor General","@id":"https:\/\/luchonoticias.com\/editor\/#\/schema\/person\/29217990ddf6f14e35912b2866d591fb"},"headline":"Cobertura casi total en Colombia contra la fiebre aftosa","datePublished":"2025-01-19T09:30:57+00:00","dateModified":"2025-01-19T09:30:58+00:00","mainEntityOfPage":{"@id":"https:\/\/luchonoticias.com\/editor\/cobertura-casi-total-en-colombia-contra-la-fiebre-aftosa\/"},"wordCount":272,"publisher":{"@id":"https:\/\/luchonoticias.com\/editor\/#\/schema\/person\/7a7fd911f58561fd056dbac7b55af9cd"},"image":{"@id":"https:\/\/luchonoticias.com\/editor\/cobertura-casi-total-en-colombia-contra-la-fiebre-aftosa\/#primaryimage"},"thumbnailUrl":"https:\/\/luchonoticias.com\/editor\/wp-content\/uploads\/2024\/12\/aftosa.jpg","articleSection":["Actualidad","Nacional"],"inLanguage":"es"},{"@type":"WebPage","@id":"https:\/\/luchonoticias.com\/editor\/cobertura-casi-total-en-colombia-contra-la-fiebre-aftosa\/","url":"https:\/\/luchonoticias.com\/editor\/cobertura-casi-total-en-colombia-contra-la-fiebre-aftosa\/","name":"Cobertura casi total en Colombia contra la fiebre aftosa -","isPartOf":{"@id":"https:\/\/luchonoticias.com\/editor\/#website"},"primaryImageOfPage":{"@id":"https:\/\/luchonoticias.com\/editor\/cobertura-casi-total-en-colombia-contra-la-fiebre-aftosa\/#primaryimage"},"image":{"@id":"https:\/\/luchonoticias.com\/editor\/cobertura-casi-total-en-colombia-contra-la-fiebre-aftosa\/#primaryimage"},"thumbnailUrl":"https:\/\/luchonoticias.com\/editor\/wp-content\/uploads\/2024\/12\/aftosa.jpg","datePublished":"2025-01-19T09:30:57+00:00","dateModified":"2025-01-19T09:30:58+00:00","breadcrumb":{"@id":"https:\/\/luchonoticias.com\/editor\/cobertura-casi-total-en-colombia-contra-la-fiebre-aftosa\/#breadcrumb"},"inLanguage":"es","potentialAction":[{"@type":"ReadAction","target":["https:\/\/luchonoticias.com\/editor\/cobertura-casi-total-en-colombia-contra-la-fiebre-aftosa\/"]}]},{"@type":"ImageObject","inLanguage":"es","@id":"https:\/\/luchonoticias.com\/editor\/cobertura-casi-total-en-colombia-contra-la-fiebre-aftosa\/#primaryimage","url":"https:\/\/luchonoticias.com\/editor\/wp-content\/uploads\/2024\/12\/aftosa.jpg","contentUrl":"https:\/\/luchonoticias.com\/editor\/wp-content\/uploads\/2024\/12\/aftosa.jpg","width":700,"height":400},{"@type":"BreadcrumbList","@id":"https:\/\/luchonoticias.com\/editor\/cobertura-casi-total-en-colombia-contra-la-fiebre-aftosa\/#breadcrumb","itemListElement":[{"@type":"ListItem","position":1,"name":"Portada","item":"https:\/\/luchonoticias.com\/editor\/"},{"@type":"ListItem","position":2,"name":"Cobertura casi total en Colombia contra la fiebre aftosa"}]},{"@type":"WebSite","@id":"https:\/\/luchonoticias.com\/editor\/#website","url":"https:\/\/luchonoticias.com\/editor\/","name":"","description":"","publisher":{"@id":"https:\/\/luchonoticias.com\/editor\/#\/schema\/person\/7a7fd911f58561fd056dbac7b55af9cd"},"potentialAction":[{"@type":"SearchAction","target":{"@type":"EntryPoint","urlTemplate":"https:\/\/luchonoticias.com\/editor\/?s={search_term_string}"},"query-input":{"@type":"PropertyValueSpecification","valueRequired":true,"valueName":"search_term_string"}}],"inLanguage":"es"},{"@type":["Person","Organization"],"@id":"https:\/\/luchonoticias.com\/editor\/#\/schema\/person\/7a7fd911f58561fd056dbac7b55af9cd","name":"admin","image":{"@type":"ImageObject","inLanguage":"es","@id":"https:\/\/luchonoticias.com\/editor\/#\/schema\/person\/image\/","url":"https:\/\/luchonoticias.com\/editor\/wp-content\/uploads\/2024\/02\/cropped-cropped-logolu.webp","contentUrl":"https:\/\/luchonoticias.com\/editor\/wp-content\/uploads\/2024\/02\/cropped-cropped-logolu.webp","width":382,"height":170,"caption":"admin"},"logo":{"@id":"https:\/\/luchonoticias.com\/editor\/#\/schema\/person\/image\/"},"sameAs":["https:\/\/www.facebook.com\/luchonoticiasneiva"]},{"@type":"Person","@id":"https:\/\/luchonoticias.com\/editor\/#\/schema\/person\/29217990ddf6f14e35912b2866d591fb","name":"Editor General","image":{"@type":"ImageObject","inLanguage":"es","@id":"https:\/\/luchonoticias.com\/editor\/#\/schema\/person\/image\/","url":"https:\/\/luchonoticias.com\/editor\/wp-content\/uploads\/2024\/02\/cropped-cropped-logolu-150x150.webp","contentUrl":"https:\/\/luchonoticias.com\/editor\/wp-content\/uploads\/2024\/02\/cropped-cropped-logolu-150x150.webp","caption":"Editor General"},"sameAs":["https:\/\/luchonoticias.com\/"],"url":"https:\/\/luchonoticias.com\/editor\/author\/editor-general\/"}]}},"_links":{"self":[{"href":"https:\/\/luchonoticias.com\/editor\/wp-json\/wp\/v2\/posts\/80843","targetHints":{"allow":["GET"]}}],"collection":[{"href":"https:\/\/luchonoticias.com\/editor\/wp-json\/wp\/v2\/posts"}],"about":[{"href":"https:\/\/luchonoticias.com\/editor\/wp-json\/wp\/v2\/types\/post"}],"author":[{"embeddable":true,"href":"https:\/\/luchonoticias.com\/editor\/wp-json\/wp\/v2\/users\/2"}],"replies":[{"embeddable":true,"href":"https:\/\/luchonoticias.com\/editor\/wp-json\/wp\/v2\/comments?post=80843"}],"version-history":[{"count":1,"href":"https:\/\/luchonoticias.com\/editor\/wp-json\/wp\/v2\/posts\/80843\/revisions"}],"predecessor-version":[{"id":80844,"href":"https:\/\/luchonoticias.com\/editor\/wp-json\/wp\/v2\/posts\/80843\/revisions\/80844"}],"wp:featuredmedia":[{"embeddable":true,"href":"https:\/\/luchonoticias.com\/editor\/wp-json\/wp\/v2\/media\/80086"}],"wp:attachment":[{"href":"https:\/\/luchonoticias.com\/editor\/wp-json\/wp\/v2\/media?parent=80843"}],"wp:term":[{"taxonomy":"category","embeddable":true,"href":"https:\/\/luchonoticias.com\/editor\/wp-json\/wp\/v2\/categories?post=80843"},{"taxonomy":"post_tag","embeddable":true,"href":"https:\/\/luchonoticias.com\/editor\/wp-json\/wp\/v2\/tags?post=80843"}],"curies":[{"name":"wp","href":"https:\/\/api.w.org\/{rel}","templated":true}]}}