{"id":80845,"date":"2025-01-19T04:36:41","date_gmt":"2025-01-19T09:36:41","guid":{"rendered":"https:\/\/luchonoticias.com\/?p=80845"},"modified":"2025-01-19T04:36:43","modified_gmt":"2025-01-19T09:36:43","slug":"james-rodriguez-debuto-en-el-futbol-mexicano","status":"publish","type":"post","link":"https:\/\/luchonoticias.com\/editor\/james-rodriguez-debuto-en-el-futbol-mexicano\/","title":{"rendered":"James Rodr\u00edguez debut\u00f3 en el f\u00fatbol mexicano"},"content":{"rendered":"\n<figure class=\"wp-block-image size-full\"><img loading=\"lazy\" decoding=\"async\" width=\"700\" height=\"400\" src=\"https:\/\/luchonoticias.com\/wp-content\/uploads\/2025\/01\/james-1.jpg\" alt=\"\" class=\"wp-image-80846\" srcset=\"https:\/\/luchonoticias.com\/editor\/wp-content\/uploads\/2025\/01\/james-1.jpg 700w, https:\/\/luchonoticias.com\/editor\/wp-content\/uploads\/2025\/01\/james-1-300x171.jpg 300w\" sizes=\"auto, (max-width: 700px) 100vw, 700px\" \/><\/figure>\n\n\n\n<p>El esperado debut de James Rodr\u00edguez en el f\u00fatbol mexicano se dio el pasado s\u00e1bado en la victoria 1:2 del Club Le\u00f3n frente al Atlas en el Estadio Jalisco.<\/p>\n\n\n\n<p>Rodr\u00edguez ingres\u00f3 al minuto 64, justo despu\u00e9s del gol de Eduardo Aguirre que puso en ventaja al equipo local.<\/p>\n\n\n\n<p>El partido comenz\u00f3 con poca acci\u00f3n en la primera mitad, donde ambos equipos mostraron cautela. Aunque Atlas tuvo t\u00edmidos intentos con Gustavo del Prete, ninguno logr\u00f3 inquietar al arco rival. Por su parte, el Le\u00f3n evidenci\u00f3 dificultades en su generaci\u00f3n de juego, reflejo de ser el primer encuentro de la temporada.<\/p>\n\n\n\n<p>El ingreso de James trajo dinamismo al Club Le\u00f3n. Poco despu\u00e9s de asumir el rol de capit\u00e1n, fue determinante para el empate. A los 78\u2019, recibi\u00f3 un pase al vac\u00edo y provoc\u00f3 un penal tras ser derribado por Camilo Vargas, cobrado exitosamente por Adonis Fr\u00edas.<\/p>\n\n\n\n<p>En el tiempo de reposici\u00f3n, el Club Le\u00f3n sell\u00f3 la remontada. Un pase largo encontr\u00f3 al venezolano Jhonder C\u00e1diz, quien desbord\u00f3 y provoc\u00f3 el autogol de V\u00edctor Hugo R\u00edos, asegurando los tres puntos para el equipo visitante en un emocionante desenlace.<\/p>\n\n\n\n<p><\/p>\n","protected":false},"excerpt":{"rendered":"<p>El esperado debut de James Rodr\u00edguez en el f\u00fatbol mexicano se dio el pasado s\u00e1bado en la victoria 1:2 del Club Le\u00f3n frente al Atlas en el Estadio Jalisco. Rodr\u00edguez ingres\u00f3 al minuto 64, justo despu\u00e9s del gol de Eduardo Aguirre que puso en ventaja al equipo local. El partido comenz\u00f3 con poca acci\u00f3n en [&hellip;]<\/p>\n","protected":false},"author":2,"featured_media":80846,"comment_status":"closed","ping_status":"open","sticky":false,"template":"","format":"standard","meta":{"footnotes":""},"categories":[34],"tags":[],"class_list":["post-80845","post","type-post","status-publish","format-standard","has-post-thumbnail","hentry","category-deportes"],"yoast_head":"<!-- This site is optimized with the Yoast SEO plugin v26.6 - https:\/\/yoast.com\/wordpress\/plugins\/seo\/ -->\n<title>James Rodr\u00edguez debut\u00f3 en el f\u00fatbol mexicano -<\/title>\n<meta name=\"robots\" content=\"index, follow, max-snippet:-1, max-image-preview:large, max-video-preview:-1\" \/>\n<link rel=\"canonical\" href=\"https:\/\/luchonoticias.com\/editor\/james-rodriguez-debuto-en-el-futbol-mexicano\/\" \/>\n<meta property=\"og:locale\" content=\"es_ES\" \/>\n<meta property=\"og:type\" content=\"article\" \/>\n<meta property=\"og:title\" content=\"James Rodr\u00edguez debut\u00f3 en el f\u00fatbol mexicano -\" \/>\n<meta property=\"og:url\" content=\"https:\/\/luchonoticias.com\/editor\/james-rodriguez-debuto-en-el-futbol-mexicano\/\" \/>\n<meta property=\"article:publisher\" content=\"https:\/\/www.facebook.com\/luchonoticiasneiva\" \/>\n<meta property=\"article:published_time\" content=\"2025-01-19T09:36:41+00:00\" \/>\n<meta property=\"article:modified_time\" content=\"2025-01-19T09:36:43+00:00\" \/>\n<meta property=\"og:image\" content=\"https:\/\/luchonoticias.com\/editor\/wp-content\/uploads\/2025\/01\/james-1.jpg\" \/>\n\t<meta property=\"og:image:width\" content=\"700\" \/>\n\t<meta property=\"og:image:height\" content=\"400\" \/>\n\t<meta property=\"og:image:type\" content=\"image\/jpeg\" \/>\n<meta name=\"author\" content=\"Editor General\" \/>\n<meta name=\"twitter:card\" content=\"summary_large_image\" \/>\n<meta name=\"twitter:label1\" content=\"Escrito por\" \/>\n\t<meta name=\"twitter:data1\" content=\"Editor General\" \/>\n\t<meta name=\"twitter:label2\" content=\"Tiempo de lectura\" \/>\n\t<meta name=\"twitter:data2\" content=\"2 minutos\" \/>\n<script type=\"application\/ld+json\" class=\"yoast-schema-graph\">{\"@context\":\"https:\/\/schema.org\",\"@graph\":[{\"@type\":\"Article\",\"@id\":\"https:\/\/luchonoticias.com\/editor\/james-rodriguez-debuto-en-el-futbol-mexicano\/#article\",\"isPartOf\":{\"@id\":\"https:\/\/luchonoticias.com\/editor\/james-rodriguez-debuto-en-el-futbol-mexicano\/\"},\"author\":{\"name\":\"Editor General\",\"@id\":\"https:\/\/luchonoticias.com\/editor\/#\/schema\/person\/29217990ddf6f14e35912b2866d591fb\"},\"headline\":\"James Rodr\u00edguez debut\u00f3 en el f\u00fatbol mexicano\",\"datePublished\":\"2025-01-19T09:36:41+00:00\",\"dateModified\":\"2025-01-19T09:36:43+00:00\",\"mainEntityOfPage\":{\"@id\":\"https:\/\/luchonoticias.com\/editor\/james-rodriguez-debuto-en-el-futbol-mexicano\/\"},\"wordCount\":211,\"publisher\":{\"@id\":\"https:\/\/luchonoticias.com\/editor\/#\/schema\/person\/7a7fd911f58561fd056dbac7b55af9cd\"},\"image\":{\"@id\":\"https:\/\/luchonoticias.com\/editor\/james-rodriguez-debuto-en-el-futbol-mexicano\/#primaryimage\"},\"thumbnailUrl\":\"https:\/\/luchonoticias.com\/editor\/wp-content\/uploads\/2025\/01\/james-1.jpg\",\"articleSection\":[\"Deportes\"],\"inLanguage\":\"es\"},{\"@type\":\"WebPage\",\"@id\":\"https:\/\/luchonoticias.com\/editor\/james-rodriguez-debuto-en-el-futbol-mexicano\/\",\"url\":\"https:\/\/luchonoticias.com\/editor\/james-rodriguez-debuto-en-el-futbol-mexicano\/\",\"name\":\"James Rodr\u00edguez debut\u00f3 en el f\u00fatbol mexicano -\",\"isPartOf\":{\"@id\":\"https:\/\/luchonoticias.com\/editor\/#website\"},\"primaryImageOfPage\":{\"@id\":\"https:\/\/luchonoticias.com\/editor\/james-rodriguez-debuto-en-el-futbol-mexicano\/#primaryimage\"},\"image\":{\"@id\":\"https:\/\/luchonoticias.com\/editor\/james-rodriguez-debuto-en-el-futbol-mexicano\/#primaryimage\"},\"thumbnailUrl\":\"https:\/\/luchonoticias.com\/editor\/wp-content\/uploads\/2025\/01\/james-1.jpg\",\"datePublished\":\"2025-01-19T09:36:41+00:00\",\"dateModified\":\"2025-01-19T09:36:43+00:00\",\"breadcrumb\":{\"@id\":\"https:\/\/luchonoticias.com\/editor\/james-rodriguez-debuto-en-el-futbol-mexicano\/#breadcrumb\"},\"inLanguage\":\"es\",\"potentialAction\":[{\"@type\":\"ReadAction\",\"target\":[\"https:\/\/luchonoticias.com\/editor\/james-rodriguez-debuto-en-el-futbol-mexicano\/\"]}]},{\"@type\":\"ImageObject\",\"inLanguage\":\"es\",\"@id\":\"https:\/\/luchonoticias.com\/editor\/james-rodriguez-debuto-en-el-futbol-mexicano\/#primaryimage\",\"url\":\"https:\/\/luchonoticias.com\/editor\/wp-content\/uploads\/2025\/01\/james-1.jpg\",\"contentUrl\":\"https:\/\/luchonoticias.com\/editor\/wp-content\/uploads\/2025\/01\/james-1.jpg\",\"width\":700,\"height\":400},{\"@type\":\"BreadcrumbList\",\"@id\":\"https:\/\/luchonoticias.com\/editor\/james-rodriguez-debuto-en-el-futbol-mexicano\/#breadcrumb\",\"itemListElement\":[{\"@type\":\"ListItem\",\"position\":1,\"name\":\"Portada\",\"item\":\"https:\/\/luchonoticias.com\/editor\/\"},{\"@type\":\"ListItem\",\"position\":2,\"name\":\"James Rodr\u00edguez debut\u00f3 en el f\u00fatbol mexicano\"}]},{\"@type\":\"WebSite\",\"@id\":\"https:\/\/luchonoticias.com\/editor\/#website\",\"url\":\"https:\/\/luchonoticias.com\/editor\/\",\"name\":\"\",\"description\":\"\",\"publisher\":{\"@id\":\"https:\/\/luchonoticias.com\/editor\/#\/schema\/person\/7a7fd911f58561fd056dbac7b55af9cd\"},\"potentialAction\":[{\"@type\":\"SearchAction\",\"target\":{\"@type\":\"EntryPoint\",\"urlTemplate\":\"https:\/\/luchonoticias.com\/editor\/?s={search_term_string}\"},\"query-input\":{\"@type\":\"PropertyValueSpecification\",\"valueRequired\":true,\"valueName\":\"search_term_string\"}}],\"inLanguage\":\"es\"},{\"@type\":[\"Person\",\"Organization\"],\"@id\":\"https:\/\/luchonoticias.com\/editor\/#\/schema\/person\/7a7fd911f58561fd056dbac7b55af9cd\",\"name\":\"admin\",\"image\":{\"@type\":\"ImageObject\",\"inLanguage\":\"es\",\"@id\":\"https:\/\/luchonoticias.com\/editor\/#\/schema\/person\/image\/\",\"url\":\"https:\/\/luchonoticias.com\/editor\/wp-content\/uploads\/2024\/02\/cropped-cropped-logolu.webp\",\"contentUrl\":\"https:\/\/luchonoticias.com\/editor\/wp-content\/uploads\/2024\/02\/cropped-cropped-logolu.webp\",\"width\":382,\"height\":170,\"caption\":\"admin\"},\"logo\":{\"@id\":\"https:\/\/luchonoticias.com\/editor\/#\/schema\/person\/image\/\"},\"sameAs\":[\"https:\/\/www.facebook.com\/luchonoticiasneiva\"]},{\"@type\":\"Person\",\"@id\":\"https:\/\/luchonoticias.com\/editor\/#\/schema\/person\/29217990ddf6f14e35912b2866d591fb\",\"name\":\"Editor General\",\"image\":{\"@type\":\"ImageObject\",\"inLanguage\":\"es\",\"@id\":\"https:\/\/luchonoticias.com\/editor\/#\/schema\/person\/image\/\",\"url\":\"https:\/\/luchonoticias.com\/editor\/wp-content\/uploads\/2024\/02\/cropped-cropped-logolu-150x150.webp\",\"contentUrl\":\"https:\/\/luchonoticias.com\/editor\/wp-content\/uploads\/2024\/02\/cropped-cropped-logolu-150x150.webp\",\"caption\":\"Editor General\"},\"sameAs\":[\"https:\/\/luchonoticias.com\/\"],\"url\":\"https:\/\/luchonoticias.com\/editor\/author\/editor-general\/\"}]}<\/script>\n<!-- \/ Yoast SEO plugin. -->","yoast_head_json":{"title":"James Rodr\u00edguez debut\u00f3 en el f\u00fatbol mexicano -","robots":{"index":"index","follow":"follow","max-snippet":"max-snippet:-1","max-image-preview":"max-image-preview:large","max-video-preview":"max-video-preview:-1"},"canonical":"https:\/\/luchonoticias.com\/editor\/james-rodriguez-debuto-en-el-futbol-mexicano\/","og_locale":"es_ES","og_type":"article","og_title":"James Rodr\u00edguez debut\u00f3 en el f\u00fatbol mexicano -","og_url":"https:\/\/luchonoticias.com\/editor\/james-rodriguez-debuto-en-el-futbol-mexicano\/","article_publisher":"https:\/\/www.facebook.com\/luchonoticiasneiva","article_published_time":"2025-01-19T09:36:41+00:00","article_modified_time":"2025-01-19T09:36:43+00:00","og_image":[{"width":700,"height":400,"url":"https:\/\/luchonoticias.com\/editor\/wp-content\/uploads\/2025\/01\/james-1.jpg","type":"image\/jpeg"}],"author":"Editor General","twitter_card":"summary_large_image","twitter_misc":{"Escrito por":"Editor General","Tiempo de lectura":"2 minutos"},"schema":{"@context":"https:\/\/schema.org","@graph":[{"@type":"Article","@id":"https:\/\/luchonoticias.com\/editor\/james-rodriguez-debuto-en-el-futbol-mexicano\/#article","isPartOf":{"@id":"https:\/\/luchonoticias.com\/editor\/james-rodriguez-debuto-en-el-futbol-mexicano\/"},"author":{"name":"Editor General","@id":"https:\/\/luchonoticias.com\/editor\/#\/schema\/person\/29217990ddf6f14e35912b2866d591fb"},"headline":"James Rodr\u00edguez debut\u00f3 en el f\u00fatbol mexicano","datePublished":"2025-01-19T09:36:41+00:00","dateModified":"2025-01-19T09:36:43+00:00","mainEntityOfPage":{"@id":"https:\/\/luchonoticias.com\/editor\/james-rodriguez-debuto-en-el-futbol-mexicano\/"},"wordCount":211,"publisher":{"@id":"https:\/\/luchonoticias.com\/editor\/#\/schema\/person\/7a7fd911f58561fd056dbac7b55af9cd"},"image":{"@id":"https:\/\/luchonoticias.com\/editor\/james-rodriguez-debuto-en-el-futbol-mexicano\/#primaryimage"},"thumbnailUrl":"https:\/\/luchonoticias.com\/editor\/wp-content\/uploads\/2025\/01\/james-1.jpg","articleSection":["Deportes"],"inLanguage":"es"},{"@type":"WebPage","@id":"https:\/\/luchonoticias.com\/editor\/james-rodriguez-debuto-en-el-futbol-mexicano\/","url":"https:\/\/luchonoticias.com\/editor\/james-rodriguez-debuto-en-el-futbol-mexicano\/","name":"James Rodr\u00edguez debut\u00f3 en el f\u00fatbol mexicano -","isPartOf":{"@id":"https:\/\/luchonoticias.com\/editor\/#website"},"primaryImageOfPage":{"@id":"https:\/\/luchonoticias.com\/editor\/james-rodriguez-debuto-en-el-futbol-mexicano\/#primaryimage"},"image":{"@id":"https:\/\/luchonoticias.com\/editor\/james-rodriguez-debuto-en-el-futbol-mexicano\/#primaryimage"},"thumbnailUrl":"https:\/\/luchonoticias.com\/editor\/wp-content\/uploads\/2025\/01\/james-1.jpg","datePublished":"2025-01-19T09:36:41+00:00","dateModified":"2025-01-19T09:36:43+00:00","breadcrumb":{"@id":"https:\/\/luchonoticias.com\/editor\/james-rodriguez-debuto-en-el-futbol-mexicano\/#breadcrumb"},"inLanguage":"es","potentialAction":[{"@type":"ReadAction","target":["https:\/\/luchonoticias.com\/editor\/james-rodriguez-debuto-en-el-futbol-mexicano\/"]}]},{"@type":"ImageObject","inLanguage":"es","@id":"https:\/\/luchonoticias.com\/editor\/james-rodriguez-debuto-en-el-futbol-mexicano\/#primaryimage","url":"https:\/\/luchonoticias.com\/editor\/wp-content\/uploads\/2025\/01\/james-1.jpg","contentUrl":"https:\/\/luchonoticias.com\/editor\/wp-content\/uploads\/2025\/01\/james-1.jpg","width":700,"height":400},{"@type":"BreadcrumbList","@id":"https:\/\/luchonoticias.com\/editor\/james-rodriguez-debuto-en-el-futbol-mexicano\/#breadcrumb","itemListElement":[{"@type":"ListItem","position":1,"name":"Portada","item":"https:\/\/luchonoticias.com\/editor\/"},{"@type":"ListItem","position":2,"name":"James Rodr\u00edguez debut\u00f3 en el f\u00fatbol mexicano"}]},{"@type":"WebSite","@id":"https:\/\/luchonoticias.com\/editor\/#website","url":"https:\/\/luchonoticias.com\/editor\/","name":"","description":"","publisher":{"@id":"https:\/\/luchonoticias.com\/editor\/#\/schema\/person\/7a7fd911f58561fd056dbac7b55af9cd"},"potentialAction":[{"@type":"SearchAction","target":{"@type":"EntryPoint","urlTemplate":"https:\/\/luchonoticias.com\/editor\/?s={search_term_string}"},"query-input":{"@type":"PropertyValueSpecification","valueRequired":true,"valueName":"search_term_string"}}],"inLanguage":"es"},{"@type":["Person","Organization"],"@id":"https:\/\/luchonoticias.com\/editor\/#\/schema\/person\/7a7fd911f58561fd056dbac7b55af9cd","name":"admin","image":{"@type":"ImageObject","inLanguage":"es","@id":"https:\/\/luchonoticias.com\/editor\/#\/schema\/person\/image\/","url":"https:\/\/luchonoticias.com\/editor\/wp-content\/uploads\/2024\/02\/cropped-cropped-logolu.webp","contentUrl":"https:\/\/luchonoticias.com\/editor\/wp-content\/uploads\/2024\/02\/cropped-cropped-logolu.webp","width":382,"height":170,"caption":"admin"},"logo":{"@id":"https:\/\/luchonoticias.com\/editor\/#\/schema\/person\/image\/"},"sameAs":["https:\/\/www.facebook.com\/luchonoticiasneiva"]},{"@type":"Person","@id":"https:\/\/luchonoticias.com\/editor\/#\/schema\/person\/29217990ddf6f14e35912b2866d591fb","name":"Editor General","image":{"@type":"ImageObject","inLanguage":"es","@id":"https:\/\/luchonoticias.com\/editor\/#\/schema\/person\/image\/","url":"https:\/\/luchonoticias.com\/editor\/wp-content\/uploads\/2024\/02\/cropped-cropped-logolu-150x150.webp","contentUrl":"https:\/\/luchonoticias.com\/editor\/wp-content\/uploads\/2024\/02\/cropped-cropped-logolu-150x150.webp","caption":"Editor General"},"sameAs":["https:\/\/luchonoticias.com\/"],"url":"https:\/\/luchonoticias.com\/editor\/author\/editor-general\/"}]}},"_links":{"self":[{"href":"https:\/\/luchonoticias.com\/editor\/wp-json\/wp\/v2\/posts\/80845","targetHints":{"allow":["GET"]}}],"collection":[{"href":"https:\/\/luchonoticias.com\/editor\/wp-json\/wp\/v2\/posts"}],"about":[{"href":"https:\/\/luchonoticias.com\/editor\/wp-json\/wp\/v2\/types\/post"}],"author":[{"embeddable":true,"href":"https:\/\/luchonoticias.com\/editor\/wp-json\/wp\/v2\/users\/2"}],"replies":[{"embeddable":true,"href":"https:\/\/luchonoticias.com\/editor\/wp-json\/wp\/v2\/comments?post=80845"}],"version-history":[{"count":1,"href":"https:\/\/luchonoticias.com\/editor\/wp-json\/wp\/v2\/posts\/80845\/revisions"}],"predecessor-version":[{"id":80847,"href":"https:\/\/luchonoticias.com\/editor\/wp-json\/wp\/v2\/posts\/80845\/revisions\/80847"}],"wp:featuredmedia":[{"embeddable":true,"href":"https:\/\/luchonoticias.com\/editor\/wp-json\/wp\/v2\/media\/80846"}],"wp:attachment":[{"href":"https:\/\/luchonoticias.com\/editor\/wp-json\/wp\/v2\/media?parent=80845"}],"wp:term":[{"taxonomy":"category","embeddable":true,"href":"https:\/\/luchonoticias.com\/editor\/wp-json\/wp\/v2\/categories?post=80845"},{"taxonomy":"post_tag","embeddable":true,"href":"https:\/\/luchonoticias.com\/editor\/wp-json\/wp\/v2\/tags?post=80845"}],"curies":[{"name":"wp","href":"https:\/\/api.w.org\/{rel}","templated":true}]}}