{"id":80851,"date":"2025-01-19T05:01:16","date_gmt":"2025-01-19T10:01:16","guid":{"rendered":"https:\/\/luchonoticias.com\/?p=80851"},"modified":"2025-01-19T05:01:18","modified_gmt":"2025-01-19T10:01:18","slug":"estados-unidos-se-alista-para-la-segunda-etapa-de-donald-trump","status":"publish","type":"post","link":"https:\/\/luchonoticias.com\/editor\/estados-unidos-se-alista-para-la-segunda-etapa-de-donald-trump\/","title":{"rendered":"Estados Unidos se alista para la segunda etapa de Donald Trump"},"content":{"rendered":"\n<figure class=\"wp-block-image size-full\"><img loading=\"lazy\" decoding=\"async\" width=\"700\" height=\"400\" src=\"https:\/\/luchonoticias.com\/wp-content\/uploads\/2024\/11\/donald-trump.jpg\" alt=\"\" class=\"wp-image-78493\" srcset=\"https:\/\/luchonoticias.com\/editor\/wp-content\/uploads\/2024\/11\/donald-trump.jpg 700w, https:\/\/luchonoticias.com\/editor\/wp-content\/uploads\/2024\/11\/donald-trump-300x171.jpg 300w\" sizes=\"auto, (max-width: 700px) 100vw, 700px\" \/><\/figure>\n\n\n\n<p>En v\u00edsperas de la segunda investidura de Donald Trump como presidente de Estados Unidos, programada para ma\u00f1ana, 20 de enero de 2025, el pa\u00eds se encuentra en un estado de expectativa y polarizaci\u00f3n. Diversos sectores de la sociedad han manifestado sus inquietudes y esperanzas respecto al nuevo mandato.<\/p>\n\n\n\n<p>La comunidad latina, especialmente en ciudades santuario como Chicago, enfrenta temores ante posibles pol\u00edticas migratorias m\u00e1s estrictas. Residentes de \u00e1reas como La Villita han expresado ansiedad por la posibilidad de deportaciones masivas y redadas migratorias, lo que ha afectado la actividad econ\u00f3mica local debido al miedo de salir de sus hogares. Organizaciones comunitarias est\u00e1n preparando estrategias legales y manifestaciones para enfrentar estas amenazas.<\/p>\n\n\n\n<p>En Washington D.C., miles de personas, en su mayor\u00eda mujeres, participaron en la \u00abMarcha del Pueblo\u00bb para protestar contra la pr\u00f3xima administraci\u00f3n de Trump. Los manifestantes abogaron por la justicia de g\u00e9nero, la autonom\u00eda corporal, la democracia y los derechos de los inmigrantes, portando pancartas con mensajes como \u00abFeministas contra fascistas\u00bb. Las fuerzas de seguridad desplegaron un amplio dispositivo para garantizar el orden durante la manifestaci\u00f3n.<\/p>\n\n\n\n<p>El sector financiero ha mostrado optimismo ante el regreso de Trump al poder. Bancos de inversi\u00f3n como JP Morgan, Citi, Goldman Sachs y Wells Fargo han experimentado incrementos significativos en sus ganancias y valor en bolsa. Se anticipa que las pol\u00edticas de desregulaci\u00f3n financiera y la relajaci\u00f3n de requisitos de capital fomenten fusiones y adquisiciones corporativas, beneficiando al sector financiero estadounidense.<\/p>\n\n\n\n<p>Se espera que el exvicepresidente Mike Pence asista a la ceremonia de investidura de Trump, a pesar de las tensiones pasadas entre ambos tras los eventos del 6 de enero de 2021 y la competencia en las primarias republicanas de 2024. La asistencia de Pence podr\u00eda interpretarse como un gesto de reconciliaci\u00f3n pol\u00edtica.<\/p>\n\n\n\n<p><\/p>\n","protected":false},"excerpt":{"rendered":"<p>En v\u00edsperas de la segunda investidura de Donald Trump como presidente de Estados Unidos, programada para ma\u00f1ana, 20 de enero de 2025, el pa\u00eds se encuentra en un estado de expectativa y polarizaci\u00f3n. Diversos sectores de la sociedad han manifestado sus inquietudes y esperanzas respecto al nuevo mandato. La comunidad latina, especialmente en ciudades santuario [&hellip;]<\/p>\n","protected":false},"author":2,"featured_media":78493,"comment_status":"closed","ping_status":"open","sticky":false,"template":"","format":"standard","meta":{"footnotes":""},"categories":[28],"tags":[],"class_list":["post-80851","post","type-post","status-publish","format-standard","has-post-thumbnail","hentry","category-actualidad"],"yoast_head":"<!-- This site is optimized with the Yoast SEO plugin v26.6 - https:\/\/yoast.com\/wordpress\/plugins\/seo\/ -->\n<title>Estados Unidos se alista para la segunda etapa de Donald Trump -<\/title>\n<meta name=\"robots\" content=\"index, follow, max-snippet:-1, max-image-preview:large, max-video-preview:-1\" \/>\n<link rel=\"canonical\" href=\"https:\/\/luchonoticias.com\/editor\/estados-unidos-se-alista-para-la-segunda-etapa-de-donald-trump\/\" \/>\n<meta property=\"og:locale\" content=\"es_ES\" \/>\n<meta property=\"og:type\" content=\"article\" \/>\n<meta property=\"og:title\" content=\"Estados Unidos se alista para la segunda etapa de Donald Trump -\" \/>\n<meta property=\"og:url\" content=\"https:\/\/luchonoticias.com\/editor\/estados-unidos-se-alista-para-la-segunda-etapa-de-donald-trump\/\" \/>\n<meta property=\"article:publisher\" content=\"https:\/\/www.facebook.com\/luchonoticiasneiva\" \/>\n<meta property=\"article:published_time\" content=\"2025-01-19T10:01:16+00:00\" \/>\n<meta property=\"article:modified_time\" content=\"2025-01-19T10:01:18+00:00\" \/>\n<meta property=\"og:image\" content=\"https:\/\/luchonoticias.com\/editor\/wp-content\/uploads\/2024\/11\/donald-trump.jpg\" \/>\n\t<meta property=\"og:image:width\" content=\"700\" \/>\n\t<meta property=\"og:image:height\" content=\"400\" \/>\n\t<meta property=\"og:image:type\" content=\"image\/jpeg\" \/>\n<meta name=\"author\" content=\"Editor General\" \/>\n<meta name=\"twitter:card\" content=\"summary_large_image\" \/>\n<meta name=\"twitter:label1\" content=\"Escrito por\" \/>\n\t<meta name=\"twitter:data1\" content=\"Editor General\" \/>\n\t<meta name=\"twitter:label2\" content=\"Tiempo de lectura\" \/>\n\t<meta name=\"twitter:data2\" content=\"2 minutos\" \/>\n<script type=\"application\/ld+json\" class=\"yoast-schema-graph\">{\"@context\":\"https:\/\/schema.org\",\"@graph\":[{\"@type\":\"Article\",\"@id\":\"https:\/\/luchonoticias.com\/editor\/estados-unidos-se-alista-para-la-segunda-etapa-de-donald-trump\/#article\",\"isPartOf\":{\"@id\":\"https:\/\/luchonoticias.com\/editor\/estados-unidos-se-alista-para-la-segunda-etapa-de-donald-trump\/\"},\"author\":{\"name\":\"Editor General\",\"@id\":\"https:\/\/luchonoticias.com\/editor\/#\/schema\/person\/29217990ddf6f14e35912b2866d591fb\"},\"headline\":\"Estados Unidos se alista para la segunda etapa de Donald Trump\",\"datePublished\":\"2025-01-19T10:01:16+00:00\",\"dateModified\":\"2025-01-19T10:01:18+00:00\",\"mainEntityOfPage\":{\"@id\":\"https:\/\/luchonoticias.com\/editor\/estados-unidos-se-alista-para-la-segunda-etapa-de-donald-trump\/\"},\"wordCount\":319,\"publisher\":{\"@id\":\"https:\/\/luchonoticias.com\/editor\/#\/schema\/person\/7a7fd911f58561fd056dbac7b55af9cd\"},\"image\":{\"@id\":\"https:\/\/luchonoticias.com\/editor\/estados-unidos-se-alista-para-la-segunda-etapa-de-donald-trump\/#primaryimage\"},\"thumbnailUrl\":\"https:\/\/luchonoticias.com\/editor\/wp-content\/uploads\/2024\/11\/donald-trump.jpg\",\"articleSection\":[\"Actualidad\"],\"inLanguage\":\"es\"},{\"@type\":\"WebPage\",\"@id\":\"https:\/\/luchonoticias.com\/editor\/estados-unidos-se-alista-para-la-segunda-etapa-de-donald-trump\/\",\"url\":\"https:\/\/luchonoticias.com\/editor\/estados-unidos-se-alista-para-la-segunda-etapa-de-donald-trump\/\",\"name\":\"Estados Unidos se alista para la segunda etapa de Donald Trump -\",\"isPartOf\":{\"@id\":\"https:\/\/luchonoticias.com\/editor\/#website\"},\"primaryImageOfPage\":{\"@id\":\"https:\/\/luchonoticias.com\/editor\/estados-unidos-se-alista-para-la-segunda-etapa-de-donald-trump\/#primaryimage\"},\"image\":{\"@id\":\"https:\/\/luchonoticias.com\/editor\/estados-unidos-se-alista-para-la-segunda-etapa-de-donald-trump\/#primaryimage\"},\"thumbnailUrl\":\"https:\/\/luchonoticias.com\/editor\/wp-content\/uploads\/2024\/11\/donald-trump.jpg\",\"datePublished\":\"2025-01-19T10:01:16+00:00\",\"dateModified\":\"2025-01-19T10:01:18+00:00\",\"breadcrumb\":{\"@id\":\"https:\/\/luchonoticias.com\/editor\/estados-unidos-se-alista-para-la-segunda-etapa-de-donald-trump\/#breadcrumb\"},\"inLanguage\":\"es\",\"potentialAction\":[{\"@type\":\"ReadAction\",\"target\":[\"https:\/\/luchonoticias.com\/editor\/estados-unidos-se-alista-para-la-segunda-etapa-de-donald-trump\/\"]}]},{\"@type\":\"ImageObject\",\"inLanguage\":\"es\",\"@id\":\"https:\/\/luchonoticias.com\/editor\/estados-unidos-se-alista-para-la-segunda-etapa-de-donald-trump\/#primaryimage\",\"url\":\"https:\/\/luchonoticias.com\/editor\/wp-content\/uploads\/2024\/11\/donald-trump.jpg\",\"contentUrl\":\"https:\/\/luchonoticias.com\/editor\/wp-content\/uploads\/2024\/11\/donald-trump.jpg\",\"width\":700,\"height\":400},{\"@type\":\"BreadcrumbList\",\"@id\":\"https:\/\/luchonoticias.com\/editor\/estados-unidos-se-alista-para-la-segunda-etapa-de-donald-trump\/#breadcrumb\",\"itemListElement\":[{\"@type\":\"ListItem\",\"position\":1,\"name\":\"Portada\",\"item\":\"https:\/\/luchonoticias.com\/editor\/\"},{\"@type\":\"ListItem\",\"position\":2,\"name\":\"Estados Unidos se alista para la segunda etapa de Donald Trump\"}]},{\"@type\":\"WebSite\",\"@id\":\"https:\/\/luchonoticias.com\/editor\/#website\",\"url\":\"https:\/\/luchonoticias.com\/editor\/\",\"name\":\"\",\"description\":\"\",\"publisher\":{\"@id\":\"https:\/\/luchonoticias.com\/editor\/#\/schema\/person\/7a7fd911f58561fd056dbac7b55af9cd\"},\"potentialAction\":[{\"@type\":\"SearchAction\",\"target\":{\"@type\":\"EntryPoint\",\"urlTemplate\":\"https:\/\/luchonoticias.com\/editor\/?s={search_term_string}\"},\"query-input\":{\"@type\":\"PropertyValueSpecification\",\"valueRequired\":true,\"valueName\":\"search_term_string\"}}],\"inLanguage\":\"es\"},{\"@type\":[\"Person\",\"Organization\"],\"@id\":\"https:\/\/luchonoticias.com\/editor\/#\/schema\/person\/7a7fd911f58561fd056dbac7b55af9cd\",\"name\":\"admin\",\"image\":{\"@type\":\"ImageObject\",\"inLanguage\":\"es\",\"@id\":\"https:\/\/luchonoticias.com\/editor\/#\/schema\/person\/image\/\",\"url\":\"https:\/\/luchonoticias.com\/editor\/wp-content\/uploads\/2024\/02\/cropped-cropped-logolu.webp\",\"contentUrl\":\"https:\/\/luchonoticias.com\/editor\/wp-content\/uploads\/2024\/02\/cropped-cropped-logolu.webp\",\"width\":382,\"height\":170,\"caption\":\"admin\"},\"logo\":{\"@id\":\"https:\/\/luchonoticias.com\/editor\/#\/schema\/person\/image\/\"},\"sameAs\":[\"https:\/\/www.facebook.com\/luchonoticiasneiva\"]},{\"@type\":\"Person\",\"@id\":\"https:\/\/luchonoticias.com\/editor\/#\/schema\/person\/29217990ddf6f14e35912b2866d591fb\",\"name\":\"Editor General\",\"image\":{\"@type\":\"ImageObject\",\"inLanguage\":\"es\",\"@id\":\"https:\/\/luchonoticias.com\/editor\/#\/schema\/person\/image\/\",\"url\":\"https:\/\/luchonoticias.com\/editor\/wp-content\/uploads\/2024\/02\/cropped-cropped-logolu-150x150.webp\",\"contentUrl\":\"https:\/\/luchonoticias.com\/editor\/wp-content\/uploads\/2024\/02\/cropped-cropped-logolu-150x150.webp\",\"caption\":\"Editor General\"},\"sameAs\":[\"https:\/\/luchonoticias.com\/\"],\"url\":\"https:\/\/luchonoticias.com\/editor\/author\/editor-general\/\"}]}<\/script>\n<!-- \/ Yoast SEO plugin. -->","yoast_head_json":{"title":"Estados Unidos se alista para la segunda etapa de Donald Trump -","robots":{"index":"index","follow":"follow","max-snippet":"max-snippet:-1","max-image-preview":"max-image-preview:large","max-video-preview":"max-video-preview:-1"},"canonical":"https:\/\/luchonoticias.com\/editor\/estados-unidos-se-alista-para-la-segunda-etapa-de-donald-trump\/","og_locale":"es_ES","og_type":"article","og_title":"Estados Unidos se alista para la segunda etapa de Donald Trump -","og_url":"https:\/\/luchonoticias.com\/editor\/estados-unidos-se-alista-para-la-segunda-etapa-de-donald-trump\/","article_publisher":"https:\/\/www.facebook.com\/luchonoticiasneiva","article_published_time":"2025-01-19T10:01:16+00:00","article_modified_time":"2025-01-19T10:01:18+00:00","og_image":[{"width":700,"height":400,"url":"https:\/\/luchonoticias.com\/editor\/wp-content\/uploads\/2024\/11\/donald-trump.jpg","type":"image\/jpeg"}],"author":"Editor General","twitter_card":"summary_large_image","twitter_misc":{"Escrito por":"Editor General","Tiempo de lectura":"2 minutos"},"schema":{"@context":"https:\/\/schema.org","@graph":[{"@type":"Article","@id":"https:\/\/luchonoticias.com\/editor\/estados-unidos-se-alista-para-la-segunda-etapa-de-donald-trump\/#article","isPartOf":{"@id":"https:\/\/luchonoticias.com\/editor\/estados-unidos-se-alista-para-la-segunda-etapa-de-donald-trump\/"},"author":{"name":"Editor General","@id":"https:\/\/luchonoticias.com\/editor\/#\/schema\/person\/29217990ddf6f14e35912b2866d591fb"},"headline":"Estados Unidos se alista para la segunda etapa de Donald Trump","datePublished":"2025-01-19T10:01:16+00:00","dateModified":"2025-01-19T10:01:18+00:00","mainEntityOfPage":{"@id":"https:\/\/luchonoticias.com\/editor\/estados-unidos-se-alista-para-la-segunda-etapa-de-donald-trump\/"},"wordCount":319,"publisher":{"@id":"https:\/\/luchonoticias.com\/editor\/#\/schema\/person\/7a7fd911f58561fd056dbac7b55af9cd"},"image":{"@id":"https:\/\/luchonoticias.com\/editor\/estados-unidos-se-alista-para-la-segunda-etapa-de-donald-trump\/#primaryimage"},"thumbnailUrl":"https:\/\/luchonoticias.com\/editor\/wp-content\/uploads\/2024\/11\/donald-trump.jpg","articleSection":["Actualidad"],"inLanguage":"es"},{"@type":"WebPage","@id":"https:\/\/luchonoticias.com\/editor\/estados-unidos-se-alista-para-la-segunda-etapa-de-donald-trump\/","url":"https:\/\/luchonoticias.com\/editor\/estados-unidos-se-alista-para-la-segunda-etapa-de-donald-trump\/","name":"Estados Unidos se alista para la segunda etapa de Donald Trump -","isPartOf":{"@id":"https:\/\/luchonoticias.com\/editor\/#website"},"primaryImageOfPage":{"@id":"https:\/\/luchonoticias.com\/editor\/estados-unidos-se-alista-para-la-segunda-etapa-de-donald-trump\/#primaryimage"},"image":{"@id":"https:\/\/luchonoticias.com\/editor\/estados-unidos-se-alista-para-la-segunda-etapa-de-donald-trump\/#primaryimage"},"thumbnailUrl":"https:\/\/luchonoticias.com\/editor\/wp-content\/uploads\/2024\/11\/donald-trump.jpg","datePublished":"2025-01-19T10:01:16+00:00","dateModified":"2025-01-19T10:01:18+00:00","breadcrumb":{"@id":"https:\/\/luchonoticias.com\/editor\/estados-unidos-se-alista-para-la-segunda-etapa-de-donald-trump\/#breadcrumb"},"inLanguage":"es","potentialAction":[{"@type":"ReadAction","target":["https:\/\/luchonoticias.com\/editor\/estados-unidos-se-alista-para-la-segunda-etapa-de-donald-trump\/"]}]},{"@type":"ImageObject","inLanguage":"es","@id":"https:\/\/luchonoticias.com\/editor\/estados-unidos-se-alista-para-la-segunda-etapa-de-donald-trump\/#primaryimage","url":"https:\/\/luchonoticias.com\/editor\/wp-content\/uploads\/2024\/11\/donald-trump.jpg","contentUrl":"https:\/\/luchonoticias.com\/editor\/wp-content\/uploads\/2024\/11\/donald-trump.jpg","width":700,"height":400},{"@type":"BreadcrumbList","@id":"https:\/\/luchonoticias.com\/editor\/estados-unidos-se-alista-para-la-segunda-etapa-de-donald-trump\/#breadcrumb","itemListElement":[{"@type":"ListItem","position":1,"name":"Portada","item":"https:\/\/luchonoticias.com\/editor\/"},{"@type":"ListItem","position":2,"name":"Estados Unidos se alista para la segunda etapa de Donald Trump"}]},{"@type":"WebSite","@id":"https:\/\/luchonoticias.com\/editor\/#website","url":"https:\/\/luchonoticias.com\/editor\/","name":"","description":"","publisher":{"@id":"https:\/\/luchonoticias.com\/editor\/#\/schema\/person\/7a7fd911f58561fd056dbac7b55af9cd"},"potentialAction":[{"@type":"SearchAction","target":{"@type":"EntryPoint","urlTemplate":"https:\/\/luchonoticias.com\/editor\/?s={search_term_string}"},"query-input":{"@type":"PropertyValueSpecification","valueRequired":true,"valueName":"search_term_string"}}],"inLanguage":"es"},{"@type":["Person","Organization"],"@id":"https:\/\/luchonoticias.com\/editor\/#\/schema\/person\/7a7fd911f58561fd056dbac7b55af9cd","name":"admin","image":{"@type":"ImageObject","inLanguage":"es","@id":"https:\/\/luchonoticias.com\/editor\/#\/schema\/person\/image\/","url":"https:\/\/luchonoticias.com\/editor\/wp-content\/uploads\/2024\/02\/cropped-cropped-logolu.webp","contentUrl":"https:\/\/luchonoticias.com\/editor\/wp-content\/uploads\/2024\/02\/cropped-cropped-logolu.webp","width":382,"height":170,"caption":"admin"},"logo":{"@id":"https:\/\/luchonoticias.com\/editor\/#\/schema\/person\/image\/"},"sameAs":["https:\/\/www.facebook.com\/luchonoticiasneiva"]},{"@type":"Person","@id":"https:\/\/luchonoticias.com\/editor\/#\/schema\/person\/29217990ddf6f14e35912b2866d591fb","name":"Editor General","image":{"@type":"ImageObject","inLanguage":"es","@id":"https:\/\/luchonoticias.com\/editor\/#\/schema\/person\/image\/","url":"https:\/\/luchonoticias.com\/editor\/wp-content\/uploads\/2024\/02\/cropped-cropped-logolu-150x150.webp","contentUrl":"https:\/\/luchonoticias.com\/editor\/wp-content\/uploads\/2024\/02\/cropped-cropped-logolu-150x150.webp","caption":"Editor General"},"sameAs":["https:\/\/luchonoticias.com\/"],"url":"https:\/\/luchonoticias.com\/editor\/author\/editor-general\/"}]}},"_links":{"self":[{"href":"https:\/\/luchonoticias.com\/editor\/wp-json\/wp\/v2\/posts\/80851","targetHints":{"allow":["GET"]}}],"collection":[{"href":"https:\/\/luchonoticias.com\/editor\/wp-json\/wp\/v2\/posts"}],"about":[{"href":"https:\/\/luchonoticias.com\/editor\/wp-json\/wp\/v2\/types\/post"}],"author":[{"embeddable":true,"href":"https:\/\/luchonoticias.com\/editor\/wp-json\/wp\/v2\/users\/2"}],"replies":[{"embeddable":true,"href":"https:\/\/luchonoticias.com\/editor\/wp-json\/wp\/v2\/comments?post=80851"}],"version-history":[{"count":1,"href":"https:\/\/luchonoticias.com\/editor\/wp-json\/wp\/v2\/posts\/80851\/revisions"}],"predecessor-version":[{"id":80852,"href":"https:\/\/luchonoticias.com\/editor\/wp-json\/wp\/v2\/posts\/80851\/revisions\/80852"}],"wp:featuredmedia":[{"embeddable":true,"href":"https:\/\/luchonoticias.com\/editor\/wp-json\/wp\/v2\/media\/78493"}],"wp:attachment":[{"href":"https:\/\/luchonoticias.com\/editor\/wp-json\/wp\/v2\/media?parent=80851"}],"wp:term":[{"taxonomy":"category","embeddable":true,"href":"https:\/\/luchonoticias.com\/editor\/wp-json\/wp\/v2\/categories?post=80851"},{"taxonomy":"post_tag","embeddable":true,"href":"https:\/\/luchonoticias.com\/editor\/wp-json\/wp\/v2\/tags?post=80851"}],"curies":[{"name":"wp","href":"https:\/\/api.w.org\/{rel}","templated":true}]}}