{"id":80856,"date":"2025-01-20T04:14:51","date_gmt":"2025-01-20T09:14:51","guid":{"rendered":"https:\/\/luchonoticias.com\/?p=80856"},"modified":"2025-01-20T04:14:53","modified_gmt":"2025-01-20T09:14:53","slug":"la-magnitud-de-la-crisis-humanitaria-en-el-catatumbo","status":"publish","type":"post","link":"https:\/\/luchonoticias.com\/editor\/la-magnitud-de-la-crisis-humanitaria-en-el-catatumbo\/","title":{"rendered":"La magnitud de la crisis humanitaria en el Catatumbo"},"content":{"rendered":"\n<figure class=\"wp-block-image size-full\"><img loading=\"lazy\" decoding=\"async\" width=\"700\" height=\"400\" src=\"https:\/\/luchonoticias.com\/wp-content\/uploads\/2025\/01\/ELN.jpg\" alt=\"\" class=\"wp-image-80857\" srcset=\"https:\/\/luchonoticias.com\/editor\/wp-content\/uploads\/2025\/01\/ELN.jpg 700w, https:\/\/luchonoticias.com\/editor\/wp-content\/uploads\/2025\/01\/ELN-300x171.jpg 300w\" sizes=\"auto, (max-width: 700px) 100vw, 700px\" \/><\/figure>\n\n\n\n<p>La Gobernaci\u00f3n de Norte de Santander calific\u00f3 como \u00abalarmante\u00bb la situaci\u00f3n de orden p\u00fablico en El Catatumbo, tras tres d\u00edas de enfrentamientos entre el ELN y las disidencias, que han dejado un saldo de 80 muertos, m\u00e1s de 20 heridos y alrededor de 5.000 desplazados. Los municipios de Tib\u00fa, Oca\u00f1a y C\u00facuta est\u00e1n recibiendo a la mayor\u00eda de los desplazados en condiciones precarias.<\/p>\n\n\n\n<p>En respuesta a la crisis, la Gobernaci\u00f3n activ\u00f3 un plan de emergencia en coordinaci\u00f3n con alcald\u00edas, empresarios, organizaciones internacionales y el Gobierno Nacional. Este domingo, el ministro de Defensa, Iv\u00e1n Vel\u00e1squez, lleg\u00f3 a C\u00facuta para un consejo de seguridad junto con la defensora del Pueblo, Iris Mar\u00edn, donde analizaron medidas frente al recrudecimiento del conflicto.<\/p>\n\n\n\n<p>Entre las acciones tomadas, se suspendieron las clases en la regi\u00f3n para proteger a ni\u00f1os y j\u00f3venes, y se habilitaron espacios como el Colegio La Esperanza en Tib\u00fa y el Coliseo Argelino Dur\u00e1n Quintero en Oca\u00f1a como albergues temporales. Asimismo, fundaciones como Pies Descalzos trabajan para acondicionar m\u00e1s espacios que acojan a las familias desplazadas.<\/p>\n\n\n\n<p>En el \u00e1mbito de la salud, se declar\u00f3 la alerta naranja para priorizar la atenci\u00f3n de heridos y desplazados. Adem\u00e1s, diez camiones con alimentos, colchonetas, agua potable, insumos m\u00e9dicos y otros elementos esenciales fueron enviados a la zona. La Secretar\u00eda de Gesti\u00f3n del Riesgo lidera la distribuci\u00f3n de ayudas con el apoyo de ciudadanos y empresarios solidarios que han respondido al llamado de emergencia.<\/p>\n\n\n\n<p><\/p>\n","protected":false},"excerpt":{"rendered":"<p>La Gobernaci\u00f3n de Norte de Santander calific\u00f3 como \u00abalarmante\u00bb la situaci\u00f3n de orden p\u00fablico en El Catatumbo, tras tres d\u00edas de enfrentamientos entre el ELN y las disidencias, que han dejado un saldo de 80 muertos, m\u00e1s de 20 heridos y alrededor de 5.000 desplazados. Los municipios de Tib\u00fa, Oca\u00f1a y C\u00facuta est\u00e1n recibiendo a [&hellip;]<\/p>\n","protected":false},"author":2,"featured_media":80857,"comment_status":"closed","ping_status":"open","sticky":false,"template":"","format":"standard","meta":{"footnotes":""},"categories":[28,32],"tags":[],"class_list":["post-80856","post","type-post","status-publish","format-standard","has-post-thumbnail","hentry","category-actualidad","category-nacional"],"yoast_head":"<!-- This site is optimized with the Yoast SEO plugin v26.6 - https:\/\/yoast.com\/wordpress\/plugins\/seo\/ -->\n<title>La magnitud de la crisis humanitaria en el Catatumbo -<\/title>\n<meta name=\"robots\" content=\"index, follow, max-snippet:-1, max-image-preview:large, max-video-preview:-1\" \/>\n<link rel=\"canonical\" href=\"https:\/\/luchonoticias.com\/editor\/la-magnitud-de-la-crisis-humanitaria-en-el-catatumbo\/\" \/>\n<meta property=\"og:locale\" content=\"es_ES\" \/>\n<meta property=\"og:type\" content=\"article\" \/>\n<meta property=\"og:title\" content=\"La magnitud de la crisis humanitaria en el Catatumbo -\" \/>\n<meta property=\"og:url\" content=\"https:\/\/luchonoticias.com\/editor\/la-magnitud-de-la-crisis-humanitaria-en-el-catatumbo\/\" \/>\n<meta property=\"article:publisher\" content=\"https:\/\/www.facebook.com\/luchonoticiasneiva\" \/>\n<meta property=\"article:published_time\" content=\"2025-01-20T09:14:51+00:00\" \/>\n<meta property=\"article:modified_time\" content=\"2025-01-20T09:14:53+00:00\" \/>\n<meta property=\"og:image\" content=\"https:\/\/luchonoticias.com\/editor\/wp-content\/uploads\/2025\/01\/ELN.jpg\" \/>\n\t<meta property=\"og:image:width\" content=\"700\" \/>\n\t<meta property=\"og:image:height\" content=\"400\" \/>\n\t<meta property=\"og:image:type\" content=\"image\/jpeg\" \/>\n<meta name=\"author\" content=\"Editor General\" \/>\n<meta name=\"twitter:card\" content=\"summary_large_image\" \/>\n<meta name=\"twitter:label1\" content=\"Escrito por\" \/>\n\t<meta name=\"twitter:data1\" content=\"Editor General\" \/>\n\t<meta name=\"twitter:label2\" content=\"Tiempo de lectura\" \/>\n\t<meta name=\"twitter:data2\" content=\"2 minutos\" \/>\n<script type=\"application\/ld+json\" class=\"yoast-schema-graph\">{\"@context\":\"https:\/\/schema.org\",\"@graph\":[{\"@type\":\"Article\",\"@id\":\"https:\/\/luchonoticias.com\/editor\/la-magnitud-de-la-crisis-humanitaria-en-el-catatumbo\/#article\",\"isPartOf\":{\"@id\":\"https:\/\/luchonoticias.com\/editor\/la-magnitud-de-la-crisis-humanitaria-en-el-catatumbo\/\"},\"author\":{\"name\":\"Editor General\",\"@id\":\"https:\/\/luchonoticias.com\/editor\/#\/schema\/person\/29217990ddf6f14e35912b2866d591fb\"},\"headline\":\"La magnitud de la crisis humanitaria en el Catatumbo\",\"datePublished\":\"2025-01-20T09:14:51+00:00\",\"dateModified\":\"2025-01-20T09:14:53+00:00\",\"mainEntityOfPage\":{\"@id\":\"https:\/\/luchonoticias.com\/editor\/la-magnitud-de-la-crisis-humanitaria-en-el-catatumbo\/\"},\"wordCount\":271,\"publisher\":{\"@id\":\"https:\/\/luchonoticias.com\/editor\/#\/schema\/person\/7a7fd911f58561fd056dbac7b55af9cd\"},\"image\":{\"@id\":\"https:\/\/luchonoticias.com\/editor\/la-magnitud-de-la-crisis-humanitaria-en-el-catatumbo\/#primaryimage\"},\"thumbnailUrl\":\"https:\/\/luchonoticias.com\/editor\/wp-content\/uploads\/2025\/01\/ELN.jpg\",\"articleSection\":[\"Actualidad\",\"Nacional\"],\"inLanguage\":\"es\"},{\"@type\":\"WebPage\",\"@id\":\"https:\/\/luchonoticias.com\/editor\/la-magnitud-de-la-crisis-humanitaria-en-el-catatumbo\/\",\"url\":\"https:\/\/luchonoticias.com\/editor\/la-magnitud-de-la-crisis-humanitaria-en-el-catatumbo\/\",\"name\":\"La magnitud de la crisis humanitaria en el Catatumbo -\",\"isPartOf\":{\"@id\":\"https:\/\/luchonoticias.com\/editor\/#website\"},\"primaryImageOfPage\":{\"@id\":\"https:\/\/luchonoticias.com\/editor\/la-magnitud-de-la-crisis-humanitaria-en-el-catatumbo\/#primaryimage\"},\"image\":{\"@id\":\"https:\/\/luchonoticias.com\/editor\/la-magnitud-de-la-crisis-humanitaria-en-el-catatumbo\/#primaryimage\"},\"thumbnailUrl\":\"https:\/\/luchonoticias.com\/editor\/wp-content\/uploads\/2025\/01\/ELN.jpg\",\"datePublished\":\"2025-01-20T09:14:51+00:00\",\"dateModified\":\"2025-01-20T09:14:53+00:00\",\"breadcrumb\":{\"@id\":\"https:\/\/luchonoticias.com\/editor\/la-magnitud-de-la-crisis-humanitaria-en-el-catatumbo\/#breadcrumb\"},\"inLanguage\":\"es\",\"potentialAction\":[{\"@type\":\"ReadAction\",\"target\":[\"https:\/\/luchonoticias.com\/editor\/la-magnitud-de-la-crisis-humanitaria-en-el-catatumbo\/\"]}]},{\"@type\":\"ImageObject\",\"inLanguage\":\"es\",\"@id\":\"https:\/\/luchonoticias.com\/editor\/la-magnitud-de-la-crisis-humanitaria-en-el-catatumbo\/#primaryimage\",\"url\":\"https:\/\/luchonoticias.com\/editor\/wp-content\/uploads\/2025\/01\/ELN.jpg\",\"contentUrl\":\"https:\/\/luchonoticias.com\/editor\/wp-content\/uploads\/2025\/01\/ELN.jpg\",\"width\":700,\"height\":400},{\"@type\":\"BreadcrumbList\",\"@id\":\"https:\/\/luchonoticias.com\/editor\/la-magnitud-de-la-crisis-humanitaria-en-el-catatumbo\/#breadcrumb\",\"itemListElement\":[{\"@type\":\"ListItem\",\"position\":1,\"name\":\"Portada\",\"item\":\"https:\/\/luchonoticias.com\/editor\/\"},{\"@type\":\"ListItem\",\"position\":2,\"name\":\"La magnitud de la crisis humanitaria en el Catatumbo\"}]},{\"@type\":\"WebSite\",\"@id\":\"https:\/\/luchonoticias.com\/editor\/#website\",\"url\":\"https:\/\/luchonoticias.com\/editor\/\",\"name\":\"\",\"description\":\"\",\"publisher\":{\"@id\":\"https:\/\/luchonoticias.com\/editor\/#\/schema\/person\/7a7fd911f58561fd056dbac7b55af9cd\"},\"potentialAction\":[{\"@type\":\"SearchAction\",\"target\":{\"@type\":\"EntryPoint\",\"urlTemplate\":\"https:\/\/luchonoticias.com\/editor\/?s={search_term_string}\"},\"query-input\":{\"@type\":\"PropertyValueSpecification\",\"valueRequired\":true,\"valueName\":\"search_term_string\"}}],\"inLanguage\":\"es\"},{\"@type\":[\"Person\",\"Organization\"],\"@id\":\"https:\/\/luchonoticias.com\/editor\/#\/schema\/person\/7a7fd911f58561fd056dbac7b55af9cd\",\"name\":\"admin\",\"image\":{\"@type\":\"ImageObject\",\"inLanguage\":\"es\",\"@id\":\"https:\/\/luchonoticias.com\/editor\/#\/schema\/person\/image\/\",\"url\":\"https:\/\/luchonoticias.com\/editor\/wp-content\/uploads\/2024\/02\/cropped-cropped-logolu.webp\",\"contentUrl\":\"https:\/\/luchonoticias.com\/editor\/wp-content\/uploads\/2024\/02\/cropped-cropped-logolu.webp\",\"width\":382,\"height\":170,\"caption\":\"admin\"},\"logo\":{\"@id\":\"https:\/\/luchonoticias.com\/editor\/#\/schema\/person\/image\/\"},\"sameAs\":[\"https:\/\/www.facebook.com\/luchonoticiasneiva\"]},{\"@type\":\"Person\",\"@id\":\"https:\/\/luchonoticias.com\/editor\/#\/schema\/person\/29217990ddf6f14e35912b2866d591fb\",\"name\":\"Editor General\",\"image\":{\"@type\":\"ImageObject\",\"inLanguage\":\"es\",\"@id\":\"https:\/\/luchonoticias.com\/editor\/#\/schema\/person\/image\/\",\"url\":\"https:\/\/luchonoticias.com\/editor\/wp-content\/uploads\/2024\/02\/cropped-cropped-logolu-150x150.webp\",\"contentUrl\":\"https:\/\/luchonoticias.com\/editor\/wp-content\/uploads\/2024\/02\/cropped-cropped-logolu-150x150.webp\",\"caption\":\"Editor General\"},\"sameAs\":[\"https:\/\/luchonoticias.com\/\"],\"url\":\"https:\/\/luchonoticias.com\/editor\/author\/editor-general\/\"}]}<\/script>\n<!-- \/ Yoast SEO plugin. -->","yoast_head_json":{"title":"La magnitud de la crisis humanitaria en el Catatumbo -","robots":{"index":"index","follow":"follow","max-snippet":"max-snippet:-1","max-image-preview":"max-image-preview:large","max-video-preview":"max-video-preview:-1"},"canonical":"https:\/\/luchonoticias.com\/editor\/la-magnitud-de-la-crisis-humanitaria-en-el-catatumbo\/","og_locale":"es_ES","og_type":"article","og_title":"La magnitud de la crisis humanitaria en el Catatumbo -","og_url":"https:\/\/luchonoticias.com\/editor\/la-magnitud-de-la-crisis-humanitaria-en-el-catatumbo\/","article_publisher":"https:\/\/www.facebook.com\/luchonoticiasneiva","article_published_time":"2025-01-20T09:14:51+00:00","article_modified_time":"2025-01-20T09:14:53+00:00","og_image":[{"width":700,"height":400,"url":"https:\/\/luchonoticias.com\/editor\/wp-content\/uploads\/2025\/01\/ELN.jpg","type":"image\/jpeg"}],"author":"Editor General","twitter_card":"summary_large_image","twitter_misc":{"Escrito por":"Editor General","Tiempo de lectura":"2 minutos"},"schema":{"@context":"https:\/\/schema.org","@graph":[{"@type":"Article","@id":"https:\/\/luchonoticias.com\/editor\/la-magnitud-de-la-crisis-humanitaria-en-el-catatumbo\/#article","isPartOf":{"@id":"https:\/\/luchonoticias.com\/editor\/la-magnitud-de-la-crisis-humanitaria-en-el-catatumbo\/"},"author":{"name":"Editor General","@id":"https:\/\/luchonoticias.com\/editor\/#\/schema\/person\/29217990ddf6f14e35912b2866d591fb"},"headline":"La magnitud de la crisis humanitaria en el Catatumbo","datePublished":"2025-01-20T09:14:51+00:00","dateModified":"2025-01-20T09:14:53+00:00","mainEntityOfPage":{"@id":"https:\/\/luchonoticias.com\/editor\/la-magnitud-de-la-crisis-humanitaria-en-el-catatumbo\/"},"wordCount":271,"publisher":{"@id":"https:\/\/luchonoticias.com\/editor\/#\/schema\/person\/7a7fd911f58561fd056dbac7b55af9cd"},"image":{"@id":"https:\/\/luchonoticias.com\/editor\/la-magnitud-de-la-crisis-humanitaria-en-el-catatumbo\/#primaryimage"},"thumbnailUrl":"https:\/\/luchonoticias.com\/editor\/wp-content\/uploads\/2025\/01\/ELN.jpg","articleSection":["Actualidad","Nacional"],"inLanguage":"es"},{"@type":"WebPage","@id":"https:\/\/luchonoticias.com\/editor\/la-magnitud-de-la-crisis-humanitaria-en-el-catatumbo\/","url":"https:\/\/luchonoticias.com\/editor\/la-magnitud-de-la-crisis-humanitaria-en-el-catatumbo\/","name":"La magnitud de la crisis humanitaria en el Catatumbo -","isPartOf":{"@id":"https:\/\/luchonoticias.com\/editor\/#website"},"primaryImageOfPage":{"@id":"https:\/\/luchonoticias.com\/editor\/la-magnitud-de-la-crisis-humanitaria-en-el-catatumbo\/#primaryimage"},"image":{"@id":"https:\/\/luchonoticias.com\/editor\/la-magnitud-de-la-crisis-humanitaria-en-el-catatumbo\/#primaryimage"},"thumbnailUrl":"https:\/\/luchonoticias.com\/editor\/wp-content\/uploads\/2025\/01\/ELN.jpg","datePublished":"2025-01-20T09:14:51+00:00","dateModified":"2025-01-20T09:14:53+00:00","breadcrumb":{"@id":"https:\/\/luchonoticias.com\/editor\/la-magnitud-de-la-crisis-humanitaria-en-el-catatumbo\/#breadcrumb"},"inLanguage":"es","potentialAction":[{"@type":"ReadAction","target":["https:\/\/luchonoticias.com\/editor\/la-magnitud-de-la-crisis-humanitaria-en-el-catatumbo\/"]}]},{"@type":"ImageObject","inLanguage":"es","@id":"https:\/\/luchonoticias.com\/editor\/la-magnitud-de-la-crisis-humanitaria-en-el-catatumbo\/#primaryimage","url":"https:\/\/luchonoticias.com\/editor\/wp-content\/uploads\/2025\/01\/ELN.jpg","contentUrl":"https:\/\/luchonoticias.com\/editor\/wp-content\/uploads\/2025\/01\/ELN.jpg","width":700,"height":400},{"@type":"BreadcrumbList","@id":"https:\/\/luchonoticias.com\/editor\/la-magnitud-de-la-crisis-humanitaria-en-el-catatumbo\/#breadcrumb","itemListElement":[{"@type":"ListItem","position":1,"name":"Portada","item":"https:\/\/luchonoticias.com\/editor\/"},{"@type":"ListItem","position":2,"name":"La magnitud de la crisis humanitaria en el Catatumbo"}]},{"@type":"WebSite","@id":"https:\/\/luchonoticias.com\/editor\/#website","url":"https:\/\/luchonoticias.com\/editor\/","name":"","description":"","publisher":{"@id":"https:\/\/luchonoticias.com\/editor\/#\/schema\/person\/7a7fd911f58561fd056dbac7b55af9cd"},"potentialAction":[{"@type":"SearchAction","target":{"@type":"EntryPoint","urlTemplate":"https:\/\/luchonoticias.com\/editor\/?s={search_term_string}"},"query-input":{"@type":"PropertyValueSpecification","valueRequired":true,"valueName":"search_term_string"}}],"inLanguage":"es"},{"@type":["Person","Organization"],"@id":"https:\/\/luchonoticias.com\/editor\/#\/schema\/person\/7a7fd911f58561fd056dbac7b55af9cd","name":"admin","image":{"@type":"ImageObject","inLanguage":"es","@id":"https:\/\/luchonoticias.com\/editor\/#\/schema\/person\/image\/","url":"https:\/\/luchonoticias.com\/editor\/wp-content\/uploads\/2024\/02\/cropped-cropped-logolu.webp","contentUrl":"https:\/\/luchonoticias.com\/editor\/wp-content\/uploads\/2024\/02\/cropped-cropped-logolu.webp","width":382,"height":170,"caption":"admin"},"logo":{"@id":"https:\/\/luchonoticias.com\/editor\/#\/schema\/person\/image\/"},"sameAs":["https:\/\/www.facebook.com\/luchonoticiasneiva"]},{"@type":"Person","@id":"https:\/\/luchonoticias.com\/editor\/#\/schema\/person\/29217990ddf6f14e35912b2866d591fb","name":"Editor General","image":{"@type":"ImageObject","inLanguage":"es","@id":"https:\/\/luchonoticias.com\/editor\/#\/schema\/person\/image\/","url":"https:\/\/luchonoticias.com\/editor\/wp-content\/uploads\/2024\/02\/cropped-cropped-logolu-150x150.webp","contentUrl":"https:\/\/luchonoticias.com\/editor\/wp-content\/uploads\/2024\/02\/cropped-cropped-logolu-150x150.webp","caption":"Editor General"},"sameAs":["https:\/\/luchonoticias.com\/"],"url":"https:\/\/luchonoticias.com\/editor\/author\/editor-general\/"}]}},"_links":{"self":[{"href":"https:\/\/luchonoticias.com\/editor\/wp-json\/wp\/v2\/posts\/80856","targetHints":{"allow":["GET"]}}],"collection":[{"href":"https:\/\/luchonoticias.com\/editor\/wp-json\/wp\/v2\/posts"}],"about":[{"href":"https:\/\/luchonoticias.com\/editor\/wp-json\/wp\/v2\/types\/post"}],"author":[{"embeddable":true,"href":"https:\/\/luchonoticias.com\/editor\/wp-json\/wp\/v2\/users\/2"}],"replies":[{"embeddable":true,"href":"https:\/\/luchonoticias.com\/editor\/wp-json\/wp\/v2\/comments?post=80856"}],"version-history":[{"count":1,"href":"https:\/\/luchonoticias.com\/editor\/wp-json\/wp\/v2\/posts\/80856\/revisions"}],"predecessor-version":[{"id":80858,"href":"https:\/\/luchonoticias.com\/editor\/wp-json\/wp\/v2\/posts\/80856\/revisions\/80858"}],"wp:featuredmedia":[{"embeddable":true,"href":"https:\/\/luchonoticias.com\/editor\/wp-json\/wp\/v2\/media\/80857"}],"wp:attachment":[{"href":"https:\/\/luchonoticias.com\/editor\/wp-json\/wp\/v2\/media?parent=80856"}],"wp:term":[{"taxonomy":"category","embeddable":true,"href":"https:\/\/luchonoticias.com\/editor\/wp-json\/wp\/v2\/categories?post=80856"},{"taxonomy":"post_tag","embeddable":true,"href":"https:\/\/luchonoticias.com\/editor\/wp-json\/wp\/v2\/tags?post=80856"}],"curies":[{"name":"wp","href":"https:\/\/api.w.org\/{rel}","templated":true}]}}