{"id":81282,"date":"2025-01-31T04:17:40","date_gmt":"2025-01-31T09:17:40","guid":{"rendered":"https:\/\/luchonoticias.com\/?p=81282"},"modified":"2025-01-31T04:17:41","modified_gmt":"2025-01-31T09:17:41","slug":"critica-presidencial-al-modelo-tarifario-de-energia","status":"publish","type":"post","link":"https:\/\/luchonoticias.com\/editor\/critica-presidencial-al-modelo-tarifario-de-energia\/","title":{"rendered":"Cr\u00edtica presidencial al modelo tarifario de energ\u00eda"},"content":{"rendered":"\n<figure class=\"wp-block-image size-full\"><img loading=\"lazy\" decoding=\"async\" width=\"700\" height=\"400\" src=\"https:\/\/luchonoticias.com\/wp-content\/uploads\/2024\/10\/petro-1.jpg\" alt=\"\" class=\"wp-image-78087\" srcset=\"https:\/\/luchonoticias.com\/editor\/wp-content\/uploads\/2024\/10\/petro-1.jpg 700w, https:\/\/luchonoticias.com\/editor\/wp-content\/uploads\/2024\/10\/petro-1-300x171.jpg 300w\" sizes=\"auto, (max-width: 700px) 100vw, 700px\" \/><\/figure>\n\n\n\n<p>El presidente Gustavo Petro afirm\u00f3 en la \u2018Movilizaci\u00f3n por la Democracia Energ\u00e9tica\u2019 en Barranquilla que las tarifas de energ\u00eda en Colombia son ilegales. Seg\u00fan el mandatario, la f\u00f3rmula utilizada para fijarlas ha sido impuesta durante 30 a\u00f1os por la Comisi\u00f3n de Regulaci\u00f3n de Energ\u00eda y Gas (CREG), cuyos comisionados provienen del sector privado, lo que, en su opini\u00f3n, favorece a las grandes generadoras.<\/p>\n\n\n\n<p>Petro denunci\u00f3 que este sistema ha permitido que las empresas obtengan ganancias hasta 15 veces superiores a lo establecido por la Constituci\u00f3n, lo que considera una estafa millonaria a la ciudadan\u00eda. Tambi\u00e9n cuestion\u00f3 por qu\u00e9 en regiones como la costa Caribe la energ\u00eda es m\u00e1s costosa que en otras ciudades del pa\u00eds, a pesar de la abundante disponibilidad de recursos naturales como el agua y el sol.<\/p>\n\n\n\n<p>El jefe de Estado critic\u00f3 la estructura del mercado energ\u00e9tico, se\u00f1alando que un kilovatio de energ\u00eda que deber\u00eda costar entre $100 y $120 puede llegar a venderse por m\u00e1s de $1.300. Asegur\u00f3 que la CREG dise\u00f1\u00f3 la f\u00f3rmula tarifaria con el prop\u00f3sito de beneficiar a seis grandes generadoras de energ\u00eda, en detrimento de los usuarios.<\/p>\n\n\n\n<p>Ante esta situaci\u00f3n, Petro defendi\u00f3 la nueva f\u00f3rmula tarifaria aprobada por el Gobierno en diciembre pasado y denunci\u00f3 obst\u00e1culos para su implementaci\u00f3n, como la suspensi\u00f3n de un decreto presidencial y la resistencia de las empresas del sector. Tambi\u00e9n se\u00f1al\u00f3 que la empresa XM, encargada de operar el mercado de energ\u00eda, es manejada por directivos que se eligen entre ellos mismos, sin intervenci\u00f3n del Estado ni de la ciudadan\u00eda.<\/p>\n\n\n\n<p>Finalmente, el presidente inst\u00f3 a las autoridades a aplicar la nueva f\u00f3rmula tarifaria y llam\u00f3 a la ciudadan\u00eda a seguir moviliz\u00e1ndose para exigir cambios en el sector energ\u00e9tico. Asegur\u00f3 que la presi\u00f3n popular ser\u00e1 clave para evitar que la implementaci\u00f3n de la nueva normativa se postergue hasta 2028, como lo han propuesto las empresas generadoras.<\/p>\n\n\n\n<p><\/p>\n","protected":false},"excerpt":{"rendered":"<p>El presidente Gustavo Petro afirm\u00f3 en la \u2018Movilizaci\u00f3n por la Democracia Energ\u00e9tica\u2019 en Barranquilla que las tarifas de energ\u00eda en Colombia son ilegales. Seg\u00fan el mandatario, la f\u00f3rmula utilizada para fijarlas ha sido impuesta durante 30 a\u00f1os por la Comisi\u00f3n de Regulaci\u00f3n de Energ\u00eda y Gas (CREG), cuyos comisionados provienen del sector privado, lo que, [&hellip;]<\/p>\n","protected":false},"author":2,"featured_media":78087,"comment_status":"closed","ping_status":"open","sticky":false,"template":"","format":"standard","meta":{"footnotes":""},"categories":[28,32],"tags":[],"class_list":["post-81282","post","type-post","status-publish","format-standard","has-post-thumbnail","hentry","category-actualidad","category-nacional"],"yoast_head":"<!-- This site is optimized with the Yoast SEO plugin v26.6 - https:\/\/yoast.com\/wordpress\/plugins\/seo\/ -->\n<title>Cr\u00edtica presidencial al modelo tarifario de energ\u00eda -<\/title>\n<meta name=\"robots\" content=\"index, follow, max-snippet:-1, max-image-preview:large, max-video-preview:-1\" \/>\n<link rel=\"canonical\" href=\"https:\/\/luchonoticias.com\/editor\/critica-presidencial-al-modelo-tarifario-de-energia\/\" \/>\n<meta property=\"og:locale\" content=\"es_ES\" \/>\n<meta property=\"og:type\" content=\"article\" \/>\n<meta property=\"og:title\" content=\"Cr\u00edtica presidencial al modelo tarifario de energ\u00eda -\" \/>\n<meta property=\"og:url\" content=\"https:\/\/luchonoticias.com\/editor\/critica-presidencial-al-modelo-tarifario-de-energia\/\" \/>\n<meta property=\"article:publisher\" content=\"https:\/\/www.facebook.com\/luchonoticiasneiva\" \/>\n<meta property=\"article:published_time\" content=\"2025-01-31T09:17:40+00:00\" \/>\n<meta property=\"article:modified_time\" content=\"2025-01-31T09:17:41+00:00\" \/>\n<meta property=\"og:image\" content=\"https:\/\/luchonoticias.com\/editor\/wp-content\/uploads\/2024\/10\/petro-1.jpg\" \/>\n\t<meta property=\"og:image:width\" content=\"700\" \/>\n\t<meta property=\"og:image:height\" content=\"400\" \/>\n\t<meta property=\"og:image:type\" content=\"image\/jpeg\" \/>\n<meta name=\"author\" content=\"Editor General\" \/>\n<meta name=\"twitter:card\" content=\"summary_large_image\" \/>\n<meta name=\"twitter:label1\" content=\"Escrito por\" \/>\n\t<meta name=\"twitter:data1\" content=\"Editor General\" \/>\n\t<meta name=\"twitter:label2\" content=\"Tiempo de lectura\" \/>\n\t<meta name=\"twitter:data2\" content=\"2 minutos\" \/>\n<script type=\"application\/ld+json\" class=\"yoast-schema-graph\">{\"@context\":\"https:\/\/schema.org\",\"@graph\":[{\"@type\":\"Article\",\"@id\":\"https:\/\/luchonoticias.com\/editor\/critica-presidencial-al-modelo-tarifario-de-energia\/#article\",\"isPartOf\":{\"@id\":\"https:\/\/luchonoticias.com\/editor\/critica-presidencial-al-modelo-tarifario-de-energia\/\"},\"author\":{\"name\":\"Editor General\",\"@id\":\"https:\/\/luchonoticias.com\/editor\/#\/schema\/person\/29217990ddf6f14e35912b2866d591fb\"},\"headline\":\"Cr\u00edtica presidencial al modelo tarifario de energ\u00eda\",\"datePublished\":\"2025-01-31T09:17:40+00:00\",\"dateModified\":\"2025-01-31T09:17:41+00:00\",\"mainEntityOfPage\":{\"@id\":\"https:\/\/luchonoticias.com\/editor\/critica-presidencial-al-modelo-tarifario-de-energia\/\"},\"wordCount\":351,\"publisher\":{\"@id\":\"https:\/\/luchonoticias.com\/editor\/#\/schema\/person\/7a7fd911f58561fd056dbac7b55af9cd\"},\"image\":{\"@id\":\"https:\/\/luchonoticias.com\/editor\/critica-presidencial-al-modelo-tarifario-de-energia\/#primaryimage\"},\"thumbnailUrl\":\"https:\/\/luchonoticias.com\/editor\/wp-content\/uploads\/2024\/10\/petro-1.jpg\",\"articleSection\":[\"Actualidad\",\"Nacional\"],\"inLanguage\":\"es\"},{\"@type\":\"WebPage\",\"@id\":\"https:\/\/luchonoticias.com\/editor\/critica-presidencial-al-modelo-tarifario-de-energia\/\",\"url\":\"https:\/\/luchonoticias.com\/editor\/critica-presidencial-al-modelo-tarifario-de-energia\/\",\"name\":\"Cr\u00edtica presidencial al modelo tarifario de energ\u00eda -\",\"isPartOf\":{\"@id\":\"https:\/\/luchonoticias.com\/editor\/#website\"},\"primaryImageOfPage\":{\"@id\":\"https:\/\/luchonoticias.com\/editor\/critica-presidencial-al-modelo-tarifario-de-energia\/#primaryimage\"},\"image\":{\"@id\":\"https:\/\/luchonoticias.com\/editor\/critica-presidencial-al-modelo-tarifario-de-energia\/#primaryimage\"},\"thumbnailUrl\":\"https:\/\/luchonoticias.com\/editor\/wp-content\/uploads\/2024\/10\/petro-1.jpg\",\"datePublished\":\"2025-01-31T09:17:40+00:00\",\"dateModified\":\"2025-01-31T09:17:41+00:00\",\"breadcrumb\":{\"@id\":\"https:\/\/luchonoticias.com\/editor\/critica-presidencial-al-modelo-tarifario-de-energia\/#breadcrumb\"},\"inLanguage\":\"es\",\"potentialAction\":[{\"@type\":\"ReadAction\",\"target\":[\"https:\/\/luchonoticias.com\/editor\/critica-presidencial-al-modelo-tarifario-de-energia\/\"]}]},{\"@type\":\"ImageObject\",\"inLanguage\":\"es\",\"@id\":\"https:\/\/luchonoticias.com\/editor\/critica-presidencial-al-modelo-tarifario-de-energia\/#primaryimage\",\"url\":\"https:\/\/luchonoticias.com\/editor\/wp-content\/uploads\/2024\/10\/petro-1.jpg\",\"contentUrl\":\"https:\/\/luchonoticias.com\/editor\/wp-content\/uploads\/2024\/10\/petro-1.jpg\",\"width\":700,\"height\":400},{\"@type\":\"BreadcrumbList\",\"@id\":\"https:\/\/luchonoticias.com\/editor\/critica-presidencial-al-modelo-tarifario-de-energia\/#breadcrumb\",\"itemListElement\":[{\"@type\":\"ListItem\",\"position\":1,\"name\":\"Portada\",\"item\":\"https:\/\/luchonoticias.com\/editor\/\"},{\"@type\":\"ListItem\",\"position\":2,\"name\":\"Cr\u00edtica presidencial al modelo tarifario de energ\u00eda\"}]},{\"@type\":\"WebSite\",\"@id\":\"https:\/\/luchonoticias.com\/editor\/#website\",\"url\":\"https:\/\/luchonoticias.com\/editor\/\",\"name\":\"\",\"description\":\"\",\"publisher\":{\"@id\":\"https:\/\/luchonoticias.com\/editor\/#\/schema\/person\/7a7fd911f58561fd056dbac7b55af9cd\"},\"potentialAction\":[{\"@type\":\"SearchAction\",\"target\":{\"@type\":\"EntryPoint\",\"urlTemplate\":\"https:\/\/luchonoticias.com\/editor\/?s={search_term_string}\"},\"query-input\":{\"@type\":\"PropertyValueSpecification\",\"valueRequired\":true,\"valueName\":\"search_term_string\"}}],\"inLanguage\":\"es\"},{\"@type\":[\"Person\",\"Organization\"],\"@id\":\"https:\/\/luchonoticias.com\/editor\/#\/schema\/person\/7a7fd911f58561fd056dbac7b55af9cd\",\"name\":\"admin\",\"image\":{\"@type\":\"ImageObject\",\"inLanguage\":\"es\",\"@id\":\"https:\/\/luchonoticias.com\/editor\/#\/schema\/person\/image\/\",\"url\":\"https:\/\/luchonoticias.com\/editor\/wp-content\/uploads\/2024\/02\/cropped-cropped-logolu.webp\",\"contentUrl\":\"https:\/\/luchonoticias.com\/editor\/wp-content\/uploads\/2024\/02\/cropped-cropped-logolu.webp\",\"width\":382,\"height\":170,\"caption\":\"admin\"},\"logo\":{\"@id\":\"https:\/\/luchonoticias.com\/editor\/#\/schema\/person\/image\/\"},\"sameAs\":[\"https:\/\/www.facebook.com\/luchonoticiasneiva\"]},{\"@type\":\"Person\",\"@id\":\"https:\/\/luchonoticias.com\/editor\/#\/schema\/person\/29217990ddf6f14e35912b2866d591fb\",\"name\":\"Editor General\",\"image\":{\"@type\":\"ImageObject\",\"inLanguage\":\"es\",\"@id\":\"https:\/\/luchonoticias.com\/editor\/#\/schema\/person\/image\/\",\"url\":\"https:\/\/luchonoticias.com\/editor\/wp-content\/uploads\/2024\/02\/cropped-cropped-logolu-150x150.webp\",\"contentUrl\":\"https:\/\/luchonoticias.com\/editor\/wp-content\/uploads\/2024\/02\/cropped-cropped-logolu-150x150.webp\",\"caption\":\"Editor General\"},\"sameAs\":[\"https:\/\/luchonoticias.com\/\"],\"url\":\"https:\/\/luchonoticias.com\/editor\/author\/editor-general\/\"}]}<\/script>\n<!-- \/ Yoast SEO plugin. -->","yoast_head_json":{"title":"Cr\u00edtica presidencial al modelo tarifario de energ\u00eda -","robots":{"index":"index","follow":"follow","max-snippet":"max-snippet:-1","max-image-preview":"max-image-preview:large","max-video-preview":"max-video-preview:-1"},"canonical":"https:\/\/luchonoticias.com\/editor\/critica-presidencial-al-modelo-tarifario-de-energia\/","og_locale":"es_ES","og_type":"article","og_title":"Cr\u00edtica presidencial al modelo tarifario de energ\u00eda -","og_url":"https:\/\/luchonoticias.com\/editor\/critica-presidencial-al-modelo-tarifario-de-energia\/","article_publisher":"https:\/\/www.facebook.com\/luchonoticiasneiva","article_published_time":"2025-01-31T09:17:40+00:00","article_modified_time":"2025-01-31T09:17:41+00:00","og_image":[{"width":700,"height":400,"url":"https:\/\/luchonoticias.com\/editor\/wp-content\/uploads\/2024\/10\/petro-1.jpg","type":"image\/jpeg"}],"author":"Editor General","twitter_card":"summary_large_image","twitter_misc":{"Escrito por":"Editor General","Tiempo de lectura":"2 minutos"},"schema":{"@context":"https:\/\/schema.org","@graph":[{"@type":"Article","@id":"https:\/\/luchonoticias.com\/editor\/critica-presidencial-al-modelo-tarifario-de-energia\/#article","isPartOf":{"@id":"https:\/\/luchonoticias.com\/editor\/critica-presidencial-al-modelo-tarifario-de-energia\/"},"author":{"name":"Editor General","@id":"https:\/\/luchonoticias.com\/editor\/#\/schema\/person\/29217990ddf6f14e35912b2866d591fb"},"headline":"Cr\u00edtica presidencial al modelo tarifario de energ\u00eda","datePublished":"2025-01-31T09:17:40+00:00","dateModified":"2025-01-31T09:17:41+00:00","mainEntityOfPage":{"@id":"https:\/\/luchonoticias.com\/editor\/critica-presidencial-al-modelo-tarifario-de-energia\/"},"wordCount":351,"publisher":{"@id":"https:\/\/luchonoticias.com\/editor\/#\/schema\/person\/7a7fd911f58561fd056dbac7b55af9cd"},"image":{"@id":"https:\/\/luchonoticias.com\/editor\/critica-presidencial-al-modelo-tarifario-de-energia\/#primaryimage"},"thumbnailUrl":"https:\/\/luchonoticias.com\/editor\/wp-content\/uploads\/2024\/10\/petro-1.jpg","articleSection":["Actualidad","Nacional"],"inLanguage":"es"},{"@type":"WebPage","@id":"https:\/\/luchonoticias.com\/editor\/critica-presidencial-al-modelo-tarifario-de-energia\/","url":"https:\/\/luchonoticias.com\/editor\/critica-presidencial-al-modelo-tarifario-de-energia\/","name":"Cr\u00edtica presidencial al modelo tarifario de energ\u00eda -","isPartOf":{"@id":"https:\/\/luchonoticias.com\/editor\/#website"},"primaryImageOfPage":{"@id":"https:\/\/luchonoticias.com\/editor\/critica-presidencial-al-modelo-tarifario-de-energia\/#primaryimage"},"image":{"@id":"https:\/\/luchonoticias.com\/editor\/critica-presidencial-al-modelo-tarifario-de-energia\/#primaryimage"},"thumbnailUrl":"https:\/\/luchonoticias.com\/editor\/wp-content\/uploads\/2024\/10\/petro-1.jpg","datePublished":"2025-01-31T09:17:40+00:00","dateModified":"2025-01-31T09:17:41+00:00","breadcrumb":{"@id":"https:\/\/luchonoticias.com\/editor\/critica-presidencial-al-modelo-tarifario-de-energia\/#breadcrumb"},"inLanguage":"es","potentialAction":[{"@type":"ReadAction","target":["https:\/\/luchonoticias.com\/editor\/critica-presidencial-al-modelo-tarifario-de-energia\/"]}]},{"@type":"ImageObject","inLanguage":"es","@id":"https:\/\/luchonoticias.com\/editor\/critica-presidencial-al-modelo-tarifario-de-energia\/#primaryimage","url":"https:\/\/luchonoticias.com\/editor\/wp-content\/uploads\/2024\/10\/petro-1.jpg","contentUrl":"https:\/\/luchonoticias.com\/editor\/wp-content\/uploads\/2024\/10\/petro-1.jpg","width":700,"height":400},{"@type":"BreadcrumbList","@id":"https:\/\/luchonoticias.com\/editor\/critica-presidencial-al-modelo-tarifario-de-energia\/#breadcrumb","itemListElement":[{"@type":"ListItem","position":1,"name":"Portada","item":"https:\/\/luchonoticias.com\/editor\/"},{"@type":"ListItem","position":2,"name":"Cr\u00edtica presidencial al modelo tarifario de energ\u00eda"}]},{"@type":"WebSite","@id":"https:\/\/luchonoticias.com\/editor\/#website","url":"https:\/\/luchonoticias.com\/editor\/","name":"","description":"","publisher":{"@id":"https:\/\/luchonoticias.com\/editor\/#\/schema\/person\/7a7fd911f58561fd056dbac7b55af9cd"},"potentialAction":[{"@type":"SearchAction","target":{"@type":"EntryPoint","urlTemplate":"https:\/\/luchonoticias.com\/editor\/?s={search_term_string}"},"query-input":{"@type":"PropertyValueSpecification","valueRequired":true,"valueName":"search_term_string"}}],"inLanguage":"es"},{"@type":["Person","Organization"],"@id":"https:\/\/luchonoticias.com\/editor\/#\/schema\/person\/7a7fd911f58561fd056dbac7b55af9cd","name":"admin","image":{"@type":"ImageObject","inLanguage":"es","@id":"https:\/\/luchonoticias.com\/editor\/#\/schema\/person\/image\/","url":"https:\/\/luchonoticias.com\/editor\/wp-content\/uploads\/2024\/02\/cropped-cropped-logolu.webp","contentUrl":"https:\/\/luchonoticias.com\/editor\/wp-content\/uploads\/2024\/02\/cropped-cropped-logolu.webp","width":382,"height":170,"caption":"admin"},"logo":{"@id":"https:\/\/luchonoticias.com\/editor\/#\/schema\/person\/image\/"},"sameAs":["https:\/\/www.facebook.com\/luchonoticiasneiva"]},{"@type":"Person","@id":"https:\/\/luchonoticias.com\/editor\/#\/schema\/person\/29217990ddf6f14e35912b2866d591fb","name":"Editor General","image":{"@type":"ImageObject","inLanguage":"es","@id":"https:\/\/luchonoticias.com\/editor\/#\/schema\/person\/image\/","url":"https:\/\/luchonoticias.com\/editor\/wp-content\/uploads\/2024\/02\/cropped-cropped-logolu-150x150.webp","contentUrl":"https:\/\/luchonoticias.com\/editor\/wp-content\/uploads\/2024\/02\/cropped-cropped-logolu-150x150.webp","caption":"Editor General"},"sameAs":["https:\/\/luchonoticias.com\/"],"url":"https:\/\/luchonoticias.com\/editor\/author\/editor-general\/"}]}},"_links":{"self":[{"href":"https:\/\/luchonoticias.com\/editor\/wp-json\/wp\/v2\/posts\/81282","targetHints":{"allow":["GET"]}}],"collection":[{"href":"https:\/\/luchonoticias.com\/editor\/wp-json\/wp\/v2\/posts"}],"about":[{"href":"https:\/\/luchonoticias.com\/editor\/wp-json\/wp\/v2\/types\/post"}],"author":[{"embeddable":true,"href":"https:\/\/luchonoticias.com\/editor\/wp-json\/wp\/v2\/users\/2"}],"replies":[{"embeddable":true,"href":"https:\/\/luchonoticias.com\/editor\/wp-json\/wp\/v2\/comments?post=81282"}],"version-history":[{"count":1,"href":"https:\/\/luchonoticias.com\/editor\/wp-json\/wp\/v2\/posts\/81282\/revisions"}],"predecessor-version":[{"id":81283,"href":"https:\/\/luchonoticias.com\/editor\/wp-json\/wp\/v2\/posts\/81282\/revisions\/81283"}],"wp:featuredmedia":[{"embeddable":true,"href":"https:\/\/luchonoticias.com\/editor\/wp-json\/wp\/v2\/media\/78087"}],"wp:attachment":[{"href":"https:\/\/luchonoticias.com\/editor\/wp-json\/wp\/v2\/media?parent=81282"}],"wp:term":[{"taxonomy":"category","embeddable":true,"href":"https:\/\/luchonoticias.com\/editor\/wp-json\/wp\/v2\/categories?post=81282"},{"taxonomy":"post_tag","embeddable":true,"href":"https:\/\/luchonoticias.com\/editor\/wp-json\/wp\/v2\/tags?post=81282"}],"curies":[{"name":"wp","href":"https:\/\/api.w.org\/{rel}","templated":true}]}}