{"id":81290,"date":"2025-01-31T04:49:07","date_gmt":"2025-01-31T09:49:07","guid":{"rendered":"https:\/\/luchonoticias.com\/?p=81290"},"modified":"2025-01-31T04:49:08","modified_gmt":"2025-01-31T09:49:08","slug":"consolidando-la-educacion-inicial-en-colombia","status":"publish","type":"post","link":"https:\/\/luchonoticias.com\/editor\/consolidando-la-educacion-inicial-en-colombia\/","title":{"rendered":"Consolidando la educaci\u00f3n inicial en Colombia"},"content":{"rendered":"\n<figure class=\"wp-block-image size-full\"><img loading=\"lazy\" decoding=\"async\" width=\"700\" height=\"400\" src=\"https:\/\/luchonoticias.com\/wp-content\/uploads\/2025\/01\/comunidades-indigenas.jpg\" alt=\"\" class=\"wp-image-81291\" srcset=\"https:\/\/luchonoticias.com\/editor\/wp-content\/uploads\/2025\/01\/comunidades-indigenas.jpg 700w, https:\/\/luchonoticias.com\/editor\/wp-content\/uploads\/2025\/01\/comunidades-indigenas-300x171.jpg 300w\" sizes=\"auto, (max-width: 700px) 100vw, 700px\" \/><\/figure>\n\n\n\n<p>Como parte de la estrategia nacional de fortalecimiento de la educaci\u00f3n inicial, el Ministerio de Educaci\u00f3n ha implementado medidas concretas para enriquecer las experiencias de aprendizaje en el pa\u00eds.<\/p>\n\n\n\n<p>Entre 2022 y el primer trimestre de 2024, se entregaron 5.186 kits de material pedag\u00f3gico a aulas de preescolar y 2.541 colecciones de libros, beneficiando a 288.743 ni\u00f1as y ni\u00f1os en instituciones educativas oficiales.<\/p>\n\n\n\n<p>Para el primer trimestre de 2025, se proyecta la entrega de 4.822 kits adicionales y 2.285 colecciones de libros m\u00e1s, con una inversi\u00f3n total de $43.487 millones.<\/p>\n\n\n\n<p>Un fiel reflejo est\u00e1 en las comunidades ind\u00edgenas, donde el Ministerio de Educaci\u00f3n Nacional acompa\u00f1\u00f3 la jornada en la Instituciones educativas Escuela rural mixta El Cacique y Escuela rural Las Delicias del Pueblo Misak, en el municipio de Silvia (Cauca), donde ni\u00f1os y ni\u00f1as iniciaron un nuevo ciclo de aprendizaje alrededor de la propuesta pedag\u00f3gica basada en los saberes ancestrales de su comunidad.<\/p>\n\n\n\n<p>En l\u00ednea con las metas del Plan Nacional de Desarrollo 2022-2026, el Gobierno ha alcanzado un avance significativo en la ampliaci\u00f3n de la cobertura de educaci\u00f3n inicial con atenci\u00f3n integral, beneficiando hasta septiembre de 2024 a 1.998.283 ni\u00f1os, ni\u00f1as y personas gestantes.<\/p>\n\n\n\n<p>La meta es llegar a 2.7 millones de beneficiarios, consolidando una pol\u00edtica educativa que prioriza la primera infancia como eje fundamental para el desarrollo del pa\u00eds.<\/p>\n\n\n\n<p><\/p>\n","protected":false},"excerpt":{"rendered":"<p>Como parte de la estrategia nacional de fortalecimiento de la educaci\u00f3n inicial, el Ministerio de Educaci\u00f3n ha implementado medidas concretas para enriquecer las experiencias de aprendizaje en el pa\u00eds. Entre 2022 y el primer trimestre de 2024, se entregaron 5.186 kits de material pedag\u00f3gico a aulas de preescolar y 2.541 colecciones de libros, beneficiando a [&hellip;]<\/p>\n","protected":false},"author":2,"featured_media":81291,"comment_status":"closed","ping_status":"open","sticky":false,"template":"","format":"standard","meta":{"footnotes":""},"categories":[32],"tags":[],"class_list":["post-81290","post","type-post","status-publish","format-standard","has-post-thumbnail","hentry","category-nacional"],"yoast_head":"<!-- This site is optimized with the Yoast SEO plugin v26.6 - https:\/\/yoast.com\/wordpress\/plugins\/seo\/ -->\n<title>Consolidando la educaci\u00f3n inicial en Colombia -<\/title>\n<meta name=\"robots\" content=\"index, follow, max-snippet:-1, max-image-preview:large, max-video-preview:-1\" \/>\n<link rel=\"canonical\" href=\"https:\/\/luchonoticias.com\/editor\/consolidando-la-educacion-inicial-en-colombia\/\" \/>\n<meta property=\"og:locale\" content=\"es_ES\" \/>\n<meta property=\"og:type\" content=\"article\" \/>\n<meta property=\"og:title\" content=\"Consolidando la educaci\u00f3n inicial en Colombia -\" \/>\n<meta property=\"og:url\" content=\"https:\/\/luchonoticias.com\/editor\/consolidando-la-educacion-inicial-en-colombia\/\" \/>\n<meta property=\"article:publisher\" content=\"https:\/\/www.facebook.com\/luchonoticiasneiva\" \/>\n<meta property=\"article:published_time\" content=\"2025-01-31T09:49:07+00:00\" \/>\n<meta property=\"article:modified_time\" content=\"2025-01-31T09:49:08+00:00\" \/>\n<meta property=\"og:image\" content=\"https:\/\/luchonoticias.com\/editor\/wp-content\/uploads\/2025\/01\/comunidades-indigenas.jpg\" \/>\n\t<meta property=\"og:image:width\" content=\"700\" \/>\n\t<meta property=\"og:image:height\" content=\"400\" \/>\n\t<meta property=\"og:image:type\" content=\"image\/jpeg\" \/>\n<meta name=\"author\" content=\"Editor General\" \/>\n<meta name=\"twitter:card\" content=\"summary_large_image\" \/>\n<meta name=\"twitter:label1\" content=\"Escrito por\" \/>\n\t<meta name=\"twitter:data1\" content=\"Editor General\" \/>\n\t<meta name=\"twitter:label2\" content=\"Tiempo de lectura\" \/>\n\t<meta name=\"twitter:data2\" content=\"2 minutos\" \/>\n<script type=\"application\/ld+json\" class=\"yoast-schema-graph\">{\"@context\":\"https:\/\/schema.org\",\"@graph\":[{\"@type\":\"Article\",\"@id\":\"https:\/\/luchonoticias.com\/editor\/consolidando-la-educacion-inicial-en-colombia\/#article\",\"isPartOf\":{\"@id\":\"https:\/\/luchonoticias.com\/editor\/consolidando-la-educacion-inicial-en-colombia\/\"},\"author\":{\"name\":\"Editor General\",\"@id\":\"https:\/\/luchonoticias.com\/editor\/#\/schema\/person\/29217990ddf6f14e35912b2866d591fb\"},\"headline\":\"Consolidando la educaci\u00f3n inicial en Colombia\",\"datePublished\":\"2025-01-31T09:49:07+00:00\",\"dateModified\":\"2025-01-31T09:49:08+00:00\",\"mainEntityOfPage\":{\"@id\":\"https:\/\/luchonoticias.com\/editor\/consolidando-la-educacion-inicial-en-colombia\/\"},\"wordCount\":237,\"publisher\":{\"@id\":\"https:\/\/luchonoticias.com\/editor\/#\/schema\/person\/7a7fd911f58561fd056dbac7b55af9cd\"},\"image\":{\"@id\":\"https:\/\/luchonoticias.com\/editor\/consolidando-la-educacion-inicial-en-colombia\/#primaryimage\"},\"thumbnailUrl\":\"https:\/\/luchonoticias.com\/editor\/wp-content\/uploads\/2025\/01\/comunidades-indigenas.jpg\",\"articleSection\":[\"Nacional\"],\"inLanguage\":\"es\"},{\"@type\":\"WebPage\",\"@id\":\"https:\/\/luchonoticias.com\/editor\/consolidando-la-educacion-inicial-en-colombia\/\",\"url\":\"https:\/\/luchonoticias.com\/editor\/consolidando-la-educacion-inicial-en-colombia\/\",\"name\":\"Consolidando la educaci\u00f3n inicial en Colombia -\",\"isPartOf\":{\"@id\":\"https:\/\/luchonoticias.com\/editor\/#website\"},\"primaryImageOfPage\":{\"@id\":\"https:\/\/luchonoticias.com\/editor\/consolidando-la-educacion-inicial-en-colombia\/#primaryimage\"},\"image\":{\"@id\":\"https:\/\/luchonoticias.com\/editor\/consolidando-la-educacion-inicial-en-colombia\/#primaryimage\"},\"thumbnailUrl\":\"https:\/\/luchonoticias.com\/editor\/wp-content\/uploads\/2025\/01\/comunidades-indigenas.jpg\",\"datePublished\":\"2025-01-31T09:49:07+00:00\",\"dateModified\":\"2025-01-31T09:49:08+00:00\",\"breadcrumb\":{\"@id\":\"https:\/\/luchonoticias.com\/editor\/consolidando-la-educacion-inicial-en-colombia\/#breadcrumb\"},\"inLanguage\":\"es\",\"potentialAction\":[{\"@type\":\"ReadAction\",\"target\":[\"https:\/\/luchonoticias.com\/editor\/consolidando-la-educacion-inicial-en-colombia\/\"]}]},{\"@type\":\"ImageObject\",\"inLanguage\":\"es\",\"@id\":\"https:\/\/luchonoticias.com\/editor\/consolidando-la-educacion-inicial-en-colombia\/#primaryimage\",\"url\":\"https:\/\/luchonoticias.com\/editor\/wp-content\/uploads\/2025\/01\/comunidades-indigenas.jpg\",\"contentUrl\":\"https:\/\/luchonoticias.com\/editor\/wp-content\/uploads\/2025\/01\/comunidades-indigenas.jpg\",\"width\":700,\"height\":400},{\"@type\":\"BreadcrumbList\",\"@id\":\"https:\/\/luchonoticias.com\/editor\/consolidando-la-educacion-inicial-en-colombia\/#breadcrumb\",\"itemListElement\":[{\"@type\":\"ListItem\",\"position\":1,\"name\":\"Portada\",\"item\":\"https:\/\/luchonoticias.com\/editor\/\"},{\"@type\":\"ListItem\",\"position\":2,\"name\":\"Consolidando la educaci\u00f3n inicial en Colombia\"}]},{\"@type\":\"WebSite\",\"@id\":\"https:\/\/luchonoticias.com\/editor\/#website\",\"url\":\"https:\/\/luchonoticias.com\/editor\/\",\"name\":\"\",\"description\":\"\",\"publisher\":{\"@id\":\"https:\/\/luchonoticias.com\/editor\/#\/schema\/person\/7a7fd911f58561fd056dbac7b55af9cd\"},\"potentialAction\":[{\"@type\":\"SearchAction\",\"target\":{\"@type\":\"EntryPoint\",\"urlTemplate\":\"https:\/\/luchonoticias.com\/editor\/?s={search_term_string}\"},\"query-input\":{\"@type\":\"PropertyValueSpecification\",\"valueRequired\":true,\"valueName\":\"search_term_string\"}}],\"inLanguage\":\"es\"},{\"@type\":[\"Person\",\"Organization\"],\"@id\":\"https:\/\/luchonoticias.com\/editor\/#\/schema\/person\/7a7fd911f58561fd056dbac7b55af9cd\",\"name\":\"admin\",\"image\":{\"@type\":\"ImageObject\",\"inLanguage\":\"es\",\"@id\":\"https:\/\/luchonoticias.com\/editor\/#\/schema\/person\/image\/\",\"url\":\"https:\/\/luchonoticias.com\/editor\/wp-content\/uploads\/2024\/02\/cropped-cropped-logolu.webp\",\"contentUrl\":\"https:\/\/luchonoticias.com\/editor\/wp-content\/uploads\/2024\/02\/cropped-cropped-logolu.webp\",\"width\":382,\"height\":170,\"caption\":\"admin\"},\"logo\":{\"@id\":\"https:\/\/luchonoticias.com\/editor\/#\/schema\/person\/image\/\"},\"sameAs\":[\"https:\/\/www.facebook.com\/luchonoticiasneiva\"]},{\"@type\":\"Person\",\"@id\":\"https:\/\/luchonoticias.com\/editor\/#\/schema\/person\/29217990ddf6f14e35912b2866d591fb\",\"name\":\"Editor General\",\"image\":{\"@type\":\"ImageObject\",\"inLanguage\":\"es\",\"@id\":\"https:\/\/luchonoticias.com\/editor\/#\/schema\/person\/image\/\",\"url\":\"https:\/\/luchonoticias.com\/editor\/wp-content\/uploads\/2024\/02\/cropped-cropped-logolu-150x150.webp\",\"contentUrl\":\"https:\/\/luchonoticias.com\/editor\/wp-content\/uploads\/2024\/02\/cropped-cropped-logolu-150x150.webp\",\"caption\":\"Editor General\"},\"sameAs\":[\"https:\/\/luchonoticias.com\/\"],\"url\":\"https:\/\/luchonoticias.com\/editor\/author\/editor-general\/\"}]}<\/script>\n<!-- \/ Yoast SEO plugin. -->","yoast_head_json":{"title":"Consolidando la educaci\u00f3n inicial en Colombia -","robots":{"index":"index","follow":"follow","max-snippet":"max-snippet:-1","max-image-preview":"max-image-preview:large","max-video-preview":"max-video-preview:-1"},"canonical":"https:\/\/luchonoticias.com\/editor\/consolidando-la-educacion-inicial-en-colombia\/","og_locale":"es_ES","og_type":"article","og_title":"Consolidando la educaci\u00f3n inicial en Colombia -","og_url":"https:\/\/luchonoticias.com\/editor\/consolidando-la-educacion-inicial-en-colombia\/","article_publisher":"https:\/\/www.facebook.com\/luchonoticiasneiva","article_published_time":"2025-01-31T09:49:07+00:00","article_modified_time":"2025-01-31T09:49:08+00:00","og_image":[{"width":700,"height":400,"url":"https:\/\/luchonoticias.com\/editor\/wp-content\/uploads\/2025\/01\/comunidades-indigenas.jpg","type":"image\/jpeg"}],"author":"Editor General","twitter_card":"summary_large_image","twitter_misc":{"Escrito por":"Editor General","Tiempo de lectura":"2 minutos"},"schema":{"@context":"https:\/\/schema.org","@graph":[{"@type":"Article","@id":"https:\/\/luchonoticias.com\/editor\/consolidando-la-educacion-inicial-en-colombia\/#article","isPartOf":{"@id":"https:\/\/luchonoticias.com\/editor\/consolidando-la-educacion-inicial-en-colombia\/"},"author":{"name":"Editor General","@id":"https:\/\/luchonoticias.com\/editor\/#\/schema\/person\/29217990ddf6f14e35912b2866d591fb"},"headline":"Consolidando la educaci\u00f3n inicial en Colombia","datePublished":"2025-01-31T09:49:07+00:00","dateModified":"2025-01-31T09:49:08+00:00","mainEntityOfPage":{"@id":"https:\/\/luchonoticias.com\/editor\/consolidando-la-educacion-inicial-en-colombia\/"},"wordCount":237,"publisher":{"@id":"https:\/\/luchonoticias.com\/editor\/#\/schema\/person\/7a7fd911f58561fd056dbac7b55af9cd"},"image":{"@id":"https:\/\/luchonoticias.com\/editor\/consolidando-la-educacion-inicial-en-colombia\/#primaryimage"},"thumbnailUrl":"https:\/\/luchonoticias.com\/editor\/wp-content\/uploads\/2025\/01\/comunidades-indigenas.jpg","articleSection":["Nacional"],"inLanguage":"es"},{"@type":"WebPage","@id":"https:\/\/luchonoticias.com\/editor\/consolidando-la-educacion-inicial-en-colombia\/","url":"https:\/\/luchonoticias.com\/editor\/consolidando-la-educacion-inicial-en-colombia\/","name":"Consolidando la educaci\u00f3n inicial en Colombia -","isPartOf":{"@id":"https:\/\/luchonoticias.com\/editor\/#website"},"primaryImageOfPage":{"@id":"https:\/\/luchonoticias.com\/editor\/consolidando-la-educacion-inicial-en-colombia\/#primaryimage"},"image":{"@id":"https:\/\/luchonoticias.com\/editor\/consolidando-la-educacion-inicial-en-colombia\/#primaryimage"},"thumbnailUrl":"https:\/\/luchonoticias.com\/editor\/wp-content\/uploads\/2025\/01\/comunidades-indigenas.jpg","datePublished":"2025-01-31T09:49:07+00:00","dateModified":"2025-01-31T09:49:08+00:00","breadcrumb":{"@id":"https:\/\/luchonoticias.com\/editor\/consolidando-la-educacion-inicial-en-colombia\/#breadcrumb"},"inLanguage":"es","potentialAction":[{"@type":"ReadAction","target":["https:\/\/luchonoticias.com\/editor\/consolidando-la-educacion-inicial-en-colombia\/"]}]},{"@type":"ImageObject","inLanguage":"es","@id":"https:\/\/luchonoticias.com\/editor\/consolidando-la-educacion-inicial-en-colombia\/#primaryimage","url":"https:\/\/luchonoticias.com\/editor\/wp-content\/uploads\/2025\/01\/comunidades-indigenas.jpg","contentUrl":"https:\/\/luchonoticias.com\/editor\/wp-content\/uploads\/2025\/01\/comunidades-indigenas.jpg","width":700,"height":400},{"@type":"BreadcrumbList","@id":"https:\/\/luchonoticias.com\/editor\/consolidando-la-educacion-inicial-en-colombia\/#breadcrumb","itemListElement":[{"@type":"ListItem","position":1,"name":"Portada","item":"https:\/\/luchonoticias.com\/editor\/"},{"@type":"ListItem","position":2,"name":"Consolidando la educaci\u00f3n inicial en Colombia"}]},{"@type":"WebSite","@id":"https:\/\/luchonoticias.com\/editor\/#website","url":"https:\/\/luchonoticias.com\/editor\/","name":"","description":"","publisher":{"@id":"https:\/\/luchonoticias.com\/editor\/#\/schema\/person\/7a7fd911f58561fd056dbac7b55af9cd"},"potentialAction":[{"@type":"SearchAction","target":{"@type":"EntryPoint","urlTemplate":"https:\/\/luchonoticias.com\/editor\/?s={search_term_string}"},"query-input":{"@type":"PropertyValueSpecification","valueRequired":true,"valueName":"search_term_string"}}],"inLanguage":"es"},{"@type":["Person","Organization"],"@id":"https:\/\/luchonoticias.com\/editor\/#\/schema\/person\/7a7fd911f58561fd056dbac7b55af9cd","name":"admin","image":{"@type":"ImageObject","inLanguage":"es","@id":"https:\/\/luchonoticias.com\/editor\/#\/schema\/person\/image\/","url":"https:\/\/luchonoticias.com\/editor\/wp-content\/uploads\/2024\/02\/cropped-cropped-logolu.webp","contentUrl":"https:\/\/luchonoticias.com\/editor\/wp-content\/uploads\/2024\/02\/cropped-cropped-logolu.webp","width":382,"height":170,"caption":"admin"},"logo":{"@id":"https:\/\/luchonoticias.com\/editor\/#\/schema\/person\/image\/"},"sameAs":["https:\/\/www.facebook.com\/luchonoticiasneiva"]},{"@type":"Person","@id":"https:\/\/luchonoticias.com\/editor\/#\/schema\/person\/29217990ddf6f14e35912b2866d591fb","name":"Editor General","image":{"@type":"ImageObject","inLanguage":"es","@id":"https:\/\/luchonoticias.com\/editor\/#\/schema\/person\/image\/","url":"https:\/\/luchonoticias.com\/editor\/wp-content\/uploads\/2024\/02\/cropped-cropped-logolu-150x150.webp","contentUrl":"https:\/\/luchonoticias.com\/editor\/wp-content\/uploads\/2024\/02\/cropped-cropped-logolu-150x150.webp","caption":"Editor General"},"sameAs":["https:\/\/luchonoticias.com\/"],"url":"https:\/\/luchonoticias.com\/editor\/author\/editor-general\/"}]}},"_links":{"self":[{"href":"https:\/\/luchonoticias.com\/editor\/wp-json\/wp\/v2\/posts\/81290","targetHints":{"allow":["GET"]}}],"collection":[{"href":"https:\/\/luchonoticias.com\/editor\/wp-json\/wp\/v2\/posts"}],"about":[{"href":"https:\/\/luchonoticias.com\/editor\/wp-json\/wp\/v2\/types\/post"}],"author":[{"embeddable":true,"href":"https:\/\/luchonoticias.com\/editor\/wp-json\/wp\/v2\/users\/2"}],"replies":[{"embeddable":true,"href":"https:\/\/luchonoticias.com\/editor\/wp-json\/wp\/v2\/comments?post=81290"}],"version-history":[{"count":1,"href":"https:\/\/luchonoticias.com\/editor\/wp-json\/wp\/v2\/posts\/81290\/revisions"}],"predecessor-version":[{"id":81292,"href":"https:\/\/luchonoticias.com\/editor\/wp-json\/wp\/v2\/posts\/81290\/revisions\/81292"}],"wp:featuredmedia":[{"embeddable":true,"href":"https:\/\/luchonoticias.com\/editor\/wp-json\/wp\/v2\/media\/81291"}],"wp:attachment":[{"href":"https:\/\/luchonoticias.com\/editor\/wp-json\/wp\/v2\/media?parent=81290"}],"wp:term":[{"taxonomy":"category","embeddable":true,"href":"https:\/\/luchonoticias.com\/editor\/wp-json\/wp\/v2\/categories?post=81290"},{"taxonomy":"post_tag","embeddable":true,"href":"https:\/\/luchonoticias.com\/editor\/wp-json\/wp\/v2\/tags?post=81290"}],"curies":[{"name":"wp","href":"https:\/\/api.w.org\/{rel}","templated":true}]}}