{"id":81300,"date":"2025-01-31T11:41:08","date_gmt":"2025-01-31T16:41:08","guid":{"rendered":"https:\/\/luchonoticias.com\/?p=81300"},"modified":"2025-01-31T11:41:09","modified_gmt":"2025-01-31T16:41:09","slug":"nuevo-ajuste-salarial-para-docentes-ocasionales-y-visitantes","status":"publish","type":"post","link":"https:\/\/luchonoticias.com\/editor\/nuevo-ajuste-salarial-para-docentes-ocasionales-y-visitantes\/","title":{"rendered":"Nuevo ajuste salarial para docentes ocasionales y visitantes"},"content":{"rendered":"\n<figure class=\"wp-block-image size-full\"><img loading=\"lazy\" decoding=\"async\" width=\"700\" height=\"400\" src=\"https:\/\/luchonoticias.com\/wp-content\/uploads\/2025\/01\/usco-2-luchonoticias.jpg\" alt=\"\" class=\"wp-image-81301\" srcset=\"https:\/\/luchonoticias.com\/editor\/wp-content\/uploads\/2025\/01\/usco-2-luchonoticias.jpg 700w, https:\/\/luchonoticias.com\/editor\/wp-content\/uploads\/2025\/01\/usco-2-luchonoticias-300x171.jpg 300w\" sizes=\"auto, (max-width: 700px) 100vw, 700px\" \/><\/figure>\n\n\n\n<p>El Consejo Superior Universitario de la Universidad Surcolombiana aprob\u00f3 una tabla salarial transitoria para docentes ocasionales y visitantes de tiempo completo que se vinculen por primera vez en 2025. La medida busca garantizar el inicio de clases en el primer semestre y sentar las bases para una regulaci\u00f3n definitiva.<\/p>\n\n\n\n<p>La vicerrectora acad\u00e9mica, Mar\u00eda Fernanda Jaime Osorio, destac\u00f3 que este acuerdo permitir\u00e1 el desarrollo del calendario acad\u00e9mico sin contratiempos. Adem\u00e1s, explic\u00f3 que su aplicaci\u00f3n ser\u00e1 temporal, cubriendo los periodos 2025-1 y 2025-2, mientras se establecen di\u00e1logos con los docentes para una normativa permanente.<\/p>\n\n\n\n<p>El jefe de Talento Humano, Jos\u00e9 Eur\u00edpides Sanabria, precis\u00f3 que la remuneraci\u00f3n de los nuevos docentes se basar\u00e1 en su formaci\u00f3n acad\u00e9mica y que este acuerdo servir\u00e1 como punto de partida para definir una regulaci\u00f3n definitiva en consenso con la comunidad acad\u00e9mica.<\/p>\n\n\n\n<p>En t\u00e9rminos financieros, el costo de la vinculaci\u00f3n de los nuevos docentes en el primer semestre de 2025 ser\u00e1 de 137 millones de pesos, mientras que la totalidad de las vinculaciones, incluyendo a docentes visitantes de periodos anteriores, ascender\u00e1 a 3.100 millones de pesos.<\/p>\n\n\n\n<p>Finalmente, la Universidad Surcolombiana asegur\u00f3 que tiene garantizados los recursos para el primer semestre del a\u00f1o, pero est\u00e1 a la espera de que el Gobierno Nacional asigne los fondos necesarios para cubrir el pago de los docentes en el segundo semestre de 2025.<\/p>\n\n\n\n<p><\/p>\n","protected":false},"excerpt":{"rendered":"<p>El Consejo Superior Universitario de la Universidad Surcolombiana aprob\u00f3 una tabla salarial transitoria para docentes ocasionales y visitantes de tiempo completo que se vinculen por primera vez en 2025. La medida busca garantizar el inicio de clases en el primer semestre y sentar las bases para una regulaci\u00f3n definitiva. La vicerrectora acad\u00e9mica, Mar\u00eda Fernanda Jaime [&hellip;]<\/p>\n","protected":false},"author":2,"featured_media":81301,"comment_status":"closed","ping_status":"open","sticky":false,"template":"","format":"standard","meta":{"footnotes":""},"categories":[36,33],"tags":[],"class_list":["post-81300","post","type-post","status-publish","format-standard","has-post-thumbnail","hentry","category-destacado","category-huila"],"yoast_head":"<!-- This site is optimized with the Yoast SEO plugin v26.6 - https:\/\/yoast.com\/wordpress\/plugins\/seo\/ -->\n<title>Nuevo ajuste salarial para docentes ocasionales y visitantes -<\/title>\n<meta name=\"robots\" content=\"index, follow, max-snippet:-1, max-image-preview:large, max-video-preview:-1\" \/>\n<link rel=\"canonical\" href=\"https:\/\/luchonoticias.com\/editor\/nuevo-ajuste-salarial-para-docentes-ocasionales-y-visitantes\/\" \/>\n<meta property=\"og:locale\" content=\"es_ES\" \/>\n<meta property=\"og:type\" content=\"article\" \/>\n<meta property=\"og:title\" content=\"Nuevo ajuste salarial para docentes ocasionales y visitantes -\" \/>\n<meta property=\"og:url\" content=\"https:\/\/luchonoticias.com\/editor\/nuevo-ajuste-salarial-para-docentes-ocasionales-y-visitantes\/\" \/>\n<meta property=\"article:publisher\" content=\"https:\/\/www.facebook.com\/luchonoticiasneiva\" \/>\n<meta property=\"article:published_time\" content=\"2025-01-31T16:41:08+00:00\" \/>\n<meta property=\"article:modified_time\" content=\"2025-01-31T16:41:09+00:00\" \/>\n<meta property=\"og:image\" content=\"https:\/\/luchonoticias.com\/editor\/wp-content\/uploads\/2025\/01\/usco-2-luchonoticias.jpg\" \/>\n\t<meta property=\"og:image:width\" content=\"700\" \/>\n\t<meta property=\"og:image:height\" content=\"400\" \/>\n\t<meta property=\"og:image:type\" content=\"image\/jpeg\" \/>\n<meta name=\"author\" content=\"Editor General\" \/>\n<meta name=\"twitter:card\" content=\"summary_large_image\" \/>\n<meta name=\"twitter:label1\" content=\"Escrito por\" \/>\n\t<meta name=\"twitter:data1\" content=\"Editor General\" \/>\n\t<meta name=\"twitter:label2\" content=\"Tiempo de lectura\" \/>\n\t<meta name=\"twitter:data2\" content=\"2 minutos\" \/>\n<script type=\"application\/ld+json\" class=\"yoast-schema-graph\">{\"@context\":\"https:\/\/schema.org\",\"@graph\":[{\"@type\":\"Article\",\"@id\":\"https:\/\/luchonoticias.com\/editor\/nuevo-ajuste-salarial-para-docentes-ocasionales-y-visitantes\/#article\",\"isPartOf\":{\"@id\":\"https:\/\/luchonoticias.com\/editor\/nuevo-ajuste-salarial-para-docentes-ocasionales-y-visitantes\/\"},\"author\":{\"name\":\"Editor General\",\"@id\":\"https:\/\/luchonoticias.com\/editor\/#\/schema\/person\/29217990ddf6f14e35912b2866d591fb\"},\"headline\":\"Nuevo ajuste salarial para docentes ocasionales y visitantes\",\"datePublished\":\"2025-01-31T16:41:08+00:00\",\"dateModified\":\"2025-01-31T16:41:09+00:00\",\"mainEntityOfPage\":{\"@id\":\"https:\/\/luchonoticias.com\/editor\/nuevo-ajuste-salarial-para-docentes-ocasionales-y-visitantes\/\"},\"wordCount\":240,\"publisher\":{\"@id\":\"https:\/\/luchonoticias.com\/editor\/#\/schema\/person\/7a7fd911f58561fd056dbac7b55af9cd\"},\"image\":{\"@id\":\"https:\/\/luchonoticias.com\/editor\/nuevo-ajuste-salarial-para-docentes-ocasionales-y-visitantes\/#primaryimage\"},\"thumbnailUrl\":\"https:\/\/luchonoticias.com\/editor\/wp-content\/uploads\/2025\/01\/usco-2-luchonoticias.jpg\",\"articleSection\":[\"Destacado\",\"Huila\"],\"inLanguage\":\"es\"},{\"@type\":\"WebPage\",\"@id\":\"https:\/\/luchonoticias.com\/editor\/nuevo-ajuste-salarial-para-docentes-ocasionales-y-visitantes\/\",\"url\":\"https:\/\/luchonoticias.com\/editor\/nuevo-ajuste-salarial-para-docentes-ocasionales-y-visitantes\/\",\"name\":\"Nuevo ajuste salarial para docentes ocasionales y visitantes -\",\"isPartOf\":{\"@id\":\"https:\/\/luchonoticias.com\/editor\/#website\"},\"primaryImageOfPage\":{\"@id\":\"https:\/\/luchonoticias.com\/editor\/nuevo-ajuste-salarial-para-docentes-ocasionales-y-visitantes\/#primaryimage\"},\"image\":{\"@id\":\"https:\/\/luchonoticias.com\/editor\/nuevo-ajuste-salarial-para-docentes-ocasionales-y-visitantes\/#primaryimage\"},\"thumbnailUrl\":\"https:\/\/luchonoticias.com\/editor\/wp-content\/uploads\/2025\/01\/usco-2-luchonoticias.jpg\",\"datePublished\":\"2025-01-31T16:41:08+00:00\",\"dateModified\":\"2025-01-31T16:41:09+00:00\",\"breadcrumb\":{\"@id\":\"https:\/\/luchonoticias.com\/editor\/nuevo-ajuste-salarial-para-docentes-ocasionales-y-visitantes\/#breadcrumb\"},\"inLanguage\":\"es\",\"potentialAction\":[{\"@type\":\"ReadAction\",\"target\":[\"https:\/\/luchonoticias.com\/editor\/nuevo-ajuste-salarial-para-docentes-ocasionales-y-visitantes\/\"]}]},{\"@type\":\"ImageObject\",\"inLanguage\":\"es\",\"@id\":\"https:\/\/luchonoticias.com\/editor\/nuevo-ajuste-salarial-para-docentes-ocasionales-y-visitantes\/#primaryimage\",\"url\":\"https:\/\/luchonoticias.com\/editor\/wp-content\/uploads\/2025\/01\/usco-2-luchonoticias.jpg\",\"contentUrl\":\"https:\/\/luchonoticias.com\/editor\/wp-content\/uploads\/2025\/01\/usco-2-luchonoticias.jpg\",\"width\":700,\"height\":400},{\"@type\":\"BreadcrumbList\",\"@id\":\"https:\/\/luchonoticias.com\/editor\/nuevo-ajuste-salarial-para-docentes-ocasionales-y-visitantes\/#breadcrumb\",\"itemListElement\":[{\"@type\":\"ListItem\",\"position\":1,\"name\":\"Portada\",\"item\":\"https:\/\/luchonoticias.com\/editor\/\"},{\"@type\":\"ListItem\",\"position\":2,\"name\":\"Nuevo ajuste salarial para docentes ocasionales y visitantes\"}]},{\"@type\":\"WebSite\",\"@id\":\"https:\/\/luchonoticias.com\/editor\/#website\",\"url\":\"https:\/\/luchonoticias.com\/editor\/\",\"name\":\"\",\"description\":\"\",\"publisher\":{\"@id\":\"https:\/\/luchonoticias.com\/editor\/#\/schema\/person\/7a7fd911f58561fd056dbac7b55af9cd\"},\"potentialAction\":[{\"@type\":\"SearchAction\",\"target\":{\"@type\":\"EntryPoint\",\"urlTemplate\":\"https:\/\/luchonoticias.com\/editor\/?s={search_term_string}\"},\"query-input\":{\"@type\":\"PropertyValueSpecification\",\"valueRequired\":true,\"valueName\":\"search_term_string\"}}],\"inLanguage\":\"es\"},{\"@type\":[\"Person\",\"Organization\"],\"@id\":\"https:\/\/luchonoticias.com\/editor\/#\/schema\/person\/7a7fd911f58561fd056dbac7b55af9cd\",\"name\":\"admin\",\"image\":{\"@type\":\"ImageObject\",\"inLanguage\":\"es\",\"@id\":\"https:\/\/luchonoticias.com\/editor\/#\/schema\/person\/image\/\",\"url\":\"https:\/\/luchonoticias.com\/editor\/wp-content\/uploads\/2024\/02\/cropped-cropped-logolu.webp\",\"contentUrl\":\"https:\/\/luchonoticias.com\/editor\/wp-content\/uploads\/2024\/02\/cropped-cropped-logolu.webp\",\"width\":382,\"height\":170,\"caption\":\"admin\"},\"logo\":{\"@id\":\"https:\/\/luchonoticias.com\/editor\/#\/schema\/person\/image\/\"},\"sameAs\":[\"https:\/\/www.facebook.com\/luchonoticiasneiva\"]},{\"@type\":\"Person\",\"@id\":\"https:\/\/luchonoticias.com\/editor\/#\/schema\/person\/29217990ddf6f14e35912b2866d591fb\",\"name\":\"Editor General\",\"image\":{\"@type\":\"ImageObject\",\"inLanguage\":\"es\",\"@id\":\"https:\/\/luchonoticias.com\/editor\/#\/schema\/person\/image\/\",\"url\":\"https:\/\/luchonoticias.com\/editor\/wp-content\/uploads\/2024\/02\/cropped-cropped-logolu-150x150.webp\",\"contentUrl\":\"https:\/\/luchonoticias.com\/editor\/wp-content\/uploads\/2024\/02\/cropped-cropped-logolu-150x150.webp\",\"caption\":\"Editor General\"},\"sameAs\":[\"https:\/\/luchonoticias.com\/\"],\"url\":\"https:\/\/luchonoticias.com\/editor\/author\/editor-general\/\"}]}<\/script>\n<!-- \/ Yoast SEO plugin. -->","yoast_head_json":{"title":"Nuevo ajuste salarial para docentes ocasionales y visitantes -","robots":{"index":"index","follow":"follow","max-snippet":"max-snippet:-1","max-image-preview":"max-image-preview:large","max-video-preview":"max-video-preview:-1"},"canonical":"https:\/\/luchonoticias.com\/editor\/nuevo-ajuste-salarial-para-docentes-ocasionales-y-visitantes\/","og_locale":"es_ES","og_type":"article","og_title":"Nuevo ajuste salarial para docentes ocasionales y visitantes -","og_url":"https:\/\/luchonoticias.com\/editor\/nuevo-ajuste-salarial-para-docentes-ocasionales-y-visitantes\/","article_publisher":"https:\/\/www.facebook.com\/luchonoticiasneiva","article_published_time":"2025-01-31T16:41:08+00:00","article_modified_time":"2025-01-31T16:41:09+00:00","og_image":[{"width":700,"height":400,"url":"https:\/\/luchonoticias.com\/editor\/wp-content\/uploads\/2025\/01\/usco-2-luchonoticias.jpg","type":"image\/jpeg"}],"author":"Editor General","twitter_card":"summary_large_image","twitter_misc":{"Escrito por":"Editor General","Tiempo de lectura":"2 minutos"},"schema":{"@context":"https:\/\/schema.org","@graph":[{"@type":"Article","@id":"https:\/\/luchonoticias.com\/editor\/nuevo-ajuste-salarial-para-docentes-ocasionales-y-visitantes\/#article","isPartOf":{"@id":"https:\/\/luchonoticias.com\/editor\/nuevo-ajuste-salarial-para-docentes-ocasionales-y-visitantes\/"},"author":{"name":"Editor General","@id":"https:\/\/luchonoticias.com\/editor\/#\/schema\/person\/29217990ddf6f14e35912b2866d591fb"},"headline":"Nuevo ajuste salarial para docentes ocasionales y visitantes","datePublished":"2025-01-31T16:41:08+00:00","dateModified":"2025-01-31T16:41:09+00:00","mainEntityOfPage":{"@id":"https:\/\/luchonoticias.com\/editor\/nuevo-ajuste-salarial-para-docentes-ocasionales-y-visitantes\/"},"wordCount":240,"publisher":{"@id":"https:\/\/luchonoticias.com\/editor\/#\/schema\/person\/7a7fd911f58561fd056dbac7b55af9cd"},"image":{"@id":"https:\/\/luchonoticias.com\/editor\/nuevo-ajuste-salarial-para-docentes-ocasionales-y-visitantes\/#primaryimage"},"thumbnailUrl":"https:\/\/luchonoticias.com\/editor\/wp-content\/uploads\/2025\/01\/usco-2-luchonoticias.jpg","articleSection":["Destacado","Huila"],"inLanguage":"es"},{"@type":"WebPage","@id":"https:\/\/luchonoticias.com\/editor\/nuevo-ajuste-salarial-para-docentes-ocasionales-y-visitantes\/","url":"https:\/\/luchonoticias.com\/editor\/nuevo-ajuste-salarial-para-docentes-ocasionales-y-visitantes\/","name":"Nuevo ajuste salarial para docentes ocasionales y visitantes -","isPartOf":{"@id":"https:\/\/luchonoticias.com\/editor\/#website"},"primaryImageOfPage":{"@id":"https:\/\/luchonoticias.com\/editor\/nuevo-ajuste-salarial-para-docentes-ocasionales-y-visitantes\/#primaryimage"},"image":{"@id":"https:\/\/luchonoticias.com\/editor\/nuevo-ajuste-salarial-para-docentes-ocasionales-y-visitantes\/#primaryimage"},"thumbnailUrl":"https:\/\/luchonoticias.com\/editor\/wp-content\/uploads\/2025\/01\/usco-2-luchonoticias.jpg","datePublished":"2025-01-31T16:41:08+00:00","dateModified":"2025-01-31T16:41:09+00:00","breadcrumb":{"@id":"https:\/\/luchonoticias.com\/editor\/nuevo-ajuste-salarial-para-docentes-ocasionales-y-visitantes\/#breadcrumb"},"inLanguage":"es","potentialAction":[{"@type":"ReadAction","target":["https:\/\/luchonoticias.com\/editor\/nuevo-ajuste-salarial-para-docentes-ocasionales-y-visitantes\/"]}]},{"@type":"ImageObject","inLanguage":"es","@id":"https:\/\/luchonoticias.com\/editor\/nuevo-ajuste-salarial-para-docentes-ocasionales-y-visitantes\/#primaryimage","url":"https:\/\/luchonoticias.com\/editor\/wp-content\/uploads\/2025\/01\/usco-2-luchonoticias.jpg","contentUrl":"https:\/\/luchonoticias.com\/editor\/wp-content\/uploads\/2025\/01\/usco-2-luchonoticias.jpg","width":700,"height":400},{"@type":"BreadcrumbList","@id":"https:\/\/luchonoticias.com\/editor\/nuevo-ajuste-salarial-para-docentes-ocasionales-y-visitantes\/#breadcrumb","itemListElement":[{"@type":"ListItem","position":1,"name":"Portada","item":"https:\/\/luchonoticias.com\/editor\/"},{"@type":"ListItem","position":2,"name":"Nuevo ajuste salarial para docentes ocasionales y visitantes"}]},{"@type":"WebSite","@id":"https:\/\/luchonoticias.com\/editor\/#website","url":"https:\/\/luchonoticias.com\/editor\/","name":"","description":"","publisher":{"@id":"https:\/\/luchonoticias.com\/editor\/#\/schema\/person\/7a7fd911f58561fd056dbac7b55af9cd"},"potentialAction":[{"@type":"SearchAction","target":{"@type":"EntryPoint","urlTemplate":"https:\/\/luchonoticias.com\/editor\/?s={search_term_string}"},"query-input":{"@type":"PropertyValueSpecification","valueRequired":true,"valueName":"search_term_string"}}],"inLanguage":"es"},{"@type":["Person","Organization"],"@id":"https:\/\/luchonoticias.com\/editor\/#\/schema\/person\/7a7fd911f58561fd056dbac7b55af9cd","name":"admin","image":{"@type":"ImageObject","inLanguage":"es","@id":"https:\/\/luchonoticias.com\/editor\/#\/schema\/person\/image\/","url":"https:\/\/luchonoticias.com\/editor\/wp-content\/uploads\/2024\/02\/cropped-cropped-logolu.webp","contentUrl":"https:\/\/luchonoticias.com\/editor\/wp-content\/uploads\/2024\/02\/cropped-cropped-logolu.webp","width":382,"height":170,"caption":"admin"},"logo":{"@id":"https:\/\/luchonoticias.com\/editor\/#\/schema\/person\/image\/"},"sameAs":["https:\/\/www.facebook.com\/luchonoticiasneiva"]},{"@type":"Person","@id":"https:\/\/luchonoticias.com\/editor\/#\/schema\/person\/29217990ddf6f14e35912b2866d591fb","name":"Editor General","image":{"@type":"ImageObject","inLanguage":"es","@id":"https:\/\/luchonoticias.com\/editor\/#\/schema\/person\/image\/","url":"https:\/\/luchonoticias.com\/editor\/wp-content\/uploads\/2024\/02\/cropped-cropped-logolu-150x150.webp","contentUrl":"https:\/\/luchonoticias.com\/editor\/wp-content\/uploads\/2024\/02\/cropped-cropped-logolu-150x150.webp","caption":"Editor General"},"sameAs":["https:\/\/luchonoticias.com\/"],"url":"https:\/\/luchonoticias.com\/editor\/author\/editor-general\/"}]}},"_links":{"self":[{"href":"https:\/\/luchonoticias.com\/editor\/wp-json\/wp\/v2\/posts\/81300","targetHints":{"allow":["GET"]}}],"collection":[{"href":"https:\/\/luchonoticias.com\/editor\/wp-json\/wp\/v2\/posts"}],"about":[{"href":"https:\/\/luchonoticias.com\/editor\/wp-json\/wp\/v2\/types\/post"}],"author":[{"embeddable":true,"href":"https:\/\/luchonoticias.com\/editor\/wp-json\/wp\/v2\/users\/2"}],"replies":[{"embeddable":true,"href":"https:\/\/luchonoticias.com\/editor\/wp-json\/wp\/v2\/comments?post=81300"}],"version-history":[{"count":1,"href":"https:\/\/luchonoticias.com\/editor\/wp-json\/wp\/v2\/posts\/81300\/revisions"}],"predecessor-version":[{"id":81302,"href":"https:\/\/luchonoticias.com\/editor\/wp-json\/wp\/v2\/posts\/81300\/revisions\/81302"}],"wp:featuredmedia":[{"embeddable":true,"href":"https:\/\/luchonoticias.com\/editor\/wp-json\/wp\/v2\/media\/81301"}],"wp:attachment":[{"href":"https:\/\/luchonoticias.com\/editor\/wp-json\/wp\/v2\/media?parent=81300"}],"wp:term":[{"taxonomy":"category","embeddable":true,"href":"https:\/\/luchonoticias.com\/editor\/wp-json\/wp\/v2\/categories?post=81300"},{"taxonomy":"post_tag","embeddable":true,"href":"https:\/\/luchonoticias.com\/editor\/wp-json\/wp\/v2\/tags?post=81300"}],"curies":[{"name":"wp","href":"https:\/\/api.w.org\/{rel}","templated":true}]}}