{"id":81547,"date":"2025-02-08T11:12:49","date_gmt":"2025-02-08T16:12:49","guid":{"rendered":"https:\/\/luchonoticias.com\/?p=81547"},"modified":"2025-02-08T11:12:50","modified_gmt":"2025-02-08T16:12:50","slug":"reforzamiento-de-la-seguridad-en-el-occidente-del-huila","status":"publish","type":"post","link":"https:\/\/luchonoticias.com\/editor\/reforzamiento-de-la-seguridad-en-el-occidente-del-huila\/","title":{"rendered":"Reforzamiento de la seguridad en el occidente del Huila"},"content":{"rendered":"\n<figure class=\"wp-block-image size-full\"><img loading=\"lazy\" decoding=\"async\" width=\"700\" height=\"400\" src=\"https:\/\/luchonoticias.com\/wp-content\/uploads\/2025\/02\/detenido-la-plata.jpg\" alt=\"\" class=\"wp-image-81548\" srcset=\"https:\/\/luchonoticias.com\/editor\/wp-content\/uploads\/2025\/02\/detenido-la-plata.jpg 700w, https:\/\/luchonoticias.com\/editor\/wp-content\/uploads\/2025\/02\/detenido-la-plata-300x171.jpg 300w\" sizes=\"auto, (max-width: 700px) 100vw, 700px\" \/><\/figure>\n\n\n\n<p>Hasta el corregimiento de Pacarn\u00ed del municipio de Tesalia, Huila, tropas del Batall\u00f3n de Infanter\u00eda N.\u00b0 26 Cacique Pigoanza y del Grupo Liviano de Caballer\u00eda N.\u00b0 6 de la Novena Brigada adelantaron patrullas motorizadas en el \u00e1rea urbana de este centro poblado, donde cerca de 60 soldados recorrieron las calles velando por la seguridad de la comunidad de esta zona del Huila.<\/p>\n\n\n\n<p>En el marco del dispositivo militar desplegado por la Novena Brigada, el cual busca debilitar la capacidad de los grupos al margen de la ley, las tropas hallaron dos pancartas alusivas al Frente Ismael Ru\u00edz del Bloque Central Isa\u00edas Pardo. Ante ello y siguiendo los protocolos de seguridad, se descart\u00f3 por parte de los soldados la presencia de un artefacto explosivo improvisado, lo que llev\u00f3 al posterior desmonte de las mismas.<\/p>\n\n\n\n<p>De igual forma, en el reconocimiento de ruta por parte de la unidad militar, se produjo la captura de un sujeto, quien al ser requerido por las tropas hizo caso omiso, lo que gener\u00f3 la r\u00e1pida reacci\u00f3n de los soldados, logrando su captura y la incautaci\u00f3n de 22 kilos de marihuana.<\/p>\n\n\n\n<p>Este sujeto deber\u00e1 responder por el delito de tr\u00e1fico, porte y\/o fabricaci\u00f3n de estupefacientes y fue puesto con el material incautado a disposici\u00f3n de la Polic\u00eda Nacional para su proceso de judicializaci\u00f3n.<\/p>\n\n\n\n<p><\/p>\n","protected":false},"excerpt":{"rendered":"<p>Hasta el corregimiento de Pacarn\u00ed del municipio de Tesalia, Huila, tropas del Batall\u00f3n de Infanter\u00eda N.\u00b0 26 Cacique Pigoanza y del Grupo Liviano de Caballer\u00eda N.\u00b0 6 de la Novena Brigada adelantaron patrullas motorizadas en el \u00e1rea urbana de este centro poblado, donde cerca de 60 soldados recorrieron las calles velando por la seguridad de [&hellip;]<\/p>\n","protected":false},"author":2,"featured_media":81548,"comment_status":"closed","ping_status":"open","sticky":false,"template":"","format":"standard","meta":{"footnotes":""},"categories":[29],"tags":[],"class_list":["post-81547","post","type-post","status-publish","format-standard","has-post-thumbnail","hentry","category-judicial"],"yoast_head":"<!-- This site is optimized with the Yoast SEO plugin v26.6 - https:\/\/yoast.com\/wordpress\/plugins\/seo\/ -->\n<title>Reforzamiento de la seguridad en el occidente del Huila -<\/title>\n<meta name=\"robots\" content=\"index, follow, max-snippet:-1, max-image-preview:large, max-video-preview:-1\" \/>\n<link rel=\"canonical\" href=\"https:\/\/luchonoticias.com\/editor\/reforzamiento-de-la-seguridad-en-el-occidente-del-huila\/\" \/>\n<meta property=\"og:locale\" content=\"es_ES\" \/>\n<meta property=\"og:type\" content=\"article\" \/>\n<meta property=\"og:title\" content=\"Reforzamiento de la seguridad en el occidente del Huila -\" \/>\n<meta property=\"og:url\" content=\"https:\/\/luchonoticias.com\/editor\/reforzamiento-de-la-seguridad-en-el-occidente-del-huila\/\" \/>\n<meta property=\"article:publisher\" content=\"https:\/\/www.facebook.com\/luchonoticiasneiva\" \/>\n<meta property=\"article:published_time\" content=\"2025-02-08T16:12:49+00:00\" \/>\n<meta property=\"article:modified_time\" content=\"2025-02-08T16:12:50+00:00\" \/>\n<meta property=\"og:image\" content=\"https:\/\/luchonoticias.com\/editor\/wp-content\/uploads\/2025\/02\/detenido-la-plata.jpg\" \/>\n\t<meta property=\"og:image:width\" content=\"700\" \/>\n\t<meta property=\"og:image:height\" content=\"400\" \/>\n\t<meta property=\"og:image:type\" content=\"image\/jpeg\" \/>\n<meta name=\"author\" content=\"Editor General\" \/>\n<meta name=\"twitter:card\" content=\"summary_large_image\" \/>\n<meta name=\"twitter:label1\" content=\"Escrito por\" \/>\n\t<meta name=\"twitter:data1\" content=\"Editor General\" \/>\n\t<meta name=\"twitter:label2\" content=\"Tiempo de lectura\" \/>\n\t<meta name=\"twitter:data2\" content=\"2 minutos\" \/>\n<script type=\"application\/ld+json\" class=\"yoast-schema-graph\">{\"@context\":\"https:\/\/schema.org\",\"@graph\":[{\"@type\":\"Article\",\"@id\":\"https:\/\/luchonoticias.com\/editor\/reforzamiento-de-la-seguridad-en-el-occidente-del-huila\/#article\",\"isPartOf\":{\"@id\":\"https:\/\/luchonoticias.com\/editor\/reforzamiento-de-la-seguridad-en-el-occidente-del-huila\/\"},\"author\":{\"name\":\"Editor General\",\"@id\":\"https:\/\/luchonoticias.com\/editor\/#\/schema\/person\/29217990ddf6f14e35912b2866d591fb\"},\"headline\":\"Reforzamiento de la seguridad en el occidente del Huila\",\"datePublished\":\"2025-02-08T16:12:49+00:00\",\"dateModified\":\"2025-02-08T16:12:50+00:00\",\"mainEntityOfPage\":{\"@id\":\"https:\/\/luchonoticias.com\/editor\/reforzamiento-de-la-seguridad-en-el-occidente-del-huila\/\"},\"wordCount\":235,\"publisher\":{\"@id\":\"https:\/\/luchonoticias.com\/editor\/#\/schema\/person\/7a7fd911f58561fd056dbac7b55af9cd\"},\"image\":{\"@id\":\"https:\/\/luchonoticias.com\/editor\/reforzamiento-de-la-seguridad-en-el-occidente-del-huila\/#primaryimage\"},\"thumbnailUrl\":\"https:\/\/luchonoticias.com\/editor\/wp-content\/uploads\/2025\/02\/detenido-la-plata.jpg\",\"articleSection\":[\"Judicial\"],\"inLanguage\":\"es\"},{\"@type\":\"WebPage\",\"@id\":\"https:\/\/luchonoticias.com\/editor\/reforzamiento-de-la-seguridad-en-el-occidente-del-huila\/\",\"url\":\"https:\/\/luchonoticias.com\/editor\/reforzamiento-de-la-seguridad-en-el-occidente-del-huila\/\",\"name\":\"Reforzamiento de la seguridad en el occidente del Huila -\",\"isPartOf\":{\"@id\":\"https:\/\/luchonoticias.com\/editor\/#website\"},\"primaryImageOfPage\":{\"@id\":\"https:\/\/luchonoticias.com\/editor\/reforzamiento-de-la-seguridad-en-el-occidente-del-huila\/#primaryimage\"},\"image\":{\"@id\":\"https:\/\/luchonoticias.com\/editor\/reforzamiento-de-la-seguridad-en-el-occidente-del-huila\/#primaryimage\"},\"thumbnailUrl\":\"https:\/\/luchonoticias.com\/editor\/wp-content\/uploads\/2025\/02\/detenido-la-plata.jpg\",\"datePublished\":\"2025-02-08T16:12:49+00:00\",\"dateModified\":\"2025-02-08T16:12:50+00:00\",\"breadcrumb\":{\"@id\":\"https:\/\/luchonoticias.com\/editor\/reforzamiento-de-la-seguridad-en-el-occidente-del-huila\/#breadcrumb\"},\"inLanguage\":\"es\",\"potentialAction\":[{\"@type\":\"ReadAction\",\"target\":[\"https:\/\/luchonoticias.com\/editor\/reforzamiento-de-la-seguridad-en-el-occidente-del-huila\/\"]}]},{\"@type\":\"ImageObject\",\"inLanguage\":\"es\",\"@id\":\"https:\/\/luchonoticias.com\/editor\/reforzamiento-de-la-seguridad-en-el-occidente-del-huila\/#primaryimage\",\"url\":\"https:\/\/luchonoticias.com\/editor\/wp-content\/uploads\/2025\/02\/detenido-la-plata.jpg\",\"contentUrl\":\"https:\/\/luchonoticias.com\/editor\/wp-content\/uploads\/2025\/02\/detenido-la-plata.jpg\",\"width\":700,\"height\":400},{\"@type\":\"BreadcrumbList\",\"@id\":\"https:\/\/luchonoticias.com\/editor\/reforzamiento-de-la-seguridad-en-el-occidente-del-huila\/#breadcrumb\",\"itemListElement\":[{\"@type\":\"ListItem\",\"position\":1,\"name\":\"Portada\",\"item\":\"https:\/\/luchonoticias.com\/editor\/\"},{\"@type\":\"ListItem\",\"position\":2,\"name\":\"Reforzamiento de la seguridad en el occidente del Huila\"}]},{\"@type\":\"WebSite\",\"@id\":\"https:\/\/luchonoticias.com\/editor\/#website\",\"url\":\"https:\/\/luchonoticias.com\/editor\/\",\"name\":\"\",\"description\":\"\",\"publisher\":{\"@id\":\"https:\/\/luchonoticias.com\/editor\/#\/schema\/person\/7a7fd911f58561fd056dbac7b55af9cd\"},\"potentialAction\":[{\"@type\":\"SearchAction\",\"target\":{\"@type\":\"EntryPoint\",\"urlTemplate\":\"https:\/\/luchonoticias.com\/editor\/?s={search_term_string}\"},\"query-input\":{\"@type\":\"PropertyValueSpecification\",\"valueRequired\":true,\"valueName\":\"search_term_string\"}}],\"inLanguage\":\"es\"},{\"@type\":[\"Person\",\"Organization\"],\"@id\":\"https:\/\/luchonoticias.com\/editor\/#\/schema\/person\/7a7fd911f58561fd056dbac7b55af9cd\",\"name\":\"admin\",\"image\":{\"@type\":\"ImageObject\",\"inLanguage\":\"es\",\"@id\":\"https:\/\/luchonoticias.com\/editor\/#\/schema\/person\/image\/\",\"url\":\"https:\/\/luchonoticias.com\/editor\/wp-content\/uploads\/2024\/02\/cropped-cropped-logolu.webp\",\"contentUrl\":\"https:\/\/luchonoticias.com\/editor\/wp-content\/uploads\/2024\/02\/cropped-cropped-logolu.webp\",\"width\":382,\"height\":170,\"caption\":\"admin\"},\"logo\":{\"@id\":\"https:\/\/luchonoticias.com\/editor\/#\/schema\/person\/image\/\"},\"sameAs\":[\"https:\/\/www.facebook.com\/luchonoticiasneiva\"]},{\"@type\":\"Person\",\"@id\":\"https:\/\/luchonoticias.com\/editor\/#\/schema\/person\/29217990ddf6f14e35912b2866d591fb\",\"name\":\"Editor General\",\"image\":{\"@type\":\"ImageObject\",\"inLanguage\":\"es\",\"@id\":\"https:\/\/luchonoticias.com\/editor\/#\/schema\/person\/image\/\",\"url\":\"https:\/\/luchonoticias.com\/editor\/wp-content\/uploads\/2024\/02\/cropped-cropped-logolu-150x150.webp\",\"contentUrl\":\"https:\/\/luchonoticias.com\/editor\/wp-content\/uploads\/2024\/02\/cropped-cropped-logolu-150x150.webp\",\"caption\":\"Editor General\"},\"sameAs\":[\"https:\/\/luchonoticias.com\/\"],\"url\":\"https:\/\/luchonoticias.com\/editor\/author\/editor-general\/\"}]}<\/script>\n<!-- \/ Yoast SEO plugin. -->","yoast_head_json":{"title":"Reforzamiento de la seguridad en el occidente del Huila -","robots":{"index":"index","follow":"follow","max-snippet":"max-snippet:-1","max-image-preview":"max-image-preview:large","max-video-preview":"max-video-preview:-1"},"canonical":"https:\/\/luchonoticias.com\/editor\/reforzamiento-de-la-seguridad-en-el-occidente-del-huila\/","og_locale":"es_ES","og_type":"article","og_title":"Reforzamiento de la seguridad en el occidente del Huila -","og_url":"https:\/\/luchonoticias.com\/editor\/reforzamiento-de-la-seguridad-en-el-occidente-del-huila\/","article_publisher":"https:\/\/www.facebook.com\/luchonoticiasneiva","article_published_time":"2025-02-08T16:12:49+00:00","article_modified_time":"2025-02-08T16:12:50+00:00","og_image":[{"width":700,"height":400,"url":"https:\/\/luchonoticias.com\/editor\/wp-content\/uploads\/2025\/02\/detenido-la-plata.jpg","type":"image\/jpeg"}],"author":"Editor General","twitter_card":"summary_large_image","twitter_misc":{"Escrito por":"Editor General","Tiempo de lectura":"2 minutos"},"schema":{"@context":"https:\/\/schema.org","@graph":[{"@type":"Article","@id":"https:\/\/luchonoticias.com\/editor\/reforzamiento-de-la-seguridad-en-el-occidente-del-huila\/#article","isPartOf":{"@id":"https:\/\/luchonoticias.com\/editor\/reforzamiento-de-la-seguridad-en-el-occidente-del-huila\/"},"author":{"name":"Editor General","@id":"https:\/\/luchonoticias.com\/editor\/#\/schema\/person\/29217990ddf6f14e35912b2866d591fb"},"headline":"Reforzamiento de la seguridad en el occidente del Huila","datePublished":"2025-02-08T16:12:49+00:00","dateModified":"2025-02-08T16:12:50+00:00","mainEntityOfPage":{"@id":"https:\/\/luchonoticias.com\/editor\/reforzamiento-de-la-seguridad-en-el-occidente-del-huila\/"},"wordCount":235,"publisher":{"@id":"https:\/\/luchonoticias.com\/editor\/#\/schema\/person\/7a7fd911f58561fd056dbac7b55af9cd"},"image":{"@id":"https:\/\/luchonoticias.com\/editor\/reforzamiento-de-la-seguridad-en-el-occidente-del-huila\/#primaryimage"},"thumbnailUrl":"https:\/\/luchonoticias.com\/editor\/wp-content\/uploads\/2025\/02\/detenido-la-plata.jpg","articleSection":["Judicial"],"inLanguage":"es"},{"@type":"WebPage","@id":"https:\/\/luchonoticias.com\/editor\/reforzamiento-de-la-seguridad-en-el-occidente-del-huila\/","url":"https:\/\/luchonoticias.com\/editor\/reforzamiento-de-la-seguridad-en-el-occidente-del-huila\/","name":"Reforzamiento de la seguridad en el occidente del Huila -","isPartOf":{"@id":"https:\/\/luchonoticias.com\/editor\/#website"},"primaryImageOfPage":{"@id":"https:\/\/luchonoticias.com\/editor\/reforzamiento-de-la-seguridad-en-el-occidente-del-huila\/#primaryimage"},"image":{"@id":"https:\/\/luchonoticias.com\/editor\/reforzamiento-de-la-seguridad-en-el-occidente-del-huila\/#primaryimage"},"thumbnailUrl":"https:\/\/luchonoticias.com\/editor\/wp-content\/uploads\/2025\/02\/detenido-la-plata.jpg","datePublished":"2025-02-08T16:12:49+00:00","dateModified":"2025-02-08T16:12:50+00:00","breadcrumb":{"@id":"https:\/\/luchonoticias.com\/editor\/reforzamiento-de-la-seguridad-en-el-occidente-del-huila\/#breadcrumb"},"inLanguage":"es","potentialAction":[{"@type":"ReadAction","target":["https:\/\/luchonoticias.com\/editor\/reforzamiento-de-la-seguridad-en-el-occidente-del-huila\/"]}]},{"@type":"ImageObject","inLanguage":"es","@id":"https:\/\/luchonoticias.com\/editor\/reforzamiento-de-la-seguridad-en-el-occidente-del-huila\/#primaryimage","url":"https:\/\/luchonoticias.com\/editor\/wp-content\/uploads\/2025\/02\/detenido-la-plata.jpg","contentUrl":"https:\/\/luchonoticias.com\/editor\/wp-content\/uploads\/2025\/02\/detenido-la-plata.jpg","width":700,"height":400},{"@type":"BreadcrumbList","@id":"https:\/\/luchonoticias.com\/editor\/reforzamiento-de-la-seguridad-en-el-occidente-del-huila\/#breadcrumb","itemListElement":[{"@type":"ListItem","position":1,"name":"Portada","item":"https:\/\/luchonoticias.com\/editor\/"},{"@type":"ListItem","position":2,"name":"Reforzamiento de la seguridad en el occidente del Huila"}]},{"@type":"WebSite","@id":"https:\/\/luchonoticias.com\/editor\/#website","url":"https:\/\/luchonoticias.com\/editor\/","name":"","description":"","publisher":{"@id":"https:\/\/luchonoticias.com\/editor\/#\/schema\/person\/7a7fd911f58561fd056dbac7b55af9cd"},"potentialAction":[{"@type":"SearchAction","target":{"@type":"EntryPoint","urlTemplate":"https:\/\/luchonoticias.com\/editor\/?s={search_term_string}"},"query-input":{"@type":"PropertyValueSpecification","valueRequired":true,"valueName":"search_term_string"}}],"inLanguage":"es"},{"@type":["Person","Organization"],"@id":"https:\/\/luchonoticias.com\/editor\/#\/schema\/person\/7a7fd911f58561fd056dbac7b55af9cd","name":"admin","image":{"@type":"ImageObject","inLanguage":"es","@id":"https:\/\/luchonoticias.com\/editor\/#\/schema\/person\/image\/","url":"https:\/\/luchonoticias.com\/editor\/wp-content\/uploads\/2024\/02\/cropped-cropped-logolu.webp","contentUrl":"https:\/\/luchonoticias.com\/editor\/wp-content\/uploads\/2024\/02\/cropped-cropped-logolu.webp","width":382,"height":170,"caption":"admin"},"logo":{"@id":"https:\/\/luchonoticias.com\/editor\/#\/schema\/person\/image\/"},"sameAs":["https:\/\/www.facebook.com\/luchonoticiasneiva"]},{"@type":"Person","@id":"https:\/\/luchonoticias.com\/editor\/#\/schema\/person\/29217990ddf6f14e35912b2866d591fb","name":"Editor General","image":{"@type":"ImageObject","inLanguage":"es","@id":"https:\/\/luchonoticias.com\/editor\/#\/schema\/person\/image\/","url":"https:\/\/luchonoticias.com\/editor\/wp-content\/uploads\/2024\/02\/cropped-cropped-logolu-150x150.webp","contentUrl":"https:\/\/luchonoticias.com\/editor\/wp-content\/uploads\/2024\/02\/cropped-cropped-logolu-150x150.webp","caption":"Editor General"},"sameAs":["https:\/\/luchonoticias.com\/"],"url":"https:\/\/luchonoticias.com\/editor\/author\/editor-general\/"}]}},"_links":{"self":[{"href":"https:\/\/luchonoticias.com\/editor\/wp-json\/wp\/v2\/posts\/81547","targetHints":{"allow":["GET"]}}],"collection":[{"href":"https:\/\/luchonoticias.com\/editor\/wp-json\/wp\/v2\/posts"}],"about":[{"href":"https:\/\/luchonoticias.com\/editor\/wp-json\/wp\/v2\/types\/post"}],"author":[{"embeddable":true,"href":"https:\/\/luchonoticias.com\/editor\/wp-json\/wp\/v2\/users\/2"}],"replies":[{"embeddable":true,"href":"https:\/\/luchonoticias.com\/editor\/wp-json\/wp\/v2\/comments?post=81547"}],"version-history":[{"count":1,"href":"https:\/\/luchonoticias.com\/editor\/wp-json\/wp\/v2\/posts\/81547\/revisions"}],"predecessor-version":[{"id":81549,"href":"https:\/\/luchonoticias.com\/editor\/wp-json\/wp\/v2\/posts\/81547\/revisions\/81549"}],"wp:featuredmedia":[{"embeddable":true,"href":"https:\/\/luchonoticias.com\/editor\/wp-json\/wp\/v2\/media\/81548"}],"wp:attachment":[{"href":"https:\/\/luchonoticias.com\/editor\/wp-json\/wp\/v2\/media?parent=81547"}],"wp:term":[{"taxonomy":"category","embeddable":true,"href":"https:\/\/luchonoticias.com\/editor\/wp-json\/wp\/v2\/categories?post=81547"},{"taxonomy":"post_tag","embeddable":true,"href":"https:\/\/luchonoticias.com\/editor\/wp-json\/wp\/v2\/tags?post=81547"}],"curies":[{"name":"wp","href":"https:\/\/api.w.org\/{rel}","templated":true}]}}