{"id":81674,"date":"2025-02-12T16:09:53","date_gmt":"2025-02-12T21:09:53","guid":{"rendered":"https:\/\/luchonoticias.com\/?p=81674"},"modified":"2025-02-12T16:31:06","modified_gmt":"2025-02-12T21:31:06","slug":"mesa-tecnica-por-la-justicia-restaurativa-en-el-huila","status":"publish","type":"post","link":"https:\/\/luchonoticias.com\/editor\/mesa-tecnica-por-la-justicia-restaurativa-en-el-huila\/","title":{"rendered":"Mesa t\u00e9cnica por la justicia restaurativa en el Huila"},"content":{"rendered":"\n<figure class=\"wp-block-image size-full\"><img loading=\"lazy\" decoding=\"async\" width=\"700\" height=\"400\" src=\"https:\/\/luchonoticias.com\/wp-content\/uploads\/2025\/02\/procedimiento-JEP.jpg\" alt=\"\" class=\"wp-image-81675\" srcset=\"https:\/\/luchonoticias.com\/editor\/wp-content\/uploads\/2025\/02\/procedimiento-JEP.jpg 700w, https:\/\/luchonoticias.com\/editor\/wp-content\/uploads\/2025\/02\/procedimiento-JEP-300x171.jpg 300w\" sizes=\"auto, (max-width: 700px) 100vw, 700px\" \/><\/figure>\n\n\n\n<p>La Gobernaci\u00f3n del Huila, en articulaci\u00f3n con la Jurisdicci\u00f3n Especial para la Paz (JEP) y la Alcald\u00eda de Neiva, instal\u00f3 la Mesa T\u00e9cnica del Convenio JEP 1071 de 2024, con el objetivo de fortalecer la justicia restaurativa en el departamento. Este espacio interinstitucional busca dise\u00f1ar estrategias que garanticen la reparaci\u00f3n de las v\u00edctimas y el cumplimiento del punto 5 del Acuerdo de Paz.<\/p>\n\n\n\n<p>El acto de instalaci\u00f3n cont\u00f3 con la participaci\u00f3n de representantes de la JEP, delegados del Gobierno departamental y municipal, y otros actores clave en la construcci\u00f3n de paz. \u00abEsta Mesa T\u00e9cnica debe convertirse en un motor de transformaci\u00f3n y reparaci\u00f3n para el Huila. La paz se construye con hechos y con la voluntad de todos los actores aqu\u00ed presentes\u00bb, destac\u00f3 Oscar Fernando Espa\u00f1a, director de Seguridad y Convivencia Ciudadana del Huila.<\/p>\n\n\n\n<p>Desde la Gobernaci\u00f3n se reafirm\u00f3 el compromiso de articular esfuerzos con la JEP para garantizar que los comparecientes cumplan con sus obligaciones y contribuyan a la reparaci\u00f3n integral de las v\u00edctimas. Adem\u00e1s, se resalt\u00f3 la importancia de generar espacios de reconciliaci\u00f3n y fortalecer programas de apoyo psicosocial.<\/p>\n\n\n\n<p>Con la puesta en marcha de esta Mesa T\u00e9cnica, se espera consolidar acciones concretas que promuevan la participaci\u00f3n de las v\u00edctimas, fortalezcan la convivencia ciudadana y materialicen la justicia restaurativa en el territorio.<\/p>\n\n\n\n<p><\/p>\n","protected":false},"excerpt":{"rendered":"<p>La Gobernaci\u00f3n del Huila, en articulaci\u00f3n con la Jurisdicci\u00f3n Especial para la Paz (JEP) y la Alcald\u00eda de Neiva, instal\u00f3 la Mesa T\u00e9cnica del Convenio JEP 1071 de 2024, con el objetivo de fortalecer la justicia restaurativa en el departamento. Este espacio interinstitucional busca dise\u00f1ar estrategias que garanticen la reparaci\u00f3n de las v\u00edctimas y el [&hellip;]<\/p>\n","protected":false},"author":2,"featured_media":81675,"comment_status":"closed","ping_status":"open","sticky":false,"template":"","format":"standard","meta":{"footnotes":""},"categories":[33],"tags":[],"class_list":["post-81674","post","type-post","status-publish","format-standard","has-post-thumbnail","hentry","category-huila"],"yoast_head":"<!-- This site is optimized with the Yoast SEO plugin v26.6 - https:\/\/yoast.com\/wordpress\/plugins\/seo\/ -->\n<title>Mesa t\u00e9cnica por la justicia restaurativa en el Huila -<\/title>\n<meta name=\"robots\" content=\"index, follow, max-snippet:-1, max-image-preview:large, max-video-preview:-1\" \/>\n<link rel=\"canonical\" href=\"https:\/\/luchonoticias.com\/editor\/mesa-tecnica-por-la-justicia-restaurativa-en-el-huila\/\" \/>\n<meta property=\"og:locale\" content=\"es_ES\" \/>\n<meta property=\"og:type\" content=\"article\" \/>\n<meta property=\"og:title\" content=\"Mesa t\u00e9cnica por la justicia restaurativa en el Huila -\" \/>\n<meta property=\"og:url\" content=\"https:\/\/luchonoticias.com\/editor\/mesa-tecnica-por-la-justicia-restaurativa-en-el-huila\/\" \/>\n<meta property=\"article:publisher\" content=\"https:\/\/www.facebook.com\/luchonoticiasneiva\" \/>\n<meta property=\"article:published_time\" content=\"2025-02-12T21:09:53+00:00\" \/>\n<meta property=\"article:modified_time\" content=\"2025-02-12T21:31:06+00:00\" \/>\n<meta property=\"og:image\" content=\"https:\/\/luchonoticias.com\/editor\/wp-content\/uploads\/2025\/02\/procedimiento-JEP.jpg\" \/>\n\t<meta property=\"og:image:width\" content=\"700\" \/>\n\t<meta property=\"og:image:height\" content=\"400\" \/>\n\t<meta property=\"og:image:type\" content=\"image\/jpeg\" \/>\n<meta name=\"author\" content=\"Editor General\" \/>\n<meta name=\"twitter:card\" content=\"summary_large_image\" \/>\n<meta name=\"twitter:label1\" content=\"Escrito por\" \/>\n\t<meta name=\"twitter:data1\" content=\"Editor General\" \/>\n\t<meta name=\"twitter:label2\" content=\"Tiempo de lectura\" \/>\n\t<meta name=\"twitter:data2\" content=\"2 minutos\" \/>\n<script type=\"application\/ld+json\" class=\"yoast-schema-graph\">{\"@context\":\"https:\/\/schema.org\",\"@graph\":[{\"@type\":\"Article\",\"@id\":\"https:\/\/luchonoticias.com\/editor\/mesa-tecnica-por-la-justicia-restaurativa-en-el-huila\/#article\",\"isPartOf\":{\"@id\":\"https:\/\/luchonoticias.com\/editor\/mesa-tecnica-por-la-justicia-restaurativa-en-el-huila\/\"},\"author\":{\"name\":\"Editor General\",\"@id\":\"https:\/\/luchonoticias.com\/editor\/#\/schema\/person\/29217990ddf6f14e35912b2866d591fb\"},\"headline\":\"Mesa t\u00e9cnica por la justicia restaurativa en el Huila\",\"datePublished\":\"2025-02-12T21:09:53+00:00\",\"dateModified\":\"2025-02-12T21:31:06+00:00\",\"mainEntityOfPage\":{\"@id\":\"https:\/\/luchonoticias.com\/editor\/mesa-tecnica-por-la-justicia-restaurativa-en-el-huila\/\"},\"wordCount\":244,\"publisher\":{\"@id\":\"https:\/\/luchonoticias.com\/editor\/#\/schema\/person\/7a7fd911f58561fd056dbac7b55af9cd\"},\"image\":{\"@id\":\"https:\/\/luchonoticias.com\/editor\/mesa-tecnica-por-la-justicia-restaurativa-en-el-huila\/#primaryimage\"},\"thumbnailUrl\":\"https:\/\/luchonoticias.com\/editor\/wp-content\/uploads\/2025\/02\/procedimiento-JEP.jpg\",\"articleSection\":[\"Huila\"],\"inLanguage\":\"es\"},{\"@type\":\"WebPage\",\"@id\":\"https:\/\/luchonoticias.com\/editor\/mesa-tecnica-por-la-justicia-restaurativa-en-el-huila\/\",\"url\":\"https:\/\/luchonoticias.com\/editor\/mesa-tecnica-por-la-justicia-restaurativa-en-el-huila\/\",\"name\":\"Mesa t\u00e9cnica por la justicia restaurativa en el Huila -\",\"isPartOf\":{\"@id\":\"https:\/\/luchonoticias.com\/editor\/#website\"},\"primaryImageOfPage\":{\"@id\":\"https:\/\/luchonoticias.com\/editor\/mesa-tecnica-por-la-justicia-restaurativa-en-el-huila\/#primaryimage\"},\"image\":{\"@id\":\"https:\/\/luchonoticias.com\/editor\/mesa-tecnica-por-la-justicia-restaurativa-en-el-huila\/#primaryimage\"},\"thumbnailUrl\":\"https:\/\/luchonoticias.com\/editor\/wp-content\/uploads\/2025\/02\/procedimiento-JEP.jpg\",\"datePublished\":\"2025-02-12T21:09:53+00:00\",\"dateModified\":\"2025-02-12T21:31:06+00:00\",\"breadcrumb\":{\"@id\":\"https:\/\/luchonoticias.com\/editor\/mesa-tecnica-por-la-justicia-restaurativa-en-el-huila\/#breadcrumb\"},\"inLanguage\":\"es\",\"potentialAction\":[{\"@type\":\"ReadAction\",\"target\":[\"https:\/\/luchonoticias.com\/editor\/mesa-tecnica-por-la-justicia-restaurativa-en-el-huila\/\"]}]},{\"@type\":\"ImageObject\",\"inLanguage\":\"es\",\"@id\":\"https:\/\/luchonoticias.com\/editor\/mesa-tecnica-por-la-justicia-restaurativa-en-el-huila\/#primaryimage\",\"url\":\"https:\/\/luchonoticias.com\/editor\/wp-content\/uploads\/2025\/02\/procedimiento-JEP.jpg\",\"contentUrl\":\"https:\/\/luchonoticias.com\/editor\/wp-content\/uploads\/2025\/02\/procedimiento-JEP.jpg\",\"width\":700,\"height\":400},{\"@type\":\"BreadcrumbList\",\"@id\":\"https:\/\/luchonoticias.com\/editor\/mesa-tecnica-por-la-justicia-restaurativa-en-el-huila\/#breadcrumb\",\"itemListElement\":[{\"@type\":\"ListItem\",\"position\":1,\"name\":\"Portada\",\"item\":\"https:\/\/luchonoticias.com\/editor\/\"},{\"@type\":\"ListItem\",\"position\":2,\"name\":\"Mesa t\u00e9cnica por la justicia restaurativa en el Huila\"}]},{\"@type\":\"WebSite\",\"@id\":\"https:\/\/luchonoticias.com\/editor\/#website\",\"url\":\"https:\/\/luchonoticias.com\/editor\/\",\"name\":\"\",\"description\":\"\",\"publisher\":{\"@id\":\"https:\/\/luchonoticias.com\/editor\/#\/schema\/person\/7a7fd911f58561fd056dbac7b55af9cd\"},\"potentialAction\":[{\"@type\":\"SearchAction\",\"target\":{\"@type\":\"EntryPoint\",\"urlTemplate\":\"https:\/\/luchonoticias.com\/editor\/?s={search_term_string}\"},\"query-input\":{\"@type\":\"PropertyValueSpecification\",\"valueRequired\":true,\"valueName\":\"search_term_string\"}}],\"inLanguage\":\"es\"},{\"@type\":[\"Person\",\"Organization\"],\"@id\":\"https:\/\/luchonoticias.com\/editor\/#\/schema\/person\/7a7fd911f58561fd056dbac7b55af9cd\",\"name\":\"admin\",\"image\":{\"@type\":\"ImageObject\",\"inLanguage\":\"es\",\"@id\":\"https:\/\/luchonoticias.com\/editor\/#\/schema\/person\/image\/\",\"url\":\"https:\/\/luchonoticias.com\/editor\/wp-content\/uploads\/2024\/02\/cropped-cropped-logolu.webp\",\"contentUrl\":\"https:\/\/luchonoticias.com\/editor\/wp-content\/uploads\/2024\/02\/cropped-cropped-logolu.webp\",\"width\":382,\"height\":170,\"caption\":\"admin\"},\"logo\":{\"@id\":\"https:\/\/luchonoticias.com\/editor\/#\/schema\/person\/image\/\"},\"sameAs\":[\"https:\/\/www.facebook.com\/luchonoticiasneiva\"]},{\"@type\":\"Person\",\"@id\":\"https:\/\/luchonoticias.com\/editor\/#\/schema\/person\/29217990ddf6f14e35912b2866d591fb\",\"name\":\"Editor General\",\"image\":{\"@type\":\"ImageObject\",\"inLanguage\":\"es\",\"@id\":\"https:\/\/luchonoticias.com\/editor\/#\/schema\/person\/image\/\",\"url\":\"https:\/\/luchonoticias.com\/editor\/wp-content\/uploads\/2024\/02\/cropped-cropped-logolu-150x150.webp\",\"contentUrl\":\"https:\/\/luchonoticias.com\/editor\/wp-content\/uploads\/2024\/02\/cropped-cropped-logolu-150x150.webp\",\"caption\":\"Editor General\"},\"sameAs\":[\"https:\/\/luchonoticias.com\/\"],\"url\":\"https:\/\/luchonoticias.com\/editor\/author\/editor-general\/\"}]}<\/script>\n<!-- \/ Yoast SEO plugin. -->","yoast_head_json":{"title":"Mesa t\u00e9cnica por la justicia restaurativa en el Huila -","robots":{"index":"index","follow":"follow","max-snippet":"max-snippet:-1","max-image-preview":"max-image-preview:large","max-video-preview":"max-video-preview:-1"},"canonical":"https:\/\/luchonoticias.com\/editor\/mesa-tecnica-por-la-justicia-restaurativa-en-el-huila\/","og_locale":"es_ES","og_type":"article","og_title":"Mesa t\u00e9cnica por la justicia restaurativa en el Huila -","og_url":"https:\/\/luchonoticias.com\/editor\/mesa-tecnica-por-la-justicia-restaurativa-en-el-huila\/","article_publisher":"https:\/\/www.facebook.com\/luchonoticiasneiva","article_published_time":"2025-02-12T21:09:53+00:00","article_modified_time":"2025-02-12T21:31:06+00:00","og_image":[{"width":700,"height":400,"url":"https:\/\/luchonoticias.com\/editor\/wp-content\/uploads\/2025\/02\/procedimiento-JEP.jpg","type":"image\/jpeg"}],"author":"Editor General","twitter_card":"summary_large_image","twitter_misc":{"Escrito por":"Editor General","Tiempo de lectura":"2 minutos"},"schema":{"@context":"https:\/\/schema.org","@graph":[{"@type":"Article","@id":"https:\/\/luchonoticias.com\/editor\/mesa-tecnica-por-la-justicia-restaurativa-en-el-huila\/#article","isPartOf":{"@id":"https:\/\/luchonoticias.com\/editor\/mesa-tecnica-por-la-justicia-restaurativa-en-el-huila\/"},"author":{"name":"Editor General","@id":"https:\/\/luchonoticias.com\/editor\/#\/schema\/person\/29217990ddf6f14e35912b2866d591fb"},"headline":"Mesa t\u00e9cnica por la justicia restaurativa en el Huila","datePublished":"2025-02-12T21:09:53+00:00","dateModified":"2025-02-12T21:31:06+00:00","mainEntityOfPage":{"@id":"https:\/\/luchonoticias.com\/editor\/mesa-tecnica-por-la-justicia-restaurativa-en-el-huila\/"},"wordCount":244,"publisher":{"@id":"https:\/\/luchonoticias.com\/editor\/#\/schema\/person\/7a7fd911f58561fd056dbac7b55af9cd"},"image":{"@id":"https:\/\/luchonoticias.com\/editor\/mesa-tecnica-por-la-justicia-restaurativa-en-el-huila\/#primaryimage"},"thumbnailUrl":"https:\/\/luchonoticias.com\/editor\/wp-content\/uploads\/2025\/02\/procedimiento-JEP.jpg","articleSection":["Huila"],"inLanguage":"es"},{"@type":"WebPage","@id":"https:\/\/luchonoticias.com\/editor\/mesa-tecnica-por-la-justicia-restaurativa-en-el-huila\/","url":"https:\/\/luchonoticias.com\/editor\/mesa-tecnica-por-la-justicia-restaurativa-en-el-huila\/","name":"Mesa t\u00e9cnica por la justicia restaurativa en el Huila -","isPartOf":{"@id":"https:\/\/luchonoticias.com\/editor\/#website"},"primaryImageOfPage":{"@id":"https:\/\/luchonoticias.com\/editor\/mesa-tecnica-por-la-justicia-restaurativa-en-el-huila\/#primaryimage"},"image":{"@id":"https:\/\/luchonoticias.com\/editor\/mesa-tecnica-por-la-justicia-restaurativa-en-el-huila\/#primaryimage"},"thumbnailUrl":"https:\/\/luchonoticias.com\/editor\/wp-content\/uploads\/2025\/02\/procedimiento-JEP.jpg","datePublished":"2025-02-12T21:09:53+00:00","dateModified":"2025-02-12T21:31:06+00:00","breadcrumb":{"@id":"https:\/\/luchonoticias.com\/editor\/mesa-tecnica-por-la-justicia-restaurativa-en-el-huila\/#breadcrumb"},"inLanguage":"es","potentialAction":[{"@type":"ReadAction","target":["https:\/\/luchonoticias.com\/editor\/mesa-tecnica-por-la-justicia-restaurativa-en-el-huila\/"]}]},{"@type":"ImageObject","inLanguage":"es","@id":"https:\/\/luchonoticias.com\/editor\/mesa-tecnica-por-la-justicia-restaurativa-en-el-huila\/#primaryimage","url":"https:\/\/luchonoticias.com\/editor\/wp-content\/uploads\/2025\/02\/procedimiento-JEP.jpg","contentUrl":"https:\/\/luchonoticias.com\/editor\/wp-content\/uploads\/2025\/02\/procedimiento-JEP.jpg","width":700,"height":400},{"@type":"BreadcrumbList","@id":"https:\/\/luchonoticias.com\/editor\/mesa-tecnica-por-la-justicia-restaurativa-en-el-huila\/#breadcrumb","itemListElement":[{"@type":"ListItem","position":1,"name":"Portada","item":"https:\/\/luchonoticias.com\/editor\/"},{"@type":"ListItem","position":2,"name":"Mesa t\u00e9cnica por la justicia restaurativa en el Huila"}]},{"@type":"WebSite","@id":"https:\/\/luchonoticias.com\/editor\/#website","url":"https:\/\/luchonoticias.com\/editor\/","name":"","description":"","publisher":{"@id":"https:\/\/luchonoticias.com\/editor\/#\/schema\/person\/7a7fd911f58561fd056dbac7b55af9cd"},"potentialAction":[{"@type":"SearchAction","target":{"@type":"EntryPoint","urlTemplate":"https:\/\/luchonoticias.com\/editor\/?s={search_term_string}"},"query-input":{"@type":"PropertyValueSpecification","valueRequired":true,"valueName":"search_term_string"}}],"inLanguage":"es"},{"@type":["Person","Organization"],"@id":"https:\/\/luchonoticias.com\/editor\/#\/schema\/person\/7a7fd911f58561fd056dbac7b55af9cd","name":"admin","image":{"@type":"ImageObject","inLanguage":"es","@id":"https:\/\/luchonoticias.com\/editor\/#\/schema\/person\/image\/","url":"https:\/\/luchonoticias.com\/editor\/wp-content\/uploads\/2024\/02\/cropped-cropped-logolu.webp","contentUrl":"https:\/\/luchonoticias.com\/editor\/wp-content\/uploads\/2024\/02\/cropped-cropped-logolu.webp","width":382,"height":170,"caption":"admin"},"logo":{"@id":"https:\/\/luchonoticias.com\/editor\/#\/schema\/person\/image\/"},"sameAs":["https:\/\/www.facebook.com\/luchonoticiasneiva"]},{"@type":"Person","@id":"https:\/\/luchonoticias.com\/editor\/#\/schema\/person\/29217990ddf6f14e35912b2866d591fb","name":"Editor General","image":{"@type":"ImageObject","inLanguage":"es","@id":"https:\/\/luchonoticias.com\/editor\/#\/schema\/person\/image\/","url":"https:\/\/luchonoticias.com\/editor\/wp-content\/uploads\/2024\/02\/cropped-cropped-logolu-150x150.webp","contentUrl":"https:\/\/luchonoticias.com\/editor\/wp-content\/uploads\/2024\/02\/cropped-cropped-logolu-150x150.webp","caption":"Editor General"},"sameAs":["https:\/\/luchonoticias.com\/"],"url":"https:\/\/luchonoticias.com\/editor\/author\/editor-general\/"}]}},"_links":{"self":[{"href":"https:\/\/luchonoticias.com\/editor\/wp-json\/wp\/v2\/posts\/81674","targetHints":{"allow":["GET"]}}],"collection":[{"href":"https:\/\/luchonoticias.com\/editor\/wp-json\/wp\/v2\/posts"}],"about":[{"href":"https:\/\/luchonoticias.com\/editor\/wp-json\/wp\/v2\/types\/post"}],"author":[{"embeddable":true,"href":"https:\/\/luchonoticias.com\/editor\/wp-json\/wp\/v2\/users\/2"}],"replies":[{"embeddable":true,"href":"https:\/\/luchonoticias.com\/editor\/wp-json\/wp\/v2\/comments?post=81674"}],"version-history":[{"count":1,"href":"https:\/\/luchonoticias.com\/editor\/wp-json\/wp\/v2\/posts\/81674\/revisions"}],"predecessor-version":[{"id":81676,"href":"https:\/\/luchonoticias.com\/editor\/wp-json\/wp\/v2\/posts\/81674\/revisions\/81676"}],"wp:featuredmedia":[{"embeddable":true,"href":"https:\/\/luchonoticias.com\/editor\/wp-json\/wp\/v2\/media\/81675"}],"wp:attachment":[{"href":"https:\/\/luchonoticias.com\/editor\/wp-json\/wp\/v2\/media?parent=81674"}],"wp:term":[{"taxonomy":"category","embeddable":true,"href":"https:\/\/luchonoticias.com\/editor\/wp-json\/wp\/v2\/categories?post=81674"},{"taxonomy":"post_tag","embeddable":true,"href":"https:\/\/luchonoticias.com\/editor\/wp-json\/wp\/v2\/tags?post=81674"}],"curies":[{"name":"wp","href":"https:\/\/api.w.org\/{rel}","templated":true}]}}