{"id":81677,"date":"2025-02-12T17:12:03","date_gmt":"2025-02-12T22:12:03","guid":{"rendered":"https:\/\/luchonoticias.com\/?p=81677"},"modified":"2025-02-12T17:12:05","modified_gmt":"2025-02-12T22:12:05","slug":"gran-anuncio-para-las-comunidades-rurales-en-la-argentina","status":"publish","type":"post","link":"https:\/\/luchonoticias.com\/editor\/gran-anuncio-para-las-comunidades-rurales-en-la-argentina\/","title":{"rendered":"Gran anuncio para las comunidades rurales en La Argentina"},"content":{"rendered":"\n<figure class=\"wp-block-image size-full\"><img loading=\"lazy\" decoding=\"async\" width=\"700\" height=\"400\" src=\"https:\/\/luchonoticias.com\/wp-content\/uploads\/2025\/02\/gas.jpg\" alt=\"\" class=\"wp-image-81678\" srcset=\"https:\/\/luchonoticias.com\/editor\/wp-content\/uploads\/2025\/02\/gas.jpg 700w, https:\/\/luchonoticias.com\/editor\/wp-content\/uploads\/2025\/02\/gas-300x171.jpg 300w\" sizes=\"auto, (max-width: 700px) 100vw, 700px\" \/><\/figure>\n\n\n\n<p>La Gobernaci\u00f3n del Huila anunci\u00f3 la reactivaci\u00f3n de las obras de gasificaci\u00f3n en La Argentina, beneficiando a 478 familias de las veredas Betania y El Pescador. El proceso, que estuvo suspendido varios meses por falta de aprobaci\u00f3n del expediente tarifario por parte de la Comisi\u00f3n de Regulaci\u00f3n de Energ\u00eda y Gas (CREG), finalmente se destrab\u00f3 gracias a las gestiones del gobernador Rodrigo Villalba Mosquera.<\/p>\n\n\n\n<p>El anuncio se realiz\u00f3 en un encuentro con la comunidad en la vereda El Pescador, donde se inform\u00f3 que las obras incluyen la construcci\u00f3n de acometidas domiciliarias y la subestaci\u00f3n de gas. Yessica Karolina Yustres, de la Secretar\u00eda de V\u00edas e Infraestructura, destac\u00f3 que el avance permitir\u00e1 reiniciar los trabajos junto con la empresa Surgas en el menor tiempo posible.<\/p>\n\n\n\n<p>El impacto del convenio 020 de 2022 no se limita a La Argentina, sino que beneficiar\u00e1 a otros 12 municipios, alcanzando un total de 8.800 familias en zonas rurales de Huila. Jos\u00e9 Yesid Roa Charry, enlace territorial de la Gobernaci\u00f3n, explic\u00f3 que localidades como Acevedo, Pitalito y San Agust\u00edn tambi\u00e9n ver\u00e1n la reactivaci\u00f3n del servicio de gas domiciliario.<\/p>\n\n\n\n<p>La inversi\u00f3n supera los $38.000 millones y cuenta con financiaci\u00f3n de la Gobernaci\u00f3n y la empresa Surgas. La comunidad celebr\u00f3 la noticia, resaltando que el acceso al gas mejorar\u00e1 su calidad de vida y reducir\u00e1 la dependencia de la le\u00f1a para cocinar.<\/p>\n\n\n\n<p><\/p>\n","protected":false},"excerpt":{"rendered":"<p>La Gobernaci\u00f3n del Huila anunci\u00f3 la reactivaci\u00f3n de las obras de gasificaci\u00f3n en La Argentina, beneficiando a 478 familias de las veredas Betania y El Pescador. El proceso, que estuvo suspendido varios meses por falta de aprobaci\u00f3n del expediente tarifario por parte de la Comisi\u00f3n de Regulaci\u00f3n de Energ\u00eda y Gas (CREG), finalmente se destrab\u00f3 [&hellip;]<\/p>\n","protected":false},"author":2,"featured_media":81678,"comment_status":"closed","ping_status":"open","sticky":false,"template":"","format":"standard","meta":{"footnotes":""},"categories":[33],"tags":[],"class_list":["post-81677","post","type-post","status-publish","format-standard","has-post-thumbnail","hentry","category-huila"],"yoast_head":"<!-- This site is optimized with the Yoast SEO plugin v26.6 - https:\/\/yoast.com\/wordpress\/plugins\/seo\/ -->\n<title>Gran anuncio para las comunidades rurales en La Argentina -<\/title>\n<meta name=\"robots\" content=\"index, follow, max-snippet:-1, max-image-preview:large, max-video-preview:-1\" \/>\n<link rel=\"canonical\" href=\"https:\/\/luchonoticias.com\/editor\/gran-anuncio-para-las-comunidades-rurales-en-la-argentina\/\" \/>\n<meta property=\"og:locale\" content=\"es_ES\" \/>\n<meta property=\"og:type\" content=\"article\" \/>\n<meta property=\"og:title\" content=\"Gran anuncio para las comunidades rurales en La Argentina -\" \/>\n<meta property=\"og:url\" content=\"https:\/\/luchonoticias.com\/editor\/gran-anuncio-para-las-comunidades-rurales-en-la-argentina\/\" \/>\n<meta property=\"article:publisher\" content=\"https:\/\/www.facebook.com\/luchonoticiasneiva\" \/>\n<meta property=\"article:published_time\" content=\"2025-02-12T22:12:03+00:00\" \/>\n<meta property=\"article:modified_time\" content=\"2025-02-12T22:12:05+00:00\" \/>\n<meta property=\"og:image\" content=\"https:\/\/luchonoticias.com\/editor\/wp-content\/uploads\/2025\/02\/gas.jpg\" \/>\n\t<meta property=\"og:image:width\" content=\"700\" \/>\n\t<meta property=\"og:image:height\" content=\"400\" \/>\n\t<meta property=\"og:image:type\" content=\"image\/jpeg\" \/>\n<meta name=\"author\" content=\"Editor General\" \/>\n<meta name=\"twitter:card\" content=\"summary_large_image\" \/>\n<meta name=\"twitter:label1\" content=\"Escrito por\" \/>\n\t<meta name=\"twitter:data1\" content=\"Editor General\" \/>\n\t<meta name=\"twitter:label2\" content=\"Tiempo de lectura\" \/>\n\t<meta name=\"twitter:data2\" content=\"2 minutos\" \/>\n<script type=\"application\/ld+json\" class=\"yoast-schema-graph\">{\"@context\":\"https:\/\/schema.org\",\"@graph\":[{\"@type\":\"Article\",\"@id\":\"https:\/\/luchonoticias.com\/editor\/gran-anuncio-para-las-comunidades-rurales-en-la-argentina\/#article\",\"isPartOf\":{\"@id\":\"https:\/\/luchonoticias.com\/editor\/gran-anuncio-para-las-comunidades-rurales-en-la-argentina\/\"},\"author\":{\"name\":\"Editor General\",\"@id\":\"https:\/\/luchonoticias.com\/editor\/#\/schema\/person\/29217990ddf6f14e35912b2866d591fb\"},\"headline\":\"Gran anuncio para las comunidades rurales en La Argentina\",\"datePublished\":\"2025-02-12T22:12:03+00:00\",\"dateModified\":\"2025-02-12T22:12:05+00:00\",\"mainEntityOfPage\":{\"@id\":\"https:\/\/luchonoticias.com\/editor\/gran-anuncio-para-las-comunidades-rurales-en-la-argentina\/\"},\"wordCount\":247,\"publisher\":{\"@id\":\"https:\/\/luchonoticias.com\/editor\/#\/schema\/person\/7a7fd911f58561fd056dbac7b55af9cd\"},\"image\":{\"@id\":\"https:\/\/luchonoticias.com\/editor\/gran-anuncio-para-las-comunidades-rurales-en-la-argentina\/#primaryimage\"},\"thumbnailUrl\":\"https:\/\/luchonoticias.com\/editor\/wp-content\/uploads\/2025\/02\/gas.jpg\",\"articleSection\":[\"Huila\"],\"inLanguage\":\"es\"},{\"@type\":\"WebPage\",\"@id\":\"https:\/\/luchonoticias.com\/editor\/gran-anuncio-para-las-comunidades-rurales-en-la-argentina\/\",\"url\":\"https:\/\/luchonoticias.com\/editor\/gran-anuncio-para-las-comunidades-rurales-en-la-argentina\/\",\"name\":\"Gran anuncio para las comunidades rurales en La Argentina -\",\"isPartOf\":{\"@id\":\"https:\/\/luchonoticias.com\/editor\/#website\"},\"primaryImageOfPage\":{\"@id\":\"https:\/\/luchonoticias.com\/editor\/gran-anuncio-para-las-comunidades-rurales-en-la-argentina\/#primaryimage\"},\"image\":{\"@id\":\"https:\/\/luchonoticias.com\/editor\/gran-anuncio-para-las-comunidades-rurales-en-la-argentina\/#primaryimage\"},\"thumbnailUrl\":\"https:\/\/luchonoticias.com\/editor\/wp-content\/uploads\/2025\/02\/gas.jpg\",\"datePublished\":\"2025-02-12T22:12:03+00:00\",\"dateModified\":\"2025-02-12T22:12:05+00:00\",\"breadcrumb\":{\"@id\":\"https:\/\/luchonoticias.com\/editor\/gran-anuncio-para-las-comunidades-rurales-en-la-argentina\/#breadcrumb\"},\"inLanguage\":\"es\",\"potentialAction\":[{\"@type\":\"ReadAction\",\"target\":[\"https:\/\/luchonoticias.com\/editor\/gran-anuncio-para-las-comunidades-rurales-en-la-argentina\/\"]}]},{\"@type\":\"ImageObject\",\"inLanguage\":\"es\",\"@id\":\"https:\/\/luchonoticias.com\/editor\/gran-anuncio-para-las-comunidades-rurales-en-la-argentina\/#primaryimage\",\"url\":\"https:\/\/luchonoticias.com\/editor\/wp-content\/uploads\/2025\/02\/gas.jpg\",\"contentUrl\":\"https:\/\/luchonoticias.com\/editor\/wp-content\/uploads\/2025\/02\/gas.jpg\",\"width\":700,\"height\":400},{\"@type\":\"BreadcrumbList\",\"@id\":\"https:\/\/luchonoticias.com\/editor\/gran-anuncio-para-las-comunidades-rurales-en-la-argentina\/#breadcrumb\",\"itemListElement\":[{\"@type\":\"ListItem\",\"position\":1,\"name\":\"Portada\",\"item\":\"https:\/\/luchonoticias.com\/editor\/\"},{\"@type\":\"ListItem\",\"position\":2,\"name\":\"Gran anuncio para las comunidades rurales en La Argentina\"}]},{\"@type\":\"WebSite\",\"@id\":\"https:\/\/luchonoticias.com\/editor\/#website\",\"url\":\"https:\/\/luchonoticias.com\/editor\/\",\"name\":\"\",\"description\":\"\",\"publisher\":{\"@id\":\"https:\/\/luchonoticias.com\/editor\/#\/schema\/person\/7a7fd911f58561fd056dbac7b55af9cd\"},\"potentialAction\":[{\"@type\":\"SearchAction\",\"target\":{\"@type\":\"EntryPoint\",\"urlTemplate\":\"https:\/\/luchonoticias.com\/editor\/?s={search_term_string}\"},\"query-input\":{\"@type\":\"PropertyValueSpecification\",\"valueRequired\":true,\"valueName\":\"search_term_string\"}}],\"inLanguage\":\"es\"},{\"@type\":[\"Person\",\"Organization\"],\"@id\":\"https:\/\/luchonoticias.com\/editor\/#\/schema\/person\/7a7fd911f58561fd056dbac7b55af9cd\",\"name\":\"admin\",\"image\":{\"@type\":\"ImageObject\",\"inLanguage\":\"es\",\"@id\":\"https:\/\/luchonoticias.com\/editor\/#\/schema\/person\/image\/\",\"url\":\"https:\/\/luchonoticias.com\/editor\/wp-content\/uploads\/2024\/02\/cropped-cropped-logolu.webp\",\"contentUrl\":\"https:\/\/luchonoticias.com\/editor\/wp-content\/uploads\/2024\/02\/cropped-cropped-logolu.webp\",\"width\":382,\"height\":170,\"caption\":\"admin\"},\"logo\":{\"@id\":\"https:\/\/luchonoticias.com\/editor\/#\/schema\/person\/image\/\"},\"sameAs\":[\"https:\/\/www.facebook.com\/luchonoticiasneiva\"]},{\"@type\":\"Person\",\"@id\":\"https:\/\/luchonoticias.com\/editor\/#\/schema\/person\/29217990ddf6f14e35912b2866d591fb\",\"name\":\"Editor General\",\"image\":{\"@type\":\"ImageObject\",\"inLanguage\":\"es\",\"@id\":\"https:\/\/luchonoticias.com\/editor\/#\/schema\/person\/image\/\",\"url\":\"https:\/\/luchonoticias.com\/editor\/wp-content\/uploads\/2024\/02\/cropped-cropped-logolu-150x150.webp\",\"contentUrl\":\"https:\/\/luchonoticias.com\/editor\/wp-content\/uploads\/2024\/02\/cropped-cropped-logolu-150x150.webp\",\"caption\":\"Editor General\"},\"sameAs\":[\"https:\/\/luchonoticias.com\/\"],\"url\":\"https:\/\/luchonoticias.com\/editor\/author\/editor-general\/\"}]}<\/script>\n<!-- \/ Yoast SEO plugin. -->","yoast_head_json":{"title":"Gran anuncio para las comunidades rurales en La Argentina -","robots":{"index":"index","follow":"follow","max-snippet":"max-snippet:-1","max-image-preview":"max-image-preview:large","max-video-preview":"max-video-preview:-1"},"canonical":"https:\/\/luchonoticias.com\/editor\/gran-anuncio-para-las-comunidades-rurales-en-la-argentina\/","og_locale":"es_ES","og_type":"article","og_title":"Gran anuncio para las comunidades rurales en La Argentina -","og_url":"https:\/\/luchonoticias.com\/editor\/gran-anuncio-para-las-comunidades-rurales-en-la-argentina\/","article_publisher":"https:\/\/www.facebook.com\/luchonoticiasneiva","article_published_time":"2025-02-12T22:12:03+00:00","article_modified_time":"2025-02-12T22:12:05+00:00","og_image":[{"width":700,"height":400,"url":"https:\/\/luchonoticias.com\/editor\/wp-content\/uploads\/2025\/02\/gas.jpg","type":"image\/jpeg"}],"author":"Editor General","twitter_card":"summary_large_image","twitter_misc":{"Escrito por":"Editor General","Tiempo de lectura":"2 minutos"},"schema":{"@context":"https:\/\/schema.org","@graph":[{"@type":"Article","@id":"https:\/\/luchonoticias.com\/editor\/gran-anuncio-para-las-comunidades-rurales-en-la-argentina\/#article","isPartOf":{"@id":"https:\/\/luchonoticias.com\/editor\/gran-anuncio-para-las-comunidades-rurales-en-la-argentina\/"},"author":{"name":"Editor General","@id":"https:\/\/luchonoticias.com\/editor\/#\/schema\/person\/29217990ddf6f14e35912b2866d591fb"},"headline":"Gran anuncio para las comunidades rurales en La Argentina","datePublished":"2025-02-12T22:12:03+00:00","dateModified":"2025-02-12T22:12:05+00:00","mainEntityOfPage":{"@id":"https:\/\/luchonoticias.com\/editor\/gran-anuncio-para-las-comunidades-rurales-en-la-argentina\/"},"wordCount":247,"publisher":{"@id":"https:\/\/luchonoticias.com\/editor\/#\/schema\/person\/7a7fd911f58561fd056dbac7b55af9cd"},"image":{"@id":"https:\/\/luchonoticias.com\/editor\/gran-anuncio-para-las-comunidades-rurales-en-la-argentina\/#primaryimage"},"thumbnailUrl":"https:\/\/luchonoticias.com\/editor\/wp-content\/uploads\/2025\/02\/gas.jpg","articleSection":["Huila"],"inLanguage":"es"},{"@type":"WebPage","@id":"https:\/\/luchonoticias.com\/editor\/gran-anuncio-para-las-comunidades-rurales-en-la-argentina\/","url":"https:\/\/luchonoticias.com\/editor\/gran-anuncio-para-las-comunidades-rurales-en-la-argentina\/","name":"Gran anuncio para las comunidades rurales en La Argentina -","isPartOf":{"@id":"https:\/\/luchonoticias.com\/editor\/#website"},"primaryImageOfPage":{"@id":"https:\/\/luchonoticias.com\/editor\/gran-anuncio-para-las-comunidades-rurales-en-la-argentina\/#primaryimage"},"image":{"@id":"https:\/\/luchonoticias.com\/editor\/gran-anuncio-para-las-comunidades-rurales-en-la-argentina\/#primaryimage"},"thumbnailUrl":"https:\/\/luchonoticias.com\/editor\/wp-content\/uploads\/2025\/02\/gas.jpg","datePublished":"2025-02-12T22:12:03+00:00","dateModified":"2025-02-12T22:12:05+00:00","breadcrumb":{"@id":"https:\/\/luchonoticias.com\/editor\/gran-anuncio-para-las-comunidades-rurales-en-la-argentina\/#breadcrumb"},"inLanguage":"es","potentialAction":[{"@type":"ReadAction","target":["https:\/\/luchonoticias.com\/editor\/gran-anuncio-para-las-comunidades-rurales-en-la-argentina\/"]}]},{"@type":"ImageObject","inLanguage":"es","@id":"https:\/\/luchonoticias.com\/editor\/gran-anuncio-para-las-comunidades-rurales-en-la-argentina\/#primaryimage","url":"https:\/\/luchonoticias.com\/editor\/wp-content\/uploads\/2025\/02\/gas.jpg","contentUrl":"https:\/\/luchonoticias.com\/editor\/wp-content\/uploads\/2025\/02\/gas.jpg","width":700,"height":400},{"@type":"BreadcrumbList","@id":"https:\/\/luchonoticias.com\/editor\/gran-anuncio-para-las-comunidades-rurales-en-la-argentina\/#breadcrumb","itemListElement":[{"@type":"ListItem","position":1,"name":"Portada","item":"https:\/\/luchonoticias.com\/editor\/"},{"@type":"ListItem","position":2,"name":"Gran anuncio para las comunidades rurales en La Argentina"}]},{"@type":"WebSite","@id":"https:\/\/luchonoticias.com\/editor\/#website","url":"https:\/\/luchonoticias.com\/editor\/","name":"","description":"","publisher":{"@id":"https:\/\/luchonoticias.com\/editor\/#\/schema\/person\/7a7fd911f58561fd056dbac7b55af9cd"},"potentialAction":[{"@type":"SearchAction","target":{"@type":"EntryPoint","urlTemplate":"https:\/\/luchonoticias.com\/editor\/?s={search_term_string}"},"query-input":{"@type":"PropertyValueSpecification","valueRequired":true,"valueName":"search_term_string"}}],"inLanguage":"es"},{"@type":["Person","Organization"],"@id":"https:\/\/luchonoticias.com\/editor\/#\/schema\/person\/7a7fd911f58561fd056dbac7b55af9cd","name":"admin","image":{"@type":"ImageObject","inLanguage":"es","@id":"https:\/\/luchonoticias.com\/editor\/#\/schema\/person\/image\/","url":"https:\/\/luchonoticias.com\/editor\/wp-content\/uploads\/2024\/02\/cropped-cropped-logolu.webp","contentUrl":"https:\/\/luchonoticias.com\/editor\/wp-content\/uploads\/2024\/02\/cropped-cropped-logolu.webp","width":382,"height":170,"caption":"admin"},"logo":{"@id":"https:\/\/luchonoticias.com\/editor\/#\/schema\/person\/image\/"},"sameAs":["https:\/\/www.facebook.com\/luchonoticiasneiva"]},{"@type":"Person","@id":"https:\/\/luchonoticias.com\/editor\/#\/schema\/person\/29217990ddf6f14e35912b2866d591fb","name":"Editor General","image":{"@type":"ImageObject","inLanguage":"es","@id":"https:\/\/luchonoticias.com\/editor\/#\/schema\/person\/image\/","url":"https:\/\/luchonoticias.com\/editor\/wp-content\/uploads\/2024\/02\/cropped-cropped-logolu-150x150.webp","contentUrl":"https:\/\/luchonoticias.com\/editor\/wp-content\/uploads\/2024\/02\/cropped-cropped-logolu-150x150.webp","caption":"Editor General"},"sameAs":["https:\/\/luchonoticias.com\/"],"url":"https:\/\/luchonoticias.com\/editor\/author\/editor-general\/"}]}},"_links":{"self":[{"href":"https:\/\/luchonoticias.com\/editor\/wp-json\/wp\/v2\/posts\/81677","targetHints":{"allow":["GET"]}}],"collection":[{"href":"https:\/\/luchonoticias.com\/editor\/wp-json\/wp\/v2\/posts"}],"about":[{"href":"https:\/\/luchonoticias.com\/editor\/wp-json\/wp\/v2\/types\/post"}],"author":[{"embeddable":true,"href":"https:\/\/luchonoticias.com\/editor\/wp-json\/wp\/v2\/users\/2"}],"replies":[{"embeddable":true,"href":"https:\/\/luchonoticias.com\/editor\/wp-json\/wp\/v2\/comments?post=81677"}],"version-history":[{"count":1,"href":"https:\/\/luchonoticias.com\/editor\/wp-json\/wp\/v2\/posts\/81677\/revisions"}],"predecessor-version":[{"id":81679,"href":"https:\/\/luchonoticias.com\/editor\/wp-json\/wp\/v2\/posts\/81677\/revisions\/81679"}],"wp:featuredmedia":[{"embeddable":true,"href":"https:\/\/luchonoticias.com\/editor\/wp-json\/wp\/v2\/media\/81678"}],"wp:attachment":[{"href":"https:\/\/luchonoticias.com\/editor\/wp-json\/wp\/v2\/media?parent=81677"}],"wp:term":[{"taxonomy":"category","embeddable":true,"href":"https:\/\/luchonoticias.com\/editor\/wp-json\/wp\/v2\/categories?post=81677"},{"taxonomy":"post_tag","embeddable":true,"href":"https:\/\/luchonoticias.com\/editor\/wp-json\/wp\/v2\/tags?post=81677"}],"curies":[{"name":"wp","href":"https:\/\/api.w.org\/{rel}","templated":true}]}}