{"id":81680,"date":"2025-02-12T17:15:34","date_gmt":"2025-02-12T22:15:34","guid":{"rendered":"https:\/\/luchonoticias.com\/?p=81680"},"modified":"2025-02-12T17:15:35","modified_gmt":"2025-02-12T22:15:35","slug":"llamado-de-la-secretaria-de-salud-a-la-nueva-eps","status":"publish","type":"post","link":"https:\/\/luchonoticias.com\/editor\/llamado-de-la-secretaria-de-salud-a-la-nueva-eps\/","title":{"rendered":"Llamado de la Secretar\u00eda de Salud a la Nueva EPS"},"content":{"rendered":"\n<figure class=\"wp-block-image size-full\"><img loading=\"lazy\" decoding=\"async\" width=\"700\" height=\"400\" src=\"https:\/\/luchonoticias.com\/wp-content\/uploads\/2025\/02\/DIALISIS.jpg\" alt=\"\" class=\"wp-image-81681\" srcset=\"https:\/\/luchonoticias.com\/editor\/wp-content\/uploads\/2025\/02\/DIALISIS.jpg 700w, https:\/\/luchonoticias.com\/editor\/wp-content\/uploads\/2025\/02\/DIALISIS-300x171.jpg 300w\" sizes=\"auto, (max-width: 700px) 100vw, 700px\" \/><\/figure>\n\n\n\n<p>El secretario de Salud del Huila, Sergio Mauricio Z\u00fa\u00f1iga, hizo un llamado urgente a la cl\u00ednica Nefrouros para que no suspenda la atenci\u00f3n de m\u00e1s de 570 pacientes que requieren di\u00e1lisis y est\u00e1n afiliados a la Nueva EPS. \u00abNo podemos permitir que la vida de estas personas se ponga en riesgo por disputas financieras\u00bb, advirti\u00f3 el funcionario.<\/p>\n\n\n\n<p>La cl\u00ednica habr\u00eda tomado la decisi\u00f3n unilateral de interrumpir el servicio debido a diferencias econ\u00f3micas con la EPS del Estado colombiano. Ante esta situaci\u00f3n, la Secretar\u00eda de Salud del Huila inst\u00f3 a resolver el conflicto sin afectar la prestaci\u00f3n del tratamiento vital en municipios como Neiva, Pitalito y Garz\u00f3n.<\/p>\n\n\n\n<p>Z\u00fa\u00f1iga inform\u00f3 que el caso ya fue puesto en conocimiento de las autoridades nacionales, pues la medida ha generado protestas en distintas zonas del departamento. \u201cComo autoridad de salud, tenemos la responsabilidad de actuar. La vida de muchas personas est\u00e1 en juego y esto debe resolverse de inmediato\u201d, enfatiz\u00f3.<\/p>\n\n\n\n<p>Las autoridades regionales siguen de cerca la problem\u00e1tica, a la espera de una soluci\u00f3n que garantice la continuidad del servicio sin necesidad de recurrir a mecanismos legales para su restablecimiento.<\/p>\n\n\n\n<p><\/p>\n","protected":false},"excerpt":{"rendered":"<p>El secretario de Salud del Huila, Sergio Mauricio Z\u00fa\u00f1iga, hizo un llamado urgente a la cl\u00ednica Nefrouros para que no suspenda la atenci\u00f3n de m\u00e1s de 570 pacientes que requieren di\u00e1lisis y est\u00e1n afiliados a la Nueva EPS. \u00abNo podemos permitir que la vida de estas personas se ponga en riesgo por disputas financieras\u00bb, advirti\u00f3 [&hellip;]<\/p>\n","protected":false},"author":2,"featured_media":81681,"comment_status":"closed","ping_status":"open","sticky":false,"template":"","format":"standard","meta":{"footnotes":""},"categories":[33],"tags":[],"class_list":["post-81680","post","type-post","status-publish","format-standard","has-post-thumbnail","hentry","category-huila"],"yoast_head":"<!-- This site is optimized with the Yoast SEO plugin v26.6 - https:\/\/yoast.com\/wordpress\/plugins\/seo\/ -->\n<title>Llamado de la Secretar\u00eda de Salud a la Nueva EPS -<\/title>\n<meta name=\"robots\" content=\"index, follow, max-snippet:-1, max-image-preview:large, max-video-preview:-1\" \/>\n<link rel=\"canonical\" href=\"https:\/\/luchonoticias.com\/editor\/llamado-de-la-secretaria-de-salud-a-la-nueva-eps\/\" \/>\n<meta property=\"og:locale\" content=\"es_ES\" \/>\n<meta property=\"og:type\" content=\"article\" \/>\n<meta property=\"og:title\" content=\"Llamado de la Secretar\u00eda de Salud a la Nueva EPS -\" \/>\n<meta property=\"og:url\" content=\"https:\/\/luchonoticias.com\/editor\/llamado-de-la-secretaria-de-salud-a-la-nueva-eps\/\" \/>\n<meta property=\"article:publisher\" content=\"https:\/\/www.facebook.com\/luchonoticiasneiva\" \/>\n<meta property=\"article:published_time\" content=\"2025-02-12T22:15:34+00:00\" \/>\n<meta property=\"article:modified_time\" content=\"2025-02-12T22:15:35+00:00\" \/>\n<meta property=\"og:image\" content=\"https:\/\/luchonoticias.com\/editor\/wp-content\/uploads\/2025\/02\/DIALISIS.jpg\" \/>\n\t<meta property=\"og:image:width\" content=\"700\" \/>\n\t<meta property=\"og:image:height\" content=\"400\" \/>\n\t<meta property=\"og:image:type\" content=\"image\/jpeg\" \/>\n<meta name=\"author\" content=\"Editor General\" \/>\n<meta name=\"twitter:card\" content=\"summary_large_image\" \/>\n<meta name=\"twitter:label1\" content=\"Escrito por\" \/>\n\t<meta name=\"twitter:data1\" content=\"Editor General\" \/>\n\t<meta name=\"twitter:label2\" content=\"Tiempo de lectura\" \/>\n\t<meta name=\"twitter:data2\" content=\"2 minutos\" \/>\n<script type=\"application\/ld+json\" class=\"yoast-schema-graph\">{\"@context\":\"https:\/\/schema.org\",\"@graph\":[{\"@type\":\"Article\",\"@id\":\"https:\/\/luchonoticias.com\/editor\/llamado-de-la-secretaria-de-salud-a-la-nueva-eps\/#article\",\"isPartOf\":{\"@id\":\"https:\/\/luchonoticias.com\/editor\/llamado-de-la-secretaria-de-salud-a-la-nueva-eps\/\"},\"author\":{\"name\":\"Editor General\",\"@id\":\"https:\/\/luchonoticias.com\/editor\/#\/schema\/person\/29217990ddf6f14e35912b2866d591fb\"},\"headline\":\"Llamado de la Secretar\u00eda de Salud a la Nueva EPS\",\"datePublished\":\"2025-02-12T22:15:34+00:00\",\"dateModified\":\"2025-02-12T22:15:35+00:00\",\"mainEntityOfPage\":{\"@id\":\"https:\/\/luchonoticias.com\/editor\/llamado-de-la-secretaria-de-salud-a-la-nueva-eps\/\"},\"wordCount\":212,\"publisher\":{\"@id\":\"https:\/\/luchonoticias.com\/editor\/#\/schema\/person\/7a7fd911f58561fd056dbac7b55af9cd\"},\"image\":{\"@id\":\"https:\/\/luchonoticias.com\/editor\/llamado-de-la-secretaria-de-salud-a-la-nueva-eps\/#primaryimage\"},\"thumbnailUrl\":\"https:\/\/luchonoticias.com\/editor\/wp-content\/uploads\/2025\/02\/DIALISIS.jpg\",\"articleSection\":[\"Huila\"],\"inLanguage\":\"es\"},{\"@type\":\"WebPage\",\"@id\":\"https:\/\/luchonoticias.com\/editor\/llamado-de-la-secretaria-de-salud-a-la-nueva-eps\/\",\"url\":\"https:\/\/luchonoticias.com\/editor\/llamado-de-la-secretaria-de-salud-a-la-nueva-eps\/\",\"name\":\"Llamado de la Secretar\u00eda de Salud a la Nueva EPS -\",\"isPartOf\":{\"@id\":\"https:\/\/luchonoticias.com\/editor\/#website\"},\"primaryImageOfPage\":{\"@id\":\"https:\/\/luchonoticias.com\/editor\/llamado-de-la-secretaria-de-salud-a-la-nueva-eps\/#primaryimage\"},\"image\":{\"@id\":\"https:\/\/luchonoticias.com\/editor\/llamado-de-la-secretaria-de-salud-a-la-nueva-eps\/#primaryimage\"},\"thumbnailUrl\":\"https:\/\/luchonoticias.com\/editor\/wp-content\/uploads\/2025\/02\/DIALISIS.jpg\",\"datePublished\":\"2025-02-12T22:15:34+00:00\",\"dateModified\":\"2025-02-12T22:15:35+00:00\",\"breadcrumb\":{\"@id\":\"https:\/\/luchonoticias.com\/editor\/llamado-de-la-secretaria-de-salud-a-la-nueva-eps\/#breadcrumb\"},\"inLanguage\":\"es\",\"potentialAction\":[{\"@type\":\"ReadAction\",\"target\":[\"https:\/\/luchonoticias.com\/editor\/llamado-de-la-secretaria-de-salud-a-la-nueva-eps\/\"]}]},{\"@type\":\"ImageObject\",\"inLanguage\":\"es\",\"@id\":\"https:\/\/luchonoticias.com\/editor\/llamado-de-la-secretaria-de-salud-a-la-nueva-eps\/#primaryimage\",\"url\":\"https:\/\/luchonoticias.com\/editor\/wp-content\/uploads\/2025\/02\/DIALISIS.jpg\",\"contentUrl\":\"https:\/\/luchonoticias.com\/editor\/wp-content\/uploads\/2025\/02\/DIALISIS.jpg\",\"width\":700,\"height\":400},{\"@type\":\"BreadcrumbList\",\"@id\":\"https:\/\/luchonoticias.com\/editor\/llamado-de-la-secretaria-de-salud-a-la-nueva-eps\/#breadcrumb\",\"itemListElement\":[{\"@type\":\"ListItem\",\"position\":1,\"name\":\"Portada\",\"item\":\"https:\/\/luchonoticias.com\/editor\/\"},{\"@type\":\"ListItem\",\"position\":2,\"name\":\"Llamado de la Secretar\u00eda de Salud a la Nueva EPS\"}]},{\"@type\":\"WebSite\",\"@id\":\"https:\/\/luchonoticias.com\/editor\/#website\",\"url\":\"https:\/\/luchonoticias.com\/editor\/\",\"name\":\"\",\"description\":\"\",\"publisher\":{\"@id\":\"https:\/\/luchonoticias.com\/editor\/#\/schema\/person\/7a7fd911f58561fd056dbac7b55af9cd\"},\"potentialAction\":[{\"@type\":\"SearchAction\",\"target\":{\"@type\":\"EntryPoint\",\"urlTemplate\":\"https:\/\/luchonoticias.com\/editor\/?s={search_term_string}\"},\"query-input\":{\"@type\":\"PropertyValueSpecification\",\"valueRequired\":true,\"valueName\":\"search_term_string\"}}],\"inLanguage\":\"es\"},{\"@type\":[\"Person\",\"Organization\"],\"@id\":\"https:\/\/luchonoticias.com\/editor\/#\/schema\/person\/7a7fd911f58561fd056dbac7b55af9cd\",\"name\":\"admin\",\"image\":{\"@type\":\"ImageObject\",\"inLanguage\":\"es\",\"@id\":\"https:\/\/luchonoticias.com\/editor\/#\/schema\/person\/image\/\",\"url\":\"https:\/\/luchonoticias.com\/editor\/wp-content\/uploads\/2024\/02\/cropped-cropped-logolu.webp\",\"contentUrl\":\"https:\/\/luchonoticias.com\/editor\/wp-content\/uploads\/2024\/02\/cropped-cropped-logolu.webp\",\"width\":382,\"height\":170,\"caption\":\"admin\"},\"logo\":{\"@id\":\"https:\/\/luchonoticias.com\/editor\/#\/schema\/person\/image\/\"},\"sameAs\":[\"https:\/\/www.facebook.com\/luchonoticiasneiva\"]},{\"@type\":\"Person\",\"@id\":\"https:\/\/luchonoticias.com\/editor\/#\/schema\/person\/29217990ddf6f14e35912b2866d591fb\",\"name\":\"Editor General\",\"image\":{\"@type\":\"ImageObject\",\"inLanguage\":\"es\",\"@id\":\"https:\/\/luchonoticias.com\/editor\/#\/schema\/person\/image\/\",\"url\":\"https:\/\/luchonoticias.com\/editor\/wp-content\/uploads\/2024\/02\/cropped-cropped-logolu-150x150.webp\",\"contentUrl\":\"https:\/\/luchonoticias.com\/editor\/wp-content\/uploads\/2024\/02\/cropped-cropped-logolu-150x150.webp\",\"caption\":\"Editor General\"},\"sameAs\":[\"https:\/\/luchonoticias.com\/\"],\"url\":\"https:\/\/luchonoticias.com\/editor\/author\/editor-general\/\"}]}<\/script>\n<!-- \/ Yoast SEO plugin. -->","yoast_head_json":{"title":"Llamado de la Secretar\u00eda de Salud a la Nueva EPS -","robots":{"index":"index","follow":"follow","max-snippet":"max-snippet:-1","max-image-preview":"max-image-preview:large","max-video-preview":"max-video-preview:-1"},"canonical":"https:\/\/luchonoticias.com\/editor\/llamado-de-la-secretaria-de-salud-a-la-nueva-eps\/","og_locale":"es_ES","og_type":"article","og_title":"Llamado de la Secretar\u00eda de Salud a la Nueva EPS -","og_url":"https:\/\/luchonoticias.com\/editor\/llamado-de-la-secretaria-de-salud-a-la-nueva-eps\/","article_publisher":"https:\/\/www.facebook.com\/luchonoticiasneiva","article_published_time":"2025-02-12T22:15:34+00:00","article_modified_time":"2025-02-12T22:15:35+00:00","og_image":[{"width":700,"height":400,"url":"https:\/\/luchonoticias.com\/editor\/wp-content\/uploads\/2025\/02\/DIALISIS.jpg","type":"image\/jpeg"}],"author":"Editor General","twitter_card":"summary_large_image","twitter_misc":{"Escrito por":"Editor General","Tiempo de lectura":"2 minutos"},"schema":{"@context":"https:\/\/schema.org","@graph":[{"@type":"Article","@id":"https:\/\/luchonoticias.com\/editor\/llamado-de-la-secretaria-de-salud-a-la-nueva-eps\/#article","isPartOf":{"@id":"https:\/\/luchonoticias.com\/editor\/llamado-de-la-secretaria-de-salud-a-la-nueva-eps\/"},"author":{"name":"Editor General","@id":"https:\/\/luchonoticias.com\/editor\/#\/schema\/person\/29217990ddf6f14e35912b2866d591fb"},"headline":"Llamado de la Secretar\u00eda de Salud a la Nueva EPS","datePublished":"2025-02-12T22:15:34+00:00","dateModified":"2025-02-12T22:15:35+00:00","mainEntityOfPage":{"@id":"https:\/\/luchonoticias.com\/editor\/llamado-de-la-secretaria-de-salud-a-la-nueva-eps\/"},"wordCount":212,"publisher":{"@id":"https:\/\/luchonoticias.com\/editor\/#\/schema\/person\/7a7fd911f58561fd056dbac7b55af9cd"},"image":{"@id":"https:\/\/luchonoticias.com\/editor\/llamado-de-la-secretaria-de-salud-a-la-nueva-eps\/#primaryimage"},"thumbnailUrl":"https:\/\/luchonoticias.com\/editor\/wp-content\/uploads\/2025\/02\/DIALISIS.jpg","articleSection":["Huila"],"inLanguage":"es"},{"@type":"WebPage","@id":"https:\/\/luchonoticias.com\/editor\/llamado-de-la-secretaria-de-salud-a-la-nueva-eps\/","url":"https:\/\/luchonoticias.com\/editor\/llamado-de-la-secretaria-de-salud-a-la-nueva-eps\/","name":"Llamado de la Secretar\u00eda de Salud a la Nueva EPS -","isPartOf":{"@id":"https:\/\/luchonoticias.com\/editor\/#website"},"primaryImageOfPage":{"@id":"https:\/\/luchonoticias.com\/editor\/llamado-de-la-secretaria-de-salud-a-la-nueva-eps\/#primaryimage"},"image":{"@id":"https:\/\/luchonoticias.com\/editor\/llamado-de-la-secretaria-de-salud-a-la-nueva-eps\/#primaryimage"},"thumbnailUrl":"https:\/\/luchonoticias.com\/editor\/wp-content\/uploads\/2025\/02\/DIALISIS.jpg","datePublished":"2025-02-12T22:15:34+00:00","dateModified":"2025-02-12T22:15:35+00:00","breadcrumb":{"@id":"https:\/\/luchonoticias.com\/editor\/llamado-de-la-secretaria-de-salud-a-la-nueva-eps\/#breadcrumb"},"inLanguage":"es","potentialAction":[{"@type":"ReadAction","target":["https:\/\/luchonoticias.com\/editor\/llamado-de-la-secretaria-de-salud-a-la-nueva-eps\/"]}]},{"@type":"ImageObject","inLanguage":"es","@id":"https:\/\/luchonoticias.com\/editor\/llamado-de-la-secretaria-de-salud-a-la-nueva-eps\/#primaryimage","url":"https:\/\/luchonoticias.com\/editor\/wp-content\/uploads\/2025\/02\/DIALISIS.jpg","contentUrl":"https:\/\/luchonoticias.com\/editor\/wp-content\/uploads\/2025\/02\/DIALISIS.jpg","width":700,"height":400},{"@type":"BreadcrumbList","@id":"https:\/\/luchonoticias.com\/editor\/llamado-de-la-secretaria-de-salud-a-la-nueva-eps\/#breadcrumb","itemListElement":[{"@type":"ListItem","position":1,"name":"Portada","item":"https:\/\/luchonoticias.com\/editor\/"},{"@type":"ListItem","position":2,"name":"Llamado de la Secretar\u00eda de Salud a la Nueva EPS"}]},{"@type":"WebSite","@id":"https:\/\/luchonoticias.com\/editor\/#website","url":"https:\/\/luchonoticias.com\/editor\/","name":"","description":"","publisher":{"@id":"https:\/\/luchonoticias.com\/editor\/#\/schema\/person\/7a7fd911f58561fd056dbac7b55af9cd"},"potentialAction":[{"@type":"SearchAction","target":{"@type":"EntryPoint","urlTemplate":"https:\/\/luchonoticias.com\/editor\/?s={search_term_string}"},"query-input":{"@type":"PropertyValueSpecification","valueRequired":true,"valueName":"search_term_string"}}],"inLanguage":"es"},{"@type":["Person","Organization"],"@id":"https:\/\/luchonoticias.com\/editor\/#\/schema\/person\/7a7fd911f58561fd056dbac7b55af9cd","name":"admin","image":{"@type":"ImageObject","inLanguage":"es","@id":"https:\/\/luchonoticias.com\/editor\/#\/schema\/person\/image\/","url":"https:\/\/luchonoticias.com\/editor\/wp-content\/uploads\/2024\/02\/cropped-cropped-logolu.webp","contentUrl":"https:\/\/luchonoticias.com\/editor\/wp-content\/uploads\/2024\/02\/cropped-cropped-logolu.webp","width":382,"height":170,"caption":"admin"},"logo":{"@id":"https:\/\/luchonoticias.com\/editor\/#\/schema\/person\/image\/"},"sameAs":["https:\/\/www.facebook.com\/luchonoticiasneiva"]},{"@type":"Person","@id":"https:\/\/luchonoticias.com\/editor\/#\/schema\/person\/29217990ddf6f14e35912b2866d591fb","name":"Editor General","image":{"@type":"ImageObject","inLanguage":"es","@id":"https:\/\/luchonoticias.com\/editor\/#\/schema\/person\/image\/","url":"https:\/\/luchonoticias.com\/editor\/wp-content\/uploads\/2024\/02\/cropped-cropped-logolu-150x150.webp","contentUrl":"https:\/\/luchonoticias.com\/editor\/wp-content\/uploads\/2024\/02\/cropped-cropped-logolu-150x150.webp","caption":"Editor General"},"sameAs":["https:\/\/luchonoticias.com\/"],"url":"https:\/\/luchonoticias.com\/editor\/author\/editor-general\/"}]}},"_links":{"self":[{"href":"https:\/\/luchonoticias.com\/editor\/wp-json\/wp\/v2\/posts\/81680","targetHints":{"allow":["GET"]}}],"collection":[{"href":"https:\/\/luchonoticias.com\/editor\/wp-json\/wp\/v2\/posts"}],"about":[{"href":"https:\/\/luchonoticias.com\/editor\/wp-json\/wp\/v2\/types\/post"}],"author":[{"embeddable":true,"href":"https:\/\/luchonoticias.com\/editor\/wp-json\/wp\/v2\/users\/2"}],"replies":[{"embeddable":true,"href":"https:\/\/luchonoticias.com\/editor\/wp-json\/wp\/v2\/comments?post=81680"}],"version-history":[{"count":1,"href":"https:\/\/luchonoticias.com\/editor\/wp-json\/wp\/v2\/posts\/81680\/revisions"}],"predecessor-version":[{"id":81682,"href":"https:\/\/luchonoticias.com\/editor\/wp-json\/wp\/v2\/posts\/81680\/revisions\/81682"}],"wp:featuredmedia":[{"embeddable":true,"href":"https:\/\/luchonoticias.com\/editor\/wp-json\/wp\/v2\/media\/81681"}],"wp:attachment":[{"href":"https:\/\/luchonoticias.com\/editor\/wp-json\/wp\/v2\/media?parent=81680"}],"wp:term":[{"taxonomy":"category","embeddable":true,"href":"https:\/\/luchonoticias.com\/editor\/wp-json\/wp\/v2\/categories?post=81680"},{"taxonomy":"post_tag","embeddable":true,"href":"https:\/\/luchonoticias.com\/editor\/wp-json\/wp\/v2\/tags?post=81680"}],"curies":[{"name":"wp","href":"https:\/\/api.w.org\/{rel}","templated":true}]}}